{"id":12079,"date":"2024-02-19T16:15:17","date_gmt":"2024-02-19T21:15:17","guid":{"rendered":"https:\/\/www.iec2024.ec\/el-evangeliario-cuenca\/"},"modified":"2024-02-23T10:47:22","modified_gmt":"2024-02-23T15:47:22","slug":"el-evangeliario-cuenca","status":"publish","type":"post","link":"https:\/\/www.iec2024.ec\/en\/el-evangeliario-cuenca\/","title":{"rendered":"The CEI 2024 Gospel Book arrives to the Archdiocese of Cuenca: Spiritual preparation begins"},"content":{"rendered":"<p>Quito, February 19, 2024<\/p>\n<p>Editorial: Mar\u00eda Jos\u00e9 Casco\/ Church of Cuenca<\/p>\n<p>On February 15, in an emotional event at the Metropolitan Cathedral of the Immaculate Conception of Cuenca, the Gospel Book of the 53rd International Eucharistic Congress (CEI 2024) was delivered, marking the spiritual path of the Church of Cuenca towards the Congress.<\/p>\n<p>Monse\u00f1or Marcos P\u00e9rez, Arzobispo de Cuenca, presidi\u00f3 la ceremonia junto a obispos, sacerdotes y fieles, resaltando la importancia de acoger la Palabra de Dios en el coraz\u00f3n y permitir que transforme nuestras vidas.<\/p>\n<p>Seg\u00fan se expresa en un comunicado de la Arquidi\u00f3cesis de Cuenca, al recibir el Evangeliario que recorre nuestras iglesias particulares, que avanzan en Sinodalidad, se busca palpar y sentir a ese Dios de la vida que camin\u00f3 con su pueblo, se acercaba, los ayudaba y los invitaba a ser fieles al proyecto de su Padre.<\/p>\n<p><strong>\u201cHemos aprendido que la Palabra de Dios es mucho m\u00e1s que un libro. En ella, Dios mismo se comunica con nosotros, para que podamos responderle, conocerle y amarle\u201d<\/strong>, dice el comunicado.<\/p>\n<p>La Di\u00f3cesis de Ambato, representada por Monse\u00f1or Giovanny Pazmi\u00f1o, op, entreg\u00f3 el Evangeliario del CEI 2024 a la Arquidi\u00f3cesis de Cuenca como un gesto de comuni\u00f3n y fraternidad en la fe.<\/p>\n<p><strong>El Evangeliario del CEI 2024<\/strong>, bendecido por el Papa Francisco, presenta en su portada la imagen del Sagrado Coraz\u00f3n de Jes\u00fas, inspirada en la imagen obsequiada por San Pablo VI con motivo del centenario de la Consagraci\u00f3n del Ecuador al Sagrado Coraz\u00f3n de Jes\u00fas. En la contraportada, en las cuatro esquinas, se han tallado las cuatro principales etnias del Ecuador.<br \/>\nTe invitamos a seguir las redes sociales del CEI 2024 para mantenerte informado de todas las novedades y actividades relacionadas con este importante encuentro de fe.<br \/>\n<strong>S\u00edguenos en @IEC2024Quito.<\/strong><\/p>\n","protected":false},"excerpt":{"rendered":"<p>Quito, February 19, 2024 Editorial: Mar\u00eda Jos\u00e9 Casco\/ Church of Cuenca On February 15, in an emotional event at the Metropolitan Cathedral of the Immaculate Conception of Cuenca, the Gospel Book of the 53rd International Eucharistic Congress (CEI 2024) was delivered, marking the spiritual path of the Church of Cuenca towards the Congress. Monse\u00f1or Marcos [&hellip;]<\/p>\n","protected":false},"author":2,"featured_media":11688,"comment_status":"closed","ping_status":"closed","sticky":false,"template":"","format":"standard","meta":{"footnotes":""},"categories":[33],"tags":[],"acf":[],"yoast_head":"<!-- This site is optimized with the Yoast SEO plugin v21.1 - https:\/\/yoast.com\/wordpress\/plugins\/seo\/ -->\n<title>The CEI 2024 Gospel Book arrives to the Archdiocese of Cuenca: Spiritual preparation begins - IEC 2024<\/title>\n<meta name=\"robots\" content=\"index, follow, max-snippet:-1, max-image-preview:large, max-video-preview:-1\" \/>\n<link rel=\"canonical\" href=\"https:\/\/www.iec2024.ec\/en\/el-evangeliario-cuenca\/\" \/>\n<meta property=\"og:locale\" content=\"en_US\" \/>\n<meta property=\"og:type\" content=\"article\" \/>\n<meta property=\"og:title\" content=\"The CEI 2024 Gospel Book arrives to the Archdiocese of Cuenca: Spiritual preparation begins - IEC 2024\" \/>\n<meta property=\"og:description\" content=\"Quito, February 19, 2024 Editorial: Mar\u00eda Jos\u00e9 Casco\/ Church of Cuenca On February 15, in an emotional event at the Metropolitan Cathedral of the Immaculate Conception of Cuenca, the Gospel Book of the 53rd International Eucharistic Congress (CEI 2024) was delivered, marking the spiritual path of the Church of Cuenca towards the Congress. Monse\u00f1or Marcos [&hellip;]\" \/>\n<meta property=\"og:url\" content=\"https:\/\/www.iec2024.ec\/en\/el-evangeliario-cuenca\/\" \/>\n<meta property=\"og:site_name\" content=\"IEC 2024\" \/>\n<meta property=\"article:published_time\" content=\"2024-02-19T21:15:17+00:00\" \/>\n<meta property=\"article:modified_time\" content=\"2024-02-23T15:47:22+00:00\" \/>\n<meta property=\"og:image\" content=\"https:\/\/www.iec2024.ec\/wp-content\/uploads\/2024\/02\/428336880_821611479992873_4417745027303834301_n.jpg\" \/>\n\t<meta property=\"og:image:width\" content=\"2048\" \/>\n\t<meta property=\"og:image:height\" content=\"1536\" \/>\n\t<meta property=\"og:image:type\" content=\"image\/jpeg\" \/>\n<meta name=\"author\" content=\"Secretario T\u00e9cnico\" \/>\n<meta name=\"twitter:card\" content=\"summary_large_image\" \/>\n<meta name=\"twitter:label1\" content=\"Written by\" \/>\n\t<meta name=\"twitter:data1\" content=\"Secretario T\u00e9cnico\" \/>\n\t<meta name=\"twitter:label2\" content=\"Est. reading time\" \/>\n\t<meta name=\"twitter:data2\" content=\"2 minutes\" \/>\n<script type=\"application\/ld+json\" class=\"yoast-schema-graph\">{\"@context\":\"https:\/\/schema.org\",\"@graph\":[{\"@type\":\"Article\",\"@id\":\"https:\/\/www.iec2024.ec\/en\/el-evangeliario-cuenca\/#article\",\"isPartOf\":{\"@id\":\"https:\/\/www.iec2024.ec\/en\/el-evangeliario-cuenca\/\"},\"author\":{\"name\":\"Secretario T\u00e9cnico\",\"@id\":\"https:\/\/www.iec2024.ec\/en\/#\/schema\/person\/7dc46e27a804fe39ba34935ca5284fe2\"},\"headline\":\"The CEI 2024 Gospel Book arrives to the Archdiocese of Cuenca: Spiritual preparation begins\",\"datePublished\":\"2024-02-19T21:15:17+00:00\",\"dateModified\":\"2024-02-23T15:47:22+00:00\",\"mainEntityOfPage\":{\"@id\":\"https:\/\/www.iec2024.ec\/en\/el-evangeliario-cuenca\/\"},\"wordCount\":317,\"publisher\":{\"@id\":\"https:\/\/www.iec2024.ec\/en\/#organization\"},\"articleSection\":[\"News\"],\"inLanguage\":\"en-US\"},{\"@type\":\"WebPage\",\"@id\":\"https:\/\/www.iec2024.ec\/en\/el-evangeliario-cuenca\/\",\"url\":\"https:\/\/www.iec2024.ec\/en\/el-evangeliario-cuenca\/\",\"name\":\"The CEI 2024 Gospel Book arrives to the Archdiocese of Cuenca: Spiritual preparation begins - IEC 2024\",\"isPartOf\":{\"@id\":\"https:\/\/www.iec2024.ec\/en\/#website\"},\"datePublished\":\"2024-02-19T21:15:17+00:00\",\"dateModified\":\"2024-02-23T15:47:22+00:00\",\"breadcrumb\":{\"@id\":\"https:\/\/www.iec2024.ec\/en\/el-evangeliario-cuenca\/#breadcrumb\"},\"inLanguage\":\"en-US\",\"potentialAction\":[{\"@type\":\"ReadAction\",\"target\":[\"https:\/\/www.iec2024.ec\/en\/el-evangeliario-cuenca\/\"]}]},{\"@type\":\"BreadcrumbList\",\"@id\":\"https:\/\/www.iec2024.ec\/en\/el-evangeliario-cuenca\/#breadcrumb\",\"itemListElement\":[{\"@type\":\"ListItem\",\"position\":1,\"name\":\"Portada\",\"item\":\"https:\/\/www.iec2024.ec\/en\/\"},{\"@type\":\"ListItem\",\"position\":2,\"name\":\"The CEI 2024 Gospel Book arrives to the Archdiocese of Cuenca: Spiritual preparation begins\"}]},{\"@type\":\"WebSite\",\"@id\":\"https:\/\/www.iec2024.ec\/en\/#website\",\"url\":\"https:\/\/www.iec2024.ec\/en\/\",\"name\":\"IEC 2024\",\"description\":\"\",\"publisher\":{\"@id\":\"https:\/\/www.iec2024.ec\/en\/#organization\"},\"potentialAction\":[{\"@type\":\"SearchAction\",\"target\":{\"@type\":\"EntryPoint\",\"urlTemplate\":\"https:\/\/www.iec2024.ec\/en\/?s={search_term_string}\"},\"query-input\":\"required name=search_term_string\"}],\"inLanguage\":\"en-US\"},{\"@type\":\"Organization\",\"@id\":\"https:\/\/www.iec2024.ec\/en\/#organization\",\"name\":\"IEC 2024\",\"url\":\"https:\/\/www.iec2024.ec\/en\/\",\"logo\":{\"@type\":\"ImageObject\",\"inLanguage\":\"en-US\",\"@id\":\"https:\/\/www.iec2024.ec\/en\/#\/schema\/logo\/image\/\",\"url\":\"https:\/\/www.iec2024.ec\/wp-content\/uploads\/2024\/01\/cropped-logo-2024.png\",\"contentUrl\":\"https:\/\/www.iec2024.ec\/wp-content\/uploads\/2024\/01\/cropped-logo-2024.png\",\"width\":1277,\"height\":332,\"caption\":\"IEC 2024\"},\"image\":{\"@id\":\"https:\/\/www.iec2024.ec\/en\/#\/schema\/logo\/image\/\"}},{\"@type\":\"Person\",\"@id\":\"https:\/\/www.iec2024.ec\/en\/#\/schema\/person\/7dc46e27a804fe39ba34935ca5284fe2\",\"name\":\"Secretario T\u00e9cnico\",\"image\":{\"@type\":\"ImageObject\",\"inLanguage\":\"en-US\",\"@id\":\"https:\/\/www.iec2024.ec\/en\/#\/schema\/person\/image\/\",\"url\":\"https:\/\/secure.gravatar.com\/avatar\/67808a21710148ea0645bc85e43e21b6?s=96&d=mm&r=g\",\"contentUrl\":\"https:\/\/secure.gravatar.com\/avatar\/67808a21710148ea0645bc85e43e21b6?s=96&d=mm&r=g\",\"caption\":\"Secretario T\u00e9cnico\"},\"url\":\"https:\/\/www.iec2024.ec\/en\/author\/4dm1ns3cr3t4r10\/\"}]}<\/script>\n<!-- \/ Yoast SEO plugin. -->","yoast_head_json":{"title":"The CEI 2024 Gospel Book arrives to the Archdiocese of Cuenca: Spiritual preparation begins - IEC 2024","robots":{"index":"index","follow":"follow","max-snippet":"max-snippet:-1","max-image-preview":"max-image-preview:large","max-video-preview":"max-video-preview:-1"},"canonical":"https:\/\/www.iec2024.ec\/en\/el-evangeliario-cuenca\/","og_locale":"en_US","og_type":"article","og_title":"The CEI 2024 Gospel Book arrives to the Archdiocese of Cuenca: Spiritual preparation begins - IEC 2024","og_description":"Quito, February 19, 2024 Editorial: Mar\u00eda Jos\u00e9 Casco\/ Church of Cuenca On February 15, in an emotional event at the Metropolitan Cathedral of the Immaculate Conception of Cuenca, the Gospel Book of the 53rd International Eucharistic Congress (CEI 2024) was delivered, marking the spiritual path of the Church of Cuenca towards the Congress. Monse\u00f1or Marcos [&hellip;]","og_url":"https:\/\/www.iec2024.ec\/en\/el-evangeliario-cuenca\/","og_site_name":"IEC 2024","article_published_time":"2024-02-19T21:15:17+00:00","article_modified_time":"2024-02-23T15:47:22+00:00","og_image":[{"width":2048,"height":1536,"url":"https:\/\/www.iec2024.ec\/wp-content\/uploads\/2024\/02\/428336880_821611479992873_4417745027303834301_n.jpg","type":"image\/jpeg"}],"author":"Secretario T\u00e9cnico","twitter_card":"summary_large_image","twitter_misc":{"Written by":"Secretario T\u00e9cnico","Est. reading time":"2 minutes"},"schema":{"@context":"https:\/\/schema.org","@graph":[{"@type":"Article","@id":"https:\/\/www.iec2024.ec\/en\/el-evangeliario-cuenca\/#article","isPartOf":{"@id":"https:\/\/www.iec2024.ec\/en\/el-evangeliario-cuenca\/"},"author":{"name":"Secretario T\u00e9cnico","@id":"https:\/\/www.iec2024.ec\/en\/#\/schema\/person\/7dc46e27a804fe39ba34935ca5284fe2"},"headline":"The CEI 2024 Gospel Book arrives to the Archdiocese of Cuenca: Spiritual preparation begins","datePublished":"2024-02-19T21:15:17+00:00","dateModified":"2024-02-23T15:47:22+00:00","mainEntityOfPage":{"@id":"https:\/\/www.iec2024.ec\/en\/el-evangeliario-cuenca\/"},"wordCount":317,"publisher":{"@id":"https:\/\/www.iec2024.ec\/en\/#organization"},"articleSection":["News"],"inLanguage":"en-US"},{"@type":"WebPage","@id":"https:\/\/www.iec2024.ec\/en\/el-evangeliario-cuenca\/","url":"https:\/\/www.iec2024.ec\/en\/el-evangeliario-cuenca\/","name":"The CEI 2024 Gospel Book arrives to the Archdiocese of Cuenca: Spiritual preparation begins - IEC 2024","isPartOf":{"@id":"https:\/\/www.iec2024.ec\/en\/#website"},"datePublished":"2024-02-19T21:15:17+00:00","dateModified":"2024-02-23T15:47:22+00:00","breadcrumb":{"@id":"https:\/\/www.iec2024.ec\/en\/el-evangeliario-cuenca\/#breadcrumb"},"inLanguage":"en-US","potentialAction":[{"@type":"ReadAction","target":["https:\/\/www.iec2024.ec\/en\/el-evangeliario-cuenca\/"]}]},{"@type":"BreadcrumbList","@id":"https:\/\/www.iec2024.ec\/en\/el-evangeliario-cuenca\/#breadcrumb","itemListElement":[{"@type":"ListItem","position":1,"name":"Portada","item":"https:\/\/www.iec2024.ec\/en\/"},{"@type":"ListItem","position":2,"name":"The CEI 2024 Gospel Book arrives to the Archdiocese of Cuenca: Spiritual preparation begins"}]},{"@type":"WebSite","@id":"https:\/\/www.iec2024.ec\/en\/#website","url":"https:\/\/www.iec2024.ec\/en\/","name":"IEC 2024","description":"","publisher":{"@id":"https:\/\/www.iec2024.ec\/en\/#organization"},"potentialAction":[{"@type":"SearchAction","target":{"@type":"EntryPoint","urlTemplate":"https:\/\/www.iec2024.ec\/en\/?s={search_term_string}"},"query-input":"required name=search_term_string"}],"inLanguage":"en-US"},{"@type":"Organization","@id":"https:\/\/www.iec2024.ec\/en\/#organization","name":"IEC 2024","url":"https:\/\/www.iec2024.ec\/en\/","logo":{"@type":"ImageObject","inLanguage":"en-US","@id":"https:\/\/www.iec2024.ec\/en\/#\/schema\/logo\/image\/","url":"https:\/\/www.iec2024.ec\/wp-content\/uploads\/2024\/01\/cropped-logo-2024.png","contentUrl":"https:\/\/www.iec2024.ec\/wp-content\/uploads\/2024\/01\/cropped-logo-2024.png","width":1277,"height":332,"caption":"IEC 2024"},"image":{"@id":"https:\/\/www.iec2024.ec\/en\/#\/schema\/logo\/image\/"}},{"@type":"Person","@id":"https:\/\/www.iec2024.ec\/en\/#\/schema\/person\/7dc46e27a804fe39ba34935ca5284fe2","name":"Secretario T\u00e9cnico","image":{"@type":"ImageObject","inLanguage":"en-US","@id":"https:\/\/www.iec2024.ec\/en\/#\/schema\/person\/image\/","url":"https:\/\/secure.gravatar.com\/avatar\/67808a21710148ea0645bc85e43e21b6?s=96&d=mm&r=g","contentUrl":"https:\/\/secure.gravatar.com\/avatar\/67808a21710148ea0645bc85e43e21b6?s=96&d=mm&r=g","caption":"Secretario T\u00e9cnico"},"url":"https:\/\/www.iec2024.ec\/en\/author\/4dm1ns3cr3t4r10\/"}]}},"_links":{"self":[{"href":"https:\/\/www.iec2024.ec\/en\/wp-json\/wp\/v2\/posts\/12079"}],"collection":[{"href":"https:\/\/www.iec2024.ec\/en\/wp-json\/wp\/v2\/posts"}],"about":[{"href":"https:\/\/www.iec2024.ec\/en\/wp-json\/wp\/v2\/types\/post"}],"author":[{"embeddable":true,"href":"https:\/\/www.iec2024.ec\/en\/wp-json\/wp\/v2\/users\/2"}],"replies":[{"embeddable":true,"href":"https:\/\/www.iec2024.ec\/en\/wp-json\/wp\/v2\/comments?post=12079"}],"version-history":[{"count":4,"href":"https:\/\/www.iec2024.ec\/en\/wp-json\/wp\/v2\/posts\/12079\/revisions"}],"predecessor-version":[{"id":12088,"href":"https:\/\/www.iec2024.ec\/en\/wp-json\/wp\/v2\/posts\/12079\/revisions\/12088"}],"wp:featuredmedia":[{"embeddable":true,"href":"https:\/\/www.iec2024.ec\/en\/wp-json\/wp\/v2\/media\/11688"}],"wp:attachment":[{"href":"https:\/\/www.iec2024.ec\/en\/wp-json\/wp\/v2\/media?parent=12079"}],"wp:term":[{"taxonomy":"category","embeddable":true,"href":"https:\/\/www.iec2024.ec\/en\/wp-json\/wp\/v2\/categories?post=12079"},{"taxonomy":"post_tag","embeddable":true,"href":"https:\/\/www.iec2024.ec\/en\/wp-json\/wp\/v2\/tags?post=12079"}],"curies":[{"name":"wp","href":"https:\/\/api.w.org\/{rel}","templated":true}]}}