{"id":12292,"date":"2024-01-06T15:49:17","date_gmt":"2024-01-06T20:49:17","guid":{"rendered":"https:\/\/www.iec2024.ec\/?p=12292"},"modified":"2024-02-28T09:02:32","modified_gmt":"2024-02-28T14:02:32","slug":"pesebre-iec2024","status":"publish","type":"post","link":"https:\/\/www.iec2024.ec\/en\/pesebre-iec2024\/","title":{"rendered":"Crib Live Bread Lowered from Heaven receives recognition in Quito."},"content":{"rendered":"<p><em>Quito, 6 de enero de 2023<\/em><\/p>\n<p>&nbsp;<\/p>\n<p>En el esp\u00edritu navide\u00f1o, y en preparaci\u00f3n para el 53\u00b0 Congreso Eucar\u00edstico Internacional que se llevar\u00e1 a cabo en Quito &#8211; Ecuador del 8 al 15 del Septiembre,\u00a0 diversas iniciativas han emergido para conectar este evento trascendental con la realidad y el sentir del pueblo creyente, en este contexto festivo. La Parroquia \u201cLa Inmaculada Concepci\u00f3n\u201d El Comercio, situada al sur de Quito, ha realizado un pesebre\u00a0 siguiendo la tem\u00e1tica propuesta por\u00a0 el Congreso Eucar\u00edstico Internacional 2024: &#8220;Jes\u00fas Pan Vivo Bajado del Cielo&#8221;.<\/p>\n<p>El Padre Charles Serrano, p\u00e1rroco de esta comunidad, expres\u00f3 que el pesebre es una representaci\u00f3n viva y palpable del concepto de que Jes\u00fas nace en el pan. Adem\u00e1s, comunic\u00f3 que el pesebre pretende ilustrar de manera tangible y cercana la profunda significancia de que Jes\u00fas es el Pan Vivo descendido del cielo, fortaleciendo el entendimiento del pueblo de Dios sobre esta ense\u00f1anza fundamental de la fe.<\/p>\n<p>El Padre Juan Carlos Garz\u00f3n, secretario general del IEC2024, reconoci\u00f3 y elogi\u00f3 el trabajo realizado por la comunidad parroquial &#8220;La Inmaculada Concepci\u00f3n\u201d El Comercio y en un emotivo gesto, entreg\u00f3 un merecido reconocimiento, aplaudiendo el compromiso y la dedicaci\u00f3n de la comunidad en la creaci\u00f3n de este pesebre, el cual no solo embellece el entorno navide\u00f1o, sino que tambi\u00e9n sirve como una inspiradora preparaci\u00f3n para el inminente Congreso Eucar\u00edstico.<\/p>\n<p>Este pesebre, adem\u00e1s de ser un s\u00edmbolo festivo, encierra una profunda espiritualidad, record\u00e1ndonos la esencia de la fe en la Eucarist\u00eda y avivando la importancia de este Congreso Eucar\u00edstico Internacional a celebrarse en Quito.<\/p>\n<p>Este reconocimiento no solo celebra el trabajo art\u00edstico de la comunidad parroquial, sino tambi\u00e9n destaca la uni\u00f3n entre la fe, la tradici\u00f3n navide\u00f1a y la preparaci\u00f3n para un evento de relevancia mundial como es el Congreso Eucar\u00edstico Internacional.<\/p>\n<p>Oficina de comunicaci\u00f3n<\/p>\n","protected":false},"excerpt":{"rendered":"<p>Quito, 6 de enero de 2023 &nbsp; En el esp\u00edritu navide\u00f1o, y en preparaci\u00f3n para el 53\u00b0 Congreso Eucar\u00edstico Internacional que se llevar\u00e1 a cabo en Quito &#8211; Ecuador del 8 al 15 del Septiembre,\u00a0 diversas iniciativas han emergido para conectar este evento trascendental con la realidad y el sentir del pueblo creyente, en este [&hellip;]<\/p>\n","protected":false},"author":2,"featured_media":9339,"comment_status":"open","ping_status":"open","sticky":false,"template":"","format":"standard","meta":{"footnotes":""},"categories":[33],"tags":[],"acf":[],"yoast_head":"<!-- This site is optimized with the Yoast SEO plugin v21.1 - https:\/\/yoast.com\/wordpress\/plugins\/seo\/ -->\n<title>Crib Live Bread Lowered from Heaven receives recognition in Quito. - IEC 2024<\/title>\n<meta name=\"robots\" content=\"index, follow, max-snippet:-1, max-image-preview:large, max-video-preview:-1\" \/>\n<link rel=\"canonical\" href=\"https:\/\/www.iec2024.ec\/en\/pesebre-iec2024\/\" \/>\n<meta property=\"og:locale\" content=\"en_US\" \/>\n<meta property=\"og:type\" content=\"article\" \/>\n<meta property=\"og:title\" content=\"Crib Live Bread Lowered from Heaven receives recognition in Quito. - IEC 2024\" \/>\n<meta property=\"og:description\" content=\"Quito, 6 de enero de 2023 &nbsp; En el esp\u00edritu navide\u00f1o, y en preparaci\u00f3n para el 53\u00b0 Congreso Eucar\u00edstico Internacional que se llevar\u00e1 a cabo en Quito &#8211; Ecuador del 8 al 15 del Septiembre,\u00a0 diversas iniciativas han emergido para conectar este evento trascendental con la realidad y el sentir del pueblo creyente, en este [&hellip;]\" \/>\n<meta property=\"og:url\" content=\"https:\/\/www.iec2024.ec\/en\/pesebre-iec2024\/\" \/>\n<meta property=\"og:site_name\" content=\"IEC 2024\" \/>\n<meta property=\"article:published_time\" content=\"2024-01-06T20:49:17+00:00\" \/>\n<meta property=\"article:modified_time\" content=\"2024-02-28T14:02:32+00:00\" \/>\n<meta property=\"og:image\" content=\"https:\/\/www.iec2024.ec\/wp-content\/uploads\/2024\/01\/Imagen-de-WhatsApp-2024-01-06-a-las-10.51.18_887e3b27-scaled.jpg\" \/>\n\t<meta property=\"og:image:width\" content=\"2560\" \/>\n\t<meta property=\"og:image:height\" content=\"1707\" \/>\n\t<meta property=\"og:image:type\" content=\"image\/jpeg\" \/>\n<meta name=\"author\" content=\"Secretario T\u00e9cnico\" \/>\n<meta name=\"twitter:card\" content=\"summary_large_image\" \/>\n<meta name=\"twitter:label1\" content=\"Written by\" \/>\n\t<meta name=\"twitter:data1\" content=\"Secretario T\u00e9cnico\" \/>\n\t<meta name=\"twitter:label2\" content=\"Est. reading time\" \/>\n\t<meta name=\"twitter:data2\" content=\"2 minutes\" \/>\n<script type=\"application\/ld+json\" class=\"yoast-schema-graph\">{\"@context\":\"https:\/\/schema.org\",\"@graph\":[{\"@type\":\"Article\",\"@id\":\"https:\/\/www.iec2024.ec\/en\/pesebre-iec2024\/#article\",\"isPartOf\":{\"@id\":\"https:\/\/www.iec2024.ec\/en\/pesebre-iec2024\/\"},\"author\":{\"name\":\"Secretario T\u00e9cnico\",\"@id\":\"https:\/\/www.iec2024.ec\/en\/#\/schema\/person\/7dc46e27a804fe39ba34935ca5284fe2\"},\"headline\":\"Crib Live Bread Lowered from Heaven receives recognition in Quito.\",\"datePublished\":\"2024-01-06T20:49:17+00:00\",\"dateModified\":\"2024-02-28T14:02:32+00:00\",\"mainEntityOfPage\":{\"@id\":\"https:\/\/www.iec2024.ec\/en\/pesebre-iec2024\/\"},\"wordCount\":338,\"commentCount\":0,\"publisher\":{\"@id\":\"https:\/\/www.iec2024.ec\/en\/#organization\"},\"articleSection\":[\"News\"],\"inLanguage\":\"en-US\",\"potentialAction\":[{\"@type\":\"CommentAction\",\"name\":\"Comment\",\"target\":[\"https:\/\/www.iec2024.ec\/en\/pesebre-iec2024\/#respond\"]}]},{\"@type\":\"WebPage\",\"@id\":\"https:\/\/www.iec2024.ec\/en\/pesebre-iec2024\/\",\"url\":\"https:\/\/www.iec2024.ec\/en\/pesebre-iec2024\/\",\"name\":\"Crib Live Bread Lowered from Heaven receives recognition in Quito. - IEC 2024\",\"isPartOf\":{\"@id\":\"https:\/\/www.iec2024.ec\/en\/#website\"},\"datePublished\":\"2024-01-06T20:49:17+00:00\",\"dateModified\":\"2024-02-28T14:02:32+00:00\",\"breadcrumb\":{\"@id\":\"https:\/\/www.iec2024.ec\/en\/pesebre-iec2024\/#breadcrumb\"},\"inLanguage\":\"en-US\",\"potentialAction\":[{\"@type\":\"ReadAction\",\"target\":[\"https:\/\/www.iec2024.ec\/en\/pesebre-iec2024\/\"]}]},{\"@type\":\"BreadcrumbList\",\"@id\":\"https:\/\/www.iec2024.ec\/en\/pesebre-iec2024\/#breadcrumb\",\"itemListElement\":[{\"@type\":\"ListItem\",\"position\":1,\"name\":\"Portada\",\"item\":\"https:\/\/www.iec2024.ec\/en\/\"},{\"@type\":\"ListItem\",\"position\":2,\"name\":\"Crib Live Bread Lowered from Heaven receives recognition in Quito.\"}]},{\"@type\":\"WebSite\",\"@id\":\"https:\/\/www.iec2024.ec\/en\/#website\",\"url\":\"https:\/\/www.iec2024.ec\/en\/\",\"name\":\"IEC 2024\",\"description\":\"\",\"publisher\":{\"@id\":\"https:\/\/www.iec2024.ec\/en\/#organization\"},\"potentialAction\":[{\"@type\":\"SearchAction\",\"target\":{\"@type\":\"EntryPoint\",\"urlTemplate\":\"https:\/\/www.iec2024.ec\/en\/?s={search_term_string}\"},\"query-input\":\"required name=search_term_string\"}],\"inLanguage\":\"en-US\"},{\"@type\":\"Organization\",\"@id\":\"https:\/\/www.iec2024.ec\/en\/#organization\",\"name\":\"IEC 2024\",\"url\":\"https:\/\/www.iec2024.ec\/en\/\",\"logo\":{\"@type\":\"ImageObject\",\"inLanguage\":\"en-US\",\"@id\":\"https:\/\/www.iec2024.ec\/en\/#\/schema\/logo\/image\/\",\"url\":\"https:\/\/www.iec2024.ec\/wp-content\/uploads\/2024\/01\/cropped-logo-2024.png\",\"contentUrl\":\"https:\/\/www.iec2024.ec\/wp-content\/uploads\/2024\/01\/cropped-logo-2024.png\",\"width\":1277,\"height\":332,\"caption\":\"IEC 2024\"},\"image\":{\"@id\":\"https:\/\/www.iec2024.ec\/en\/#\/schema\/logo\/image\/\"}},{\"@type\":\"Person\",\"@id\":\"https:\/\/www.iec2024.ec\/en\/#\/schema\/person\/7dc46e27a804fe39ba34935ca5284fe2\",\"name\":\"Secretario T\u00e9cnico\",\"image\":{\"@type\":\"ImageObject\",\"inLanguage\":\"en-US\",\"@id\":\"https:\/\/www.iec2024.ec\/en\/#\/schema\/person\/image\/\",\"url\":\"https:\/\/secure.gravatar.com\/avatar\/67808a21710148ea0645bc85e43e21b6?s=96&d=mm&r=g\",\"contentUrl\":\"https:\/\/secure.gravatar.com\/avatar\/67808a21710148ea0645bc85e43e21b6?s=96&d=mm&r=g\",\"caption\":\"Secretario T\u00e9cnico\"},\"url\":\"https:\/\/www.iec2024.ec\/en\/author\/4dm1ns3cr3t4r10\/\"}]}<\/script>\n<!-- \/ Yoast SEO plugin. -->","yoast_head_json":{"title":"Crib Live Bread Lowered from Heaven receives recognition in Quito. - IEC 2024","robots":{"index":"index","follow":"follow","max-snippet":"max-snippet:-1","max-image-preview":"max-image-preview:large","max-video-preview":"max-video-preview:-1"},"canonical":"https:\/\/www.iec2024.ec\/en\/pesebre-iec2024\/","og_locale":"en_US","og_type":"article","og_title":"Crib Live Bread Lowered from Heaven receives recognition in Quito. - IEC 2024","og_description":"Quito, 6 de enero de 2023 &nbsp; En el esp\u00edritu navide\u00f1o, y en preparaci\u00f3n para el 53\u00b0 Congreso Eucar\u00edstico Internacional que se llevar\u00e1 a cabo en Quito &#8211; Ecuador del 8 al 15 del Septiembre,\u00a0 diversas iniciativas han emergido para conectar este evento trascendental con la realidad y el sentir del pueblo creyente, en este [&hellip;]","og_url":"https:\/\/www.iec2024.ec\/en\/pesebre-iec2024\/","og_site_name":"IEC 2024","article_published_time":"2024-01-06T20:49:17+00:00","article_modified_time":"2024-02-28T14:02:32+00:00","og_image":[{"width":2560,"height":1707,"url":"https:\/\/www.iec2024.ec\/wp-content\/uploads\/2024\/01\/Imagen-de-WhatsApp-2024-01-06-a-las-10.51.18_887e3b27-scaled.jpg","type":"image\/jpeg"}],"author":"Secretario T\u00e9cnico","twitter_card":"summary_large_image","twitter_misc":{"Written by":"Secretario T\u00e9cnico","Est. reading time":"2 minutes"},"schema":{"@context":"https:\/\/schema.org","@graph":[{"@type":"Article","@id":"https:\/\/www.iec2024.ec\/en\/pesebre-iec2024\/#article","isPartOf":{"@id":"https:\/\/www.iec2024.ec\/en\/pesebre-iec2024\/"},"author":{"name":"Secretario T\u00e9cnico","@id":"https:\/\/www.iec2024.ec\/en\/#\/schema\/person\/7dc46e27a804fe39ba34935ca5284fe2"},"headline":"Crib Live Bread Lowered from Heaven receives recognition in Quito.","datePublished":"2024-01-06T20:49:17+00:00","dateModified":"2024-02-28T14:02:32+00:00","mainEntityOfPage":{"@id":"https:\/\/www.iec2024.ec\/en\/pesebre-iec2024\/"},"wordCount":338,"commentCount":0,"publisher":{"@id":"https:\/\/www.iec2024.ec\/en\/#organization"},"articleSection":["News"],"inLanguage":"en-US","potentialAction":[{"@type":"CommentAction","name":"Comment","target":["https:\/\/www.iec2024.ec\/en\/pesebre-iec2024\/#respond"]}]},{"@type":"WebPage","@id":"https:\/\/www.iec2024.ec\/en\/pesebre-iec2024\/","url":"https:\/\/www.iec2024.ec\/en\/pesebre-iec2024\/","name":"Crib Live Bread Lowered from Heaven receives recognition in Quito. - IEC 2024","isPartOf":{"@id":"https:\/\/www.iec2024.ec\/en\/#website"},"datePublished":"2024-01-06T20:49:17+00:00","dateModified":"2024-02-28T14:02:32+00:00","breadcrumb":{"@id":"https:\/\/www.iec2024.ec\/en\/pesebre-iec2024\/#breadcrumb"},"inLanguage":"en-US","potentialAction":[{"@type":"ReadAction","target":["https:\/\/www.iec2024.ec\/en\/pesebre-iec2024\/"]}]},{"@type":"BreadcrumbList","@id":"https:\/\/www.iec2024.ec\/en\/pesebre-iec2024\/#breadcrumb","itemListElement":[{"@type":"ListItem","position":1,"name":"Portada","item":"https:\/\/www.iec2024.ec\/en\/"},{"@type":"ListItem","position":2,"name":"Crib Live Bread Lowered from Heaven receives recognition in Quito."}]},{"@type":"WebSite","@id":"https:\/\/www.iec2024.ec\/en\/#website","url":"https:\/\/www.iec2024.ec\/en\/","name":"IEC 2024","description":"","publisher":{"@id":"https:\/\/www.iec2024.ec\/en\/#organization"},"potentialAction":[{"@type":"SearchAction","target":{"@type":"EntryPoint","urlTemplate":"https:\/\/www.iec2024.ec\/en\/?s={search_term_string}"},"query-input":"required name=search_term_string"}],"inLanguage":"en-US"},{"@type":"Organization","@id":"https:\/\/www.iec2024.ec\/en\/#organization","name":"IEC 2024","url":"https:\/\/www.iec2024.ec\/en\/","logo":{"@type":"ImageObject","inLanguage":"en-US","@id":"https:\/\/www.iec2024.ec\/en\/#\/schema\/logo\/image\/","url":"https:\/\/www.iec2024.ec\/wp-content\/uploads\/2024\/01\/cropped-logo-2024.png","contentUrl":"https:\/\/www.iec2024.ec\/wp-content\/uploads\/2024\/01\/cropped-logo-2024.png","width":1277,"height":332,"caption":"IEC 2024"},"image":{"@id":"https:\/\/www.iec2024.ec\/en\/#\/schema\/logo\/image\/"}},{"@type":"Person","@id":"https:\/\/www.iec2024.ec\/en\/#\/schema\/person\/7dc46e27a804fe39ba34935ca5284fe2","name":"Secretario T\u00e9cnico","image":{"@type":"ImageObject","inLanguage":"en-US","@id":"https:\/\/www.iec2024.ec\/en\/#\/schema\/person\/image\/","url":"https:\/\/secure.gravatar.com\/avatar\/67808a21710148ea0645bc85e43e21b6?s=96&d=mm&r=g","contentUrl":"https:\/\/secure.gravatar.com\/avatar\/67808a21710148ea0645bc85e43e21b6?s=96&d=mm&r=g","caption":"Secretario T\u00e9cnico"},"url":"https:\/\/www.iec2024.ec\/en\/author\/4dm1ns3cr3t4r10\/"}]}},"_links":{"self":[{"href":"https:\/\/www.iec2024.ec\/en\/wp-json\/wp\/v2\/posts\/12292"}],"collection":[{"href":"https:\/\/www.iec2024.ec\/en\/wp-json\/wp\/v2\/posts"}],"about":[{"href":"https:\/\/www.iec2024.ec\/en\/wp-json\/wp\/v2\/types\/post"}],"author":[{"embeddable":true,"href":"https:\/\/www.iec2024.ec\/en\/wp-json\/wp\/v2\/users\/2"}],"replies":[{"embeddable":true,"href":"https:\/\/www.iec2024.ec\/en\/wp-json\/wp\/v2\/comments?post=12292"}],"version-history":[{"count":4,"href":"https:\/\/www.iec2024.ec\/en\/wp-json\/wp\/v2\/posts\/12292\/revisions"}],"predecessor-version":[{"id":12298,"href":"https:\/\/www.iec2024.ec\/en\/wp-json\/wp\/v2\/posts\/12292\/revisions\/12298"}],"wp:featuredmedia":[{"embeddable":true,"href":"https:\/\/www.iec2024.ec\/en\/wp-json\/wp\/v2\/media\/9339"}],"wp:attachment":[{"href":"https:\/\/www.iec2024.ec\/en\/wp-json\/wp\/v2\/media?parent=12292"}],"wp:term":[{"taxonomy":"category","embeddable":true,"href":"https:\/\/www.iec2024.ec\/en\/wp-json\/wp\/v2\/categories?post=12292"},{"taxonomy":"post_tag","embeddable":true,"href":"https:\/\/www.iec2024.ec\/en\/wp-json\/wp\/v2\/tags?post=12292"}],"curies":[{"name":"wp","href":"https:\/\/api.w.org\/{rel}","templated":true}]}}