{"id":12867,"date":"2024-03-05T09:39:57","date_gmt":"2024-03-05T14:39:57","guid":{"rendered":"https:\/\/www.iec2024.ec\/la-diocesis-de-azogues-recibio-el-evangeliario-con-solemnes-procesiones\/"},"modified":"2024-06-07T10:56:08","modified_gmt":"2024-06-07T15:56:08","slug":"la-diocesis-de-azogues-recibio-el-evangeliario-con-solemnes-procesiones","status":"publish","type":"post","link":"https:\/\/www.iec2024.ec\/en\/la-diocesis-de-azogues-recibio-el-evangeliario-con-solemnes-procesiones\/","title":{"rendered":"The Diocese of Azogues received the Gospel with solemn processions"},"content":{"rendered":"<p><b>Quito, 4 de marzo de 2024<\/b><\/p>\n<p><b>Redacci\u00f3n: Mar\u00eda Jos\u00e9 Casco \/ Patricio Illescas<\/b><\/p>\n<p><span style=\"font-weight: 400;\">La Di\u00f3cesis de Azogues recibi\u00f3 el Evangeliario, <\/span><span style=\"font-weight: 400;\">s\u00edmbolo del 53\u00b0 Congreso Eucar\u00edstico Internacional (IEC 2024). El acto se cumpli\u00f3 el s\u00e1bado 24 de febrero, en la Catedral de la Inmaculada Concepci\u00f3n de Cuenca. El Evangeliario fue trasladado al Monasterio de las Hermanas Clarisas de Azogues donde se realiz\u00f3 una tarde de oraci\u00f3n y la Santa Misa.<\/span><\/p>\n<p><span style=\"font-weight: 400;\">El recorrido continu\u00f3 con una solemne procesi\u00f3n de bienvenida hacia la Iglesia Catedral de Azogues, donde las 18 parroquias de la Vicar\u00eda de la Sierra recibieron con alegr\u00eda el s\u00edmbolo sagrado. La procesi\u00f3n se destac\u00f3 por un gran fervor religioso.\u00a0<\/span><\/p>\n<p><span style=\"font-weight: 400;\">El Santuario de la Virgen del Roc\u00edo tambi\u00e9n fue parte destacada del recorrido, luego de lo cual se traslad\u00f3 a la Vicar\u00eda de la Costa, en el Cant\u00f3n San Pablo de la Troncal y sus parroquias. El Evangeliario lleg\u00f3 a la Vicar\u00eda Central y al Santuario Eucar\u00edstico de San Antonio, donde los fieles de las respectivas parroquias de esa vicar\u00eda mostraron su devoci\u00f3n y compromiso con la fe.<\/span><\/p>\n<p><span style=\"font-weight: 400;\">El s\u00e1bado 2 de marzo, el Evangeliario fue llevado al Templo Matriz de la ciudad de las Reales Minas de San Antonio de Hatun Ca\u00f1ar, donde recibi\u00f3 una despedida emotiva por parte de una delegaci\u00f3n del Cant\u00f3n Chunchi, que puso\u00a0 fin a su recorrido por la provincia del Ca\u00f1ar.<\/span><\/p>\n","protected":false},"excerpt":{"rendered":"<p>Quito, 4 de marzo de 2024 Redacci\u00f3n: Mar\u00eda Jos\u00e9 Casco \/ Patricio Illescas La Di\u00f3cesis de Azogues recibi\u00f3 el Evangeliario, s\u00edmbolo del 53\u00b0 Congreso Eucar\u00edstico Internacional (IEC 2024). El acto se cumpli\u00f3 el s\u00e1bado 24 de febrero, en la Catedral de la Inmaculada Concepci\u00f3n de Cuenca. El Evangeliario fue trasladado al Monasterio de las Hermanas [&hellip;]<\/p>\n","protected":false},"author":2,"featured_media":12858,"comment_status":"closed","ping_status":"closed","sticky":false,"template":"","format":"standard","meta":{"footnotes":""},"categories":[33],"tags":[],"acf":[],"yoast_head":"<!-- This site is optimized with the Yoast SEO plugin v21.1 - https:\/\/yoast.com\/wordpress\/plugins\/seo\/ -->\n<title>The Diocese of Azogues received the Gospel with solemn processions - IEC 2024<\/title>\n<meta name=\"robots\" content=\"index, follow, max-snippet:-1, max-image-preview:large, max-video-preview:-1\" \/>\n<link rel=\"canonical\" href=\"https:\/\/www.iec2024.ec\/en\/la-diocesis-de-azogues-recibio-el-evangeliario-con-solemnes-procesiones\/\" \/>\n<meta property=\"og:locale\" content=\"en_US\" \/>\n<meta property=\"og:type\" content=\"article\" \/>\n<meta property=\"og:title\" content=\"The Diocese of Azogues received the Gospel with solemn processions - IEC 2024\" \/>\n<meta property=\"og:description\" content=\"Quito, 4 de marzo de 2024 Redacci\u00f3n: Mar\u00eda Jos\u00e9 Casco \/ Patricio Illescas La Di\u00f3cesis de Azogues recibi\u00f3 el Evangeliario, s\u00edmbolo del 53\u00b0 Congreso Eucar\u00edstico Internacional (IEC 2024). El acto se cumpli\u00f3 el s\u00e1bado 24 de febrero, en la Catedral de la Inmaculada Concepci\u00f3n de Cuenca. El Evangeliario fue trasladado al Monasterio de las Hermanas [&hellip;]\" \/>\n<meta property=\"og:url\" content=\"https:\/\/www.iec2024.ec\/en\/la-diocesis-de-azogues-recibio-el-evangeliario-con-solemnes-procesiones\/\" \/>\n<meta property=\"og:site_name\" content=\"IEC 2024\" \/>\n<meta property=\"article:published_time\" content=\"2024-03-05T14:39:57+00:00\" \/>\n<meta property=\"article:modified_time\" content=\"2024-06-07T15:56:08+00:00\" \/>\n<meta property=\"og:image\" content=\"https:\/\/www.iec2024.ec\/wp-content\/uploads\/2024\/03\/Imagen-de-WhatsApp-2024-03-04-a-las-14.06.05_4501afe3-1.jpg\" \/>\n\t<meta property=\"og:image:width\" content=\"960\" \/>\n\t<meta property=\"og:image:height\" content=\"1280\" \/>\n\t<meta property=\"og:image:type\" content=\"image\/jpeg\" \/>\n<meta name=\"author\" content=\"Secretario T\u00e9cnico\" \/>\n<meta name=\"twitter:card\" content=\"summary_large_image\" \/>\n<meta name=\"twitter:label1\" content=\"Written by\" \/>\n\t<meta name=\"twitter:data1\" content=\"Secretario T\u00e9cnico\" \/>\n\t<meta name=\"twitter:label2\" content=\"Est. reading time\" \/>\n\t<meta name=\"twitter:data2\" content=\"2 minutes\" \/>\n<script type=\"application\/ld+json\" class=\"yoast-schema-graph\">{\"@context\":\"https:\/\/schema.org\",\"@graph\":[{\"@type\":\"Article\",\"@id\":\"https:\/\/www.iec2024.ec\/en\/la-diocesis-de-azogues-recibio-el-evangeliario-con-solemnes-procesiones\/#article\",\"isPartOf\":{\"@id\":\"https:\/\/www.iec2024.ec\/en\/la-diocesis-de-azogues-recibio-el-evangeliario-con-solemnes-procesiones\/\"},\"author\":{\"name\":\"Secretario T\u00e9cnico\",\"@id\":\"https:\/\/www.iec2024.ec\/en\/#\/schema\/person\/7dc46e27a804fe39ba34935ca5284fe2\"},\"headline\":\"The Diocese of Azogues received the Gospel with solemn processions\",\"datePublished\":\"2024-03-05T14:39:57+00:00\",\"dateModified\":\"2024-06-07T15:56:08+00:00\",\"mainEntityOfPage\":{\"@id\":\"https:\/\/www.iec2024.ec\/en\/la-diocesis-de-azogues-recibio-el-evangeliario-con-solemnes-procesiones\/\"},\"wordCount\":254,\"publisher\":{\"@id\":\"https:\/\/www.iec2024.ec\/en\/#organization\"},\"articleSection\":[\"News\"],\"inLanguage\":\"en-US\"},{\"@type\":\"WebPage\",\"@id\":\"https:\/\/www.iec2024.ec\/en\/la-diocesis-de-azogues-recibio-el-evangeliario-con-solemnes-procesiones\/\",\"url\":\"https:\/\/www.iec2024.ec\/en\/la-diocesis-de-azogues-recibio-el-evangeliario-con-solemnes-procesiones\/\",\"name\":\"The Diocese of Azogues received the Gospel with solemn processions - IEC 2024\",\"isPartOf\":{\"@id\":\"https:\/\/www.iec2024.ec\/en\/#website\"},\"datePublished\":\"2024-03-05T14:39:57+00:00\",\"dateModified\":\"2024-06-07T15:56:08+00:00\",\"breadcrumb\":{\"@id\":\"https:\/\/www.iec2024.ec\/en\/la-diocesis-de-azogues-recibio-el-evangeliario-con-solemnes-procesiones\/#breadcrumb\"},\"inLanguage\":\"en-US\",\"potentialAction\":[{\"@type\":\"ReadAction\",\"target\":[\"https:\/\/www.iec2024.ec\/en\/la-diocesis-de-azogues-recibio-el-evangeliario-con-solemnes-procesiones\/\"]}]},{\"@type\":\"BreadcrumbList\",\"@id\":\"https:\/\/www.iec2024.ec\/en\/la-diocesis-de-azogues-recibio-el-evangeliario-con-solemnes-procesiones\/#breadcrumb\",\"itemListElement\":[{\"@type\":\"ListItem\",\"position\":1,\"name\":\"Portada\",\"item\":\"https:\/\/www.iec2024.ec\/en\/\"},{\"@type\":\"ListItem\",\"position\":2,\"name\":\"The Diocese of Azogues received the Gospel with solemn processions\"}]},{\"@type\":\"WebSite\",\"@id\":\"https:\/\/www.iec2024.ec\/en\/#website\",\"url\":\"https:\/\/www.iec2024.ec\/en\/\",\"name\":\"IEC 2024\",\"description\":\"\",\"publisher\":{\"@id\":\"https:\/\/www.iec2024.ec\/en\/#organization\"},\"potentialAction\":[{\"@type\":\"SearchAction\",\"target\":{\"@type\":\"EntryPoint\",\"urlTemplate\":\"https:\/\/www.iec2024.ec\/en\/?s={search_term_string}\"},\"query-input\":\"required name=search_term_string\"}],\"inLanguage\":\"en-US\"},{\"@type\":\"Organization\",\"@id\":\"https:\/\/www.iec2024.ec\/en\/#organization\",\"name\":\"IEC 2024\",\"url\":\"https:\/\/www.iec2024.ec\/en\/\",\"logo\":{\"@type\":\"ImageObject\",\"inLanguage\":\"en-US\",\"@id\":\"https:\/\/www.iec2024.ec\/en\/#\/schema\/logo\/image\/\",\"url\":\"https:\/\/www.iec2024.ec\/wp-content\/uploads\/2024\/01\/cropped-logo-2024.png\",\"contentUrl\":\"https:\/\/www.iec2024.ec\/wp-content\/uploads\/2024\/01\/cropped-logo-2024.png\",\"width\":1277,\"height\":332,\"caption\":\"IEC 2024\"},\"image\":{\"@id\":\"https:\/\/www.iec2024.ec\/en\/#\/schema\/logo\/image\/\"}},{\"@type\":\"Person\",\"@id\":\"https:\/\/www.iec2024.ec\/en\/#\/schema\/person\/7dc46e27a804fe39ba34935ca5284fe2\",\"name\":\"Secretario T\u00e9cnico\",\"image\":{\"@type\":\"ImageObject\",\"inLanguage\":\"en-US\",\"@id\":\"https:\/\/www.iec2024.ec\/en\/#\/schema\/person\/image\/\",\"url\":\"https:\/\/secure.gravatar.com\/avatar\/67808a21710148ea0645bc85e43e21b6?s=96&d=mm&r=g\",\"contentUrl\":\"https:\/\/secure.gravatar.com\/avatar\/67808a21710148ea0645bc85e43e21b6?s=96&d=mm&r=g\",\"caption\":\"Secretario T\u00e9cnico\"},\"url\":\"https:\/\/www.iec2024.ec\/en\/author\/4dm1ns3cr3t4r10\/\"}]}<\/script>\n<!-- \/ Yoast SEO plugin. -->","yoast_head_json":{"title":"The Diocese of Azogues received the Gospel with solemn processions - IEC 2024","robots":{"index":"index","follow":"follow","max-snippet":"max-snippet:-1","max-image-preview":"max-image-preview:large","max-video-preview":"max-video-preview:-1"},"canonical":"https:\/\/www.iec2024.ec\/en\/la-diocesis-de-azogues-recibio-el-evangeliario-con-solemnes-procesiones\/","og_locale":"en_US","og_type":"article","og_title":"The Diocese of Azogues received the Gospel with solemn processions - IEC 2024","og_description":"Quito, 4 de marzo de 2024 Redacci\u00f3n: Mar\u00eda Jos\u00e9 Casco \/ Patricio Illescas La Di\u00f3cesis de Azogues recibi\u00f3 el Evangeliario, s\u00edmbolo del 53\u00b0 Congreso Eucar\u00edstico Internacional (IEC 2024). El acto se cumpli\u00f3 el s\u00e1bado 24 de febrero, en la Catedral de la Inmaculada Concepci\u00f3n de Cuenca. El Evangeliario fue trasladado al Monasterio de las Hermanas [&hellip;]","og_url":"https:\/\/www.iec2024.ec\/en\/la-diocesis-de-azogues-recibio-el-evangeliario-con-solemnes-procesiones\/","og_site_name":"IEC 2024","article_published_time":"2024-03-05T14:39:57+00:00","article_modified_time":"2024-06-07T15:56:08+00:00","og_image":[{"width":960,"height":1280,"url":"https:\/\/www.iec2024.ec\/wp-content\/uploads\/2024\/03\/Imagen-de-WhatsApp-2024-03-04-a-las-14.06.05_4501afe3-1.jpg","type":"image\/jpeg"}],"author":"Secretario T\u00e9cnico","twitter_card":"summary_large_image","twitter_misc":{"Written by":"Secretario T\u00e9cnico","Est. reading time":"2 minutes"},"schema":{"@context":"https:\/\/schema.org","@graph":[{"@type":"Article","@id":"https:\/\/www.iec2024.ec\/en\/la-diocesis-de-azogues-recibio-el-evangeliario-con-solemnes-procesiones\/#article","isPartOf":{"@id":"https:\/\/www.iec2024.ec\/en\/la-diocesis-de-azogues-recibio-el-evangeliario-con-solemnes-procesiones\/"},"author":{"name":"Secretario T\u00e9cnico","@id":"https:\/\/www.iec2024.ec\/en\/#\/schema\/person\/7dc46e27a804fe39ba34935ca5284fe2"},"headline":"The Diocese of Azogues received the Gospel with solemn processions","datePublished":"2024-03-05T14:39:57+00:00","dateModified":"2024-06-07T15:56:08+00:00","mainEntityOfPage":{"@id":"https:\/\/www.iec2024.ec\/en\/la-diocesis-de-azogues-recibio-el-evangeliario-con-solemnes-procesiones\/"},"wordCount":254,"publisher":{"@id":"https:\/\/www.iec2024.ec\/en\/#organization"},"articleSection":["News"],"inLanguage":"en-US"},{"@type":"WebPage","@id":"https:\/\/www.iec2024.ec\/en\/la-diocesis-de-azogues-recibio-el-evangeliario-con-solemnes-procesiones\/","url":"https:\/\/www.iec2024.ec\/en\/la-diocesis-de-azogues-recibio-el-evangeliario-con-solemnes-procesiones\/","name":"The Diocese of Azogues received the Gospel with solemn processions - IEC 2024","isPartOf":{"@id":"https:\/\/www.iec2024.ec\/en\/#website"},"datePublished":"2024-03-05T14:39:57+00:00","dateModified":"2024-06-07T15:56:08+00:00","breadcrumb":{"@id":"https:\/\/www.iec2024.ec\/en\/la-diocesis-de-azogues-recibio-el-evangeliario-con-solemnes-procesiones\/#breadcrumb"},"inLanguage":"en-US","potentialAction":[{"@type":"ReadAction","target":["https:\/\/www.iec2024.ec\/en\/la-diocesis-de-azogues-recibio-el-evangeliario-con-solemnes-procesiones\/"]}]},{"@type":"BreadcrumbList","@id":"https:\/\/www.iec2024.ec\/en\/la-diocesis-de-azogues-recibio-el-evangeliario-con-solemnes-procesiones\/#breadcrumb","itemListElement":[{"@type":"ListItem","position":1,"name":"Portada","item":"https:\/\/www.iec2024.ec\/en\/"},{"@type":"ListItem","position":2,"name":"The Diocese of Azogues received the Gospel with solemn processions"}]},{"@type":"WebSite","@id":"https:\/\/www.iec2024.ec\/en\/#website","url":"https:\/\/www.iec2024.ec\/en\/","name":"IEC 2024","description":"","publisher":{"@id":"https:\/\/www.iec2024.ec\/en\/#organization"},"potentialAction":[{"@type":"SearchAction","target":{"@type":"EntryPoint","urlTemplate":"https:\/\/www.iec2024.ec\/en\/?s={search_term_string}"},"query-input":"required name=search_term_string"}],"inLanguage":"en-US"},{"@type":"Organization","@id":"https:\/\/www.iec2024.ec\/en\/#organization","name":"IEC 2024","url":"https:\/\/www.iec2024.ec\/en\/","logo":{"@type":"ImageObject","inLanguage":"en-US","@id":"https:\/\/www.iec2024.ec\/en\/#\/schema\/logo\/image\/","url":"https:\/\/www.iec2024.ec\/wp-content\/uploads\/2024\/01\/cropped-logo-2024.png","contentUrl":"https:\/\/www.iec2024.ec\/wp-content\/uploads\/2024\/01\/cropped-logo-2024.png","width":1277,"height":332,"caption":"IEC 2024"},"image":{"@id":"https:\/\/www.iec2024.ec\/en\/#\/schema\/logo\/image\/"}},{"@type":"Person","@id":"https:\/\/www.iec2024.ec\/en\/#\/schema\/person\/7dc46e27a804fe39ba34935ca5284fe2","name":"Secretario T\u00e9cnico","image":{"@type":"ImageObject","inLanguage":"en-US","@id":"https:\/\/www.iec2024.ec\/en\/#\/schema\/person\/image\/","url":"https:\/\/secure.gravatar.com\/avatar\/67808a21710148ea0645bc85e43e21b6?s=96&d=mm&r=g","contentUrl":"https:\/\/secure.gravatar.com\/avatar\/67808a21710148ea0645bc85e43e21b6?s=96&d=mm&r=g","caption":"Secretario T\u00e9cnico"},"url":"https:\/\/www.iec2024.ec\/en\/author\/4dm1ns3cr3t4r10\/"}]}},"_links":{"self":[{"href":"https:\/\/www.iec2024.ec\/en\/wp-json\/wp\/v2\/posts\/12867"}],"collection":[{"href":"https:\/\/www.iec2024.ec\/en\/wp-json\/wp\/v2\/posts"}],"about":[{"href":"https:\/\/www.iec2024.ec\/en\/wp-json\/wp\/v2\/types\/post"}],"author":[{"embeddable":true,"href":"https:\/\/www.iec2024.ec\/en\/wp-json\/wp\/v2\/users\/2"}],"replies":[{"embeddable":true,"href":"https:\/\/www.iec2024.ec\/en\/wp-json\/wp\/v2\/comments?post=12867"}],"version-history":[{"count":4,"href":"https:\/\/www.iec2024.ec\/en\/wp-json\/wp\/v2\/posts\/12867\/revisions"}],"predecessor-version":[{"id":17428,"href":"https:\/\/www.iec2024.ec\/en\/wp-json\/wp\/v2\/posts\/12867\/revisions\/17428"}],"wp:featuredmedia":[{"embeddable":true,"href":"https:\/\/www.iec2024.ec\/en\/wp-json\/wp\/v2\/media\/12858"}],"wp:attachment":[{"href":"https:\/\/www.iec2024.ec\/en\/wp-json\/wp\/v2\/media?parent=12867"}],"wp:term":[{"taxonomy":"category","embeddable":true,"href":"https:\/\/www.iec2024.ec\/en\/wp-json\/wp\/v2\/categories?post=12867"},{"taxonomy":"post_tag","embeddable":true,"href":"https:\/\/www.iec2024.ec\/en\/wp-json\/wp\/v2\/tags?post=12867"}],"curies":[{"name":"wp","href":"https:\/\/api.w.org\/{rel}","templated":true}]}}