{"id":15505,"date":"2024-03-26T15:14:25","date_gmt":"2024-03-26T20:14:25","guid":{"rendered":"https:\/\/www.iec2024.ec\/150-anos-despues-ecuador-renueva-su-consagracion-al-sagrado-corazon-de-jesus-2\/"},"modified":"2024-06-07T11:02:09","modified_gmt":"2024-06-07T16:02:09","slug":"150-anos-despues-ecuador-renueva-su-consagracion-al-sagrado-corazon-de-jesus-2","status":"publish","type":"post","link":"https:\/\/www.iec2024.ec\/en\/150-anos-despues-ecuador-renueva-su-consagracion-al-sagrado-corazon-de-jesus-2\/","title":{"rendered":"The Evangeliario concluded its journey through Riobamba in an atmosphere of celebration and gratitude"},"content":{"rendered":"<p>Fuente: <a href=\"https:\/\/www.exaudi.org\/es\/150-anos-despues-ecuador-renueva-su-consagracion-al-sagrado-corazon-de-jesus\/\"><span style=\"color: #0000ff;\"><strong>Exaudi<\/strong><\/span><\/a><br \/>\nCon una celebraci\u00f3n solemne, que fue presidida por el Arzobispo de Quito y Primado del Ecuador, Monse\u00f1or Alfredo Jos\u00e9 Espinoza Mateus, sdb, la tarde de este lunes 25 de marzo, la Iglesia cat\u00f3lica que peregrina en Ecuador renov\u00f3 su Consagraci\u00f3n al Sagrado Coraz\u00f3n de Jes\u00fas. La celebraci\u00f3n tuvo lugar con ocasi\u00f3n de la conmemoraci\u00f3n de los 150 a\u00f1os de la hist\u00f3rica consagraci\u00f3n, acontecimiento por el que el Papa Francisco escogi\u00f3 a Ecuador como sede del 53\u00b0 Congreso Eucar\u00edstico Internacional IEC2024.<\/p>\n<p>La celebraci\u00f3n, que se ofici\u00f3 en la Bas\u00edlica del Voto Nacional, fue concelebrada por los obispos auxiliares de la Arquidi\u00f3cesis de Quito y alrededor de 150 sacerdotes, y cont\u00f3 con la participaci\u00f3n de centenares de fieles, religiosas, religiosos, agentes de pastoral que llegaron para dar gracias a Dios y ser part\u00edcipes de este hist\u00f3rico acontecimiento.<\/p>\n<p>Ver toda la noticia en:<span style=\"color: #0000ff;\"><strong><a style=\"color: #0000ff;\" href=\"https:\/\/www.exaudi.org\/es\/150-anos-despues-ecuador-renueva-su-consagracion-al-sagrado-corazon-de-jesus\/\"> Exaudi<\/a><\/strong><\/span><\/p>\n<p>&nbsp;<\/p>\n","protected":false},"excerpt":{"rendered":"<p>Fuente: Exaudi Con una celebraci\u00f3n solemne, que fue presidida por el Arzobispo de Quito y Primado del Ecuador, Monse\u00f1or Alfredo Jos\u00e9 Espinoza Mateus, sdb, la tarde de este lunes 25 de marzo, la Iglesia cat\u00f3lica que peregrina en Ecuador renov\u00f3 su Consagraci\u00f3n al Sagrado Coraz\u00f3n de Jes\u00fas. La celebraci\u00f3n tuvo lugar con ocasi\u00f3n de la [&hellip;]<\/p>\n","protected":false},"author":2,"featured_media":13851,"comment_status":"closed","ping_status":"closed","sticky":false,"template":"","format":"standard","meta":{"footnotes":""},"categories":[120],"tags":[],"acf":[],"yoast_head":"<!-- This site is optimized with the Yoast SEO plugin v21.1 - https:\/\/yoast.com\/wordpress\/plugins\/seo\/ -->\n<title>The Evangeliario concluded its journey through Riobamba in an atmosphere of celebration and gratitude - IEC 2024<\/title>\n<meta name=\"robots\" content=\"index, follow, max-snippet:-1, max-image-preview:large, max-video-preview:-1\" \/>\n<link rel=\"canonical\" href=\"https:\/\/www.iec2024.ec\/en\/150-anos-despues-ecuador-renueva-su-consagracion-al-sagrado-corazon-de-jesus-2\/\" \/>\n<meta property=\"og:locale\" content=\"en_US\" \/>\n<meta property=\"og:type\" content=\"article\" \/>\n<meta property=\"og:title\" content=\"The Evangeliario concluded its journey through Riobamba in an atmosphere of celebration and gratitude - IEC 2024\" \/>\n<meta property=\"og:description\" content=\"Fuente: Exaudi Con una celebraci\u00f3n solemne, que fue presidida por el Arzobispo de Quito y Primado del Ecuador, Monse\u00f1or Alfredo Jos\u00e9 Espinoza Mateus, sdb, la tarde de este lunes 25 de marzo, la Iglesia cat\u00f3lica que peregrina en Ecuador renov\u00f3 su Consagraci\u00f3n al Sagrado Coraz\u00f3n de Jes\u00fas. La celebraci\u00f3n tuvo lugar con ocasi\u00f3n de la [&hellip;]\" \/>\n<meta property=\"og:url\" content=\"https:\/\/www.iec2024.ec\/en\/150-anos-despues-ecuador-renueva-su-consagracion-al-sagrado-corazon-de-jesus-2\/\" \/>\n<meta property=\"og:site_name\" content=\"IEC 2024\" \/>\n<meta property=\"article:published_time\" content=\"2024-03-26T20:14:25+00:00\" \/>\n<meta property=\"article:modified_time\" content=\"2024-06-07T16:02:09+00:00\" \/>\n<meta property=\"og:image\" content=\"https:\/\/www.iec2024.ec\/wp-content\/uploads\/2024\/03\/Captura-de-pantalla-2024-02-23-114054.png\" \/>\n\t<meta property=\"og:image:width\" content=\"533\" \/>\n\t<meta property=\"og:image:height\" content=\"536\" \/>\n\t<meta property=\"og:image:type\" content=\"image\/png\" \/>\n<meta name=\"author\" content=\"Secretario T\u00e9cnico\" \/>\n<meta name=\"twitter:card\" content=\"summary_large_image\" \/>\n<meta name=\"twitter:label1\" content=\"Written by\" \/>\n\t<meta name=\"twitter:data1\" content=\"Secretario T\u00e9cnico\" \/>\n\t<meta name=\"twitter:label2\" content=\"Est. reading time\" \/>\n\t<meta name=\"twitter:data2\" content=\"1 minute\" \/>\n<script type=\"application\/ld+json\" class=\"yoast-schema-graph\">{\"@context\":\"https:\/\/schema.org\",\"@graph\":[{\"@type\":\"Article\",\"@id\":\"https:\/\/www.iec2024.ec\/en\/150-anos-despues-ecuador-renueva-su-consagracion-al-sagrado-corazon-de-jesus-2\/#article\",\"isPartOf\":{\"@id\":\"https:\/\/www.iec2024.ec\/en\/150-anos-despues-ecuador-renueva-su-consagracion-al-sagrado-corazon-de-jesus-2\/\"},\"author\":{\"name\":\"Secretario T\u00e9cnico\",\"@id\":\"https:\/\/www.iec2024.ec\/en\/#\/schema\/person\/7dc46e27a804fe39ba34935ca5284fe2\"},\"headline\":\"The Evangeliario concluded its journey through Riobamba in an atmosphere of celebration and gratitude\",\"datePublished\":\"2024-03-26T20:14:25+00:00\",\"dateModified\":\"2024-06-07T16:02:09+00:00\",\"mainEntityOfPage\":{\"@id\":\"https:\/\/www.iec2024.ec\/en\/150-anos-despues-ecuador-renueva-su-consagracion-al-sagrado-corazon-de-jesus-2\/\"},\"wordCount\":173,\"publisher\":{\"@id\":\"https:\/\/www.iec2024.ec\/en\/#organization\"},\"articleSection\":[\"IEC in media\"],\"inLanguage\":\"en-US\"},{\"@type\":\"WebPage\",\"@id\":\"https:\/\/www.iec2024.ec\/en\/150-anos-despues-ecuador-renueva-su-consagracion-al-sagrado-corazon-de-jesus-2\/\",\"url\":\"https:\/\/www.iec2024.ec\/en\/150-anos-despues-ecuador-renueva-su-consagracion-al-sagrado-corazon-de-jesus-2\/\",\"name\":\"The Evangeliario concluded its journey through Riobamba in an atmosphere of celebration and gratitude - IEC 2024\",\"isPartOf\":{\"@id\":\"https:\/\/www.iec2024.ec\/en\/#website\"},\"datePublished\":\"2024-03-26T20:14:25+00:00\",\"dateModified\":\"2024-06-07T16:02:09+00:00\",\"breadcrumb\":{\"@id\":\"https:\/\/www.iec2024.ec\/en\/150-anos-despues-ecuador-renueva-su-consagracion-al-sagrado-corazon-de-jesus-2\/#breadcrumb\"},\"inLanguage\":\"en-US\",\"potentialAction\":[{\"@type\":\"ReadAction\",\"target\":[\"https:\/\/www.iec2024.ec\/en\/150-anos-despues-ecuador-renueva-su-consagracion-al-sagrado-corazon-de-jesus-2\/\"]}]},{\"@type\":\"BreadcrumbList\",\"@id\":\"https:\/\/www.iec2024.ec\/en\/150-anos-despues-ecuador-renueva-su-consagracion-al-sagrado-corazon-de-jesus-2\/#breadcrumb\",\"itemListElement\":[{\"@type\":\"ListItem\",\"position\":1,\"name\":\"Portada\",\"item\":\"https:\/\/www.iec2024.ec\/en\/\"},{\"@type\":\"ListItem\",\"position\":2,\"name\":\"The Evangeliario concluded its journey through Riobamba in an atmosphere of celebration and gratitude\"}]},{\"@type\":\"WebSite\",\"@id\":\"https:\/\/www.iec2024.ec\/en\/#website\",\"url\":\"https:\/\/www.iec2024.ec\/en\/\",\"name\":\"IEC 2024\",\"description\":\"\",\"publisher\":{\"@id\":\"https:\/\/www.iec2024.ec\/en\/#organization\"},\"potentialAction\":[{\"@type\":\"SearchAction\",\"target\":{\"@type\":\"EntryPoint\",\"urlTemplate\":\"https:\/\/www.iec2024.ec\/en\/?s={search_term_string}\"},\"query-input\":\"required name=search_term_string\"}],\"inLanguage\":\"en-US\"},{\"@type\":\"Organization\",\"@id\":\"https:\/\/www.iec2024.ec\/en\/#organization\",\"name\":\"IEC 2024\",\"url\":\"https:\/\/www.iec2024.ec\/en\/\",\"logo\":{\"@type\":\"ImageObject\",\"inLanguage\":\"en-US\",\"@id\":\"https:\/\/www.iec2024.ec\/en\/#\/schema\/logo\/image\/\",\"url\":\"https:\/\/www.iec2024.ec\/wp-content\/uploads\/2024\/01\/cropped-logo-2024.png\",\"contentUrl\":\"https:\/\/www.iec2024.ec\/wp-content\/uploads\/2024\/01\/cropped-logo-2024.png\",\"width\":1277,\"height\":332,\"caption\":\"IEC 2024\"},\"image\":{\"@id\":\"https:\/\/www.iec2024.ec\/en\/#\/schema\/logo\/image\/\"}},{\"@type\":\"Person\",\"@id\":\"https:\/\/www.iec2024.ec\/en\/#\/schema\/person\/7dc46e27a804fe39ba34935ca5284fe2\",\"name\":\"Secretario T\u00e9cnico\",\"image\":{\"@type\":\"ImageObject\",\"inLanguage\":\"en-US\",\"@id\":\"https:\/\/www.iec2024.ec\/en\/#\/schema\/person\/image\/\",\"url\":\"https:\/\/secure.gravatar.com\/avatar\/67808a21710148ea0645bc85e43e21b6?s=96&d=mm&r=g\",\"contentUrl\":\"https:\/\/secure.gravatar.com\/avatar\/67808a21710148ea0645bc85e43e21b6?s=96&d=mm&r=g\",\"caption\":\"Secretario T\u00e9cnico\"},\"url\":\"https:\/\/www.iec2024.ec\/en\/author\/4dm1ns3cr3t4r10\/\"}]}<\/script>\n<!-- \/ Yoast SEO plugin. -->","yoast_head_json":{"title":"The Evangeliario concluded its journey through Riobamba in an atmosphere of celebration and gratitude - IEC 2024","robots":{"index":"index","follow":"follow","max-snippet":"max-snippet:-1","max-image-preview":"max-image-preview:large","max-video-preview":"max-video-preview:-1"},"canonical":"https:\/\/www.iec2024.ec\/en\/150-anos-despues-ecuador-renueva-su-consagracion-al-sagrado-corazon-de-jesus-2\/","og_locale":"en_US","og_type":"article","og_title":"The Evangeliario concluded its journey through Riobamba in an atmosphere of celebration and gratitude - IEC 2024","og_description":"Fuente: Exaudi Con una celebraci\u00f3n solemne, que fue presidida por el Arzobispo de Quito y Primado del Ecuador, Monse\u00f1or Alfredo Jos\u00e9 Espinoza Mateus, sdb, la tarde de este lunes 25 de marzo, la Iglesia cat\u00f3lica que peregrina en Ecuador renov\u00f3 su Consagraci\u00f3n al Sagrado Coraz\u00f3n de Jes\u00fas. La celebraci\u00f3n tuvo lugar con ocasi\u00f3n de la [&hellip;]","og_url":"https:\/\/www.iec2024.ec\/en\/150-anos-despues-ecuador-renueva-su-consagracion-al-sagrado-corazon-de-jesus-2\/","og_site_name":"IEC 2024","article_published_time":"2024-03-26T20:14:25+00:00","article_modified_time":"2024-06-07T16:02:09+00:00","og_image":[{"width":533,"height":536,"url":"https:\/\/www.iec2024.ec\/wp-content\/uploads\/2024\/03\/Captura-de-pantalla-2024-02-23-114054.png","type":"image\/png"}],"author":"Secretario T\u00e9cnico","twitter_card":"summary_large_image","twitter_misc":{"Written by":"Secretario T\u00e9cnico","Est. reading time":"1 minute"},"schema":{"@context":"https:\/\/schema.org","@graph":[{"@type":"Article","@id":"https:\/\/www.iec2024.ec\/en\/150-anos-despues-ecuador-renueva-su-consagracion-al-sagrado-corazon-de-jesus-2\/#article","isPartOf":{"@id":"https:\/\/www.iec2024.ec\/en\/150-anos-despues-ecuador-renueva-su-consagracion-al-sagrado-corazon-de-jesus-2\/"},"author":{"name":"Secretario T\u00e9cnico","@id":"https:\/\/www.iec2024.ec\/en\/#\/schema\/person\/7dc46e27a804fe39ba34935ca5284fe2"},"headline":"The Evangeliario concluded its journey through Riobamba in an atmosphere of celebration and gratitude","datePublished":"2024-03-26T20:14:25+00:00","dateModified":"2024-06-07T16:02:09+00:00","mainEntityOfPage":{"@id":"https:\/\/www.iec2024.ec\/en\/150-anos-despues-ecuador-renueva-su-consagracion-al-sagrado-corazon-de-jesus-2\/"},"wordCount":173,"publisher":{"@id":"https:\/\/www.iec2024.ec\/en\/#organization"},"articleSection":["IEC in media"],"inLanguage":"en-US"},{"@type":"WebPage","@id":"https:\/\/www.iec2024.ec\/en\/150-anos-despues-ecuador-renueva-su-consagracion-al-sagrado-corazon-de-jesus-2\/","url":"https:\/\/www.iec2024.ec\/en\/150-anos-despues-ecuador-renueva-su-consagracion-al-sagrado-corazon-de-jesus-2\/","name":"The Evangeliario concluded its journey through Riobamba in an atmosphere of celebration and gratitude - IEC 2024","isPartOf":{"@id":"https:\/\/www.iec2024.ec\/en\/#website"},"datePublished":"2024-03-26T20:14:25+00:00","dateModified":"2024-06-07T16:02:09+00:00","breadcrumb":{"@id":"https:\/\/www.iec2024.ec\/en\/150-anos-despues-ecuador-renueva-su-consagracion-al-sagrado-corazon-de-jesus-2\/#breadcrumb"},"inLanguage":"en-US","potentialAction":[{"@type":"ReadAction","target":["https:\/\/www.iec2024.ec\/en\/150-anos-despues-ecuador-renueva-su-consagracion-al-sagrado-corazon-de-jesus-2\/"]}]},{"@type":"BreadcrumbList","@id":"https:\/\/www.iec2024.ec\/en\/150-anos-despues-ecuador-renueva-su-consagracion-al-sagrado-corazon-de-jesus-2\/#breadcrumb","itemListElement":[{"@type":"ListItem","position":1,"name":"Portada","item":"https:\/\/www.iec2024.ec\/en\/"},{"@type":"ListItem","position":2,"name":"The Evangeliario concluded its journey through Riobamba in an atmosphere of celebration and gratitude"}]},{"@type":"WebSite","@id":"https:\/\/www.iec2024.ec\/en\/#website","url":"https:\/\/www.iec2024.ec\/en\/","name":"IEC 2024","description":"","publisher":{"@id":"https:\/\/www.iec2024.ec\/en\/#organization"},"potentialAction":[{"@type":"SearchAction","target":{"@type":"EntryPoint","urlTemplate":"https:\/\/www.iec2024.ec\/en\/?s={search_term_string}"},"query-input":"required name=search_term_string"}],"inLanguage":"en-US"},{"@type":"Organization","@id":"https:\/\/www.iec2024.ec\/en\/#organization","name":"IEC 2024","url":"https:\/\/www.iec2024.ec\/en\/","logo":{"@type":"ImageObject","inLanguage":"en-US","@id":"https:\/\/www.iec2024.ec\/en\/#\/schema\/logo\/image\/","url":"https:\/\/www.iec2024.ec\/wp-content\/uploads\/2024\/01\/cropped-logo-2024.png","contentUrl":"https:\/\/www.iec2024.ec\/wp-content\/uploads\/2024\/01\/cropped-logo-2024.png","width":1277,"height":332,"caption":"IEC 2024"},"image":{"@id":"https:\/\/www.iec2024.ec\/en\/#\/schema\/logo\/image\/"}},{"@type":"Person","@id":"https:\/\/www.iec2024.ec\/en\/#\/schema\/person\/7dc46e27a804fe39ba34935ca5284fe2","name":"Secretario T\u00e9cnico","image":{"@type":"ImageObject","inLanguage":"en-US","@id":"https:\/\/www.iec2024.ec\/en\/#\/schema\/person\/image\/","url":"https:\/\/secure.gravatar.com\/avatar\/67808a21710148ea0645bc85e43e21b6?s=96&d=mm&r=g","contentUrl":"https:\/\/secure.gravatar.com\/avatar\/67808a21710148ea0645bc85e43e21b6?s=96&d=mm&r=g","caption":"Secretario T\u00e9cnico"},"url":"https:\/\/www.iec2024.ec\/en\/author\/4dm1ns3cr3t4r10\/"}]}},"_links":{"self":[{"href":"https:\/\/www.iec2024.ec\/en\/wp-json\/wp\/v2\/posts\/15505"}],"collection":[{"href":"https:\/\/www.iec2024.ec\/en\/wp-json\/wp\/v2\/posts"}],"about":[{"href":"https:\/\/www.iec2024.ec\/en\/wp-json\/wp\/v2\/types\/post"}],"author":[{"embeddable":true,"href":"https:\/\/www.iec2024.ec\/en\/wp-json\/wp\/v2\/users\/2"}],"replies":[{"embeddable":true,"href":"https:\/\/www.iec2024.ec\/en\/wp-json\/wp\/v2\/comments?post=15505"}],"version-history":[{"count":2,"href":"https:\/\/www.iec2024.ec\/en\/wp-json\/wp\/v2\/posts\/15505\/revisions"}],"predecessor-version":[{"id":17434,"href":"https:\/\/www.iec2024.ec\/en\/wp-json\/wp\/v2\/posts\/15505\/revisions\/17434"}],"wp:featuredmedia":[{"embeddable":true,"href":"https:\/\/www.iec2024.ec\/en\/wp-json\/wp\/v2\/media\/13851"}],"wp:attachment":[{"href":"https:\/\/www.iec2024.ec\/en\/wp-json\/wp\/v2\/media?parent=15505"}],"wp:term":[{"taxonomy":"category","embeddable":true,"href":"https:\/\/www.iec2024.ec\/en\/wp-json\/wp\/v2\/categories?post=15505"},{"taxonomy":"post_tag","embeddable":true,"href":"https:\/\/www.iec2024.ec\/en\/wp-json\/wp\/v2\/tags?post=15505"}],"curies":[{"name":"wp","href":"https:\/\/api.w.org\/{rel}","templated":true}]}}