{"id":15509,"date":"2024-03-26T15:02:50","date_gmt":"2024-03-26T20:02:50","guid":{"rendered":"https:\/\/www.iec2024.ec\/todo-es-tuyo-tras-150-anos-ecuador-renueva-su-consagracion-al-sagrado-corazon-de-jesus\/"},"modified":"2024-05-13T12:21:08","modified_gmt":"2024-05-13T17:21:08","slug":"todo-es-tuyo-tras-150-anos-ecuador-renueva-su-consagracion-al-sagrado-corazon-de-jesus","status":"publish","type":"post","link":"https:\/\/www.iec2024.ec\/en\/todo-es-tuyo-tras-150-anos-ecuador-renueva-su-consagracion-al-sagrado-corazon-de-jesus\/","title":{"rendered":"\u201c\u00a1Todo es tuyo!\u201d: Tras 150 a\u00f1os, Ecuador renueva su consagraci\u00f3n al Sagrado Coraz\u00f3n de Jes\u00fas &#8211; Aciprensa"},"content":{"rendered":"<div class=\"post-author d-flex justify-content-start align-items-center\">\n<p>Fuente:<strong><span style=\"color: #0000ff;\"> <a style=\"color: #0000ff;\" href=\"https:\/\/www.aciprensa.com\/noticias\/103693\/semana-santa-2024-ecuador-renueva-consagracion-al-sagrado-corazon-de-jesus-de-1874\">Aciprensa<\/a><\/span><\/strong><\/p>\n<\/div>\n<p>La Arquidi\u00f3cesis de Quito y la oficina de comunicaci\u00f3n del<span style=\"color: #000000;\">\u00a0<\/span><a href=\"https:\/\/www.aciprensa.com\/noticias\/102820\/congreso-eucaristico-internacional-quito-2024-puede-sanar-al-ecuador-herido\" rel=\"noopener noreferrer nofollow\"><span style=\"color: #000000;\">53\u00b0 Congreso Eucar\u00edstico Internacional Quito 202<\/span>4<\/a>\u00a0informaron que este 25 de marzo, Lunes Santo, Ecuador renov\u00f3 su hist\u00f3rica consagraci\u00f3n al Sagrado Coraz\u00f3n de Jes\u00fas, realizada hace 150 a\u00f1os, lo que convirti\u00f3 entonces al pa\u00eds sudamericano en la<span style=\"color: #000000;\"><a style=\"color: #000000;\" href=\"https:\/\/www.aciprensa.com\/noticias\/94358\/primer-pais-consagrado-al-corazon-de-jesus-inaugura-imagen-para-acercar-almas-a-cristo\" rel=\"noopener noreferrer nofollow\">\u00a0primera naci\u00f3n consagrada a esta especial devoci\u00f3n<\/a>.<\/span><\/p>\n<p>El Arzobispo de Quito, Mons. Alfredo Jos\u00e9 Espinoza Mateus, presidi\u00f3 la Misa solemne en la Bas\u00edlica del Voto Nacional en la capital ecuatoriana, donde est\u00e1 la pintura original con la que Ecuador se consagr\u00f3 al Sagrado Coraz\u00f3n de Jes\u00fas el 25 de marzo de 1874. A la ceremonia de ayer, concelebrada por diversos obispos y sacerdotes, asistieron tambi\u00e9n autoridades civiles y eclesiales.<\/p>\n<p>El prelado ecuatoriano resalt\u00f3 que renovar la consagraci\u00f3n a Jes\u00fas \u201cno es encerrar al Se\u00f1or en nuestras vidas ni encerrarnos nosotros en el Coraz\u00f3n de Jes\u00fas. Renovar hoy nuestra Consagraci\u00f3n es ir contra el pecado de la indiferencia que puede anidar en nuestro coraz\u00f3n\u201d.<\/p>\n<p>Ver toda la noticia en <strong><span style=\"color: #0000ff;\"><a style=\"color: #0000ff;\" href=\"https:\/\/www.aciprensa.com\/noticias\/103693\/semana-santa-2024-ecuador-renueva-consagracion-al-sagrado-corazon-de-jesus-de-1874\">Aciprensa<\/a><\/span><\/strong><\/p>\n","protected":false},"excerpt":{"rendered":"<p>Fuente: Aciprensa La Arquidi\u00f3cesis de Quito y la oficina de comunicaci\u00f3n del\u00a053\u00b0 Congreso Eucar\u00edstico Internacional Quito 2024\u00a0informaron que este 25 de marzo, Lunes Santo, Ecuador renov\u00f3 su hist\u00f3rica consagraci\u00f3n al Sagrado Coraz\u00f3n de Jes\u00fas, realizada hace 150 a\u00f1os, lo que convirti\u00f3 entonces al pa\u00eds sudamericano en la\u00a0primera naci\u00f3n consagrada a esta especial devoci\u00f3n. El Arzobispo [&hellip;]<\/p>\n","protected":false},"author":2,"featured_media":13846,"comment_status":"closed","ping_status":"closed","sticky":false,"template":"","format":"standard","meta":{"footnotes":""},"categories":[120],"tags":[],"acf":[],"yoast_head":"<!-- This site is optimized with the Yoast SEO plugin v21.1 - https:\/\/yoast.com\/wordpress\/plugins\/seo\/ -->\n<title>\u201c\u00a1Todo es tuyo!\u201d: Tras 150 a\u00f1os, Ecuador renueva su consagraci\u00f3n al Sagrado Coraz\u00f3n de Jes\u00fas - Aciprensa - IEC 2024<\/title>\n<meta name=\"robots\" content=\"index, follow, max-snippet:-1, max-image-preview:large, max-video-preview:-1\" \/>\n<link rel=\"canonical\" href=\"https:\/\/www.iec2024.ec\/en\/todo-es-tuyo-tras-150-anos-ecuador-renueva-su-consagracion-al-sagrado-corazon-de-jesus\/\" \/>\n<meta property=\"og:locale\" content=\"en_US\" \/>\n<meta property=\"og:type\" content=\"article\" \/>\n<meta property=\"og:title\" content=\"\u201c\u00a1Todo es tuyo!\u201d: Tras 150 a\u00f1os, Ecuador renueva su consagraci\u00f3n al Sagrado Coraz\u00f3n de Jes\u00fas - Aciprensa - IEC 2024\" \/>\n<meta property=\"og:description\" content=\"Fuente: Aciprensa La Arquidi\u00f3cesis de Quito y la oficina de comunicaci\u00f3n del\u00a053\u00b0 Congreso Eucar\u00edstico Internacional Quito 2024\u00a0informaron que este 25 de marzo, Lunes Santo, Ecuador renov\u00f3 su hist\u00f3rica consagraci\u00f3n al Sagrado Coraz\u00f3n de Jes\u00fas, realizada hace 150 a\u00f1os, lo que convirti\u00f3 entonces al pa\u00eds sudamericano en la\u00a0primera naci\u00f3n consagrada a esta especial devoci\u00f3n. El Arzobispo [&hellip;]\" \/>\n<meta property=\"og:url\" content=\"https:\/\/www.iec2024.ec\/en\/todo-es-tuyo-tras-150-anos-ecuador-renueva-su-consagracion-al-sagrado-corazon-de-jesus\/\" \/>\n<meta property=\"og:site_name\" content=\"IEC 2024\" \/>\n<meta property=\"article:published_time\" content=\"2024-03-26T20:02:50+00:00\" \/>\n<meta property=\"article:modified_time\" content=\"2024-05-13T17:21:08+00:00\" \/>\n<meta property=\"og:image\" content=\"https:\/\/www.iec2024.ec\/wp-content\/uploads\/2024\/03\/Captura-de-pantalla-2024-03-26-150051.png\" \/>\n\t<meta property=\"og:image:width\" content=\"998\" \/>\n\t<meta property=\"og:image:height\" content=\"669\" \/>\n\t<meta property=\"og:image:type\" content=\"image\/png\" \/>\n<meta name=\"author\" content=\"Secretario T\u00e9cnico\" \/>\n<meta name=\"twitter:card\" content=\"summary_large_image\" \/>\n<meta name=\"twitter:label1\" content=\"Written by\" \/>\n\t<meta name=\"twitter:data1\" content=\"Secretario T\u00e9cnico\" \/>\n\t<meta name=\"twitter:label2\" content=\"Est. reading time\" \/>\n\t<meta name=\"twitter:data2\" content=\"1 minute\" \/>\n<script type=\"application\/ld+json\" class=\"yoast-schema-graph\">{\"@context\":\"https:\/\/schema.org\",\"@graph\":[{\"@type\":\"Article\",\"@id\":\"https:\/\/www.iec2024.ec\/en\/todo-es-tuyo-tras-150-anos-ecuador-renueva-su-consagracion-al-sagrado-corazon-de-jesus\/#article\",\"isPartOf\":{\"@id\":\"https:\/\/www.iec2024.ec\/en\/todo-es-tuyo-tras-150-anos-ecuador-renueva-su-consagracion-al-sagrado-corazon-de-jesus\/\"},\"author\":{\"name\":\"Secretario T\u00e9cnico\",\"@id\":\"https:\/\/www.iec2024.ec\/en\/#\/schema\/person\/7dc46e27a804fe39ba34935ca5284fe2\"},\"headline\":\"\u201c\u00a1Todo es tuyo!\u201d: Tras 150 a\u00f1os, Ecuador renueva su consagraci\u00f3n al Sagrado Coraz\u00f3n de Jes\u00fas &#8211; Aciprensa\",\"datePublished\":\"2024-03-26T20:02:50+00:00\",\"dateModified\":\"2024-05-13T17:21:08+00:00\",\"mainEntityOfPage\":{\"@id\":\"https:\/\/www.iec2024.ec\/en\/todo-es-tuyo-tras-150-anos-ecuador-renueva-su-consagracion-al-sagrado-corazon-de-jesus\/\"},\"wordCount\":204,\"publisher\":{\"@id\":\"https:\/\/www.iec2024.ec\/en\/#organization\"},\"articleSection\":[\"IEC in media\"],\"inLanguage\":\"en-US\"},{\"@type\":\"WebPage\",\"@id\":\"https:\/\/www.iec2024.ec\/en\/todo-es-tuyo-tras-150-anos-ecuador-renueva-su-consagracion-al-sagrado-corazon-de-jesus\/\",\"url\":\"https:\/\/www.iec2024.ec\/en\/todo-es-tuyo-tras-150-anos-ecuador-renueva-su-consagracion-al-sagrado-corazon-de-jesus\/\",\"name\":\"\u201c\u00a1Todo es tuyo!\u201d: Tras 150 a\u00f1os, Ecuador renueva su consagraci\u00f3n al Sagrado Coraz\u00f3n de Jes\u00fas - Aciprensa - IEC 2024\",\"isPartOf\":{\"@id\":\"https:\/\/www.iec2024.ec\/en\/#website\"},\"datePublished\":\"2024-03-26T20:02:50+00:00\",\"dateModified\":\"2024-05-13T17:21:08+00:00\",\"breadcrumb\":{\"@id\":\"https:\/\/www.iec2024.ec\/en\/todo-es-tuyo-tras-150-anos-ecuador-renueva-su-consagracion-al-sagrado-corazon-de-jesus\/#breadcrumb\"},\"inLanguage\":\"en-US\",\"potentialAction\":[{\"@type\":\"ReadAction\",\"target\":[\"https:\/\/www.iec2024.ec\/en\/todo-es-tuyo-tras-150-anos-ecuador-renueva-su-consagracion-al-sagrado-corazon-de-jesus\/\"]}]},{\"@type\":\"BreadcrumbList\",\"@id\":\"https:\/\/www.iec2024.ec\/en\/todo-es-tuyo-tras-150-anos-ecuador-renueva-su-consagracion-al-sagrado-corazon-de-jesus\/#breadcrumb\",\"itemListElement\":[{\"@type\":\"ListItem\",\"position\":1,\"name\":\"Portada\",\"item\":\"https:\/\/www.iec2024.ec\/en\/\"},{\"@type\":\"ListItem\",\"position\":2,\"name\":\"\u201c\u00a1Todo es tuyo!\u201d: Tras 150 a\u00f1os, Ecuador renueva su consagraci\u00f3n al Sagrado Coraz\u00f3n de Jes\u00fas &#8211; Aciprensa\"}]},{\"@type\":\"WebSite\",\"@id\":\"https:\/\/www.iec2024.ec\/en\/#website\",\"url\":\"https:\/\/www.iec2024.ec\/en\/\",\"name\":\"IEC 2024\",\"description\":\"\",\"publisher\":{\"@id\":\"https:\/\/www.iec2024.ec\/en\/#organization\"},\"potentialAction\":[{\"@type\":\"SearchAction\",\"target\":{\"@type\":\"EntryPoint\",\"urlTemplate\":\"https:\/\/www.iec2024.ec\/en\/?s={search_term_string}\"},\"query-input\":\"required name=search_term_string\"}],\"inLanguage\":\"en-US\"},{\"@type\":\"Organization\",\"@id\":\"https:\/\/www.iec2024.ec\/en\/#organization\",\"name\":\"IEC 2024\",\"url\":\"https:\/\/www.iec2024.ec\/en\/\",\"logo\":{\"@type\":\"ImageObject\",\"inLanguage\":\"en-US\",\"@id\":\"https:\/\/www.iec2024.ec\/en\/#\/schema\/logo\/image\/\",\"url\":\"https:\/\/www.iec2024.ec\/wp-content\/uploads\/2024\/01\/cropped-logo-2024.png\",\"contentUrl\":\"https:\/\/www.iec2024.ec\/wp-content\/uploads\/2024\/01\/cropped-logo-2024.png\",\"width\":1277,\"height\":332,\"caption\":\"IEC 2024\"},\"image\":{\"@id\":\"https:\/\/www.iec2024.ec\/en\/#\/schema\/logo\/image\/\"}},{\"@type\":\"Person\",\"@id\":\"https:\/\/www.iec2024.ec\/en\/#\/schema\/person\/7dc46e27a804fe39ba34935ca5284fe2\",\"name\":\"Secretario T\u00e9cnico\",\"image\":{\"@type\":\"ImageObject\",\"inLanguage\":\"en-US\",\"@id\":\"https:\/\/www.iec2024.ec\/en\/#\/schema\/person\/image\/\",\"url\":\"https:\/\/secure.gravatar.com\/avatar\/67808a21710148ea0645bc85e43e21b6?s=96&d=mm&r=g\",\"contentUrl\":\"https:\/\/secure.gravatar.com\/avatar\/67808a21710148ea0645bc85e43e21b6?s=96&d=mm&r=g\",\"caption\":\"Secretario T\u00e9cnico\"},\"url\":\"https:\/\/www.iec2024.ec\/en\/author\/4dm1ns3cr3t4r10\/\"}]}<\/script>\n<!-- \/ Yoast SEO plugin. -->","yoast_head_json":{"title":"\u201c\u00a1Todo es tuyo!\u201d: Tras 150 a\u00f1os, Ecuador renueva su consagraci\u00f3n al Sagrado Coraz\u00f3n de Jes\u00fas - Aciprensa - IEC 2024","robots":{"index":"index","follow":"follow","max-snippet":"max-snippet:-1","max-image-preview":"max-image-preview:large","max-video-preview":"max-video-preview:-1"},"canonical":"https:\/\/www.iec2024.ec\/en\/todo-es-tuyo-tras-150-anos-ecuador-renueva-su-consagracion-al-sagrado-corazon-de-jesus\/","og_locale":"en_US","og_type":"article","og_title":"\u201c\u00a1Todo es tuyo!\u201d: Tras 150 a\u00f1os, Ecuador renueva su consagraci\u00f3n al Sagrado Coraz\u00f3n de Jes\u00fas - Aciprensa - IEC 2024","og_description":"Fuente: Aciprensa La Arquidi\u00f3cesis de Quito y la oficina de comunicaci\u00f3n del\u00a053\u00b0 Congreso Eucar\u00edstico Internacional Quito 2024\u00a0informaron que este 25 de marzo, Lunes Santo, Ecuador renov\u00f3 su hist\u00f3rica consagraci\u00f3n al Sagrado Coraz\u00f3n de Jes\u00fas, realizada hace 150 a\u00f1os, lo que convirti\u00f3 entonces al pa\u00eds sudamericano en la\u00a0primera naci\u00f3n consagrada a esta especial devoci\u00f3n. El Arzobispo [&hellip;]","og_url":"https:\/\/www.iec2024.ec\/en\/todo-es-tuyo-tras-150-anos-ecuador-renueva-su-consagracion-al-sagrado-corazon-de-jesus\/","og_site_name":"IEC 2024","article_published_time":"2024-03-26T20:02:50+00:00","article_modified_time":"2024-05-13T17:21:08+00:00","og_image":[{"width":998,"height":669,"url":"https:\/\/www.iec2024.ec\/wp-content\/uploads\/2024\/03\/Captura-de-pantalla-2024-03-26-150051.png","type":"image\/png"}],"author":"Secretario T\u00e9cnico","twitter_card":"summary_large_image","twitter_misc":{"Written by":"Secretario T\u00e9cnico","Est. reading time":"1 minute"},"schema":{"@context":"https:\/\/schema.org","@graph":[{"@type":"Article","@id":"https:\/\/www.iec2024.ec\/en\/todo-es-tuyo-tras-150-anos-ecuador-renueva-su-consagracion-al-sagrado-corazon-de-jesus\/#article","isPartOf":{"@id":"https:\/\/www.iec2024.ec\/en\/todo-es-tuyo-tras-150-anos-ecuador-renueva-su-consagracion-al-sagrado-corazon-de-jesus\/"},"author":{"name":"Secretario T\u00e9cnico","@id":"https:\/\/www.iec2024.ec\/en\/#\/schema\/person\/7dc46e27a804fe39ba34935ca5284fe2"},"headline":"\u201c\u00a1Todo es tuyo!\u201d: Tras 150 a\u00f1os, Ecuador renueva su consagraci\u00f3n al Sagrado Coraz\u00f3n de Jes\u00fas &#8211; Aciprensa","datePublished":"2024-03-26T20:02:50+00:00","dateModified":"2024-05-13T17:21:08+00:00","mainEntityOfPage":{"@id":"https:\/\/www.iec2024.ec\/en\/todo-es-tuyo-tras-150-anos-ecuador-renueva-su-consagracion-al-sagrado-corazon-de-jesus\/"},"wordCount":204,"publisher":{"@id":"https:\/\/www.iec2024.ec\/en\/#organization"},"articleSection":["IEC in media"],"inLanguage":"en-US"},{"@type":"WebPage","@id":"https:\/\/www.iec2024.ec\/en\/todo-es-tuyo-tras-150-anos-ecuador-renueva-su-consagracion-al-sagrado-corazon-de-jesus\/","url":"https:\/\/www.iec2024.ec\/en\/todo-es-tuyo-tras-150-anos-ecuador-renueva-su-consagracion-al-sagrado-corazon-de-jesus\/","name":"\u201c\u00a1Todo es tuyo!\u201d: Tras 150 a\u00f1os, Ecuador renueva su consagraci\u00f3n al Sagrado Coraz\u00f3n de Jes\u00fas - Aciprensa - IEC 2024","isPartOf":{"@id":"https:\/\/www.iec2024.ec\/en\/#website"},"datePublished":"2024-03-26T20:02:50+00:00","dateModified":"2024-05-13T17:21:08+00:00","breadcrumb":{"@id":"https:\/\/www.iec2024.ec\/en\/todo-es-tuyo-tras-150-anos-ecuador-renueva-su-consagracion-al-sagrado-corazon-de-jesus\/#breadcrumb"},"inLanguage":"en-US","potentialAction":[{"@type":"ReadAction","target":["https:\/\/www.iec2024.ec\/en\/todo-es-tuyo-tras-150-anos-ecuador-renueva-su-consagracion-al-sagrado-corazon-de-jesus\/"]}]},{"@type":"BreadcrumbList","@id":"https:\/\/www.iec2024.ec\/en\/todo-es-tuyo-tras-150-anos-ecuador-renueva-su-consagracion-al-sagrado-corazon-de-jesus\/#breadcrumb","itemListElement":[{"@type":"ListItem","position":1,"name":"Portada","item":"https:\/\/www.iec2024.ec\/en\/"},{"@type":"ListItem","position":2,"name":"\u201c\u00a1Todo es tuyo!\u201d: Tras 150 a\u00f1os, Ecuador renueva su consagraci\u00f3n al Sagrado Coraz\u00f3n de Jes\u00fas &#8211; Aciprensa"}]},{"@type":"WebSite","@id":"https:\/\/www.iec2024.ec\/en\/#website","url":"https:\/\/www.iec2024.ec\/en\/","name":"IEC 2024","description":"","publisher":{"@id":"https:\/\/www.iec2024.ec\/en\/#organization"},"potentialAction":[{"@type":"SearchAction","target":{"@type":"EntryPoint","urlTemplate":"https:\/\/www.iec2024.ec\/en\/?s={search_term_string}"},"query-input":"required name=search_term_string"}],"inLanguage":"en-US"},{"@type":"Organization","@id":"https:\/\/www.iec2024.ec\/en\/#organization","name":"IEC 2024","url":"https:\/\/www.iec2024.ec\/en\/","logo":{"@type":"ImageObject","inLanguage":"en-US","@id":"https:\/\/www.iec2024.ec\/en\/#\/schema\/logo\/image\/","url":"https:\/\/www.iec2024.ec\/wp-content\/uploads\/2024\/01\/cropped-logo-2024.png","contentUrl":"https:\/\/www.iec2024.ec\/wp-content\/uploads\/2024\/01\/cropped-logo-2024.png","width":1277,"height":332,"caption":"IEC 2024"},"image":{"@id":"https:\/\/www.iec2024.ec\/en\/#\/schema\/logo\/image\/"}},{"@type":"Person","@id":"https:\/\/www.iec2024.ec\/en\/#\/schema\/person\/7dc46e27a804fe39ba34935ca5284fe2","name":"Secretario T\u00e9cnico","image":{"@type":"ImageObject","inLanguage":"en-US","@id":"https:\/\/www.iec2024.ec\/en\/#\/schema\/person\/image\/","url":"https:\/\/secure.gravatar.com\/avatar\/67808a21710148ea0645bc85e43e21b6?s=96&d=mm&r=g","contentUrl":"https:\/\/secure.gravatar.com\/avatar\/67808a21710148ea0645bc85e43e21b6?s=96&d=mm&r=g","caption":"Secretario T\u00e9cnico"},"url":"https:\/\/www.iec2024.ec\/en\/author\/4dm1ns3cr3t4r10\/"}]}},"_links":{"self":[{"href":"https:\/\/www.iec2024.ec\/en\/wp-json\/wp\/v2\/posts\/15509"}],"collection":[{"href":"https:\/\/www.iec2024.ec\/en\/wp-json\/wp\/v2\/posts"}],"about":[{"href":"https:\/\/www.iec2024.ec\/en\/wp-json\/wp\/v2\/types\/post"}],"author":[{"embeddable":true,"href":"https:\/\/www.iec2024.ec\/en\/wp-json\/wp\/v2\/users\/2"}],"replies":[{"embeddable":true,"href":"https:\/\/www.iec2024.ec\/en\/wp-json\/wp\/v2\/comments?post=15509"}],"version-history":[{"count":1,"href":"https:\/\/www.iec2024.ec\/en\/wp-json\/wp\/v2\/posts\/15509\/revisions"}],"predecessor-version":[{"id":15511,"href":"https:\/\/www.iec2024.ec\/en\/wp-json\/wp\/v2\/posts\/15509\/revisions\/15511"}],"wp:featuredmedia":[{"embeddable":true,"href":"https:\/\/www.iec2024.ec\/en\/wp-json\/wp\/v2\/media\/13846"}],"wp:attachment":[{"href":"https:\/\/www.iec2024.ec\/en\/wp-json\/wp\/v2\/media?parent=15509"}],"wp:term":[{"taxonomy":"category","embeddable":true,"href":"https:\/\/www.iec2024.ec\/en\/wp-json\/wp\/v2\/categories?post=15509"},{"taxonomy":"post_tag","embeddable":true,"href":"https:\/\/www.iec2024.ec\/en\/wp-json\/wp\/v2\/tags?post=15509"}],"curies":[{"name":"wp","href":"https:\/\/api.w.org\/{rel}","templated":true}]}}