{"id":16824,"date":"2024-05-28T10:44:30","date_gmt":"2024-05-28T15:44:30","guid":{"rendered":"https:\/\/www.iec2024.ec\/guayaquil-acoge-el-simbolo-del-iec\/"},"modified":"2024-06-04T12:12:04","modified_gmt":"2024-06-04T17:12:04","slug":"guayaquil-acoge-el-simbolo-del-iec","status":"publish","type":"post","link":"https:\/\/www.iec2024.ec\/en\/guayaquil-acoge-el-simbolo-del-iec\/","title":{"rendered":"Guayaquil hosts the symbol of the International Eucharistic Congress 2024"},"content":{"rendered":"<p><strong>Quito, May 27<\/strong><br \/>\n<strong>Editor: Steven Pincay<\/strong><\/p>\n<p>Guayaquil, (SCAG).- The Gospel of the International Eucharistic Congress 2024 (IEC 2024) toured the Archdiocese of Guayaquil after passing through the Diocese of Santa Elena. This symbol began its pilgrimage on April 21 until May 26; visiting 28 parishes, 7 educational units and 2 health centers of the \u201cPearl of the Pacific\u201d.<\/p>\n<p>In the Cathedral of Santa Elena, Fr. Jos\u00e9 Manuel Delgado was in charge of receiving the Gospel from Fr. Juan Jes\u00fas Mart\u00edn. The Nuestra Se\u00f1ora de la Alborada sanctuary parish was the first to receive this symbol; following his tour of the North Vicariate \u201cSaint John Paul II\u201d in the churches of San Miguel Arc\u00e1ngel, \u00c1ngel de la Guarda, Santa Teresita del Ni\u00f1o Jes\u00fas de Entre R\u00edos and Nuestra Se\u00f1ora de Czestochowa.<\/p>\n<p>The V\u00eda a la Costa \u201cSan Pablo VI\u201d Vicariate was the next to house the Evangeliary; where he visited the Mar\u00eda Reina and San Andr\u00e9s Ap\u00f3stol parishes from April 27 to 30. The churches of Our Lady of the Consolata; Mary, Queen of Carmen, Most Precious Blood of Our Lord Jesus Christ and the Baptism of the Lord received this symbol in the Northwest Vicariate \u201cSan Juan XXIII.<\/p>\n<p>The parishioners of the parishes of San Jos\u00e9 de las Malvinas, San Juan de la Cruz, Santa Marianita de Jes\u00fas; Mary Magdalene and Saint Vincent Ferrer were happy to know the Gospel Book blessed by Pope Francis. After his pilgrimage through the south of Guayaquil, his path continued towards the newly created V\u00eda a Daule \u201cSanta Narcisa de Jes\u00fas\u201d vicariate; visiting the churches of San Juan Bautista de Pascuales, Santo Tom\u00e1s de Aquinas, Jes\u00fas El Buen Pastor, Mar\u00eda Inmaculada Euchar\u00edstica and Madre Admirable.<\/p>\n<p>The San Josemar\u00eda Escriv\u00e1 and Bernardino Echeverr\u00eda schools; The Dolores Sope\u00f1a, San Juan Bosco, Santos Joaqu\u00edn and Santa Ana, La Consolata and Sagrada Familia schools had the opportunity for their students to learn about the Eucharistic Congress and the devotion to the Heart of Jesus. The Gospel Book was a source of words of eternal life for the patients of the Madre Berenice Hospital and the San Josemar\u00eda Medical Center.<\/p>\n<p>The churches of Santa Teresita on the Isla Trinitaria, the Santuario Cristo del Consuelo, Nuestra Se\u00f1ora de F\u00e1tima, San Vicente de Pa\u00fal and Cristo Rey in the southwest of Guayaquil received joy from the Gospel and renewed their consecration to the Heart of Jesus.His long journey culminated on May 26, after visiting the temple of San Francisco and the Metropolitan Cathedral in the center of Guayaquil.<\/p>\n","protected":false},"excerpt":{"rendered":"<p>Quito, May 27 Editor: Steven Pincay Guayaquil, (SCAG).- The Gospel of the International Eucharistic Congress 2024 (IEC 2024) toured the Archdiocese of Guayaquil after passing through the Diocese of Santa Elena. This symbol began its pilgrimage on April 21 until May 26; visiting 28 parishes, 7 educational units and 2 health centers of the \u201cPearl [&hellip;]<\/p>\n","protected":false},"author":2,"featured_media":16786,"comment_status":"closed","ping_status":"closed","sticky":false,"template":"","format":"standard","meta":{"footnotes":""},"categories":[33],"tags":[],"acf":[],"yoast_head":"<!-- This site is optimized with the Yoast SEO plugin v21.1 - https:\/\/yoast.com\/wordpress\/plugins\/seo\/ -->\n<title>Guayaquil hosts the symbol of the International Eucharistic Congress 2024 - IEC 2024<\/title>\n<meta name=\"robots\" content=\"index, follow, max-snippet:-1, max-image-preview:large, max-video-preview:-1\" \/>\n<link rel=\"canonical\" href=\"https:\/\/www.iec2024.ec\/en\/guayaquil-acoge-el-simbolo-del-iec\/\" \/>\n<meta property=\"og:locale\" content=\"en_US\" \/>\n<meta property=\"og:type\" content=\"article\" \/>\n<meta property=\"og:title\" content=\"Guayaquil hosts the symbol of the International Eucharistic Congress 2024 - IEC 2024\" \/>\n<meta property=\"og:description\" content=\"Quito, May 27 Editor: Steven Pincay Guayaquil, (SCAG).- The Gospel of the International Eucharistic Congress 2024 (IEC 2024) toured the Archdiocese of Guayaquil after passing through the Diocese of Santa Elena. This symbol began its pilgrimage on April 21 until May 26; visiting 28 parishes, 7 educational units and 2 health centers of the \u201cPearl [&hellip;]\" \/>\n<meta property=\"og:url\" content=\"https:\/\/www.iec2024.ec\/en\/guayaquil-acoge-el-simbolo-del-iec\/\" \/>\n<meta property=\"og:site_name\" content=\"IEC 2024\" \/>\n<meta property=\"article:published_time\" content=\"2024-05-28T15:44:30+00:00\" \/>\n<meta property=\"article:modified_time\" content=\"2024-06-04T17:12:04+00:00\" \/>\n<meta property=\"og:image\" content=\"https:\/\/www.iec2024.ec\/wp-content\/uploads\/2024\/05\/436301141_17898376457993744_4538291752186308687_n.jpg\" \/>\n\t<meta property=\"og:image:width\" content=\"1440\" \/>\n\t<meta property=\"og:image:height\" content=\"1800\" \/>\n\t<meta property=\"og:image:type\" content=\"image\/jpeg\" \/>\n<meta name=\"author\" content=\"Secretario T\u00e9cnico\" \/>\n<meta name=\"twitter:card\" content=\"summary_large_image\" \/>\n<meta name=\"twitter:label1\" content=\"Written by\" \/>\n\t<meta name=\"twitter:data1\" content=\"Secretario T\u00e9cnico\" \/>\n\t<meta name=\"twitter:label2\" content=\"Est. reading time\" \/>\n\t<meta name=\"twitter:data2\" content=\"2 minutes\" \/>\n<script type=\"application\/ld+json\" class=\"yoast-schema-graph\">{\"@context\":\"https:\/\/schema.org\",\"@graph\":[{\"@type\":\"Article\",\"@id\":\"https:\/\/www.iec2024.ec\/en\/guayaquil-acoge-el-simbolo-del-iec\/#article\",\"isPartOf\":{\"@id\":\"https:\/\/www.iec2024.ec\/en\/guayaquil-acoge-el-simbolo-del-iec\/\"},\"author\":{\"name\":\"Secretario T\u00e9cnico\",\"@id\":\"https:\/\/www.iec2024.ec\/en\/#\/schema\/person\/7dc46e27a804fe39ba34935ca5284fe2\"},\"headline\":\"Guayaquil hosts the symbol of the International Eucharistic Congress 2024\",\"datePublished\":\"2024-05-28T15:44:30+00:00\",\"dateModified\":\"2024-06-04T17:12:04+00:00\",\"mainEntityOfPage\":{\"@id\":\"https:\/\/www.iec2024.ec\/en\/guayaquil-acoge-el-simbolo-del-iec\/\"},\"wordCount\":444,\"publisher\":{\"@id\":\"https:\/\/www.iec2024.ec\/en\/#organization\"},\"articleSection\":[\"News\"],\"inLanguage\":\"en-US\"},{\"@type\":\"WebPage\",\"@id\":\"https:\/\/www.iec2024.ec\/en\/guayaquil-acoge-el-simbolo-del-iec\/\",\"url\":\"https:\/\/www.iec2024.ec\/en\/guayaquil-acoge-el-simbolo-del-iec\/\",\"name\":\"Guayaquil hosts the symbol of the International Eucharistic Congress 2024 - IEC 2024\",\"isPartOf\":{\"@id\":\"https:\/\/www.iec2024.ec\/en\/#website\"},\"datePublished\":\"2024-05-28T15:44:30+00:00\",\"dateModified\":\"2024-06-04T17:12:04+00:00\",\"breadcrumb\":{\"@id\":\"https:\/\/www.iec2024.ec\/en\/guayaquil-acoge-el-simbolo-del-iec\/#breadcrumb\"},\"inLanguage\":\"en-US\",\"potentialAction\":[{\"@type\":\"ReadAction\",\"target\":[\"https:\/\/www.iec2024.ec\/en\/guayaquil-acoge-el-simbolo-del-iec\/\"]}]},{\"@type\":\"BreadcrumbList\",\"@id\":\"https:\/\/www.iec2024.ec\/en\/guayaquil-acoge-el-simbolo-del-iec\/#breadcrumb\",\"itemListElement\":[{\"@type\":\"ListItem\",\"position\":1,\"name\":\"Portada\",\"item\":\"https:\/\/www.iec2024.ec\/en\/\"},{\"@type\":\"ListItem\",\"position\":2,\"name\":\"Guayaquil hosts the symbol of the International Eucharistic Congress 2024\"}]},{\"@type\":\"WebSite\",\"@id\":\"https:\/\/www.iec2024.ec\/en\/#website\",\"url\":\"https:\/\/www.iec2024.ec\/en\/\",\"name\":\"IEC 2024\",\"description\":\"\",\"publisher\":{\"@id\":\"https:\/\/www.iec2024.ec\/en\/#organization\"},\"potentialAction\":[{\"@type\":\"SearchAction\",\"target\":{\"@type\":\"EntryPoint\",\"urlTemplate\":\"https:\/\/www.iec2024.ec\/en\/?s={search_term_string}\"},\"query-input\":\"required name=search_term_string\"}],\"inLanguage\":\"en-US\"},{\"@type\":\"Organization\",\"@id\":\"https:\/\/www.iec2024.ec\/en\/#organization\",\"name\":\"IEC 2024\",\"url\":\"https:\/\/www.iec2024.ec\/en\/\",\"logo\":{\"@type\":\"ImageObject\",\"inLanguage\":\"en-US\",\"@id\":\"https:\/\/www.iec2024.ec\/en\/#\/schema\/logo\/image\/\",\"url\":\"https:\/\/www.iec2024.ec\/wp-content\/uploads\/2024\/01\/cropped-logo-2024.png\",\"contentUrl\":\"https:\/\/www.iec2024.ec\/wp-content\/uploads\/2024\/01\/cropped-logo-2024.png\",\"width\":1277,\"height\":332,\"caption\":\"IEC 2024\"},\"image\":{\"@id\":\"https:\/\/www.iec2024.ec\/en\/#\/schema\/logo\/image\/\"}},{\"@type\":\"Person\",\"@id\":\"https:\/\/www.iec2024.ec\/en\/#\/schema\/person\/7dc46e27a804fe39ba34935ca5284fe2\",\"name\":\"Secretario T\u00e9cnico\",\"image\":{\"@type\":\"ImageObject\",\"inLanguage\":\"en-US\",\"@id\":\"https:\/\/www.iec2024.ec\/en\/#\/schema\/person\/image\/\",\"url\":\"https:\/\/secure.gravatar.com\/avatar\/67808a21710148ea0645bc85e43e21b6?s=96&d=mm&r=g\",\"contentUrl\":\"https:\/\/secure.gravatar.com\/avatar\/67808a21710148ea0645bc85e43e21b6?s=96&d=mm&r=g\",\"caption\":\"Secretario T\u00e9cnico\"},\"url\":\"https:\/\/www.iec2024.ec\/en\/author\/4dm1ns3cr3t4r10\/\"}]}<\/script>\n<!-- \/ Yoast SEO plugin. -->","yoast_head_json":{"title":"Guayaquil hosts the symbol of the International Eucharistic Congress 2024 - IEC 2024","robots":{"index":"index","follow":"follow","max-snippet":"max-snippet:-1","max-image-preview":"max-image-preview:large","max-video-preview":"max-video-preview:-1"},"canonical":"https:\/\/www.iec2024.ec\/en\/guayaquil-acoge-el-simbolo-del-iec\/","og_locale":"en_US","og_type":"article","og_title":"Guayaquil hosts the symbol of the International Eucharistic Congress 2024 - IEC 2024","og_description":"Quito, May 27 Editor: Steven Pincay Guayaquil, (SCAG).- The Gospel of the International Eucharistic Congress 2024 (IEC 2024) toured the Archdiocese of Guayaquil after passing through the Diocese of Santa Elena. This symbol began its pilgrimage on April 21 until May 26; visiting 28 parishes, 7 educational units and 2 health centers of the \u201cPearl [&hellip;]","og_url":"https:\/\/www.iec2024.ec\/en\/guayaquil-acoge-el-simbolo-del-iec\/","og_site_name":"IEC 2024","article_published_time":"2024-05-28T15:44:30+00:00","article_modified_time":"2024-06-04T17:12:04+00:00","og_image":[{"width":1440,"height":1800,"url":"https:\/\/www.iec2024.ec\/wp-content\/uploads\/2024\/05\/436301141_17898376457993744_4538291752186308687_n.jpg","type":"image\/jpeg"}],"author":"Secretario T\u00e9cnico","twitter_card":"summary_large_image","twitter_misc":{"Written by":"Secretario T\u00e9cnico","Est. reading time":"2 minutes"},"schema":{"@context":"https:\/\/schema.org","@graph":[{"@type":"Article","@id":"https:\/\/www.iec2024.ec\/en\/guayaquil-acoge-el-simbolo-del-iec\/#article","isPartOf":{"@id":"https:\/\/www.iec2024.ec\/en\/guayaquil-acoge-el-simbolo-del-iec\/"},"author":{"name":"Secretario T\u00e9cnico","@id":"https:\/\/www.iec2024.ec\/en\/#\/schema\/person\/7dc46e27a804fe39ba34935ca5284fe2"},"headline":"Guayaquil hosts the symbol of the International Eucharistic Congress 2024","datePublished":"2024-05-28T15:44:30+00:00","dateModified":"2024-06-04T17:12:04+00:00","mainEntityOfPage":{"@id":"https:\/\/www.iec2024.ec\/en\/guayaquil-acoge-el-simbolo-del-iec\/"},"wordCount":444,"publisher":{"@id":"https:\/\/www.iec2024.ec\/en\/#organization"},"articleSection":["News"],"inLanguage":"en-US"},{"@type":"WebPage","@id":"https:\/\/www.iec2024.ec\/en\/guayaquil-acoge-el-simbolo-del-iec\/","url":"https:\/\/www.iec2024.ec\/en\/guayaquil-acoge-el-simbolo-del-iec\/","name":"Guayaquil hosts the symbol of the International Eucharistic Congress 2024 - IEC 2024","isPartOf":{"@id":"https:\/\/www.iec2024.ec\/en\/#website"},"datePublished":"2024-05-28T15:44:30+00:00","dateModified":"2024-06-04T17:12:04+00:00","breadcrumb":{"@id":"https:\/\/www.iec2024.ec\/en\/guayaquil-acoge-el-simbolo-del-iec\/#breadcrumb"},"inLanguage":"en-US","potentialAction":[{"@type":"ReadAction","target":["https:\/\/www.iec2024.ec\/en\/guayaquil-acoge-el-simbolo-del-iec\/"]}]},{"@type":"BreadcrumbList","@id":"https:\/\/www.iec2024.ec\/en\/guayaquil-acoge-el-simbolo-del-iec\/#breadcrumb","itemListElement":[{"@type":"ListItem","position":1,"name":"Portada","item":"https:\/\/www.iec2024.ec\/en\/"},{"@type":"ListItem","position":2,"name":"Guayaquil hosts the symbol of the International Eucharistic Congress 2024"}]},{"@type":"WebSite","@id":"https:\/\/www.iec2024.ec\/en\/#website","url":"https:\/\/www.iec2024.ec\/en\/","name":"IEC 2024","description":"","publisher":{"@id":"https:\/\/www.iec2024.ec\/en\/#organization"},"potentialAction":[{"@type":"SearchAction","target":{"@type":"EntryPoint","urlTemplate":"https:\/\/www.iec2024.ec\/en\/?s={search_term_string}"},"query-input":"required name=search_term_string"}],"inLanguage":"en-US"},{"@type":"Organization","@id":"https:\/\/www.iec2024.ec\/en\/#organization","name":"IEC 2024","url":"https:\/\/www.iec2024.ec\/en\/","logo":{"@type":"ImageObject","inLanguage":"en-US","@id":"https:\/\/www.iec2024.ec\/en\/#\/schema\/logo\/image\/","url":"https:\/\/www.iec2024.ec\/wp-content\/uploads\/2024\/01\/cropped-logo-2024.png","contentUrl":"https:\/\/www.iec2024.ec\/wp-content\/uploads\/2024\/01\/cropped-logo-2024.png","width":1277,"height":332,"caption":"IEC 2024"},"image":{"@id":"https:\/\/www.iec2024.ec\/en\/#\/schema\/logo\/image\/"}},{"@type":"Person","@id":"https:\/\/www.iec2024.ec\/en\/#\/schema\/person\/7dc46e27a804fe39ba34935ca5284fe2","name":"Secretario T\u00e9cnico","image":{"@type":"ImageObject","inLanguage":"en-US","@id":"https:\/\/www.iec2024.ec\/en\/#\/schema\/person\/image\/","url":"https:\/\/secure.gravatar.com\/avatar\/67808a21710148ea0645bc85e43e21b6?s=96&d=mm&r=g","contentUrl":"https:\/\/secure.gravatar.com\/avatar\/67808a21710148ea0645bc85e43e21b6?s=96&d=mm&r=g","caption":"Secretario T\u00e9cnico"},"url":"https:\/\/www.iec2024.ec\/en\/author\/4dm1ns3cr3t4r10\/"}]}},"_links":{"self":[{"href":"https:\/\/www.iec2024.ec\/en\/wp-json\/wp\/v2\/posts\/16824"}],"collection":[{"href":"https:\/\/www.iec2024.ec\/en\/wp-json\/wp\/v2\/posts"}],"about":[{"href":"https:\/\/www.iec2024.ec\/en\/wp-json\/wp\/v2\/types\/post"}],"author":[{"embeddable":true,"href":"https:\/\/www.iec2024.ec\/en\/wp-json\/wp\/v2\/users\/2"}],"replies":[{"embeddable":true,"href":"https:\/\/www.iec2024.ec\/en\/wp-json\/wp\/v2\/comments?post=16824"}],"version-history":[{"count":2,"href":"https:\/\/www.iec2024.ec\/en\/wp-json\/wp\/v2\/posts\/16824\/revisions"}],"predecessor-version":[{"id":17232,"href":"https:\/\/www.iec2024.ec\/en\/wp-json\/wp\/v2\/posts\/16824\/revisions\/17232"}],"wp:featuredmedia":[{"embeddable":true,"href":"https:\/\/www.iec2024.ec\/en\/wp-json\/wp\/v2\/media\/16786"}],"wp:attachment":[{"href":"https:\/\/www.iec2024.ec\/en\/wp-json\/wp\/v2\/media?parent=16824"}],"wp:term":[{"taxonomy":"category","embeddable":true,"href":"https:\/\/www.iec2024.ec\/en\/wp-json\/wp\/v2\/categories?post=16824"},{"taxonomy":"post_tag","embeddable":true,"href":"https:\/\/www.iec2024.ec\/en\/wp-json\/wp\/v2\/tags?post=16824"}],"curies":[{"name":"wp","href":"https:\/\/api.w.org\/{rel}","templated":true}]}}