{"id":18031,"date":"2024-06-21T09:19:55","date_gmt":"2024-06-21T14:19:55","guid":{"rendered":"https:\/\/www.iec2024.ec\/encuentros-educativos-sierra-amazonia\/"},"modified":"2024-06-21T09:24:27","modified_gmt":"2024-06-21T14:24:27","slug":"encuentros-educativos-sierra-amazonia","status":"publish","type":"post","link":"https:\/\/www.iec2024.ec\/en\/encuentros-educativos-sierra-amazonia\/","title":{"rendered":"Encuentros educativos promovieron la \u201cFraternidad para sanar el mundo\u201d en la sierra y amazon\u00eda"},"content":{"rendered":"<p><b>Quito, 21 de junio de 2024<\/b><\/p>\n<p><b>Redacci\u00f3n: Mar\u00eda Jos\u00e9 Casco<\/b><\/p>\n<p><b>Durante la primera fase de la Caravana de la Fraternidad, autoridades de las diferentes unidades educativas cat\u00f3licas y fiscomisionales de la sierra y amazon\u00eda participaron en la socializaci\u00f3n del mensaje y preparaci\u00f3n del 53\u00b0 Congreso Eucar\u00edstico Internacional (IEC 2024).\u00a0<\/b><\/p>\n<p><span style=\"font-weight: 400;\">Desde el 27 de mayo hasta el 5 de junio, la Caravana de la Fraternidad recorri\u00f3 las provincias de la sierra y amazon\u00eda del Ecuador:\u00a0 <\/span><b>Carchi, Pastaza, Chimborazo, Loja, Azuay y Ca\u00f1ar.<\/b><span style=\"font-weight: 400;\"> Durante este itinerario, se comparti\u00f3 el mensaje del 53\u00ba Congreso Eucar\u00edstico Internacional (IEC 2024) con las unidades educativas cat\u00f3licas y fiscomisionales del pa\u00eds. Rectores, docentes de religi\u00f3n, religiosas y representantes del Departamento de Consejer\u00eda Estudiantil participaron en estos encuentros.\u00a0<\/span><\/p>\n<p><span style=\"font-weight: 400;\">El Presidente de la Confederaci\u00f3n Ecuatoriana de Establecimientos de Educaci\u00f3n Cat\u00f3lica (Confedec), R\u00f3mulo L\u00f3pez, destac\u00f3 la importancia de promover la fraternidad en un mundo donde el individualismo y la indiferencia est\u00e1n en aumento. Para L\u00f3pez, estos encuentros son una oportunidad \u00fanica para fomentar un mayor compromiso de los docentes en la educaci\u00f3n de los ni\u00f1os y j\u00f3venes.<\/span><b> &#8220;La fraternidad nos acerca a Dios. Debemos ense\u00f1ar a los ni\u00f1os y j\u00f3venes a ser m\u00e1s solidarios, emp\u00e1ticos y amables, promoviendo la fraternidad a trav\u00e9s de nuestras acciones diarias&#8221;<\/b><span style=\"font-weight: 400;\">, subray\u00f3.<\/span><\/p>\n<p><span style=\"font-weight: 400;\">Durante la socializaci\u00f3n del IEC 2024, se comparti\u00f3 a los participantes los <\/span><a href=\"https:\/\/www.iec2024.ec\/en\/materials\/\"><span style=\"font-weight: 400;\">materiales <\/span><\/a><span style=\"font-weight: 400;\">necesarios para transmitir el mensaje del Congreso. Adem\u00e1s, se inform\u00f3 sobre la historia de los Congresos Eucar\u00edsticos Internacionales; el cronograma del Simposio y del Congreso Eucar\u00edstico Internacional, a desarrollarse en septiembre del 2024, en la ciudad de Quito.<\/span><\/p>\n<p><span style=\"font-weight: 400;\">El delegado de Educaci\u00f3n del Vicariato Apost\u00f3lico de Puyo, N\u00e9stor Arcos,\u00a0 resalt\u00f3 la importancia de la presencia de la Caravana de la Fraternidad en la regi\u00f3n amaz\u00f3nica.<\/span><b>\u201cLa experiencia vivida durante la Caravana hizo que todos tomaran conciencia de la necesidad de asistir, participar y vivir plenamente la Santa Eucarist\u00eda\u201d<\/b><span style=\"font-weight: 400;\">, dijo.\u00a0<\/span><\/p>\n<p><span style=\"font-weight: 400;\">Arcos coment\u00f3 que despu\u00e9s de la Caravana de la Fraternidad, el mensaje del IEC 2024 se ha difundido en las comunidades educativas, donde los miembros han asumido con entusiasmo, responsabilidad y alegr\u00eda la vivencia plena de la Eucarist\u00eda, convirti\u00e9ndose en testigos de Jes\u00fas a trav\u00e9s de sus actos. \u201cAgradezco la presencia de la Caravana de la Fraternidad en Puyo y la Amazon\u00eda, as\u00ed como el maravilloso mensaje del gran regalo que nos da Jes\u00fas: el banquete de la Eucarist\u00eda\u201d.<\/span><\/p>\n<p><span style=\"font-weight: 400;\">Roxana Mora, coordinadora de Proyectos de la Congregaci\u00f3n de Misioneras Sociales de la Iglesia en la ciudad de Loja, expres\u00f3 que esta formaci\u00f3n influir\u00e1 tanto en su ense\u00f1anza como en la vida de sus estudiantes, y que permitir\u00e1 transmitir este conocimiento de manera m\u00e1s efectiva. \u201cLa Eucarist\u00eda es un sacramento central en la fe cat\u00f3lica, y al profundizar en su comprensi\u00f3n, podr\u00e9 ayudar a los estudiantes a conectar con su fe de una manera m\u00e1s significativa\u201d. Indic\u00f3, adem\u00e1s, que <\/span><b>\u201cla Eucarist\u00eda no solo es un acto de adoraci\u00f3n, sino tambi\u00e9n de servicio y compromiso con los dem\u00e1s\u201d.\u00a0<\/b><\/p>\n<p><span style=\"font-weight: 400;\">La <\/span><a href=\"https:\/\/www.iec2024.ec\/en\/mundo-educativo\/\"><span style=\"font-weight: 400;\">Caravana de la Fraternidad del IEC 2024<\/span><\/a><span style=\"font-weight: 400;\"> continuar\u00e1 su recorrido por la costa, donde realizar\u00e1 actividades de socializaci\u00f3n del Congreso entre rectores, docentes y responsables de pastoral, para motivar a los j\u00f3venes a participar activamente en la celebraci\u00f3n de la Eucarist\u00eda<\/span><\/p>\n","protected":false},"excerpt":{"rendered":"<p>Quito, 21 de junio de 2024 Redacci\u00f3n: Mar\u00eda Jos\u00e9 Casco Durante la primera fase de la Caravana de la Fraternidad, autoridades de las diferentes unidades educativas cat\u00f3licas y fiscomisionales de la sierra y amazon\u00eda participaron en la socializaci\u00f3n del mensaje y preparaci\u00f3n del 53\u00b0 Congreso Eucar\u00edstico Internacional (IEC 2024).\u00a0 Desde el 27 de mayo hasta [&hellip;]<\/p>\n","protected":false},"author":2,"featured_media":18028,"comment_status":"closed","ping_status":"closed","sticky":false,"template":"","format":"standard","meta":{"footnotes":""},"categories":[33],"tags":[],"acf":[],"yoast_head":"<!-- This site is optimized with the Yoast SEO plugin v21.1 - https:\/\/yoast.com\/wordpress\/plugins\/seo\/ -->\n<title>Encuentros educativos promovieron la \u201cFraternidad para sanar el mundo\u201d en la sierra y amazon\u00eda - IEC 2024<\/title>\n<meta name=\"robots\" content=\"index, follow, max-snippet:-1, max-image-preview:large, max-video-preview:-1\" \/>\n<link rel=\"canonical\" href=\"https:\/\/www.iec2024.ec\/en\/encuentros-educativos-sierra-amazonia\/\" \/>\n<meta property=\"og:locale\" content=\"en_US\" \/>\n<meta property=\"og:type\" content=\"article\" \/>\n<meta property=\"og:title\" content=\"Encuentros educativos promovieron la \u201cFraternidad para sanar el mundo\u201d en la sierra y amazon\u00eda - IEC 2024\" \/>\n<meta property=\"og:description\" content=\"Quito, 21 de junio de 2024 Redacci\u00f3n: Mar\u00eda Jos\u00e9 Casco Durante la primera fase de la Caravana de la Fraternidad, autoridades de las diferentes unidades educativas cat\u00f3licas y fiscomisionales de la sierra y amazon\u00eda participaron en la socializaci\u00f3n del mensaje y preparaci\u00f3n del 53\u00b0 Congreso Eucar\u00edstico Internacional (IEC 2024).\u00a0 Desde el 27 de mayo hasta [&hellip;]\" \/>\n<meta property=\"og:url\" content=\"https:\/\/www.iec2024.ec\/en\/encuentros-educativos-sierra-amazonia\/\" \/>\n<meta property=\"og:site_name\" content=\"IEC 2024\" \/>\n<meta property=\"article:published_time\" content=\"2024-06-21T14:19:55+00:00\" \/>\n<meta property=\"article:modified_time\" content=\"2024-06-21T14:24:27+00:00\" \/>\n<meta property=\"og:image\" content=\"https:\/\/www.iec2024.ec\/wp-content\/uploads\/2024\/06\/Video-horizontal-sobre-optometra-profesional-azul-y-blanco-1024x576.png\" \/>\n\t<meta property=\"og:image:width\" content=\"1024\" \/>\n\t<meta property=\"og:image:height\" content=\"576\" \/>\n\t<meta property=\"og:image:type\" content=\"image\/png\" \/>\n<meta name=\"author\" content=\"Secretario T\u00e9cnico\" \/>\n<meta name=\"twitter:card\" content=\"summary_large_image\" \/>\n<meta name=\"twitter:label1\" content=\"Written by\" \/>\n\t<meta name=\"twitter:data1\" content=\"Secretario T\u00e9cnico\" \/>\n\t<meta name=\"twitter:label2\" content=\"Est. reading time\" \/>\n\t<meta name=\"twitter:data2\" content=\"3 minutes\" \/>\n<script type=\"application\/ld+json\" class=\"yoast-schema-graph\">{\"@context\":\"https:\/\/schema.org\",\"@graph\":[{\"@type\":\"Article\",\"@id\":\"https:\/\/www.iec2024.ec\/en\/encuentros-educativos-sierra-amazonia\/#article\",\"isPartOf\":{\"@id\":\"https:\/\/www.iec2024.ec\/en\/encuentros-educativos-sierra-amazonia\/\"},\"author\":{\"name\":\"Secretario T\u00e9cnico\",\"@id\":\"https:\/\/www.iec2024.ec\/en\/#\/schema\/person\/7dc46e27a804fe39ba34935ca5284fe2\"},\"headline\":\"Encuentros educativos promovieron la \u201cFraternidad para sanar el mundo\u201d en la sierra y amazon\u00eda\",\"datePublished\":\"2024-06-21T14:19:55+00:00\",\"dateModified\":\"2024-06-21T14:24:27+00:00\",\"mainEntityOfPage\":{\"@id\":\"https:\/\/www.iec2024.ec\/en\/encuentros-educativos-sierra-amazonia\/\"},\"wordCount\":596,\"publisher\":{\"@id\":\"https:\/\/www.iec2024.ec\/en\/#organization\"},\"articleSection\":[\"News\"],\"inLanguage\":\"en-US\"},{\"@type\":\"WebPage\",\"@id\":\"https:\/\/www.iec2024.ec\/en\/encuentros-educativos-sierra-amazonia\/\",\"url\":\"https:\/\/www.iec2024.ec\/en\/encuentros-educativos-sierra-amazonia\/\",\"name\":\"Encuentros educativos promovieron la \u201cFraternidad para sanar el mundo\u201d en la sierra y amazon\u00eda - IEC 2024\",\"isPartOf\":{\"@id\":\"https:\/\/www.iec2024.ec\/en\/#website\"},\"datePublished\":\"2024-06-21T14:19:55+00:00\",\"dateModified\":\"2024-06-21T14:24:27+00:00\",\"breadcrumb\":{\"@id\":\"https:\/\/www.iec2024.ec\/en\/encuentros-educativos-sierra-amazonia\/#breadcrumb\"},\"inLanguage\":\"en-US\",\"potentialAction\":[{\"@type\":\"ReadAction\",\"target\":[\"https:\/\/www.iec2024.ec\/en\/encuentros-educativos-sierra-amazonia\/\"]}]},{\"@type\":\"BreadcrumbList\",\"@id\":\"https:\/\/www.iec2024.ec\/en\/encuentros-educativos-sierra-amazonia\/#breadcrumb\",\"itemListElement\":[{\"@type\":\"ListItem\",\"position\":1,\"name\":\"Portada\",\"item\":\"https:\/\/www.iec2024.ec\/en\/\"},{\"@type\":\"ListItem\",\"position\":2,\"name\":\"Encuentros educativos promovieron la \u201cFraternidad para sanar el mundo\u201d en la sierra y amazon\u00eda\"}]},{\"@type\":\"WebSite\",\"@id\":\"https:\/\/www.iec2024.ec\/en\/#website\",\"url\":\"https:\/\/www.iec2024.ec\/en\/\",\"name\":\"IEC 2024\",\"description\":\"\",\"publisher\":{\"@id\":\"https:\/\/www.iec2024.ec\/en\/#organization\"},\"potentialAction\":[{\"@type\":\"SearchAction\",\"target\":{\"@type\":\"EntryPoint\",\"urlTemplate\":\"https:\/\/www.iec2024.ec\/en\/?s={search_term_string}\"},\"query-input\":\"required name=search_term_string\"}],\"inLanguage\":\"en-US\"},{\"@type\":\"Organization\",\"@id\":\"https:\/\/www.iec2024.ec\/en\/#organization\",\"name\":\"IEC 2024\",\"url\":\"https:\/\/www.iec2024.ec\/en\/\",\"logo\":{\"@type\":\"ImageObject\",\"inLanguage\":\"en-US\",\"@id\":\"https:\/\/www.iec2024.ec\/en\/#\/schema\/logo\/image\/\",\"url\":\"https:\/\/www.iec2024.ec\/wp-content\/uploads\/2024\/01\/cropped-logo-2024.png\",\"contentUrl\":\"https:\/\/www.iec2024.ec\/wp-content\/uploads\/2024\/01\/cropped-logo-2024.png\",\"width\":1277,\"height\":332,\"caption\":\"IEC 2024\"},\"image\":{\"@id\":\"https:\/\/www.iec2024.ec\/en\/#\/schema\/logo\/image\/\"}},{\"@type\":\"Person\",\"@id\":\"https:\/\/www.iec2024.ec\/en\/#\/schema\/person\/7dc46e27a804fe39ba34935ca5284fe2\",\"name\":\"Secretario T\u00e9cnico\",\"image\":{\"@type\":\"ImageObject\",\"inLanguage\":\"en-US\",\"@id\":\"https:\/\/www.iec2024.ec\/en\/#\/schema\/person\/image\/\",\"url\":\"https:\/\/secure.gravatar.com\/avatar\/67808a21710148ea0645bc85e43e21b6?s=96&d=mm&r=g\",\"contentUrl\":\"https:\/\/secure.gravatar.com\/avatar\/67808a21710148ea0645bc85e43e21b6?s=96&d=mm&r=g\",\"caption\":\"Secretario T\u00e9cnico\"},\"url\":\"https:\/\/www.iec2024.ec\/en\/author\/4dm1ns3cr3t4r10\/\"}]}<\/script>\n<!-- \/ Yoast SEO plugin. -->","yoast_head_json":{"title":"Encuentros educativos promovieron la \u201cFraternidad para sanar el mundo\u201d en la sierra y amazon\u00eda - IEC 2024","robots":{"index":"index","follow":"follow","max-snippet":"max-snippet:-1","max-image-preview":"max-image-preview:large","max-video-preview":"max-video-preview:-1"},"canonical":"https:\/\/www.iec2024.ec\/en\/encuentros-educativos-sierra-amazonia\/","og_locale":"en_US","og_type":"article","og_title":"Encuentros educativos promovieron la \u201cFraternidad para sanar el mundo\u201d en la sierra y amazon\u00eda - IEC 2024","og_description":"Quito, 21 de junio de 2024 Redacci\u00f3n: Mar\u00eda Jos\u00e9 Casco Durante la primera fase de la Caravana de la Fraternidad, autoridades de las diferentes unidades educativas cat\u00f3licas y fiscomisionales de la sierra y amazon\u00eda participaron en la socializaci\u00f3n del mensaje y preparaci\u00f3n del 53\u00b0 Congreso Eucar\u00edstico Internacional (IEC 2024).\u00a0 Desde el 27 de mayo hasta [&hellip;]","og_url":"https:\/\/www.iec2024.ec\/en\/encuentros-educativos-sierra-amazonia\/","og_site_name":"IEC 2024","article_published_time":"2024-06-21T14:19:55+00:00","article_modified_time":"2024-06-21T14:24:27+00:00","og_image":[{"width":1024,"height":576,"url":"https:\/\/www.iec2024.ec\/wp-content\/uploads\/2024\/06\/Video-horizontal-sobre-optometra-profesional-azul-y-blanco-1024x576.png","type":"image\/png"}],"author":"Secretario T\u00e9cnico","twitter_card":"summary_large_image","twitter_misc":{"Written by":"Secretario T\u00e9cnico","Est. reading time":"3 minutes"},"schema":{"@context":"https:\/\/schema.org","@graph":[{"@type":"Article","@id":"https:\/\/www.iec2024.ec\/en\/encuentros-educativos-sierra-amazonia\/#article","isPartOf":{"@id":"https:\/\/www.iec2024.ec\/en\/encuentros-educativos-sierra-amazonia\/"},"author":{"name":"Secretario T\u00e9cnico","@id":"https:\/\/www.iec2024.ec\/en\/#\/schema\/person\/7dc46e27a804fe39ba34935ca5284fe2"},"headline":"Encuentros educativos promovieron la \u201cFraternidad para sanar el mundo\u201d en la sierra y amazon\u00eda","datePublished":"2024-06-21T14:19:55+00:00","dateModified":"2024-06-21T14:24:27+00:00","mainEntityOfPage":{"@id":"https:\/\/www.iec2024.ec\/en\/encuentros-educativos-sierra-amazonia\/"},"wordCount":596,"publisher":{"@id":"https:\/\/www.iec2024.ec\/en\/#organization"},"articleSection":["News"],"inLanguage":"en-US"},{"@type":"WebPage","@id":"https:\/\/www.iec2024.ec\/en\/encuentros-educativos-sierra-amazonia\/","url":"https:\/\/www.iec2024.ec\/en\/encuentros-educativos-sierra-amazonia\/","name":"Encuentros educativos promovieron la \u201cFraternidad para sanar el mundo\u201d en la sierra y amazon\u00eda - IEC 2024","isPartOf":{"@id":"https:\/\/www.iec2024.ec\/en\/#website"},"datePublished":"2024-06-21T14:19:55+00:00","dateModified":"2024-06-21T14:24:27+00:00","breadcrumb":{"@id":"https:\/\/www.iec2024.ec\/en\/encuentros-educativos-sierra-amazonia\/#breadcrumb"},"inLanguage":"en-US","potentialAction":[{"@type":"ReadAction","target":["https:\/\/www.iec2024.ec\/en\/encuentros-educativos-sierra-amazonia\/"]}]},{"@type":"BreadcrumbList","@id":"https:\/\/www.iec2024.ec\/en\/encuentros-educativos-sierra-amazonia\/#breadcrumb","itemListElement":[{"@type":"ListItem","position":1,"name":"Portada","item":"https:\/\/www.iec2024.ec\/en\/"},{"@type":"ListItem","position":2,"name":"Encuentros educativos promovieron la \u201cFraternidad para sanar el mundo\u201d en la sierra y amazon\u00eda"}]},{"@type":"WebSite","@id":"https:\/\/www.iec2024.ec\/en\/#website","url":"https:\/\/www.iec2024.ec\/en\/","name":"IEC 2024","description":"","publisher":{"@id":"https:\/\/www.iec2024.ec\/en\/#organization"},"potentialAction":[{"@type":"SearchAction","target":{"@type":"EntryPoint","urlTemplate":"https:\/\/www.iec2024.ec\/en\/?s={search_term_string}"},"query-input":"required name=search_term_string"}],"inLanguage":"en-US"},{"@type":"Organization","@id":"https:\/\/www.iec2024.ec\/en\/#organization","name":"IEC 2024","url":"https:\/\/www.iec2024.ec\/en\/","logo":{"@type":"ImageObject","inLanguage":"en-US","@id":"https:\/\/www.iec2024.ec\/en\/#\/schema\/logo\/image\/","url":"https:\/\/www.iec2024.ec\/wp-content\/uploads\/2024\/01\/cropped-logo-2024.png","contentUrl":"https:\/\/www.iec2024.ec\/wp-content\/uploads\/2024\/01\/cropped-logo-2024.png","width":1277,"height":332,"caption":"IEC 2024"},"image":{"@id":"https:\/\/www.iec2024.ec\/en\/#\/schema\/logo\/image\/"}},{"@type":"Person","@id":"https:\/\/www.iec2024.ec\/en\/#\/schema\/person\/7dc46e27a804fe39ba34935ca5284fe2","name":"Secretario T\u00e9cnico","image":{"@type":"ImageObject","inLanguage":"en-US","@id":"https:\/\/www.iec2024.ec\/en\/#\/schema\/person\/image\/","url":"https:\/\/secure.gravatar.com\/avatar\/67808a21710148ea0645bc85e43e21b6?s=96&d=mm&r=g","contentUrl":"https:\/\/secure.gravatar.com\/avatar\/67808a21710148ea0645bc85e43e21b6?s=96&d=mm&r=g","caption":"Secretario T\u00e9cnico"},"url":"https:\/\/www.iec2024.ec\/en\/author\/4dm1ns3cr3t4r10\/"}]}},"_links":{"self":[{"href":"https:\/\/www.iec2024.ec\/en\/wp-json\/wp\/v2\/posts\/18031"}],"collection":[{"href":"https:\/\/www.iec2024.ec\/en\/wp-json\/wp\/v2\/posts"}],"about":[{"href":"https:\/\/www.iec2024.ec\/en\/wp-json\/wp\/v2\/types\/post"}],"author":[{"embeddable":true,"href":"https:\/\/www.iec2024.ec\/en\/wp-json\/wp\/v2\/users\/2"}],"replies":[{"embeddable":true,"href":"https:\/\/www.iec2024.ec\/en\/wp-json\/wp\/v2\/comments?post=18031"}],"version-history":[{"count":1,"href":"https:\/\/www.iec2024.ec\/en\/wp-json\/wp\/v2\/posts\/18031\/revisions"}],"predecessor-version":[{"id":18032,"href":"https:\/\/www.iec2024.ec\/en\/wp-json\/wp\/v2\/posts\/18031\/revisions\/18032"}],"wp:featuredmedia":[{"embeddable":true,"href":"https:\/\/www.iec2024.ec\/en\/wp-json\/wp\/v2\/media\/18028"}],"wp:attachment":[{"href":"https:\/\/www.iec2024.ec\/en\/wp-json\/wp\/v2\/media?parent=18031"}],"wp:term":[{"taxonomy":"category","embeddable":true,"href":"https:\/\/www.iec2024.ec\/en\/wp-json\/wp\/v2\/categories?post=18031"},{"taxonomy":"post_tag","embeddable":true,"href":"https:\/\/www.iec2024.ec\/en\/wp-json\/wp\/v2\/tags?post=18031"}],"curies":[{"name":"wp","href":"https:\/\/api.w.org\/{rel}","templated":true}]}}