{"id":18096,"date":"2024-06-24T15:03:47","date_gmt":"2024-06-24T20:03:47","guid":{"rendered":"https:\/\/www.iec2024.ec\/caravana-de-la-fraternidad-inicia-su-recorrido-en-guayaquil\/"},"modified":"2024-06-24T15:22:58","modified_gmt":"2024-06-24T20:22:58","slug":"caravana-fraternidad-en-guayaquil","status":"publish","type":"post","link":"https:\/\/www.iec2024.ec\/en\/caravana-fraternidad-en-guayaquil\/","title":{"rendered":"Caravana de la Fraternidad inicia su recorrido en Guayaquil"},"content":{"rendered":"<p><strong>Guayaquil, 24 de junio de 2024<\/strong><\/p>\n<p><strong>Redacci\u00f3n: Steven Pincay<\/strong><\/p>\n<p><strong>La ciudad de<\/strong> Guayaquil es el punto de partida para el recorrido que la\u00a0<strong>\u201cCaravana de la Fraternidad\u201d<\/strong>\u00a0inici\u00f3 este 24 de junio en la costa ecuatoriana. Esta iniciativa brinda informaci\u00f3n t\u00e9cnica sobre el\u00a0<a href=\"https:\/\/www.iec2024.ec\/en\/eucharistic-congress\/\"><strong><span style=\"color: #0000ff;\">53\u00ba Congreso Eucar\u00edstico Internacional<\/span><\/strong><\/a>\u00a0(IEC 2024) para impulsar el amor hacia Jes\u00fas Sacramentado en los estudiantes de las instituciones educativas cat\u00f3licas.<\/p>\n<p>Directores, docentes, sacerdotes y agentes de pastoral de nuestra\u00a0<a href=\"https:\/\/www.facebook.com\/RedEducativaArquidiocesana\"><strong>Red Educativa Arquidiocesana<\/strong><\/a>\u00a0y de la\u00a0<a href=\"https:\/\/www.instagram.com\/confedec.oficial\/\"><strong>Federaci\u00f3n de Colegios Cat\u00f3licos del Guayas<\/strong><\/a>\u00a0(FEDECG) se dieron cita para conocer sobre diversos temas como: \u00abEucarist\u00eda: Fuente de la fraternidad en el mundo escolar\u00bb, \u00abMi encuentro personal con Jes\u00fas en la Eucarist\u00eda\u00bb\u00a0y\u00a0\u00ab\u00bfPor qu\u00e9 el Papa Francisco eligi\u00f3 a Quito como sede del 53\u00b0 Congreso Eucar\u00edstico Internacional?\u00bb.<\/p>\n<p>El Presidente de la Confederaci\u00f3n Ecuatoriana de Establecimientos de Educaci\u00f3n Cat\u00f3lica (Confedec), R\u00f3mulo L\u00f3pez Seminario, se\u00f1al\u00f3 durante la socializaci\u00f3n del IEC 2024: Al Congreso Eucar\u00edstico Internacional debemos llevarlo dentro de cada uno de nosotros y tambi\u00e9n a nuestras instituciones educativas. Es vital que los ni\u00f1os, ni\u00f1as, adolescentes, j\u00f3venes, docentes y familias conozcan y valoren la importancia de la presencia de Jes\u00fas a trav\u00e9s de la Eucarist\u00eda en nuestras vidas y en la Comunidad Educativa\u201d.<\/p>\n<p>El P. Livingston Olivares, encargado de Comunicaci\u00f3n del IEC 2024, destac\u00f3 la importancia de la educaci\u00f3n como un medio de evangelizaci\u00f3n a los j\u00f3venes.\u00a0<strong><em>\u00abTenemos el reto de seguir asumiendo con valent\u00eda el anuncio de Jesucristo vivo en la Eucarist\u00eda<\/em><\/strong><em>\u00a0y con la llegada del IEC 2024 es una oportunidad para reavivar el sentido eucar\u00edstico\u00bb<\/em>, destac\u00f3.<\/p>\n<p>Los docentes Juan Pablo Alvarado Unidad Educativa Santiago de las Praderas) y Mercedes Herrera (Unidad Educativa San Josemar\u00eda Escriv\u00e1), asistentes al evento; coincidieron en que es\u00a0<em>\u00abun reto lograr que los chicos vean la Eucarist\u00eda como interesante, algo importante que les pueda ayudar a encontrar respuestas a ciertas situaciones que vivan en su vida\u201d<\/em>; porque en la sociedad existe un cierto rechazo de los j\u00f3venes a vivir su fe cristiana.<\/p>\n<p><strong>La<\/strong>\u00a0<strong>\u201cCaravana de la Fraternidad\u201d<\/strong>\u00a0<strong>recorrer\u00e1 las di\u00f3cesis de Santa Elena, San Jacinto, Portoviejo, Babahoyo y Santo Domingo<\/strong>; luego de haber ha recorrido las jurisdicciones eclesiales en la Sierra y la Amazon\u00eda ecuatoriana.<\/p>\n","protected":false},"excerpt":{"rendered":"<p>Guayaquil, 24 de junio de 2024 Redacci\u00f3n: Steven Pincay La ciudad de Guayaquil es el punto de partida para el recorrido que la\u00a0\u201cCaravana de la Fraternidad\u201d\u00a0inici\u00f3 este 24 de junio en la costa ecuatoriana. Esta iniciativa brinda informaci\u00f3n t\u00e9cnica sobre el\u00a053\u00ba Congreso Eucar\u00edstico Internacional\u00a0(IEC 2024) para impulsar el amor hacia Jes\u00fas Sacramentado en los estudiantes [&hellip;]<\/p>\n","protected":false},"author":2,"featured_media":18099,"comment_status":"closed","ping_status":"closed","sticky":false,"template":"","format":"standard","meta":{"footnotes":""},"categories":[33],"tags":[],"acf":[],"yoast_head":"<!-- This site is optimized with the Yoast SEO plugin v21.1 - https:\/\/yoast.com\/wordpress\/plugins\/seo\/ -->\n<title>Caravana de la Fraternidad inicia su recorrido en Guayaquil - IEC 2024<\/title>\n<meta name=\"robots\" content=\"index, follow, max-snippet:-1, max-image-preview:large, max-video-preview:-1\" \/>\n<link rel=\"canonical\" href=\"https:\/\/www.iec2024.ec\/en\/caravana-fraternidad-en-guayaquil\/\" \/>\n<meta property=\"og:locale\" content=\"en_US\" \/>\n<meta property=\"og:type\" content=\"article\" \/>\n<meta property=\"og:title\" content=\"Caravana de la Fraternidad inicia su recorrido en Guayaquil - IEC 2024\" \/>\n<meta property=\"og:description\" content=\"Guayaquil, 24 de junio de 2024 Redacci\u00f3n: Steven Pincay La ciudad de Guayaquil es el punto de partida para el recorrido que la\u00a0\u201cCaravana de la Fraternidad\u201d\u00a0inici\u00f3 este 24 de junio en la costa ecuatoriana. Esta iniciativa brinda informaci\u00f3n t\u00e9cnica sobre el\u00a053\u00ba Congreso Eucar\u00edstico Internacional\u00a0(IEC 2024) para impulsar el amor hacia Jes\u00fas Sacramentado en los estudiantes [&hellip;]\" \/>\n<meta property=\"og:url\" content=\"https:\/\/www.iec2024.ec\/en\/caravana-fraternidad-en-guayaquil\/\" \/>\n<meta property=\"og:site_name\" content=\"IEC 2024\" \/>\n<meta property=\"article:published_time\" content=\"2024-06-24T20:03:47+00:00\" \/>\n<meta property=\"article:modified_time\" content=\"2024-06-24T20:22:58+00:00\" \/>\n<meta property=\"og:image\" content=\"https:\/\/www.iec2024.ec\/wp-content\/uploads\/2024\/06\/20240624_170524102_iOS-1024x768.png\" \/>\n\t<meta property=\"og:image:width\" content=\"1024\" \/>\n\t<meta property=\"og:image:height\" content=\"768\" \/>\n\t<meta property=\"og:image:type\" content=\"image\/png\" \/>\n<meta name=\"author\" content=\"Secretario T\u00e9cnico\" \/>\n<meta name=\"twitter:card\" content=\"summary_large_image\" \/>\n<meta name=\"twitter:label1\" content=\"Written by\" \/>\n\t<meta name=\"twitter:data1\" content=\"Secretario T\u00e9cnico\" \/>\n\t<meta name=\"twitter:label2\" content=\"Est. reading time\" \/>\n\t<meta name=\"twitter:data2\" content=\"2 minutes\" \/>\n<script type=\"application\/ld+json\" class=\"yoast-schema-graph\">{\"@context\":\"https:\/\/schema.org\",\"@graph\":[{\"@type\":\"Article\",\"@id\":\"https:\/\/www.iec2024.ec\/en\/caravana-fraternidad-en-guayaquil\/#article\",\"isPartOf\":{\"@id\":\"https:\/\/www.iec2024.ec\/en\/caravana-fraternidad-en-guayaquil\/\"},\"author\":{\"name\":\"Secretario T\u00e9cnico\",\"@id\":\"https:\/\/www.iec2024.ec\/en\/#\/schema\/person\/7dc46e27a804fe39ba34935ca5284fe2\"},\"headline\":\"Caravana de la Fraternidad inicia su recorrido en Guayaquil\",\"datePublished\":\"2024-06-24T20:03:47+00:00\",\"dateModified\":\"2024-06-24T20:22:58+00:00\",\"mainEntityOfPage\":{\"@id\":\"https:\/\/www.iec2024.ec\/en\/caravana-fraternidad-en-guayaquil\/\"},\"wordCount\":400,\"publisher\":{\"@id\":\"https:\/\/www.iec2024.ec\/en\/#organization\"},\"articleSection\":[\"News\"],\"inLanguage\":\"en-US\"},{\"@type\":\"WebPage\",\"@id\":\"https:\/\/www.iec2024.ec\/en\/caravana-fraternidad-en-guayaquil\/\",\"url\":\"https:\/\/www.iec2024.ec\/en\/caravana-fraternidad-en-guayaquil\/\",\"name\":\"Caravana de la Fraternidad inicia su recorrido en Guayaquil - IEC 2024\",\"isPartOf\":{\"@id\":\"https:\/\/www.iec2024.ec\/en\/#website\"},\"datePublished\":\"2024-06-24T20:03:47+00:00\",\"dateModified\":\"2024-06-24T20:22:58+00:00\",\"breadcrumb\":{\"@id\":\"https:\/\/www.iec2024.ec\/en\/caravana-fraternidad-en-guayaquil\/#breadcrumb\"},\"inLanguage\":\"en-US\",\"potentialAction\":[{\"@type\":\"ReadAction\",\"target\":[\"https:\/\/www.iec2024.ec\/en\/caravana-fraternidad-en-guayaquil\/\"]}]},{\"@type\":\"BreadcrumbList\",\"@id\":\"https:\/\/www.iec2024.ec\/en\/caravana-fraternidad-en-guayaquil\/#breadcrumb\",\"itemListElement\":[{\"@type\":\"ListItem\",\"position\":1,\"name\":\"Portada\",\"item\":\"https:\/\/www.iec2024.ec\/en\/\"},{\"@type\":\"ListItem\",\"position\":2,\"name\":\"Caravana de la Fraternidad inicia su recorrido en Guayaquil\"}]},{\"@type\":\"WebSite\",\"@id\":\"https:\/\/www.iec2024.ec\/en\/#website\",\"url\":\"https:\/\/www.iec2024.ec\/en\/\",\"name\":\"IEC 2024\",\"description\":\"\",\"publisher\":{\"@id\":\"https:\/\/www.iec2024.ec\/en\/#organization\"},\"potentialAction\":[{\"@type\":\"SearchAction\",\"target\":{\"@type\":\"EntryPoint\",\"urlTemplate\":\"https:\/\/www.iec2024.ec\/en\/?s={search_term_string}\"},\"query-input\":\"required name=search_term_string\"}],\"inLanguage\":\"en-US\"},{\"@type\":\"Organization\",\"@id\":\"https:\/\/www.iec2024.ec\/en\/#organization\",\"name\":\"IEC 2024\",\"url\":\"https:\/\/www.iec2024.ec\/en\/\",\"logo\":{\"@type\":\"ImageObject\",\"inLanguage\":\"en-US\",\"@id\":\"https:\/\/www.iec2024.ec\/en\/#\/schema\/logo\/image\/\",\"url\":\"https:\/\/www.iec2024.ec\/wp-content\/uploads\/2024\/01\/cropped-logo-2024.png\",\"contentUrl\":\"https:\/\/www.iec2024.ec\/wp-content\/uploads\/2024\/01\/cropped-logo-2024.png\",\"width\":1277,\"height\":332,\"caption\":\"IEC 2024\"},\"image\":{\"@id\":\"https:\/\/www.iec2024.ec\/en\/#\/schema\/logo\/image\/\"}},{\"@type\":\"Person\",\"@id\":\"https:\/\/www.iec2024.ec\/en\/#\/schema\/person\/7dc46e27a804fe39ba34935ca5284fe2\",\"name\":\"Secretario T\u00e9cnico\",\"image\":{\"@type\":\"ImageObject\",\"inLanguage\":\"en-US\",\"@id\":\"https:\/\/www.iec2024.ec\/en\/#\/schema\/person\/image\/\",\"url\":\"https:\/\/secure.gravatar.com\/avatar\/67808a21710148ea0645bc85e43e21b6?s=96&d=mm&r=g\",\"contentUrl\":\"https:\/\/secure.gravatar.com\/avatar\/67808a21710148ea0645bc85e43e21b6?s=96&d=mm&r=g\",\"caption\":\"Secretario T\u00e9cnico\"},\"url\":\"https:\/\/www.iec2024.ec\/en\/author\/4dm1ns3cr3t4r10\/\"}]}<\/script>\n<!-- \/ Yoast SEO plugin. -->","yoast_head_json":{"title":"Caravana de la Fraternidad inicia su recorrido en Guayaquil - IEC 2024","robots":{"index":"index","follow":"follow","max-snippet":"max-snippet:-1","max-image-preview":"max-image-preview:large","max-video-preview":"max-video-preview:-1"},"canonical":"https:\/\/www.iec2024.ec\/en\/caravana-fraternidad-en-guayaquil\/","og_locale":"en_US","og_type":"article","og_title":"Caravana de la Fraternidad inicia su recorrido en Guayaquil - IEC 2024","og_description":"Guayaquil, 24 de junio de 2024 Redacci\u00f3n: Steven Pincay La ciudad de Guayaquil es el punto de partida para el recorrido que la\u00a0\u201cCaravana de la Fraternidad\u201d\u00a0inici\u00f3 este 24 de junio en la costa ecuatoriana. Esta iniciativa brinda informaci\u00f3n t\u00e9cnica sobre el\u00a053\u00ba Congreso Eucar\u00edstico Internacional\u00a0(IEC 2024) para impulsar el amor hacia Jes\u00fas Sacramentado en los estudiantes [&hellip;]","og_url":"https:\/\/www.iec2024.ec\/en\/caravana-fraternidad-en-guayaquil\/","og_site_name":"IEC 2024","article_published_time":"2024-06-24T20:03:47+00:00","article_modified_time":"2024-06-24T20:22:58+00:00","og_image":[{"width":1024,"height":768,"url":"https:\/\/www.iec2024.ec\/wp-content\/uploads\/2024\/06\/20240624_170524102_iOS-1024x768.png","type":"image\/png"}],"author":"Secretario T\u00e9cnico","twitter_card":"summary_large_image","twitter_misc":{"Written by":"Secretario T\u00e9cnico","Est. reading time":"2 minutes"},"schema":{"@context":"https:\/\/schema.org","@graph":[{"@type":"Article","@id":"https:\/\/www.iec2024.ec\/en\/caravana-fraternidad-en-guayaquil\/#article","isPartOf":{"@id":"https:\/\/www.iec2024.ec\/en\/caravana-fraternidad-en-guayaquil\/"},"author":{"name":"Secretario T\u00e9cnico","@id":"https:\/\/www.iec2024.ec\/en\/#\/schema\/person\/7dc46e27a804fe39ba34935ca5284fe2"},"headline":"Caravana de la Fraternidad inicia su recorrido en Guayaquil","datePublished":"2024-06-24T20:03:47+00:00","dateModified":"2024-06-24T20:22:58+00:00","mainEntityOfPage":{"@id":"https:\/\/www.iec2024.ec\/en\/caravana-fraternidad-en-guayaquil\/"},"wordCount":400,"publisher":{"@id":"https:\/\/www.iec2024.ec\/en\/#organization"},"articleSection":["News"],"inLanguage":"en-US"},{"@type":"WebPage","@id":"https:\/\/www.iec2024.ec\/en\/caravana-fraternidad-en-guayaquil\/","url":"https:\/\/www.iec2024.ec\/en\/caravana-fraternidad-en-guayaquil\/","name":"Caravana de la Fraternidad inicia su recorrido en Guayaquil - IEC 2024","isPartOf":{"@id":"https:\/\/www.iec2024.ec\/en\/#website"},"datePublished":"2024-06-24T20:03:47+00:00","dateModified":"2024-06-24T20:22:58+00:00","breadcrumb":{"@id":"https:\/\/www.iec2024.ec\/en\/caravana-fraternidad-en-guayaquil\/#breadcrumb"},"inLanguage":"en-US","potentialAction":[{"@type":"ReadAction","target":["https:\/\/www.iec2024.ec\/en\/caravana-fraternidad-en-guayaquil\/"]}]},{"@type":"BreadcrumbList","@id":"https:\/\/www.iec2024.ec\/en\/caravana-fraternidad-en-guayaquil\/#breadcrumb","itemListElement":[{"@type":"ListItem","position":1,"name":"Portada","item":"https:\/\/www.iec2024.ec\/en\/"},{"@type":"ListItem","position":2,"name":"Caravana de la Fraternidad inicia su recorrido en Guayaquil"}]},{"@type":"WebSite","@id":"https:\/\/www.iec2024.ec\/en\/#website","url":"https:\/\/www.iec2024.ec\/en\/","name":"IEC 2024","description":"","publisher":{"@id":"https:\/\/www.iec2024.ec\/en\/#organization"},"potentialAction":[{"@type":"SearchAction","target":{"@type":"EntryPoint","urlTemplate":"https:\/\/www.iec2024.ec\/en\/?s={search_term_string}"},"query-input":"required name=search_term_string"}],"inLanguage":"en-US"},{"@type":"Organization","@id":"https:\/\/www.iec2024.ec\/en\/#organization","name":"IEC 2024","url":"https:\/\/www.iec2024.ec\/en\/","logo":{"@type":"ImageObject","inLanguage":"en-US","@id":"https:\/\/www.iec2024.ec\/en\/#\/schema\/logo\/image\/","url":"https:\/\/www.iec2024.ec\/wp-content\/uploads\/2024\/01\/cropped-logo-2024.png","contentUrl":"https:\/\/www.iec2024.ec\/wp-content\/uploads\/2024\/01\/cropped-logo-2024.png","width":1277,"height":332,"caption":"IEC 2024"},"image":{"@id":"https:\/\/www.iec2024.ec\/en\/#\/schema\/logo\/image\/"}},{"@type":"Person","@id":"https:\/\/www.iec2024.ec\/en\/#\/schema\/person\/7dc46e27a804fe39ba34935ca5284fe2","name":"Secretario T\u00e9cnico","image":{"@type":"ImageObject","inLanguage":"en-US","@id":"https:\/\/www.iec2024.ec\/en\/#\/schema\/person\/image\/","url":"https:\/\/secure.gravatar.com\/avatar\/67808a21710148ea0645bc85e43e21b6?s=96&d=mm&r=g","contentUrl":"https:\/\/secure.gravatar.com\/avatar\/67808a21710148ea0645bc85e43e21b6?s=96&d=mm&r=g","caption":"Secretario T\u00e9cnico"},"url":"https:\/\/www.iec2024.ec\/en\/author\/4dm1ns3cr3t4r10\/"}]}},"_links":{"self":[{"href":"https:\/\/www.iec2024.ec\/en\/wp-json\/wp\/v2\/posts\/18096"}],"collection":[{"href":"https:\/\/www.iec2024.ec\/en\/wp-json\/wp\/v2\/posts"}],"about":[{"href":"https:\/\/www.iec2024.ec\/en\/wp-json\/wp\/v2\/types\/post"}],"author":[{"embeddable":true,"href":"https:\/\/www.iec2024.ec\/en\/wp-json\/wp\/v2\/users\/2"}],"replies":[{"embeddable":true,"href":"https:\/\/www.iec2024.ec\/en\/wp-json\/wp\/v2\/comments?post=18096"}],"version-history":[{"count":14,"href":"https:\/\/www.iec2024.ec\/en\/wp-json\/wp\/v2\/posts\/18096\/revisions"}],"predecessor-version":[{"id":18128,"href":"https:\/\/www.iec2024.ec\/en\/wp-json\/wp\/v2\/posts\/18096\/revisions\/18128"}],"wp:featuredmedia":[{"embeddable":true,"href":"https:\/\/www.iec2024.ec\/en\/wp-json\/wp\/v2\/media\/18099"}],"wp:attachment":[{"href":"https:\/\/www.iec2024.ec\/en\/wp-json\/wp\/v2\/media?parent=18096"}],"wp:term":[{"taxonomy":"category","embeddable":true,"href":"https:\/\/www.iec2024.ec\/en\/wp-json\/wp\/v2\/categories?post=18096"},{"taxonomy":"post_tag","embeddable":true,"href":"https:\/\/www.iec2024.ec\/en\/wp-json\/wp\/v2\/tags?post=18096"}],"curies":[{"name":"wp","href":"https:\/\/api.w.org\/{rel}","templated":true}]}}