{"id":18368,"date":"2024-06-27T12:55:27","date_gmt":"2024-06-27T17:55:27","guid":{"rendered":"https:\/\/www.iec2024.ec\/evangeliario-diocesis-santo-domingo\/"},"modified":"2024-06-27T16:13:35","modified_gmt":"2024-06-27T21:13:35","slug":"evangeliario-diocesis-santo-domingo","status":"publish","type":"post","link":"https:\/\/www.iec2024.ec\/en\/evangeliario-diocesis-santo-domingo\/","title":{"rendered":"El Evangeliario recorri\u00f3 la Di\u00f3cesis de Santo Domingo"},"content":{"rendered":"<p><b>Santo Domingo, 27 de junio de 2024<\/b><\/p>\n<p><b>Redacci\u00f3n: Pastoral Digital, Di\u00f3cesis de Santo Domingo\u00a0<\/b><\/p>\n<p><span style=\"font-weight: 400\">Del 7 de mayo al 27 de junio, <\/span><b>la Di\u00f3cesis de Santo Domingo recibi\u00f3 el Evangeliario<\/b><span style=\"font-weight: 400\">, <strong>s\u00edmbolo del 53\u00b0 Congreso Eucar\u00edstico Internacional<\/strong>. Esta significativa presencia, que coincidi\u00f3, por la gracia de Dios, con la celebraci\u00f3n del mes del Sagrado Coraz\u00f3n de Jes\u00fas, llen\u00f3 de alegr\u00eda y devoci\u00f3n a los fieles de la comunidad.<\/span><\/p>\n<p><span style=\"font-weight: 400\">El recorrido del Evangeliario comenz\u00f3 con una <strong>solemne eucarist\u00eda en la Catedral El Buen Pastor, presidida por su Obispo, Mons. Bertram Wick.<\/strong> Con esta bienvenida, se dio inicio a la peregrinaci\u00f3n por las distintas zonas pastorales de la jurisdicci\u00f3n eclesial.\u00a0<\/span><\/p>\n<p><span style=\"font-weight: 400\">En la zona pastoral Sagrado Coraz\u00f3n de Jes\u00fas, <strong>la comunidad recibi\u00f3 con entusiasmo el Evangeliario<\/strong>, que lleg\u00f3 hasta el convento de las religiosas Carmelitas Descalzas. Su recorrido continu\u00f3 por la zona pastoral Coronaci\u00f3n de Mar\u00eda, donde los <strong>fieles vivieron momentos de profunda oraci\u00f3n y reflexi\u00f3n, incluyendo visitas a centros educativos.<\/strong>\u00a0<\/span><\/p>\n<p><span style=\"font-weight: 400\">Para David Ulluari, fiel cat\u00f3lico de la zona pastoral Sagrado Coraz\u00f3n de Jes\u00fas, <strong>el recorrido del Evangeliario fue una experiencia que le permiti\u00f3 ahondar en la importancia de las Sagradas Escrituras<\/strong>. \u201cLos sacerdotes de cada zona pastoral se coordinaron con esmero para llevar este s\u00edmbolo a sus fieles, y fue verdaderamente <strong>conmovedor presenciar la reverencia y el reconocimiento sagrado de los evangelios<\/strong> por parte de la comunidad\u201d, sostuvo.<\/span><\/p>\n<p><b>Fieles tributan expresiones de fe y adoraci\u00f3n<\/b><\/p>\n<p><span style=\"font-weight: 400\">Posteriormente, en la zona\u00a0 pastoral San Jos\u00e9, el Evangeliario fue acogido con procesiones y actos de adoraci\u00f3n, donde adem\u00e1s se destac\u00f3 la participaci\u00f3n activa de familias y j\u00f3venes.<\/span><\/p>\n<p><span style=\"font-weight: 400\">En la zona pastoral La Ascensi\u00f3n, la comunidad celebr\u00f3 con fervor las\u00a0 <strong>liturgias y encuentros de catequesis que fortalecieron la vida espiritual de los asistentes<\/strong>. Luego, en la zona Esp\u00edritu Santo, <strong>los fieles expresaron su devoci\u00f3n mediante actividades de consagraci\u00f3n al Sagrado Coraz\u00f3n de Jes\u00fas<\/strong>, momentos de adoraci\u00f3n eucar\u00edstica y visita a los privados de libertad, mostrando una profunda unidad en la fe.<\/span><\/p>\n<p><span style=\"font-weight: 400\">La zona pastoral Jes\u00fas Resucitado estuvo marcada por la realizaci\u00f3n de talleres y rosarios b\u00edblicos, que invitaron a la reflexi\u00f3n y al encuentro con Cristo.\u00a0<\/span><\/p>\n<p><span style=\"font-weight: 400\">En la zona pastoral Asunci\u00f3n de Mar\u00eda, el cierre del recorrido fue una verdadera fiesta de fe, con celebraciones eucar\u00edsticas, reflexiones y temas que destacaron la importancia de la <strong>presencia real de Jesucristo en el Pan Consagrado, contando con la participaci\u00f3n de los grupos pastorales de las parroquias<\/strong>.<\/span><\/p>\n<p><span style=\"font-weight: 400\">Para el P.\u00a0 William Zambrano Zea<\/span><b>,<\/b><span style=\"font-weight: 400\"> de la Di\u00f3cesis de Santo Domingo<\/span><b>, <\/b><span style=\"font-weight: 400\">el recorrido del <strong>Evangeliario recuerda la importancia de la Palabra de Dios en nuestras vidas y nos prepara espiritualmente para el Congreso Eucar\u00edstico Internacional<\/strong>. \u201cEs una fuente de gracia y bendici\u00f3n para todos los fieles\u201d. \u201c<strong>Que el Sagrado Coraz\u00f3n de Jes\u00fas y el Inmaculado Coraz\u00f3n de Mar\u00eda sigan guiando nuestro camino hacia el Congreso Eucar\u00edstico Internacional\u201d<\/strong>, concluy\u00f3.<\/span><\/p>\n<p><span style=\"font-weight: 400\">Tras concluir la visita a la Di\u00f3cesis de Santo Domingo, el Evangeliario, s\u00edmbolo oficial del IEC 2024,\u00a0 lleg\u00f3 a la parroquia eclesi\u00e1stica Nuestra Se\u00f1ora del Cisne, en la parroquia Patricia Pilar, en la Di\u00f3cesis de Babahoyo, en donde se celebr\u00f3 una Santa Misa, presidida por su Obispo, Mons. Skiper Y\u00e1nez.<\/span><\/p>\n","protected":false},"excerpt":{"rendered":"<p>Santo Domingo, 27 de junio de 2024 Redacci\u00f3n: Pastoral Digital, Di\u00f3cesis de Santo Domingo\u00a0 Del 7 de mayo al 27 de junio, la Di\u00f3cesis de Santo Domingo recibi\u00f3 el Evangeliario, s\u00edmbolo del 53\u00b0 Congreso Eucar\u00edstico Internacional. Esta significativa presencia, que coincidi\u00f3, por la gracia de Dios, con la celebraci\u00f3n del mes del Sagrado Coraz\u00f3n de [&hellip;]<\/p>\n","protected":false},"author":2,"featured_media":18236,"comment_status":"closed","ping_status":"closed","sticky":false,"template":"","format":"standard","meta":{"footnotes":""},"categories":[33],"tags":[],"acf":[],"yoast_head":"<!-- This site is optimized with the Yoast SEO plugin v21.1 - https:\/\/yoast.com\/wordpress\/plugins\/seo\/ -->\n<title>El Evangeliario recorri\u00f3 la Di\u00f3cesis de Santo Domingo - IEC 2024<\/title>\n<meta name=\"robots\" content=\"index, follow, max-snippet:-1, max-image-preview:large, max-video-preview:-1\" \/>\n<link rel=\"canonical\" href=\"https:\/\/www.iec2024.ec\/en\/evangeliario-diocesis-santo-domingo\/\" \/>\n<meta property=\"og:locale\" content=\"en_US\" \/>\n<meta property=\"og:type\" content=\"article\" \/>\n<meta property=\"og:title\" content=\"El Evangeliario recorri\u00f3 la Di\u00f3cesis de Santo Domingo - IEC 2024\" \/>\n<meta property=\"og:description\" content=\"Santo Domingo, 27 de junio de 2024 Redacci\u00f3n: Pastoral Digital, Di\u00f3cesis de Santo Domingo\u00a0 Del 7 de mayo al 27 de junio, la Di\u00f3cesis de Santo Domingo recibi\u00f3 el Evangeliario, s\u00edmbolo del 53\u00b0 Congreso Eucar\u00edstico Internacional. Esta significativa presencia, que coincidi\u00f3, por la gracia de Dios, con la celebraci\u00f3n del mes del Sagrado Coraz\u00f3n de [&hellip;]\" \/>\n<meta property=\"og:url\" content=\"https:\/\/www.iec2024.ec\/en\/evangeliario-diocesis-santo-domingo\/\" \/>\n<meta property=\"og:site_name\" content=\"IEC 2024\" \/>\n<meta property=\"article:published_time\" content=\"2024-06-27T17:55:27+00:00\" \/>\n<meta property=\"article:modified_time\" content=\"2024-06-27T21:13:35+00:00\" \/>\n<meta property=\"og:image\" content=\"https:\/\/www.iec2024.ec\/wp-content\/uploads\/2024\/06\/DSC04313-scaled.jpg\" \/>\n\t<meta property=\"og:image:width\" content=\"2560\" \/>\n\t<meta property=\"og:image:height\" content=\"1707\" \/>\n\t<meta property=\"og:image:type\" content=\"image\/jpeg\" \/>\n<meta name=\"author\" content=\"Secretario T\u00e9cnico\" \/>\n<meta name=\"twitter:card\" content=\"summary_large_image\" \/>\n<meta name=\"twitter:label1\" content=\"Written by\" \/>\n\t<meta name=\"twitter:data1\" content=\"Secretario T\u00e9cnico\" \/>\n\t<meta name=\"twitter:label2\" content=\"Est. reading time\" \/>\n\t<meta name=\"twitter:data2\" content=\"3 minutes\" \/>\n<script type=\"application\/ld+json\" class=\"yoast-schema-graph\">{\"@context\":\"https:\/\/schema.org\",\"@graph\":[{\"@type\":\"Article\",\"@id\":\"https:\/\/www.iec2024.ec\/en\/evangeliario-diocesis-santo-domingo\/#article\",\"isPartOf\":{\"@id\":\"https:\/\/www.iec2024.ec\/en\/evangeliario-diocesis-santo-domingo\/\"},\"author\":{\"name\":\"Secretario T\u00e9cnico\",\"@id\":\"https:\/\/www.iec2024.ec\/en\/#\/schema\/person\/7dc46e27a804fe39ba34935ca5284fe2\"},\"headline\":\"El Evangeliario recorri\u00f3 la Di\u00f3cesis de Santo Domingo\",\"datePublished\":\"2024-06-27T17:55:27+00:00\",\"dateModified\":\"2024-06-27T21:13:35+00:00\",\"mainEntityOfPage\":{\"@id\":\"https:\/\/www.iec2024.ec\/en\/evangeliario-diocesis-santo-domingo\/\"},\"wordCount\":576,\"publisher\":{\"@id\":\"https:\/\/www.iec2024.ec\/en\/#organization\"},\"articleSection\":[\"News\"],\"inLanguage\":\"en-US\"},{\"@type\":\"WebPage\",\"@id\":\"https:\/\/www.iec2024.ec\/en\/evangeliario-diocesis-santo-domingo\/\",\"url\":\"https:\/\/www.iec2024.ec\/en\/evangeliario-diocesis-santo-domingo\/\",\"name\":\"El Evangeliario recorri\u00f3 la Di\u00f3cesis de Santo Domingo - IEC 2024\",\"isPartOf\":{\"@id\":\"https:\/\/www.iec2024.ec\/en\/#website\"},\"datePublished\":\"2024-06-27T17:55:27+00:00\",\"dateModified\":\"2024-06-27T21:13:35+00:00\",\"breadcrumb\":{\"@id\":\"https:\/\/www.iec2024.ec\/en\/evangeliario-diocesis-santo-domingo\/#breadcrumb\"},\"inLanguage\":\"en-US\",\"potentialAction\":[{\"@type\":\"ReadAction\",\"target\":[\"https:\/\/www.iec2024.ec\/en\/evangeliario-diocesis-santo-domingo\/\"]}]},{\"@type\":\"BreadcrumbList\",\"@id\":\"https:\/\/www.iec2024.ec\/en\/evangeliario-diocesis-santo-domingo\/#breadcrumb\",\"itemListElement\":[{\"@type\":\"ListItem\",\"position\":1,\"name\":\"Portada\",\"item\":\"https:\/\/www.iec2024.ec\/en\/\"},{\"@type\":\"ListItem\",\"position\":2,\"name\":\"El Evangeliario recorri\u00f3 la Di\u00f3cesis de Santo Domingo\"}]},{\"@type\":\"WebSite\",\"@id\":\"https:\/\/www.iec2024.ec\/en\/#website\",\"url\":\"https:\/\/www.iec2024.ec\/en\/\",\"name\":\"IEC 2024\",\"description\":\"\",\"publisher\":{\"@id\":\"https:\/\/www.iec2024.ec\/en\/#organization\"},\"potentialAction\":[{\"@type\":\"SearchAction\",\"target\":{\"@type\":\"EntryPoint\",\"urlTemplate\":\"https:\/\/www.iec2024.ec\/en\/?s={search_term_string}\"},\"query-input\":\"required name=search_term_string\"}],\"inLanguage\":\"en-US\"},{\"@type\":\"Organization\",\"@id\":\"https:\/\/www.iec2024.ec\/en\/#organization\",\"name\":\"IEC 2024\",\"url\":\"https:\/\/www.iec2024.ec\/en\/\",\"logo\":{\"@type\":\"ImageObject\",\"inLanguage\":\"en-US\",\"@id\":\"https:\/\/www.iec2024.ec\/en\/#\/schema\/logo\/image\/\",\"url\":\"https:\/\/www.iec2024.ec\/wp-content\/uploads\/2024\/01\/cropped-logo-2024.png\",\"contentUrl\":\"https:\/\/www.iec2024.ec\/wp-content\/uploads\/2024\/01\/cropped-logo-2024.png\",\"width\":1277,\"height\":332,\"caption\":\"IEC 2024\"},\"image\":{\"@id\":\"https:\/\/www.iec2024.ec\/en\/#\/schema\/logo\/image\/\"}},{\"@type\":\"Person\",\"@id\":\"https:\/\/www.iec2024.ec\/en\/#\/schema\/person\/7dc46e27a804fe39ba34935ca5284fe2\",\"name\":\"Secretario T\u00e9cnico\",\"image\":{\"@type\":\"ImageObject\",\"inLanguage\":\"en-US\",\"@id\":\"https:\/\/www.iec2024.ec\/en\/#\/schema\/person\/image\/\",\"url\":\"https:\/\/secure.gravatar.com\/avatar\/67808a21710148ea0645bc85e43e21b6?s=96&d=mm&r=g\",\"contentUrl\":\"https:\/\/secure.gravatar.com\/avatar\/67808a21710148ea0645bc85e43e21b6?s=96&d=mm&r=g\",\"caption\":\"Secretario T\u00e9cnico\"},\"url\":\"https:\/\/www.iec2024.ec\/en\/author\/4dm1ns3cr3t4r10\/\"}]}<\/script>\n<!-- \/ Yoast SEO plugin. -->","yoast_head_json":{"title":"El Evangeliario recorri\u00f3 la Di\u00f3cesis de Santo Domingo - IEC 2024","robots":{"index":"index","follow":"follow","max-snippet":"max-snippet:-1","max-image-preview":"max-image-preview:large","max-video-preview":"max-video-preview:-1"},"canonical":"https:\/\/www.iec2024.ec\/en\/evangeliario-diocesis-santo-domingo\/","og_locale":"en_US","og_type":"article","og_title":"El Evangeliario recorri\u00f3 la Di\u00f3cesis de Santo Domingo - IEC 2024","og_description":"Santo Domingo, 27 de junio de 2024 Redacci\u00f3n: Pastoral Digital, Di\u00f3cesis de Santo Domingo\u00a0 Del 7 de mayo al 27 de junio, la Di\u00f3cesis de Santo Domingo recibi\u00f3 el Evangeliario, s\u00edmbolo del 53\u00b0 Congreso Eucar\u00edstico Internacional. Esta significativa presencia, que coincidi\u00f3, por la gracia de Dios, con la celebraci\u00f3n del mes del Sagrado Coraz\u00f3n de [&hellip;]","og_url":"https:\/\/www.iec2024.ec\/en\/evangeliario-diocesis-santo-domingo\/","og_site_name":"IEC 2024","article_published_time":"2024-06-27T17:55:27+00:00","article_modified_time":"2024-06-27T21:13:35+00:00","og_image":[{"width":2560,"height":1707,"url":"https:\/\/www.iec2024.ec\/wp-content\/uploads\/2024\/06\/DSC04313-scaled.jpg","type":"image\/jpeg"}],"author":"Secretario T\u00e9cnico","twitter_card":"summary_large_image","twitter_misc":{"Written by":"Secretario T\u00e9cnico","Est. reading time":"3 minutes"},"schema":{"@context":"https:\/\/schema.org","@graph":[{"@type":"Article","@id":"https:\/\/www.iec2024.ec\/en\/evangeliario-diocesis-santo-domingo\/#article","isPartOf":{"@id":"https:\/\/www.iec2024.ec\/en\/evangeliario-diocesis-santo-domingo\/"},"author":{"name":"Secretario T\u00e9cnico","@id":"https:\/\/www.iec2024.ec\/en\/#\/schema\/person\/7dc46e27a804fe39ba34935ca5284fe2"},"headline":"El Evangeliario recorri\u00f3 la Di\u00f3cesis de Santo Domingo","datePublished":"2024-06-27T17:55:27+00:00","dateModified":"2024-06-27T21:13:35+00:00","mainEntityOfPage":{"@id":"https:\/\/www.iec2024.ec\/en\/evangeliario-diocesis-santo-domingo\/"},"wordCount":576,"publisher":{"@id":"https:\/\/www.iec2024.ec\/en\/#organization"},"articleSection":["News"],"inLanguage":"en-US"},{"@type":"WebPage","@id":"https:\/\/www.iec2024.ec\/en\/evangeliario-diocesis-santo-domingo\/","url":"https:\/\/www.iec2024.ec\/en\/evangeliario-diocesis-santo-domingo\/","name":"El Evangeliario recorri\u00f3 la Di\u00f3cesis de Santo Domingo - IEC 2024","isPartOf":{"@id":"https:\/\/www.iec2024.ec\/en\/#website"},"datePublished":"2024-06-27T17:55:27+00:00","dateModified":"2024-06-27T21:13:35+00:00","breadcrumb":{"@id":"https:\/\/www.iec2024.ec\/en\/evangeliario-diocesis-santo-domingo\/#breadcrumb"},"inLanguage":"en-US","potentialAction":[{"@type":"ReadAction","target":["https:\/\/www.iec2024.ec\/en\/evangeliario-diocesis-santo-domingo\/"]}]},{"@type":"BreadcrumbList","@id":"https:\/\/www.iec2024.ec\/en\/evangeliario-diocesis-santo-domingo\/#breadcrumb","itemListElement":[{"@type":"ListItem","position":1,"name":"Portada","item":"https:\/\/www.iec2024.ec\/en\/"},{"@type":"ListItem","position":2,"name":"El Evangeliario recorri\u00f3 la Di\u00f3cesis de Santo Domingo"}]},{"@type":"WebSite","@id":"https:\/\/www.iec2024.ec\/en\/#website","url":"https:\/\/www.iec2024.ec\/en\/","name":"IEC 2024","description":"","publisher":{"@id":"https:\/\/www.iec2024.ec\/en\/#organization"},"potentialAction":[{"@type":"SearchAction","target":{"@type":"EntryPoint","urlTemplate":"https:\/\/www.iec2024.ec\/en\/?s={search_term_string}"},"query-input":"required name=search_term_string"}],"inLanguage":"en-US"},{"@type":"Organization","@id":"https:\/\/www.iec2024.ec\/en\/#organization","name":"IEC 2024","url":"https:\/\/www.iec2024.ec\/en\/","logo":{"@type":"ImageObject","inLanguage":"en-US","@id":"https:\/\/www.iec2024.ec\/en\/#\/schema\/logo\/image\/","url":"https:\/\/www.iec2024.ec\/wp-content\/uploads\/2024\/01\/cropped-logo-2024.png","contentUrl":"https:\/\/www.iec2024.ec\/wp-content\/uploads\/2024\/01\/cropped-logo-2024.png","width":1277,"height":332,"caption":"IEC 2024"},"image":{"@id":"https:\/\/www.iec2024.ec\/en\/#\/schema\/logo\/image\/"}},{"@type":"Person","@id":"https:\/\/www.iec2024.ec\/en\/#\/schema\/person\/7dc46e27a804fe39ba34935ca5284fe2","name":"Secretario T\u00e9cnico","image":{"@type":"ImageObject","inLanguage":"en-US","@id":"https:\/\/www.iec2024.ec\/en\/#\/schema\/person\/image\/","url":"https:\/\/secure.gravatar.com\/avatar\/67808a21710148ea0645bc85e43e21b6?s=96&d=mm&r=g","contentUrl":"https:\/\/secure.gravatar.com\/avatar\/67808a21710148ea0645bc85e43e21b6?s=96&d=mm&r=g","caption":"Secretario T\u00e9cnico"},"url":"https:\/\/www.iec2024.ec\/en\/author\/4dm1ns3cr3t4r10\/"}]}},"_links":{"self":[{"href":"https:\/\/www.iec2024.ec\/en\/wp-json\/wp\/v2\/posts\/18368"}],"collection":[{"href":"https:\/\/www.iec2024.ec\/en\/wp-json\/wp\/v2\/posts"}],"about":[{"href":"https:\/\/www.iec2024.ec\/en\/wp-json\/wp\/v2\/types\/post"}],"author":[{"embeddable":true,"href":"https:\/\/www.iec2024.ec\/en\/wp-json\/wp\/v2\/users\/2"}],"replies":[{"embeddable":true,"href":"https:\/\/www.iec2024.ec\/en\/wp-json\/wp\/v2\/comments?post=18368"}],"version-history":[{"count":9,"href":"https:\/\/www.iec2024.ec\/en\/wp-json\/wp\/v2\/posts\/18368\/revisions"}],"predecessor-version":[{"id":18386,"href":"https:\/\/www.iec2024.ec\/en\/wp-json\/wp\/v2\/posts\/18368\/revisions\/18386"}],"wp:featuredmedia":[{"embeddable":true,"href":"https:\/\/www.iec2024.ec\/en\/wp-json\/wp\/v2\/media\/18236"}],"wp:attachment":[{"href":"https:\/\/www.iec2024.ec\/en\/wp-json\/wp\/v2\/media?parent=18368"}],"wp:term":[{"taxonomy":"category","embeddable":true,"href":"https:\/\/www.iec2024.ec\/en\/wp-json\/wp\/v2\/categories?post=18368"},{"taxonomy":"post_tag","embeddable":true,"href":"https:\/\/www.iec2024.ec\/en\/wp-json\/wp\/v2\/tags?post=18368"}],"curies":[{"name":"wp","href":"https:\/\/api.w.org\/{rel}","templated":true}]}}