{"id":18459,"date":"2024-06-28T22:58:45","date_gmt":"2024-06-29T03:58:45","guid":{"rendered":"https:\/\/www.iec2024.ec\/arzobispo-recorre-ruta-procesion-eucaristica\/"},"modified":"2024-07-01T08:53:27","modified_gmt":"2024-07-01T13:53:27","slug":"arzobispo-recorre-ruta-procesion-eucaristica","status":"publish","type":"post","link":"https:\/\/www.iec2024.ec\/en\/arzobispo-recorre-ruta-procesion-eucaristica\/","title":{"rendered":"Arzobispo de Quito y la comisi\u00f3n organizadora recorren la ruta para la procesi\u00f3n eucar\u00edstica"},"content":{"rendered":"<p>El <strong>Arzobispo de Quito, Monse\u00f1or Alfredo Espinoza Mateus, SDB<\/strong>, y los integrantes de la Comisi\u00f3n organizadora de la <strong>procesi\u00f3n eucar\u00edstica<\/strong>, recorrieron la ruta que seguir\u00e1 esta expresi\u00f3n de fe el s\u00e1bado 14 de septiembre, en el marco del <strong>53\u00b0 Congreso Eucar\u00edstico Internacional<\/strong>. La caminata, inici\u00f3 en la <strong>hist\u00f3rica Plaza de San Francisco<\/strong>, desde donde se continu\u00f3, cuadra a cuadra, revisando los detalles t\u00e9cnicos que deben tomarse en cuenta para que la procesi\u00f3n sea transmitida en audio y video, al igual que durante la <strong>Santa Misa y la bendici\u00f3n con el Sant\u00edsimo Sacramento, en la Bas\u00edlica del Voto Nacional<\/strong>.<\/p>\n<p>Durante el recorrido, <strong>Monse\u00f1or Espinoza Mateus, su Obispo Auxiliar, Maximiliano Ord\u00f3\u00f1ez, y los miembros del equipo log\u00edstico y de comunicaci\u00f3n, dialogaron en el sitio sobre los detalles t\u00e9cnicos y de la infraestructura necesaria<\/strong>.<\/p>\n<p>As\u00ed tambi\u00e9n, se <strong>dialog\u00f3 sobre los aspectos religiosos y pastorales<\/strong>, como el traslado del anda con el <strong>Sant\u00edsimo<\/strong>, los lugares asignados para los altares, las oraciones y la ubicaci\u00f3n de las alfombras de flores que adornar\u00e1n las calles, entre otros aspectos organizativos.<\/p>\n<p>Paso a paso se revisaron las <strong>necesidades, tanto religiosas como t\u00e9cnicas y log\u00edsticas<\/strong>, lo cual permiti\u00f3 despejar las dudas y tener presente todos los <strong>requerimientos que deber\u00e1n tomarse en cuenta<\/strong>. En las esquinas del recorrido fue emotivo ver al grupo humano se\u00f1alar los lugares, tomando nota sobre los detalles acordados y registrando en fotograf\u00edas el recorrido.<\/p>\n<p>Despu\u00e9s de 50 minutos de caminata, la delegaci\u00f3n eclesial y t\u00e9cnica arrib\u00f3 a la <strong>Bas\u00edlica del Voto Nacional<\/strong>, donde junto al Provincial de los misioneros Oblatos, padre Luis Ernesto Restrepo, compartieron criterios para concluir la <strong>procesi\u00f3n y realizar la bendici\u00f3n y posterior exposici\u00f3n del Sant\u00edsimo<\/strong>.<\/p>\n<p><strong>Mons. Maximiliano Ord\u00f3\u00f1ez, responsable de la comisi\u00f3n organizadora de la procesi\u00f3n, qued\u00f3 satisfecho con el recorrido realizado<\/strong>, tras lo cual se reunir\u00e1 con los dem\u00e1s miembros de la comisi\u00f3n para afinar detalles que permitan prever con antelaci\u00f3n los diversos requerimientos.<\/p>\n","protected":false},"excerpt":{"rendered":"<p>El Arzobispo de Quito, Monse\u00f1or Alfredo Espinoza Mateus, SDB, y los integrantes de la Comisi\u00f3n organizadora de la procesi\u00f3n eucar\u00edstica, recorrieron la ruta que seguir\u00e1 esta expresi\u00f3n de fe el s\u00e1bado 14 de septiembre, en el marco del 53\u00b0 Congreso Eucar\u00edstico Internacional. La caminata, inici\u00f3 en la hist\u00f3rica Plaza de San Francisco, desde donde se [&hellip;]<\/p>\n","protected":false},"author":7,"featured_media":18447,"comment_status":"closed","ping_status":"closed","sticky":false,"template":"","format":"standard","meta":{"footnotes":""},"categories":[33],"tags":[],"acf":[],"yoast_head":"<!-- This site is optimized with the Yoast SEO plugin v21.1 - https:\/\/yoast.com\/wordpress\/plugins\/seo\/ -->\n<title>Arzobispo de Quito y la comisi\u00f3n organizadora recorren la ruta para la procesi\u00f3n eucar\u00edstica - IEC 2024<\/title>\n<meta name=\"robots\" content=\"index, follow, max-snippet:-1, max-image-preview:large, max-video-preview:-1\" \/>\n<link rel=\"canonical\" href=\"https:\/\/www.iec2024.ec\/en\/arzobispo-recorre-ruta-procesion-eucaristica\/\" \/>\n<meta property=\"og:locale\" content=\"en_US\" \/>\n<meta property=\"og:type\" content=\"article\" \/>\n<meta property=\"og:title\" content=\"Arzobispo de Quito y la comisi\u00f3n organizadora recorren la ruta para la procesi\u00f3n eucar\u00edstica - IEC 2024\" \/>\n<meta property=\"og:description\" content=\"El Arzobispo de Quito, Monse\u00f1or Alfredo Espinoza Mateus, SDB, y los integrantes de la Comisi\u00f3n organizadora de la procesi\u00f3n eucar\u00edstica, recorrieron la ruta que seguir\u00e1 esta expresi\u00f3n de fe el s\u00e1bado 14 de septiembre, en el marco del 53\u00b0 Congreso Eucar\u00edstico Internacional. La caminata, inici\u00f3 en la hist\u00f3rica Plaza de San Francisco, desde donde se [&hellip;]\" \/>\n<meta property=\"og:url\" content=\"https:\/\/www.iec2024.ec\/en\/arzobispo-recorre-ruta-procesion-eucaristica\/\" \/>\n<meta property=\"og:site_name\" content=\"IEC 2024\" \/>\n<meta property=\"article:published_time\" content=\"2024-06-29T03:58:45+00:00\" \/>\n<meta property=\"article:modified_time\" content=\"2024-07-01T13:53:27+00:00\" \/>\n<meta property=\"og:image\" content=\"https:\/\/www.iec2024.ec\/wp-content\/uploads\/2024\/06\/WhatsApp-Image-2024-06-28-at-10.42.10-PM-1-scaled-e1719671350285.jpeg\" \/>\n\t<meta property=\"og:image:width\" content=\"1920\" \/>\n\t<meta property=\"og:image:height\" content=\"2560\" \/>\n\t<meta property=\"og:image:type\" content=\"image\/jpeg\" \/>\n<meta name=\"author\" content=\"J Marmol\" \/>\n<meta name=\"twitter:card\" content=\"summary_large_image\" \/>\n<meta name=\"twitter:label1\" content=\"Written by\" \/>\n\t<meta name=\"twitter:data1\" content=\"J Marmol\" \/>\n\t<meta name=\"twitter:label2\" content=\"Est. reading time\" \/>\n\t<meta name=\"twitter:data2\" content=\"2 minutes\" \/>\n<script type=\"application\/ld+json\" class=\"yoast-schema-graph\">{\"@context\":\"https:\/\/schema.org\",\"@graph\":[{\"@type\":\"Article\",\"@id\":\"https:\/\/www.iec2024.ec\/en\/arzobispo-recorre-ruta-procesion-eucaristica\/#article\",\"isPartOf\":{\"@id\":\"https:\/\/www.iec2024.ec\/en\/arzobispo-recorre-ruta-procesion-eucaristica\/\"},\"author\":{\"name\":\"J Marmol\",\"@id\":\"https:\/\/www.iec2024.ec\/en\/#\/schema\/person\/4a909b0744c848e07c246ad3068fce1a\"},\"headline\":\"Arzobispo de Quito y la comisi\u00f3n organizadora recorren la ruta para la procesi\u00f3n eucar\u00edstica\",\"datePublished\":\"2024-06-29T03:58:45+00:00\",\"dateModified\":\"2024-07-01T13:53:27+00:00\",\"mainEntityOfPage\":{\"@id\":\"https:\/\/www.iec2024.ec\/en\/arzobispo-recorre-ruta-procesion-eucaristica\/\"},\"wordCount\":369,\"publisher\":{\"@id\":\"https:\/\/www.iec2024.ec\/en\/#organization\"},\"articleSection\":[\"News\"],\"inLanguage\":\"en-US\"},{\"@type\":\"WebPage\",\"@id\":\"https:\/\/www.iec2024.ec\/en\/arzobispo-recorre-ruta-procesion-eucaristica\/\",\"url\":\"https:\/\/www.iec2024.ec\/en\/arzobispo-recorre-ruta-procesion-eucaristica\/\",\"name\":\"Arzobispo de Quito y la comisi\u00f3n organizadora recorren la ruta para la procesi\u00f3n eucar\u00edstica - IEC 2024\",\"isPartOf\":{\"@id\":\"https:\/\/www.iec2024.ec\/en\/#website\"},\"datePublished\":\"2024-06-29T03:58:45+00:00\",\"dateModified\":\"2024-07-01T13:53:27+00:00\",\"breadcrumb\":{\"@id\":\"https:\/\/www.iec2024.ec\/en\/arzobispo-recorre-ruta-procesion-eucaristica\/#breadcrumb\"},\"inLanguage\":\"en-US\",\"potentialAction\":[{\"@type\":\"ReadAction\",\"target\":[\"https:\/\/www.iec2024.ec\/en\/arzobispo-recorre-ruta-procesion-eucaristica\/\"]}]},{\"@type\":\"BreadcrumbList\",\"@id\":\"https:\/\/www.iec2024.ec\/en\/arzobispo-recorre-ruta-procesion-eucaristica\/#breadcrumb\",\"itemListElement\":[{\"@type\":\"ListItem\",\"position\":1,\"name\":\"Portada\",\"item\":\"https:\/\/www.iec2024.ec\/en\/\"},{\"@type\":\"ListItem\",\"position\":2,\"name\":\"Arzobispo de Quito y la comisi\u00f3n organizadora recorren la ruta para la procesi\u00f3n eucar\u00edstica\"}]},{\"@type\":\"WebSite\",\"@id\":\"https:\/\/www.iec2024.ec\/en\/#website\",\"url\":\"https:\/\/www.iec2024.ec\/en\/\",\"name\":\"IEC 2024\",\"description\":\"\",\"publisher\":{\"@id\":\"https:\/\/www.iec2024.ec\/en\/#organization\"},\"potentialAction\":[{\"@type\":\"SearchAction\",\"target\":{\"@type\":\"EntryPoint\",\"urlTemplate\":\"https:\/\/www.iec2024.ec\/en\/?s={search_term_string}\"},\"query-input\":\"required name=search_term_string\"}],\"inLanguage\":\"en-US\"},{\"@type\":\"Organization\",\"@id\":\"https:\/\/www.iec2024.ec\/en\/#organization\",\"name\":\"IEC 2024\",\"url\":\"https:\/\/www.iec2024.ec\/en\/\",\"logo\":{\"@type\":\"ImageObject\",\"inLanguage\":\"en-US\",\"@id\":\"https:\/\/www.iec2024.ec\/en\/#\/schema\/logo\/image\/\",\"url\":\"https:\/\/www.iec2024.ec\/wp-content\/uploads\/2024\/01\/cropped-logo-2024.png\",\"contentUrl\":\"https:\/\/www.iec2024.ec\/wp-content\/uploads\/2024\/01\/cropped-logo-2024.png\",\"width\":1277,\"height\":332,\"caption\":\"IEC 2024\"},\"image\":{\"@id\":\"https:\/\/www.iec2024.ec\/en\/#\/schema\/logo\/image\/\"}},{\"@type\":\"Person\",\"@id\":\"https:\/\/www.iec2024.ec\/en\/#\/schema\/person\/4a909b0744c848e07c246ad3068fce1a\",\"name\":\"J Marmol\",\"image\":{\"@type\":\"ImageObject\",\"inLanguage\":\"en-US\",\"@id\":\"https:\/\/www.iec2024.ec\/en\/#\/schema\/person\/image\/\",\"url\":\"https:\/\/secure.gravatar.com\/avatar\/0ffa1380326faa52bdc3089d469efedc?s=96&d=mm&r=g\",\"contentUrl\":\"https:\/\/secure.gravatar.com\/avatar\/0ffa1380326faa52bdc3089d469efedc?s=96&d=mm&r=g\",\"caption\":\"J Marmol\"},\"url\":\"https:\/\/www.iec2024.ec\/en\/author\/jmarmol\/\"}]}<\/script>\n<!-- \/ Yoast SEO plugin. -->","yoast_head_json":{"title":"Arzobispo de Quito y la comisi\u00f3n organizadora recorren la ruta para la procesi\u00f3n eucar\u00edstica - IEC 2024","robots":{"index":"index","follow":"follow","max-snippet":"max-snippet:-1","max-image-preview":"max-image-preview:large","max-video-preview":"max-video-preview:-1"},"canonical":"https:\/\/www.iec2024.ec\/en\/arzobispo-recorre-ruta-procesion-eucaristica\/","og_locale":"en_US","og_type":"article","og_title":"Arzobispo de Quito y la comisi\u00f3n organizadora recorren la ruta para la procesi\u00f3n eucar\u00edstica - IEC 2024","og_description":"El Arzobispo de Quito, Monse\u00f1or Alfredo Espinoza Mateus, SDB, y los integrantes de la Comisi\u00f3n organizadora de la procesi\u00f3n eucar\u00edstica, recorrieron la ruta que seguir\u00e1 esta expresi\u00f3n de fe el s\u00e1bado 14 de septiembre, en el marco del 53\u00b0 Congreso Eucar\u00edstico Internacional. La caminata, inici\u00f3 en la hist\u00f3rica Plaza de San Francisco, desde donde se [&hellip;]","og_url":"https:\/\/www.iec2024.ec\/en\/arzobispo-recorre-ruta-procesion-eucaristica\/","og_site_name":"IEC 2024","article_published_time":"2024-06-29T03:58:45+00:00","article_modified_time":"2024-07-01T13:53:27+00:00","og_image":[{"width":1920,"height":2560,"url":"https:\/\/www.iec2024.ec\/wp-content\/uploads\/2024\/06\/WhatsApp-Image-2024-06-28-at-10.42.10-PM-1-scaled-e1719671350285.jpeg","type":"image\/jpeg"}],"author":"J Marmol","twitter_card":"summary_large_image","twitter_misc":{"Written by":"J Marmol","Est. reading time":"2 minutes"},"schema":{"@context":"https:\/\/schema.org","@graph":[{"@type":"Article","@id":"https:\/\/www.iec2024.ec\/en\/arzobispo-recorre-ruta-procesion-eucaristica\/#article","isPartOf":{"@id":"https:\/\/www.iec2024.ec\/en\/arzobispo-recorre-ruta-procesion-eucaristica\/"},"author":{"name":"J Marmol","@id":"https:\/\/www.iec2024.ec\/en\/#\/schema\/person\/4a909b0744c848e07c246ad3068fce1a"},"headline":"Arzobispo de Quito y la comisi\u00f3n organizadora recorren la ruta para la procesi\u00f3n eucar\u00edstica","datePublished":"2024-06-29T03:58:45+00:00","dateModified":"2024-07-01T13:53:27+00:00","mainEntityOfPage":{"@id":"https:\/\/www.iec2024.ec\/en\/arzobispo-recorre-ruta-procesion-eucaristica\/"},"wordCount":369,"publisher":{"@id":"https:\/\/www.iec2024.ec\/en\/#organization"},"articleSection":["News"],"inLanguage":"en-US"},{"@type":"WebPage","@id":"https:\/\/www.iec2024.ec\/en\/arzobispo-recorre-ruta-procesion-eucaristica\/","url":"https:\/\/www.iec2024.ec\/en\/arzobispo-recorre-ruta-procesion-eucaristica\/","name":"Arzobispo de Quito y la comisi\u00f3n organizadora recorren la ruta para la procesi\u00f3n eucar\u00edstica - IEC 2024","isPartOf":{"@id":"https:\/\/www.iec2024.ec\/en\/#website"},"datePublished":"2024-06-29T03:58:45+00:00","dateModified":"2024-07-01T13:53:27+00:00","breadcrumb":{"@id":"https:\/\/www.iec2024.ec\/en\/arzobispo-recorre-ruta-procesion-eucaristica\/#breadcrumb"},"inLanguage":"en-US","potentialAction":[{"@type":"ReadAction","target":["https:\/\/www.iec2024.ec\/en\/arzobispo-recorre-ruta-procesion-eucaristica\/"]}]},{"@type":"BreadcrumbList","@id":"https:\/\/www.iec2024.ec\/en\/arzobispo-recorre-ruta-procesion-eucaristica\/#breadcrumb","itemListElement":[{"@type":"ListItem","position":1,"name":"Portada","item":"https:\/\/www.iec2024.ec\/en\/"},{"@type":"ListItem","position":2,"name":"Arzobispo de Quito y la comisi\u00f3n organizadora recorren la ruta para la procesi\u00f3n eucar\u00edstica"}]},{"@type":"WebSite","@id":"https:\/\/www.iec2024.ec\/en\/#website","url":"https:\/\/www.iec2024.ec\/en\/","name":"IEC 2024","description":"","publisher":{"@id":"https:\/\/www.iec2024.ec\/en\/#organization"},"potentialAction":[{"@type":"SearchAction","target":{"@type":"EntryPoint","urlTemplate":"https:\/\/www.iec2024.ec\/en\/?s={search_term_string}"},"query-input":"required name=search_term_string"}],"inLanguage":"en-US"},{"@type":"Organization","@id":"https:\/\/www.iec2024.ec\/en\/#organization","name":"IEC 2024","url":"https:\/\/www.iec2024.ec\/en\/","logo":{"@type":"ImageObject","inLanguage":"en-US","@id":"https:\/\/www.iec2024.ec\/en\/#\/schema\/logo\/image\/","url":"https:\/\/www.iec2024.ec\/wp-content\/uploads\/2024\/01\/cropped-logo-2024.png","contentUrl":"https:\/\/www.iec2024.ec\/wp-content\/uploads\/2024\/01\/cropped-logo-2024.png","width":1277,"height":332,"caption":"IEC 2024"},"image":{"@id":"https:\/\/www.iec2024.ec\/en\/#\/schema\/logo\/image\/"}},{"@type":"Person","@id":"https:\/\/www.iec2024.ec\/en\/#\/schema\/person\/4a909b0744c848e07c246ad3068fce1a","name":"J Marmol","image":{"@type":"ImageObject","inLanguage":"en-US","@id":"https:\/\/www.iec2024.ec\/en\/#\/schema\/person\/image\/","url":"https:\/\/secure.gravatar.com\/avatar\/0ffa1380326faa52bdc3089d469efedc?s=96&d=mm&r=g","contentUrl":"https:\/\/secure.gravatar.com\/avatar\/0ffa1380326faa52bdc3089d469efedc?s=96&d=mm&r=g","caption":"J Marmol"},"url":"https:\/\/www.iec2024.ec\/en\/author\/jmarmol\/"}]}},"_links":{"self":[{"href":"https:\/\/www.iec2024.ec\/en\/wp-json\/wp\/v2\/posts\/18459"}],"collection":[{"href":"https:\/\/www.iec2024.ec\/en\/wp-json\/wp\/v2\/posts"}],"about":[{"href":"https:\/\/www.iec2024.ec\/en\/wp-json\/wp\/v2\/types\/post"}],"author":[{"embeddable":true,"href":"https:\/\/www.iec2024.ec\/en\/wp-json\/wp\/v2\/users\/7"}],"replies":[{"embeddable":true,"href":"https:\/\/www.iec2024.ec\/en\/wp-json\/wp\/v2\/comments?post=18459"}],"version-history":[{"count":4,"href":"https:\/\/www.iec2024.ec\/en\/wp-json\/wp\/v2\/posts\/18459\/revisions"}],"predecessor-version":[{"id":18530,"href":"https:\/\/www.iec2024.ec\/en\/wp-json\/wp\/v2\/posts\/18459\/revisions\/18530"}],"wp:featuredmedia":[{"embeddable":true,"href":"https:\/\/www.iec2024.ec\/en\/wp-json\/wp\/v2\/media\/18447"}],"wp:attachment":[{"href":"https:\/\/www.iec2024.ec\/en\/wp-json\/wp\/v2\/media?parent=18459"}],"wp:term":[{"taxonomy":"category","embeddable":true,"href":"https:\/\/www.iec2024.ec\/en\/wp-json\/wp\/v2\/categories?post=18459"},{"taxonomy":"post_tag","embeddable":true,"href":"https:\/\/www.iec2024.ec\/en\/wp-json\/wp\/v2\/tags?post=18459"}],"curies":[{"name":"wp","href":"https:\/\/api.w.org\/{rel}","templated":true}]}}