{"id":18532,"date":"2024-06-27T16:36:11","date_gmt":"2024-06-27T21:36:11","guid":{"rendered":"https:\/\/www.iec2024.ec\/fraternidad-social\/"},"modified":"2024-07-01T16:48:48","modified_gmt":"2024-07-01T21:48:48","slug":"fraternidad-social","status":"publish","type":"post","link":"https:\/\/www.iec2024.ec\/en\/fraternidad-social\/","title":{"rendered":"Fraternidad social y econ\u00f3mica para sanar las heridas del mundo"},"content":{"rendered":"<p>El tema del 53\u00b0 <strong>Congreso Eucar\u00edstico Internacional \u201cFraternidad para sanar el mundo\u201d<\/strong> guarda relaci\u00f3n con el compromiso de vivir la fraternidad desde el \u00e1mbito social y econ\u00f3mico que desempe\u00f1a el Fondo Ecuatoriano Populorum Progessio, FEPP.\u00a0 As\u00ed coment\u00f3 el director del FEEP, Luis Hinojosa, al intervenir en el programa <strong>\u201cFraternidad para sanar el mundo\u201d<\/strong>, que se emite todos los d\u00edas jueves a trav\u00e9s de Radio Mar\u00eda.<\/p>\n<p>La opci\u00f3n por los m\u00e1s pobres y el deseo ferviente de buscar su desarrollo, a la luz del Evangelio, ha hecho posible que esta obra, nacida desde la fe y la Santa Iglesia, fructifique, como un ejemplo de fraternidad, que sana el mundo, dijo el director del FEPP.<\/p>\n<p>Seg\u00fan explic\u00f3, durante m\u00e1s de cinco d\u00e9cadas, la misi\u00f3n institucional del FEPP est\u00e1 orientada a <strong>buscar transformaciones en la sociedad a partir de la opci\u00f3n preferencial por los pobres, la no violencia, el di\u00e1logo, la transparencia y un esp\u00edritu de servicio \u00e1gil y alegre<\/strong>.<\/p>\n<p>Como se recuerda en el numeral 35 del Documento Base del Congreso Eucar\u00edstico Internacional, \u201c\u2026<strong>El misterio de la encarnaci\u00f3n nos habla de esa opci\u00f3n preferencial por los pobres. La salvaci\u00f3n pas\u00f3 por el s\u00ed de una humilde joven y el Salvador naci\u00f3 en la pobreza\u201d<\/strong> (Documento Base, N\u00b0 35).<\/p>\n<p><strong>Eucarist\u00eda en la vida diaria para vivir la fraternidad<\/strong><\/p>\n<p>Para Luis Hinojosa, <strong>llevar la Eucarist\u00eda a la vida diaria y transformarla en obras<\/strong>, con la gracia del Esp\u00edritu, ha sido posible para el FEPP, mediante un <strong>trabajo enfocado hacia el desarrollo social, considerando al pr\u00f3jimo como un hermano<\/strong>, a quien servir.<\/p>\n<p>Coment\u00f3 que, en la actualidad, <strong>el FEPP est\u00e1 al servicio de alrededor de 140.000 familias de campesinos, ind\u00edgenas, afroecuatorianos, mestizos, montubios y pobladores urbano marginales<\/strong>, miembros de m\u00e1s de 2.000 organizaciones de base y 110 organizaciones de segundo grado, en 185 parroquias marginadas, en 23 provincias del Ecuador.<\/p>\n<p>Record\u00f3 que las l\u00edneas de acci\u00f3n del FEPP se enfocan en torno a las <strong>finanzas populares y solidarias; formaci\u00f3n profesional; promoci\u00f3n socio organizativa; acceso a la tierra<\/strong>; sistemas integrales de producci\u00f3n agropecuaria de alimentos sanos, entre otras.<\/p>\n<p>El director del FEPP se\u00f1al\u00f3 tambi\u00e9n que el trabajo en finanzas populares y solidarias se ha consolidado.\u00a0 Hoy en d\u00eda mantienen redes de cooperaci\u00f3n con m\u00e1s de 700 organizaciones gubernamentales y no gubernamentales dentro y fuera del pa\u00eds. El Fondo, forma parte de 16 redes o consorcios, 9 redes internacionales y 12 directorios institucionales.<\/p>\n<p>Luis Hinojosa record\u00f3 que <strong>el FEPP fue creado en 1970 como una fundaci\u00f3n privada con finalidad social, sin fines de lucro<\/strong> para sus miembros, ecum\u00e9nica y auspiciada por la Conferencia Episcopal Ecuatoriana.\u00a0 La iniciativa estuvo liderada por Mons. C\u00e1ndido Rada (+1995) que buscaba dar respuesta al llamado del Papa San Pablo VI en la enc\u00edclica Populorum Progressio (1967).<\/p>\n<p>&nbsp;<\/p>\n<p>Redacci\u00f3n: Valeria Gavilanes S.<\/p>\n<p>Siga la entrevista completa <a href=\"https:\/\/www.facebook.com\/share\/3Co6JwNcSLhPnHjj\/?mibextid=ox5AEW\"><strong>aqu\u00ed<\/strong><\/a>.<\/p>\n","protected":false},"excerpt":{"rendered":"<p>El tema del 53\u00b0 Congreso Eucar\u00edstico Internacional \u201cFraternidad para sanar el mundo\u201d guarda relaci\u00f3n con el compromiso de vivir la fraternidad desde el \u00e1mbito social y econ\u00f3mico que desempe\u00f1a el Fondo Ecuatoriano Populorum Progessio, FEPP.\u00a0 As\u00ed coment\u00f3 el director del FEEP, Luis Hinojosa, al intervenir en el programa \u201cFraternidad para sanar el mundo\u201d, que se [&hellip;]<\/p>\n","protected":false},"author":7,"featured_media":18393,"comment_status":"closed","ping_status":"closed","sticky":false,"template":"","format":"standard","meta":{"footnotes":""},"categories":[33],"tags":[],"acf":[],"yoast_head":"<!-- This site is optimized with the Yoast SEO plugin v21.1 - https:\/\/yoast.com\/wordpress\/plugins\/seo\/ -->\n<title>Fraternidad social y econ\u00f3mica para sanar las heridas del mundo - IEC 2024<\/title>\n<meta name=\"robots\" content=\"index, follow, max-snippet:-1, max-image-preview:large, max-video-preview:-1\" \/>\n<link rel=\"canonical\" href=\"https:\/\/www.iec2024.ec\/en\/fraternidad-social\/\" \/>\n<meta property=\"og:locale\" content=\"en_US\" \/>\n<meta property=\"og:type\" content=\"article\" \/>\n<meta property=\"og:title\" content=\"Fraternidad social y econ\u00f3mica para sanar las heridas del mundo - IEC 2024\" \/>\n<meta property=\"og:description\" content=\"El tema del 53\u00b0 Congreso Eucar\u00edstico Internacional \u201cFraternidad para sanar el mundo\u201d guarda relaci\u00f3n con el compromiso de vivir la fraternidad desde el \u00e1mbito social y econ\u00f3mico que desempe\u00f1a el Fondo Ecuatoriano Populorum Progessio, FEPP.\u00a0 As\u00ed coment\u00f3 el director del FEEP, Luis Hinojosa, al intervenir en el programa \u201cFraternidad para sanar el mundo\u201d, que se [&hellip;]\" \/>\n<meta property=\"og:url\" content=\"https:\/\/www.iec2024.ec\/en\/fraternidad-social\/\" \/>\n<meta property=\"og:site_name\" content=\"IEC 2024\" \/>\n<meta property=\"article:published_time\" content=\"2024-06-27T21:36:11+00:00\" \/>\n<meta property=\"article:modified_time\" content=\"2024-07-01T21:48:48+00:00\" \/>\n<meta property=\"og:image\" content=\"https:\/\/www.iec2024.ec\/wp-content\/uploads\/2024\/06\/Luis-Hinojosa-2.png\" \/>\n\t<meta property=\"og:image:width\" content=\"1489\" \/>\n\t<meta property=\"og:image:height\" content=\"840\" \/>\n\t<meta property=\"og:image:type\" content=\"image\/png\" \/>\n<meta name=\"author\" content=\"J Marmol\" \/>\n<meta name=\"twitter:card\" content=\"summary_large_image\" \/>\n<meta name=\"twitter:label1\" content=\"Written by\" \/>\n\t<meta name=\"twitter:data1\" content=\"J Marmol\" \/>\n\t<meta name=\"twitter:label2\" content=\"Est. reading time\" \/>\n\t<meta name=\"twitter:data2\" content=\"2 minutes\" \/>\n<script type=\"application\/ld+json\" class=\"yoast-schema-graph\">{\"@context\":\"https:\/\/schema.org\",\"@graph\":[{\"@type\":\"Article\",\"@id\":\"https:\/\/www.iec2024.ec\/en\/fraternidad-social\/#article\",\"isPartOf\":{\"@id\":\"https:\/\/www.iec2024.ec\/en\/fraternidad-social\/\"},\"author\":{\"name\":\"J Marmol\",\"@id\":\"https:\/\/www.iec2024.ec\/en\/#\/schema\/person\/4a909b0744c848e07c246ad3068fce1a\"},\"headline\":\"Fraternidad social y econ\u00f3mica para sanar las heridas del mundo\",\"datePublished\":\"2024-06-27T21:36:11+00:00\",\"dateModified\":\"2024-07-01T21:48:48+00:00\",\"mainEntityOfPage\":{\"@id\":\"https:\/\/www.iec2024.ec\/en\/fraternidad-social\/\"},\"wordCount\":502,\"publisher\":{\"@id\":\"https:\/\/www.iec2024.ec\/en\/#organization\"},\"articleSection\":[\"News\"],\"inLanguage\":\"en-US\"},{\"@type\":\"WebPage\",\"@id\":\"https:\/\/www.iec2024.ec\/en\/fraternidad-social\/\",\"url\":\"https:\/\/www.iec2024.ec\/en\/fraternidad-social\/\",\"name\":\"Fraternidad social y econ\u00f3mica para sanar las heridas del mundo - IEC 2024\",\"isPartOf\":{\"@id\":\"https:\/\/www.iec2024.ec\/en\/#website\"},\"datePublished\":\"2024-06-27T21:36:11+00:00\",\"dateModified\":\"2024-07-01T21:48:48+00:00\",\"breadcrumb\":{\"@id\":\"https:\/\/www.iec2024.ec\/en\/fraternidad-social\/#breadcrumb\"},\"inLanguage\":\"en-US\",\"potentialAction\":[{\"@type\":\"ReadAction\",\"target\":[\"https:\/\/www.iec2024.ec\/en\/fraternidad-social\/\"]}]},{\"@type\":\"BreadcrumbList\",\"@id\":\"https:\/\/www.iec2024.ec\/en\/fraternidad-social\/#breadcrumb\",\"itemListElement\":[{\"@type\":\"ListItem\",\"position\":1,\"name\":\"Portada\",\"item\":\"https:\/\/www.iec2024.ec\/en\/\"},{\"@type\":\"ListItem\",\"position\":2,\"name\":\"Fraternidad social y econ\u00f3mica para sanar las heridas del mundo\"}]},{\"@type\":\"WebSite\",\"@id\":\"https:\/\/www.iec2024.ec\/en\/#website\",\"url\":\"https:\/\/www.iec2024.ec\/en\/\",\"name\":\"IEC 2024\",\"description\":\"\",\"publisher\":{\"@id\":\"https:\/\/www.iec2024.ec\/en\/#organization\"},\"potentialAction\":[{\"@type\":\"SearchAction\",\"target\":{\"@type\":\"EntryPoint\",\"urlTemplate\":\"https:\/\/www.iec2024.ec\/en\/?s={search_term_string}\"},\"query-input\":\"required name=search_term_string\"}],\"inLanguage\":\"en-US\"},{\"@type\":\"Organization\",\"@id\":\"https:\/\/www.iec2024.ec\/en\/#organization\",\"name\":\"IEC 2024\",\"url\":\"https:\/\/www.iec2024.ec\/en\/\",\"logo\":{\"@type\":\"ImageObject\",\"inLanguage\":\"en-US\",\"@id\":\"https:\/\/www.iec2024.ec\/en\/#\/schema\/logo\/image\/\",\"url\":\"https:\/\/www.iec2024.ec\/wp-content\/uploads\/2024\/01\/cropped-logo-2024.png\",\"contentUrl\":\"https:\/\/www.iec2024.ec\/wp-content\/uploads\/2024\/01\/cropped-logo-2024.png\",\"width\":1277,\"height\":332,\"caption\":\"IEC 2024\"},\"image\":{\"@id\":\"https:\/\/www.iec2024.ec\/en\/#\/schema\/logo\/image\/\"}},{\"@type\":\"Person\",\"@id\":\"https:\/\/www.iec2024.ec\/en\/#\/schema\/person\/4a909b0744c848e07c246ad3068fce1a\",\"name\":\"J Marmol\",\"image\":{\"@type\":\"ImageObject\",\"inLanguage\":\"en-US\",\"@id\":\"https:\/\/www.iec2024.ec\/en\/#\/schema\/person\/image\/\",\"url\":\"https:\/\/secure.gravatar.com\/avatar\/0ffa1380326faa52bdc3089d469efedc?s=96&d=mm&r=g\",\"contentUrl\":\"https:\/\/secure.gravatar.com\/avatar\/0ffa1380326faa52bdc3089d469efedc?s=96&d=mm&r=g\",\"caption\":\"J Marmol\"},\"url\":\"https:\/\/www.iec2024.ec\/en\/author\/jmarmol\/\"}]}<\/script>\n<!-- \/ Yoast SEO plugin. -->","yoast_head_json":{"title":"Fraternidad social y econ\u00f3mica para sanar las heridas del mundo - IEC 2024","robots":{"index":"index","follow":"follow","max-snippet":"max-snippet:-1","max-image-preview":"max-image-preview:large","max-video-preview":"max-video-preview:-1"},"canonical":"https:\/\/www.iec2024.ec\/en\/fraternidad-social\/","og_locale":"en_US","og_type":"article","og_title":"Fraternidad social y econ\u00f3mica para sanar las heridas del mundo - IEC 2024","og_description":"El tema del 53\u00b0 Congreso Eucar\u00edstico Internacional \u201cFraternidad para sanar el mundo\u201d guarda relaci\u00f3n con el compromiso de vivir la fraternidad desde el \u00e1mbito social y econ\u00f3mico que desempe\u00f1a el Fondo Ecuatoriano Populorum Progessio, FEPP.\u00a0 As\u00ed coment\u00f3 el director del FEEP, Luis Hinojosa, al intervenir en el programa \u201cFraternidad para sanar el mundo\u201d, que se [&hellip;]","og_url":"https:\/\/www.iec2024.ec\/en\/fraternidad-social\/","og_site_name":"IEC 2024","article_published_time":"2024-06-27T21:36:11+00:00","article_modified_time":"2024-07-01T21:48:48+00:00","og_image":[{"width":1489,"height":840,"url":"https:\/\/www.iec2024.ec\/wp-content\/uploads\/2024\/06\/Luis-Hinojosa-2.png","type":"image\/png"}],"author":"J Marmol","twitter_card":"summary_large_image","twitter_misc":{"Written by":"J Marmol","Est. reading time":"2 minutes"},"schema":{"@context":"https:\/\/schema.org","@graph":[{"@type":"Article","@id":"https:\/\/www.iec2024.ec\/en\/fraternidad-social\/#article","isPartOf":{"@id":"https:\/\/www.iec2024.ec\/en\/fraternidad-social\/"},"author":{"name":"J Marmol","@id":"https:\/\/www.iec2024.ec\/en\/#\/schema\/person\/4a909b0744c848e07c246ad3068fce1a"},"headline":"Fraternidad social y econ\u00f3mica para sanar las heridas del mundo","datePublished":"2024-06-27T21:36:11+00:00","dateModified":"2024-07-01T21:48:48+00:00","mainEntityOfPage":{"@id":"https:\/\/www.iec2024.ec\/en\/fraternidad-social\/"},"wordCount":502,"publisher":{"@id":"https:\/\/www.iec2024.ec\/en\/#organization"},"articleSection":["News"],"inLanguage":"en-US"},{"@type":"WebPage","@id":"https:\/\/www.iec2024.ec\/en\/fraternidad-social\/","url":"https:\/\/www.iec2024.ec\/en\/fraternidad-social\/","name":"Fraternidad social y econ\u00f3mica para sanar las heridas del mundo - IEC 2024","isPartOf":{"@id":"https:\/\/www.iec2024.ec\/en\/#website"},"datePublished":"2024-06-27T21:36:11+00:00","dateModified":"2024-07-01T21:48:48+00:00","breadcrumb":{"@id":"https:\/\/www.iec2024.ec\/en\/fraternidad-social\/#breadcrumb"},"inLanguage":"en-US","potentialAction":[{"@type":"ReadAction","target":["https:\/\/www.iec2024.ec\/en\/fraternidad-social\/"]}]},{"@type":"BreadcrumbList","@id":"https:\/\/www.iec2024.ec\/en\/fraternidad-social\/#breadcrumb","itemListElement":[{"@type":"ListItem","position":1,"name":"Portada","item":"https:\/\/www.iec2024.ec\/en\/"},{"@type":"ListItem","position":2,"name":"Fraternidad social y econ\u00f3mica para sanar las heridas del mundo"}]},{"@type":"WebSite","@id":"https:\/\/www.iec2024.ec\/en\/#website","url":"https:\/\/www.iec2024.ec\/en\/","name":"IEC 2024","description":"","publisher":{"@id":"https:\/\/www.iec2024.ec\/en\/#organization"},"potentialAction":[{"@type":"SearchAction","target":{"@type":"EntryPoint","urlTemplate":"https:\/\/www.iec2024.ec\/en\/?s={search_term_string}"},"query-input":"required name=search_term_string"}],"inLanguage":"en-US"},{"@type":"Organization","@id":"https:\/\/www.iec2024.ec\/en\/#organization","name":"IEC 2024","url":"https:\/\/www.iec2024.ec\/en\/","logo":{"@type":"ImageObject","inLanguage":"en-US","@id":"https:\/\/www.iec2024.ec\/en\/#\/schema\/logo\/image\/","url":"https:\/\/www.iec2024.ec\/wp-content\/uploads\/2024\/01\/cropped-logo-2024.png","contentUrl":"https:\/\/www.iec2024.ec\/wp-content\/uploads\/2024\/01\/cropped-logo-2024.png","width":1277,"height":332,"caption":"IEC 2024"},"image":{"@id":"https:\/\/www.iec2024.ec\/en\/#\/schema\/logo\/image\/"}},{"@type":"Person","@id":"https:\/\/www.iec2024.ec\/en\/#\/schema\/person\/4a909b0744c848e07c246ad3068fce1a","name":"J Marmol","image":{"@type":"ImageObject","inLanguage":"en-US","@id":"https:\/\/www.iec2024.ec\/en\/#\/schema\/person\/image\/","url":"https:\/\/secure.gravatar.com\/avatar\/0ffa1380326faa52bdc3089d469efedc?s=96&d=mm&r=g","contentUrl":"https:\/\/secure.gravatar.com\/avatar\/0ffa1380326faa52bdc3089d469efedc?s=96&d=mm&r=g","caption":"J Marmol"},"url":"https:\/\/www.iec2024.ec\/en\/author\/jmarmol\/"}]}},"_links":{"self":[{"href":"https:\/\/www.iec2024.ec\/en\/wp-json\/wp\/v2\/posts\/18532"}],"collection":[{"href":"https:\/\/www.iec2024.ec\/en\/wp-json\/wp\/v2\/posts"}],"about":[{"href":"https:\/\/www.iec2024.ec\/en\/wp-json\/wp\/v2\/types\/post"}],"author":[{"embeddable":true,"href":"https:\/\/www.iec2024.ec\/en\/wp-json\/wp\/v2\/users\/7"}],"replies":[{"embeddable":true,"href":"https:\/\/www.iec2024.ec\/en\/wp-json\/wp\/v2\/comments?post=18532"}],"version-history":[{"count":1,"href":"https:\/\/www.iec2024.ec\/en\/wp-json\/wp\/v2\/posts\/18532\/revisions"}],"predecessor-version":[{"id":18533,"href":"https:\/\/www.iec2024.ec\/en\/wp-json\/wp\/v2\/posts\/18532\/revisions\/18533"}],"wp:featuredmedia":[{"embeddable":true,"href":"https:\/\/www.iec2024.ec\/en\/wp-json\/wp\/v2\/media\/18393"}],"wp:attachment":[{"href":"https:\/\/www.iec2024.ec\/en\/wp-json\/wp\/v2\/media?parent=18532"}],"wp:term":[{"taxonomy":"category","embeddable":true,"href":"https:\/\/www.iec2024.ec\/en\/wp-json\/wp\/v2\/categories?post=18532"},{"taxonomy":"post_tag","embeddable":true,"href":"https:\/\/www.iec2024.ec\/en\/wp-json\/wp\/v2\/tags?post=18532"}],"curies":[{"name":"wp","href":"https:\/\/api.w.org\/{rel}","templated":true}]}}