{"id":18742,"date":"2024-07-08T15:07:33","date_gmt":"2024-07-08T20:07:33","guid":{"rendered":"https:\/\/www.iec2024.ec\/simposio-teologico-reflexiona-sobre-fraternidad\/"},"modified":"2024-07-08T16:01:07","modified_gmt":"2024-07-08T21:01:07","slug":"simposio-teologico-reflexiona-sobre-fraternidad","status":"publish","type":"post","link":"https:\/\/www.iec2024.ec\/en\/simposio-teologico-reflexiona-sobre-fraternidad\/","title":{"rendered":"Simposio Teol\u00f3gico reflexionar\u00e1 sobre la fraternidad en un mundo herido"},"content":{"rendered":"<p>En un <strong>mundo herido, \u201ccon heridas que a\u00fan siguen abiertas y supuran\u201d<\/strong>, por tantas guerras, violencia y diversas manifestaciones de una fraternidad fracturada, el <strong>Simposio teol\u00f3gico, que se llevar\u00e1 a cabo del 4 al 7 de septiembre de 2024, en Quito<\/strong>, pretende reflexionar sobre el tema <strong>\u201cFraternidad para sanar el mundo\u201d<\/strong>. En este encuentro acad\u00e9mico, que antecede al <strong>53\u00b0 Congreso Eucar\u00edstico Internacional, se busca proponer caminos para restaurar la fraternidad, a partir de la vivencia de la Eucarist\u00eda.<\/strong><\/p>\n<p>El simposio es promovido por el Comit\u00e9 Pontificio para los Congresos Eucar\u00edsticos Internacionales y la Comisi\u00f3n organizadora del <strong>53\u00b0 Congreso Eucar\u00edstico Internacional<\/strong>, conjuntamente con la <strong>Conferencia Episcopal Ecuatoriana<\/strong> y la <strong>Pontificia Universidad Cat\u00f3lica del Ecuador<\/strong>, contar\u00e1 con la participaci\u00f3n de <strong>te\u00f3logos y acad\u00e9micos especialistas en teolog\u00eda sacramental y teolog\u00eda pastoral de varios pa\u00edses del mundo<\/strong>.<\/p>\n<p><strong>Eucarist\u00eda y fraternidad para sanar el mundo<\/strong><\/p>\n<p>En este encuentro acad\u00e9mico se buscar\u00e1 <strong>profundizar sobre el tema de la Eucarist\u00eda y la fraternidad, a partir de las orientaciones propuestas en el Documento Base del Congreso Eucar\u00edstico Internacional<\/strong>, que se llevar\u00e1 a cabo del 8 al 15 de septiembre de 2024.<\/p>\n<p>As\u00ed tambi\u00e9n, se propone profundizar en el <strong>estudio sobre la relaci\u00f3n que existe entre Eucarist\u00eda y fraternidad, en el contexto de un mundo herido<\/strong>; y la relaci\u00f3n de la <strong>fe cristiana con la realidad social, en clave de fraternidad<\/strong>.<\/p>\n<p>Como frutos de este simposio, se busca ofrecer a la Iglesia Universal un <strong>aporte teol\u00f3gico que permita el desarrollo de la teolog\u00eda eucar\u00edstica en su riqueza te\u00f3rica y en su exigente compromiso por construir una fraternidad universal<\/strong>.<\/p>\n<p><strong>El programa<\/strong><\/p>\n<p>El simposio iniciar\u00e1 el mi\u00e9rcoles 4 de septiembre de 2024, desde las 15h00, con el tema: <strong>\u201cLa fraternidad desde diferentes perspectivas: pol\u00edtica, literatura, historia e ind\u00edgena\u201d<\/strong>, que ser\u00e1 analizado por los acad\u00e9micos ecuatorianos Juan Carlos Holgu\u00edn, Rosal\u00eda Arteaga y Gonzalo Ortiz Crespo.<\/p>\n<p>Durante el segundo d\u00eda, el jueves 5 de septiembre, desde las 09h30, se reflexionar\u00e1 sobre los temas: <strong>\u201cDe hermanos a enemigos\u201d; \u201cLlamados a la reconciliaci\u00f3n\u201d; \u201cEucarist\u00eda: Fuente y cumbre de la fraternidad\u201d; y, las \u201cDevociones eucar\u00edsticas y piedad popular\u201d<\/strong>, a partir de las ponencias del P. Dami\u00e1n Howard, SJ, de la universidad de Oxford; P. Pablo Blanco, de la universidad de Navarra; y del doctor Rodrigo Guerra, secretario del Pontificio Consejo para Am\u00e9rica Latina.<\/p>\n<p>El viernes 6 de septiembre, en el tercer d\u00eda del simposio se abordar\u00e1n los temas <strong>\u201cFraternidad sin los \u00faltimos no es fraternidad\u201d; \u201cEucarist\u00eda y cuidado de la casa com\u00fan\u201d; \u201cIglesia Sinodal: Una tienda para todos\u201d; y \u201cCoraz\u00f3n de Jes\u00fas y la fuente de la vida\u201d<\/strong>, con la disertaci\u00f3n de la Hna. Rosmery Casta\u00f1eda, de Panam\u00e1; P. Fernando Roca, SJ, de la Pontificia Universidad Cat\u00f3lica de Per\u00fa; Mons. Anthony Fisher, OP, arzobispo de Sidney, Australia; y, P. Paolo Morocutti, de la universidad cat\u00f3lica del Sagrado Coraz\u00f3n.<\/p>\n<p>En la jornada conclusiva del simposio, <strong>el s\u00e1bado 7 de septiembre se celebrar\u00e1 una liturgia de la Palabra, sobre el cuidado de la Creaci\u00f3n<\/strong>, presidida por el se\u00f1or <strong>cardenal Pedro Barreto, arzobispo de Huancayo, Per\u00fa, y presidente de la Conferencia Eclesial de la Amazon\u00eda, CEAMA<\/strong>, junto al monumento a la Mitad del Mundo.<\/p>\n","protected":false},"excerpt":{"rendered":"<p>En un mundo herido, \u201ccon heridas que a\u00fan siguen abiertas y supuran\u201d, por tantas guerras, violencia y diversas manifestaciones de una fraternidad fracturada, el Simposio teol\u00f3gico, que se llevar\u00e1 a cabo del 4 al 7 de septiembre de 2024, en Quito, pretende reflexionar sobre el tema \u201cFraternidad para sanar el mundo\u201d. En este encuentro acad\u00e9mico, [&hellip;]<\/p>\n","protected":false},"author":7,"featured_media":18733,"comment_status":"closed","ping_status":"closed","sticky":false,"template":"","format":"standard","meta":{"footnotes":""},"categories":[33],"tags":[],"acf":[],"yoast_head":"<!-- This site is optimized with the Yoast SEO plugin v21.1 - https:\/\/yoast.com\/wordpress\/plugins\/seo\/ -->\n<title>Simposio Teol\u00f3gico reflexionar\u00e1 sobre la fraternidad en un mundo herido - IEC 2024<\/title>\n<meta name=\"robots\" content=\"index, follow, max-snippet:-1, max-image-preview:large, max-video-preview:-1\" \/>\n<link rel=\"canonical\" href=\"https:\/\/www.iec2024.ec\/en\/simposio-teologico-reflexiona-sobre-fraternidad\/\" \/>\n<meta property=\"og:locale\" content=\"en_US\" \/>\n<meta property=\"og:type\" content=\"article\" \/>\n<meta property=\"og:title\" content=\"Simposio Teol\u00f3gico reflexionar\u00e1 sobre la fraternidad en un mundo herido - IEC 2024\" \/>\n<meta property=\"og:description\" content=\"En un mundo herido, \u201ccon heridas que a\u00fan siguen abiertas y supuran\u201d, por tantas guerras, violencia y diversas manifestaciones de una fraternidad fracturada, el Simposio teol\u00f3gico, que se llevar\u00e1 a cabo del 4 al 7 de septiembre de 2024, en Quito, pretende reflexionar sobre el tema \u201cFraternidad para sanar el mundo\u201d. En este encuentro acad\u00e9mico, [&hellip;]\" \/>\n<meta property=\"og:url\" content=\"https:\/\/www.iec2024.ec\/en\/simposio-teologico-reflexiona-sobre-fraternidad\/\" \/>\n<meta property=\"og:site_name\" content=\"IEC 2024\" \/>\n<meta property=\"article:published_time\" content=\"2024-07-08T20:07:33+00:00\" \/>\n<meta property=\"article:modified_time\" content=\"2024-07-08T21:01:07+00:00\" \/>\n<meta property=\"og:image\" content=\"https:\/\/www.iec2024.ec\/wp-content\/uploads\/2024\/07\/WhatsApp-Image-2024-07-05-at-3.29.34-PM.jpeg\" \/>\n\t<meta property=\"og:image:width\" content=\"1600\" \/>\n\t<meta property=\"og:image:height\" content=\"1066\" \/>\n\t<meta property=\"og:image:type\" content=\"image\/jpeg\" \/>\n<meta name=\"author\" content=\"J Marmol\" \/>\n<meta name=\"twitter:card\" content=\"summary_large_image\" \/>\n<meta name=\"twitter:label1\" content=\"Written by\" \/>\n\t<meta name=\"twitter:data1\" content=\"J Marmol\" \/>\n\t<meta name=\"twitter:label2\" content=\"Est. reading time\" \/>\n\t<meta name=\"twitter:data2\" content=\"3 minutes\" \/>\n<script type=\"application\/ld+json\" class=\"yoast-schema-graph\">{\"@context\":\"https:\/\/schema.org\",\"@graph\":[{\"@type\":\"Article\",\"@id\":\"https:\/\/www.iec2024.ec\/en\/simposio-teologico-reflexiona-sobre-fraternidad\/#article\",\"isPartOf\":{\"@id\":\"https:\/\/www.iec2024.ec\/en\/simposio-teologico-reflexiona-sobre-fraternidad\/\"},\"author\":{\"name\":\"J Marmol\",\"@id\":\"https:\/\/www.iec2024.ec\/en\/#\/schema\/person\/4a909b0744c848e07c246ad3068fce1a\"},\"headline\":\"Simposio Teol\u00f3gico reflexionar\u00e1 sobre la fraternidad en un mundo herido\",\"datePublished\":\"2024-07-08T20:07:33+00:00\",\"dateModified\":\"2024-07-08T21:01:07+00:00\",\"mainEntityOfPage\":{\"@id\":\"https:\/\/www.iec2024.ec\/en\/simposio-teologico-reflexiona-sobre-fraternidad\/\"},\"wordCount\":567,\"publisher\":{\"@id\":\"https:\/\/www.iec2024.ec\/en\/#organization\"},\"articleSection\":[\"News\"],\"inLanguage\":\"en-US\"},{\"@type\":\"WebPage\",\"@id\":\"https:\/\/www.iec2024.ec\/en\/simposio-teologico-reflexiona-sobre-fraternidad\/\",\"url\":\"https:\/\/www.iec2024.ec\/en\/simposio-teologico-reflexiona-sobre-fraternidad\/\",\"name\":\"Simposio Teol\u00f3gico reflexionar\u00e1 sobre la fraternidad en un mundo herido - IEC 2024\",\"isPartOf\":{\"@id\":\"https:\/\/www.iec2024.ec\/en\/#website\"},\"datePublished\":\"2024-07-08T20:07:33+00:00\",\"dateModified\":\"2024-07-08T21:01:07+00:00\",\"breadcrumb\":{\"@id\":\"https:\/\/www.iec2024.ec\/en\/simposio-teologico-reflexiona-sobre-fraternidad\/#breadcrumb\"},\"inLanguage\":\"en-US\",\"potentialAction\":[{\"@type\":\"ReadAction\",\"target\":[\"https:\/\/www.iec2024.ec\/en\/simposio-teologico-reflexiona-sobre-fraternidad\/\"]}]},{\"@type\":\"BreadcrumbList\",\"@id\":\"https:\/\/www.iec2024.ec\/en\/simposio-teologico-reflexiona-sobre-fraternidad\/#breadcrumb\",\"itemListElement\":[{\"@type\":\"ListItem\",\"position\":1,\"name\":\"Portada\",\"item\":\"https:\/\/www.iec2024.ec\/en\/\"},{\"@type\":\"ListItem\",\"position\":2,\"name\":\"Simposio Teol\u00f3gico reflexionar\u00e1 sobre la fraternidad en un mundo herido\"}]},{\"@type\":\"WebSite\",\"@id\":\"https:\/\/www.iec2024.ec\/en\/#website\",\"url\":\"https:\/\/www.iec2024.ec\/en\/\",\"name\":\"IEC 2024\",\"description\":\"\",\"publisher\":{\"@id\":\"https:\/\/www.iec2024.ec\/en\/#organization\"},\"potentialAction\":[{\"@type\":\"SearchAction\",\"target\":{\"@type\":\"EntryPoint\",\"urlTemplate\":\"https:\/\/www.iec2024.ec\/en\/?s={search_term_string}\"},\"query-input\":\"required name=search_term_string\"}],\"inLanguage\":\"en-US\"},{\"@type\":\"Organization\",\"@id\":\"https:\/\/www.iec2024.ec\/en\/#organization\",\"name\":\"IEC 2024\",\"url\":\"https:\/\/www.iec2024.ec\/en\/\",\"logo\":{\"@type\":\"ImageObject\",\"inLanguage\":\"en-US\",\"@id\":\"https:\/\/www.iec2024.ec\/en\/#\/schema\/logo\/image\/\",\"url\":\"https:\/\/www.iec2024.ec\/wp-content\/uploads\/2024\/01\/cropped-logo-2024.png\",\"contentUrl\":\"https:\/\/www.iec2024.ec\/wp-content\/uploads\/2024\/01\/cropped-logo-2024.png\",\"width\":1277,\"height\":332,\"caption\":\"IEC 2024\"},\"image\":{\"@id\":\"https:\/\/www.iec2024.ec\/en\/#\/schema\/logo\/image\/\"}},{\"@type\":\"Person\",\"@id\":\"https:\/\/www.iec2024.ec\/en\/#\/schema\/person\/4a909b0744c848e07c246ad3068fce1a\",\"name\":\"J Marmol\",\"image\":{\"@type\":\"ImageObject\",\"inLanguage\":\"en-US\",\"@id\":\"https:\/\/www.iec2024.ec\/en\/#\/schema\/person\/image\/\",\"url\":\"https:\/\/secure.gravatar.com\/avatar\/0ffa1380326faa52bdc3089d469efedc?s=96&d=mm&r=g\",\"contentUrl\":\"https:\/\/secure.gravatar.com\/avatar\/0ffa1380326faa52bdc3089d469efedc?s=96&d=mm&r=g\",\"caption\":\"J Marmol\"},\"url\":\"https:\/\/www.iec2024.ec\/en\/author\/jmarmol\/\"}]}<\/script>\n<!-- \/ Yoast SEO plugin. -->","yoast_head_json":{"title":"Simposio Teol\u00f3gico reflexionar\u00e1 sobre la fraternidad en un mundo herido - IEC 2024","robots":{"index":"index","follow":"follow","max-snippet":"max-snippet:-1","max-image-preview":"max-image-preview:large","max-video-preview":"max-video-preview:-1"},"canonical":"https:\/\/www.iec2024.ec\/en\/simposio-teologico-reflexiona-sobre-fraternidad\/","og_locale":"en_US","og_type":"article","og_title":"Simposio Teol\u00f3gico reflexionar\u00e1 sobre la fraternidad en un mundo herido - IEC 2024","og_description":"En un mundo herido, \u201ccon heridas que a\u00fan siguen abiertas y supuran\u201d, por tantas guerras, violencia y diversas manifestaciones de una fraternidad fracturada, el Simposio teol\u00f3gico, que se llevar\u00e1 a cabo del 4 al 7 de septiembre de 2024, en Quito, pretende reflexionar sobre el tema \u201cFraternidad para sanar el mundo\u201d. En este encuentro acad\u00e9mico, [&hellip;]","og_url":"https:\/\/www.iec2024.ec\/en\/simposio-teologico-reflexiona-sobre-fraternidad\/","og_site_name":"IEC 2024","article_published_time":"2024-07-08T20:07:33+00:00","article_modified_time":"2024-07-08T21:01:07+00:00","og_image":[{"width":1600,"height":1066,"url":"https:\/\/www.iec2024.ec\/wp-content\/uploads\/2024\/07\/WhatsApp-Image-2024-07-05-at-3.29.34-PM.jpeg","type":"image\/jpeg"}],"author":"J Marmol","twitter_card":"summary_large_image","twitter_misc":{"Written by":"J Marmol","Est. reading time":"3 minutes"},"schema":{"@context":"https:\/\/schema.org","@graph":[{"@type":"Article","@id":"https:\/\/www.iec2024.ec\/en\/simposio-teologico-reflexiona-sobre-fraternidad\/#article","isPartOf":{"@id":"https:\/\/www.iec2024.ec\/en\/simposio-teologico-reflexiona-sobre-fraternidad\/"},"author":{"name":"J Marmol","@id":"https:\/\/www.iec2024.ec\/en\/#\/schema\/person\/4a909b0744c848e07c246ad3068fce1a"},"headline":"Simposio Teol\u00f3gico reflexionar\u00e1 sobre la fraternidad en un mundo herido","datePublished":"2024-07-08T20:07:33+00:00","dateModified":"2024-07-08T21:01:07+00:00","mainEntityOfPage":{"@id":"https:\/\/www.iec2024.ec\/en\/simposio-teologico-reflexiona-sobre-fraternidad\/"},"wordCount":567,"publisher":{"@id":"https:\/\/www.iec2024.ec\/en\/#organization"},"articleSection":["News"],"inLanguage":"en-US"},{"@type":"WebPage","@id":"https:\/\/www.iec2024.ec\/en\/simposio-teologico-reflexiona-sobre-fraternidad\/","url":"https:\/\/www.iec2024.ec\/en\/simposio-teologico-reflexiona-sobre-fraternidad\/","name":"Simposio Teol\u00f3gico reflexionar\u00e1 sobre la fraternidad en un mundo herido - IEC 2024","isPartOf":{"@id":"https:\/\/www.iec2024.ec\/en\/#website"},"datePublished":"2024-07-08T20:07:33+00:00","dateModified":"2024-07-08T21:01:07+00:00","breadcrumb":{"@id":"https:\/\/www.iec2024.ec\/en\/simposio-teologico-reflexiona-sobre-fraternidad\/#breadcrumb"},"inLanguage":"en-US","potentialAction":[{"@type":"ReadAction","target":["https:\/\/www.iec2024.ec\/en\/simposio-teologico-reflexiona-sobre-fraternidad\/"]}]},{"@type":"BreadcrumbList","@id":"https:\/\/www.iec2024.ec\/en\/simposio-teologico-reflexiona-sobre-fraternidad\/#breadcrumb","itemListElement":[{"@type":"ListItem","position":1,"name":"Portada","item":"https:\/\/www.iec2024.ec\/en\/"},{"@type":"ListItem","position":2,"name":"Simposio Teol\u00f3gico reflexionar\u00e1 sobre la fraternidad en un mundo herido"}]},{"@type":"WebSite","@id":"https:\/\/www.iec2024.ec\/en\/#website","url":"https:\/\/www.iec2024.ec\/en\/","name":"IEC 2024","description":"","publisher":{"@id":"https:\/\/www.iec2024.ec\/en\/#organization"},"potentialAction":[{"@type":"SearchAction","target":{"@type":"EntryPoint","urlTemplate":"https:\/\/www.iec2024.ec\/en\/?s={search_term_string}"},"query-input":"required name=search_term_string"}],"inLanguage":"en-US"},{"@type":"Organization","@id":"https:\/\/www.iec2024.ec\/en\/#organization","name":"IEC 2024","url":"https:\/\/www.iec2024.ec\/en\/","logo":{"@type":"ImageObject","inLanguage":"en-US","@id":"https:\/\/www.iec2024.ec\/en\/#\/schema\/logo\/image\/","url":"https:\/\/www.iec2024.ec\/wp-content\/uploads\/2024\/01\/cropped-logo-2024.png","contentUrl":"https:\/\/www.iec2024.ec\/wp-content\/uploads\/2024\/01\/cropped-logo-2024.png","width":1277,"height":332,"caption":"IEC 2024"},"image":{"@id":"https:\/\/www.iec2024.ec\/en\/#\/schema\/logo\/image\/"}},{"@type":"Person","@id":"https:\/\/www.iec2024.ec\/en\/#\/schema\/person\/4a909b0744c848e07c246ad3068fce1a","name":"J Marmol","image":{"@type":"ImageObject","inLanguage":"en-US","@id":"https:\/\/www.iec2024.ec\/en\/#\/schema\/person\/image\/","url":"https:\/\/secure.gravatar.com\/avatar\/0ffa1380326faa52bdc3089d469efedc?s=96&d=mm&r=g","contentUrl":"https:\/\/secure.gravatar.com\/avatar\/0ffa1380326faa52bdc3089d469efedc?s=96&d=mm&r=g","caption":"J Marmol"},"url":"https:\/\/www.iec2024.ec\/en\/author\/jmarmol\/"}]}},"_links":{"self":[{"href":"https:\/\/www.iec2024.ec\/en\/wp-json\/wp\/v2\/posts\/18742"}],"collection":[{"href":"https:\/\/www.iec2024.ec\/en\/wp-json\/wp\/v2\/posts"}],"about":[{"href":"https:\/\/www.iec2024.ec\/en\/wp-json\/wp\/v2\/types\/post"}],"author":[{"embeddable":true,"href":"https:\/\/www.iec2024.ec\/en\/wp-json\/wp\/v2\/users\/7"}],"replies":[{"embeddable":true,"href":"https:\/\/www.iec2024.ec\/en\/wp-json\/wp\/v2\/comments?post=18742"}],"version-history":[{"count":1,"href":"https:\/\/www.iec2024.ec\/en\/wp-json\/wp\/v2\/posts\/18742\/revisions"}],"predecessor-version":[{"id":18743,"href":"https:\/\/www.iec2024.ec\/en\/wp-json\/wp\/v2\/posts\/18742\/revisions\/18743"}],"wp:featuredmedia":[{"embeddable":true,"href":"https:\/\/www.iec2024.ec\/en\/wp-json\/wp\/v2\/media\/18733"}],"wp:attachment":[{"href":"https:\/\/www.iec2024.ec\/en\/wp-json\/wp\/v2\/media?parent=18742"}],"wp:term":[{"taxonomy":"category","embeddable":true,"href":"https:\/\/www.iec2024.ec\/en\/wp-json\/wp\/v2\/categories?post=18742"},{"taxonomy":"post_tag","embeddable":true,"href":"https:\/\/www.iec2024.ec\/en\/wp-json\/wp\/v2\/tags?post=18742"}],"curies":[{"name":"wp","href":"https:\/\/api.w.org\/{rel}","templated":true}]}}