{"id":18774,"date":"2024-07-08T16:10:47","date_gmt":"2024-07-08T21:10:47","guid":{"rendered":"https:\/\/www.iec2024.ec\/caravana-fraternidad-llego-a-manabi\/"},"modified":"2024-07-08T16:11:52","modified_gmt":"2024-07-08T21:11:52","slug":"caravana-fraternidad-llego-a-manabi","status":"publish","type":"post","link":"https:\/\/www.iec2024.ec\/en\/caravana-fraternidad-llego-a-manabi\/","title":{"rendered":"Caravana de la Fraternidad lleg\u00f3 a Manab\u00ed para socializar el mensaje del IEC 2024"},"content":{"rendered":"<p><b>Portoviejo, 8 de julio de 2024<\/b><b><br \/>\n<\/b><b>Redacci\u00f3n: Mar\u00eda Jos\u00e9 Casco<\/b><\/p>\n<p><span style=\"font-weight: 400;\">Este lunes 8 de julio, en la Unidad Educativa \u201cMar\u00eda de la Merced\u201d, se reunieron rectores, docentes de religi\u00f3n y representantes del Departamento de Consejer\u00eda Estudiantil de diversas unidades educativas cat\u00f3licas y fiscomisionales de Manta y Portoviejo para socializar el mensaje del IEC 2024.<\/span><\/p>\n<p><span style=\"font-weight: 400;\">En este encuentro, se reflexion\u00f3 sobre la importancia del perd\u00f3n y la reconciliaci\u00f3n, fundamentales para sanar relaciones personales y fortalecer la cohesi\u00f3n social en la comunidad educativa. <\/span><b>Los educadores tambi\u00e9n se comprometieron a llevar el mensaje de fraternidad y Eucarist\u00eda a sus respectivas instituciones educativas.<\/b><\/p>\n<p><span style=\"font-weight: 400;\">Mons. Eduardo Castillo, Obispo de la Arquidi\u00f3cesis de Portoviejo, dio la bienvenida al encuentro subrayando la importancia de fortalecer la fe y la fraternidad entre los estudiantes.<\/span><\/p>\n<p><span style=\"font-weight: 400;\">Durante la socializaci\u00f3n del IEC 2024, Sor Jenny Coca, de la Unidad Educativa Fiscomisional \u201cSanta Luisa de Marillac\u201d, en Tosagua, provincia de Manab\u00ed, comparti\u00f3 su perspectiva sobre la fraternidad: <\/span><b>&#8220;Como educadores, anhelamos transformar vidas. La fraternidad nos conduce a la paz que tanto necesitamos en nuestra sociedad&#8221;.<\/b><span style=\"font-weight: 400;\">\u00a0<\/span><\/p>\n<p><span style=\"font-weight: 400;\">Rolando Far\u00edas Garc\u00eda, docente de la Unidad Educativa \u201cCristo Rey\u201d de la ciudad de Portoviejo, destac\u00f3 el papel que tienen los educadores en la promoci\u00f3n de la fraternidad entre los estudiantes: <\/span><b>&#8220;Somos referentes diarios para ellos y, a trav\u00e9s del contacto y la escucha atenta, podemos fomentar la fraternidad y el compromiso entre compa\u00f1eros&#8221;.<\/b><\/p>\n<p><span style=\"font-weight: 400;\">En el encuentro, los integrantes de la Caravana de la Fraternidad presentaron las actividades y objetivos del IEC 2024. R\u00f3mulo L\u00f3pez Seminario, Presidente de la Confederaci\u00f3n Ecuatoriana de Establecimientos de Educaci\u00f3n Cat\u00f3lica (Confedec), subray\u00f3 la importancia de que las instituciones educativas cat\u00f3licas ofrezcan una formaci\u00f3n integral. <\/span><b>&#8220;Una instituci\u00f3n educativa cat\u00f3lica tiene el deber de proporcionar una formaci\u00f3n integral, que incluya de manera fundamental la inteligencia espiritual.<\/b><span style=\"font-weight: 400;\"> En la sociedad contempor\u00e1nea, el fen\u00f3meno de la soledad y el vac\u00edo se hace presente, posiblemente debido a nuestra focalizaci\u00f3n predominante en una cultura consumista, descuidando as\u00ed nuestra vida interior. Ese vac\u00edo puede llenarlo \u00fanicamente Jes\u00fas\u201d.<\/span><\/p>\n<p><span style=\"font-weight: 400;\">El Padre Livingston Olivares, Presidente de la Comisi\u00f3n de Comunicaci\u00f3n del IEC 2024, hizo hincapi\u00e9 en la importancia de motivar el perd\u00f3n y fomentar el amor fraterno dentro de las instituciones educativas cat\u00f3licas:<\/span><b> &#8220;La historia de la salvaci\u00f3n es para todos. Debemos amar y sostener la vida, especialmente, aquellos que m\u00e1s necesitan de nosotros.&#8221;<\/b><\/p>\n<p><span style=\"font-weight: 400;\">Este evento fortaleci\u00f3 los lazos de fraternidad dentro de las comunidades educativas de Manab\u00ed y prepar\u00f3 a los participantes para el 53\u00b0 Congreso Eucar\u00edstico Internacional, promoviendo la unidad en un mundo necesitado de esperanza y paz.<\/span><\/p>\n","protected":false},"excerpt":{"rendered":"<p>Portoviejo, 8 de julio de 2024 Redacci\u00f3n: Mar\u00eda Jos\u00e9 Casco Este lunes 8 de julio, en la Unidad Educativa \u201cMar\u00eda de la Merced\u201d, se reunieron rectores, docentes de religi\u00f3n y representantes del Departamento de Consejer\u00eda Estudiantil de diversas unidades educativas cat\u00f3licas y fiscomisionales de Manta y Portoviejo para socializar el mensaje del IEC 2024. En [&hellip;]<\/p>\n","protected":false},"author":2,"featured_media":18752,"comment_status":"closed","ping_status":"closed","sticky":false,"template":"","format":"standard","meta":{"footnotes":""},"categories":[33],"tags":[],"acf":[],"yoast_head":"<!-- This site is optimized with the Yoast SEO plugin v21.1 - https:\/\/yoast.com\/wordpress\/plugins\/seo\/ -->\n<title>Caravana de la Fraternidad lleg\u00f3 a Manab\u00ed para socializar el mensaje del IEC 2024 - IEC 2024<\/title>\n<meta name=\"robots\" content=\"index, follow, max-snippet:-1, max-image-preview:large, max-video-preview:-1\" \/>\n<link rel=\"canonical\" href=\"https:\/\/www.iec2024.ec\/en\/caravana-fraternidad-llego-a-manabi\/\" \/>\n<meta property=\"og:locale\" content=\"en_US\" \/>\n<meta property=\"og:type\" content=\"article\" \/>\n<meta property=\"og:title\" content=\"Caravana de la Fraternidad lleg\u00f3 a Manab\u00ed para socializar el mensaje del IEC 2024 - IEC 2024\" \/>\n<meta property=\"og:description\" content=\"Portoviejo, 8 de julio de 2024 Redacci\u00f3n: Mar\u00eda Jos\u00e9 Casco Este lunes 8 de julio, en la Unidad Educativa \u201cMar\u00eda de la Merced\u201d, se reunieron rectores, docentes de religi\u00f3n y representantes del Departamento de Consejer\u00eda Estudiantil de diversas unidades educativas cat\u00f3licas y fiscomisionales de Manta y Portoviejo para socializar el mensaje del IEC 2024. En [&hellip;]\" \/>\n<meta property=\"og:url\" content=\"https:\/\/www.iec2024.ec\/en\/caravana-fraternidad-llego-a-manabi\/\" \/>\n<meta property=\"og:site_name\" content=\"IEC 2024\" \/>\n<meta property=\"article:published_time\" content=\"2024-07-08T21:10:47+00:00\" \/>\n<meta property=\"article:modified_time\" content=\"2024-07-08T21:11:52+00:00\" \/>\n<meta property=\"og:image\" content=\"https:\/\/www.iec2024.ec\/wp-content\/uploads\/2024\/07\/20240708_131830330_iOS-scaled-e1720473092457.jpg\" \/>\n\t<meta property=\"og:image:width\" content=\"2560\" \/>\n\t<meta property=\"og:image:height\" content=\"1707\" \/>\n\t<meta property=\"og:image:type\" content=\"image\/jpeg\" \/>\n<meta name=\"author\" content=\"Secretario T\u00e9cnico\" \/>\n<meta name=\"twitter:card\" content=\"summary_large_image\" \/>\n<meta name=\"twitter:label1\" content=\"Written by\" \/>\n\t<meta name=\"twitter:data1\" content=\"Secretario T\u00e9cnico\" \/>\n\t<meta name=\"twitter:label2\" content=\"Est. reading time\" \/>\n\t<meta name=\"twitter:data2\" content=\"2 minutes\" \/>\n<script type=\"application\/ld+json\" class=\"yoast-schema-graph\">{\"@context\":\"https:\/\/schema.org\",\"@graph\":[{\"@type\":\"Article\",\"@id\":\"https:\/\/www.iec2024.ec\/en\/caravana-fraternidad-llego-a-manabi\/#article\",\"isPartOf\":{\"@id\":\"https:\/\/www.iec2024.ec\/en\/caravana-fraternidad-llego-a-manabi\/\"},\"author\":{\"name\":\"Secretario T\u00e9cnico\",\"@id\":\"https:\/\/www.iec2024.ec\/en\/#\/schema\/person\/7dc46e27a804fe39ba34935ca5284fe2\"},\"headline\":\"Caravana de la Fraternidad lleg\u00f3 a Manab\u00ed para socializar el mensaje del IEC 2024\",\"datePublished\":\"2024-07-08T21:10:47+00:00\",\"dateModified\":\"2024-07-08T21:11:52+00:00\",\"mainEntityOfPage\":{\"@id\":\"https:\/\/www.iec2024.ec\/en\/caravana-fraternidad-llego-a-manabi\/\"},\"wordCount\":465,\"publisher\":{\"@id\":\"https:\/\/www.iec2024.ec\/en\/#organization\"},\"articleSection\":[\"News\"],\"inLanguage\":\"en-US\"},{\"@type\":\"WebPage\",\"@id\":\"https:\/\/www.iec2024.ec\/en\/caravana-fraternidad-llego-a-manabi\/\",\"url\":\"https:\/\/www.iec2024.ec\/en\/caravana-fraternidad-llego-a-manabi\/\",\"name\":\"Caravana de la Fraternidad lleg\u00f3 a Manab\u00ed para socializar el mensaje del IEC 2024 - IEC 2024\",\"isPartOf\":{\"@id\":\"https:\/\/www.iec2024.ec\/en\/#website\"},\"datePublished\":\"2024-07-08T21:10:47+00:00\",\"dateModified\":\"2024-07-08T21:11:52+00:00\",\"breadcrumb\":{\"@id\":\"https:\/\/www.iec2024.ec\/en\/caravana-fraternidad-llego-a-manabi\/#breadcrumb\"},\"inLanguage\":\"en-US\",\"potentialAction\":[{\"@type\":\"ReadAction\",\"target\":[\"https:\/\/www.iec2024.ec\/en\/caravana-fraternidad-llego-a-manabi\/\"]}]},{\"@type\":\"BreadcrumbList\",\"@id\":\"https:\/\/www.iec2024.ec\/en\/caravana-fraternidad-llego-a-manabi\/#breadcrumb\",\"itemListElement\":[{\"@type\":\"ListItem\",\"position\":1,\"name\":\"Portada\",\"item\":\"https:\/\/www.iec2024.ec\/en\/\"},{\"@type\":\"ListItem\",\"position\":2,\"name\":\"Caravana de la Fraternidad lleg\u00f3 a Manab\u00ed para socializar el mensaje del IEC 2024\"}]},{\"@type\":\"WebSite\",\"@id\":\"https:\/\/www.iec2024.ec\/en\/#website\",\"url\":\"https:\/\/www.iec2024.ec\/en\/\",\"name\":\"IEC 2024\",\"description\":\"\",\"publisher\":{\"@id\":\"https:\/\/www.iec2024.ec\/en\/#organization\"},\"potentialAction\":[{\"@type\":\"SearchAction\",\"target\":{\"@type\":\"EntryPoint\",\"urlTemplate\":\"https:\/\/www.iec2024.ec\/en\/?s={search_term_string}\"},\"query-input\":\"required name=search_term_string\"}],\"inLanguage\":\"en-US\"},{\"@type\":\"Organization\",\"@id\":\"https:\/\/www.iec2024.ec\/en\/#organization\",\"name\":\"IEC 2024\",\"url\":\"https:\/\/www.iec2024.ec\/en\/\",\"logo\":{\"@type\":\"ImageObject\",\"inLanguage\":\"en-US\",\"@id\":\"https:\/\/www.iec2024.ec\/en\/#\/schema\/logo\/image\/\",\"url\":\"https:\/\/www.iec2024.ec\/wp-content\/uploads\/2024\/01\/cropped-logo-2024.png\",\"contentUrl\":\"https:\/\/www.iec2024.ec\/wp-content\/uploads\/2024\/01\/cropped-logo-2024.png\",\"width\":1277,\"height\":332,\"caption\":\"IEC 2024\"},\"image\":{\"@id\":\"https:\/\/www.iec2024.ec\/en\/#\/schema\/logo\/image\/\"}},{\"@type\":\"Person\",\"@id\":\"https:\/\/www.iec2024.ec\/en\/#\/schema\/person\/7dc46e27a804fe39ba34935ca5284fe2\",\"name\":\"Secretario T\u00e9cnico\",\"image\":{\"@type\":\"ImageObject\",\"inLanguage\":\"en-US\",\"@id\":\"https:\/\/www.iec2024.ec\/en\/#\/schema\/person\/image\/\",\"url\":\"https:\/\/secure.gravatar.com\/avatar\/67808a21710148ea0645bc85e43e21b6?s=96&d=mm&r=g\",\"contentUrl\":\"https:\/\/secure.gravatar.com\/avatar\/67808a21710148ea0645bc85e43e21b6?s=96&d=mm&r=g\",\"caption\":\"Secretario T\u00e9cnico\"},\"url\":\"https:\/\/www.iec2024.ec\/en\/author\/4dm1ns3cr3t4r10\/\"}]}<\/script>\n<!-- \/ Yoast SEO plugin. -->","yoast_head_json":{"title":"Caravana de la Fraternidad lleg\u00f3 a Manab\u00ed para socializar el mensaje del IEC 2024 - IEC 2024","robots":{"index":"index","follow":"follow","max-snippet":"max-snippet:-1","max-image-preview":"max-image-preview:large","max-video-preview":"max-video-preview:-1"},"canonical":"https:\/\/www.iec2024.ec\/en\/caravana-fraternidad-llego-a-manabi\/","og_locale":"en_US","og_type":"article","og_title":"Caravana de la Fraternidad lleg\u00f3 a Manab\u00ed para socializar el mensaje del IEC 2024 - IEC 2024","og_description":"Portoviejo, 8 de julio de 2024 Redacci\u00f3n: Mar\u00eda Jos\u00e9 Casco Este lunes 8 de julio, en la Unidad Educativa \u201cMar\u00eda de la Merced\u201d, se reunieron rectores, docentes de religi\u00f3n y representantes del Departamento de Consejer\u00eda Estudiantil de diversas unidades educativas cat\u00f3licas y fiscomisionales de Manta y Portoviejo para socializar el mensaje del IEC 2024. En [&hellip;]","og_url":"https:\/\/www.iec2024.ec\/en\/caravana-fraternidad-llego-a-manabi\/","og_site_name":"IEC 2024","article_published_time":"2024-07-08T21:10:47+00:00","article_modified_time":"2024-07-08T21:11:52+00:00","og_image":[{"width":2560,"height":1707,"url":"https:\/\/www.iec2024.ec\/wp-content\/uploads\/2024\/07\/20240708_131830330_iOS-scaled-e1720473092457.jpg","type":"image\/jpeg"}],"author":"Secretario T\u00e9cnico","twitter_card":"summary_large_image","twitter_misc":{"Written by":"Secretario T\u00e9cnico","Est. reading time":"2 minutes"},"schema":{"@context":"https:\/\/schema.org","@graph":[{"@type":"Article","@id":"https:\/\/www.iec2024.ec\/en\/caravana-fraternidad-llego-a-manabi\/#article","isPartOf":{"@id":"https:\/\/www.iec2024.ec\/en\/caravana-fraternidad-llego-a-manabi\/"},"author":{"name":"Secretario T\u00e9cnico","@id":"https:\/\/www.iec2024.ec\/en\/#\/schema\/person\/7dc46e27a804fe39ba34935ca5284fe2"},"headline":"Caravana de la Fraternidad lleg\u00f3 a Manab\u00ed para socializar el mensaje del IEC 2024","datePublished":"2024-07-08T21:10:47+00:00","dateModified":"2024-07-08T21:11:52+00:00","mainEntityOfPage":{"@id":"https:\/\/www.iec2024.ec\/en\/caravana-fraternidad-llego-a-manabi\/"},"wordCount":465,"publisher":{"@id":"https:\/\/www.iec2024.ec\/en\/#organization"},"articleSection":["News"],"inLanguage":"en-US"},{"@type":"WebPage","@id":"https:\/\/www.iec2024.ec\/en\/caravana-fraternidad-llego-a-manabi\/","url":"https:\/\/www.iec2024.ec\/en\/caravana-fraternidad-llego-a-manabi\/","name":"Caravana de la Fraternidad lleg\u00f3 a Manab\u00ed para socializar el mensaje del IEC 2024 - IEC 2024","isPartOf":{"@id":"https:\/\/www.iec2024.ec\/en\/#website"},"datePublished":"2024-07-08T21:10:47+00:00","dateModified":"2024-07-08T21:11:52+00:00","breadcrumb":{"@id":"https:\/\/www.iec2024.ec\/en\/caravana-fraternidad-llego-a-manabi\/#breadcrumb"},"inLanguage":"en-US","potentialAction":[{"@type":"ReadAction","target":["https:\/\/www.iec2024.ec\/en\/caravana-fraternidad-llego-a-manabi\/"]}]},{"@type":"BreadcrumbList","@id":"https:\/\/www.iec2024.ec\/en\/caravana-fraternidad-llego-a-manabi\/#breadcrumb","itemListElement":[{"@type":"ListItem","position":1,"name":"Portada","item":"https:\/\/www.iec2024.ec\/en\/"},{"@type":"ListItem","position":2,"name":"Caravana de la Fraternidad lleg\u00f3 a Manab\u00ed para socializar el mensaje del IEC 2024"}]},{"@type":"WebSite","@id":"https:\/\/www.iec2024.ec\/en\/#website","url":"https:\/\/www.iec2024.ec\/en\/","name":"IEC 2024","description":"","publisher":{"@id":"https:\/\/www.iec2024.ec\/en\/#organization"},"potentialAction":[{"@type":"SearchAction","target":{"@type":"EntryPoint","urlTemplate":"https:\/\/www.iec2024.ec\/en\/?s={search_term_string}"},"query-input":"required name=search_term_string"}],"inLanguage":"en-US"},{"@type":"Organization","@id":"https:\/\/www.iec2024.ec\/en\/#organization","name":"IEC 2024","url":"https:\/\/www.iec2024.ec\/en\/","logo":{"@type":"ImageObject","inLanguage":"en-US","@id":"https:\/\/www.iec2024.ec\/en\/#\/schema\/logo\/image\/","url":"https:\/\/www.iec2024.ec\/wp-content\/uploads\/2024\/01\/cropped-logo-2024.png","contentUrl":"https:\/\/www.iec2024.ec\/wp-content\/uploads\/2024\/01\/cropped-logo-2024.png","width":1277,"height":332,"caption":"IEC 2024"},"image":{"@id":"https:\/\/www.iec2024.ec\/en\/#\/schema\/logo\/image\/"}},{"@type":"Person","@id":"https:\/\/www.iec2024.ec\/en\/#\/schema\/person\/7dc46e27a804fe39ba34935ca5284fe2","name":"Secretario T\u00e9cnico","image":{"@type":"ImageObject","inLanguage":"en-US","@id":"https:\/\/www.iec2024.ec\/en\/#\/schema\/person\/image\/","url":"https:\/\/secure.gravatar.com\/avatar\/67808a21710148ea0645bc85e43e21b6?s=96&d=mm&r=g","contentUrl":"https:\/\/secure.gravatar.com\/avatar\/67808a21710148ea0645bc85e43e21b6?s=96&d=mm&r=g","caption":"Secretario T\u00e9cnico"},"url":"https:\/\/www.iec2024.ec\/en\/author\/4dm1ns3cr3t4r10\/"}]}},"_links":{"self":[{"href":"https:\/\/www.iec2024.ec\/en\/wp-json\/wp\/v2\/posts\/18774"}],"collection":[{"href":"https:\/\/www.iec2024.ec\/en\/wp-json\/wp\/v2\/posts"}],"about":[{"href":"https:\/\/www.iec2024.ec\/en\/wp-json\/wp\/v2\/types\/post"}],"author":[{"embeddable":true,"href":"https:\/\/www.iec2024.ec\/en\/wp-json\/wp\/v2\/users\/2"}],"replies":[{"embeddable":true,"href":"https:\/\/www.iec2024.ec\/en\/wp-json\/wp\/v2\/comments?post=18774"}],"version-history":[{"count":1,"href":"https:\/\/www.iec2024.ec\/en\/wp-json\/wp\/v2\/posts\/18774\/revisions"}],"predecessor-version":[{"id":18775,"href":"https:\/\/www.iec2024.ec\/en\/wp-json\/wp\/v2\/posts\/18774\/revisions\/18775"}],"wp:featuredmedia":[{"embeddable":true,"href":"https:\/\/www.iec2024.ec\/en\/wp-json\/wp\/v2\/media\/18752"}],"wp:attachment":[{"href":"https:\/\/www.iec2024.ec\/en\/wp-json\/wp\/v2\/media?parent=18774"}],"wp:term":[{"taxonomy":"category","embeddable":true,"href":"https:\/\/www.iec2024.ec\/en\/wp-json\/wp\/v2\/categories?post=18774"},{"taxonomy":"post_tag","embeddable":true,"href":"https:\/\/www.iec2024.ec\/en\/wp-json\/wp\/v2\/tags?post=18774"}],"curies":[{"name":"wp","href":"https:\/\/api.w.org\/{rel}","templated":true}]}}