{"id":18844,"date":"2024-07-10T16:12:12","date_gmt":"2024-07-10T21:12:12","guid":{"rendered":"https:\/\/www.iec2024.ec\/radio-maria\/"},"modified":"2024-07-10T16:13:28","modified_gmt":"2024-07-10T21:13:28","slug":"radio-maria","status":"publish","type":"post","link":"https:\/\/www.iec2024.ec\/en\/radio-maria\/","title":{"rendered":"\u00bfQu\u00e9 actividades se realizar\u00e1n en el IEC 2024? &#8211; Radio Mar\u00eda"},"content":{"rendered":"<p>Fuente: <strong><span style=\"color: #000080;\"><a style=\"color: #000080;\" href=\"https:\/\/www.radiomariaecuador.org\/publicacion.php?p=477\">Radio Mar\u00eda <\/a><\/span><\/strong><\/p>\n<p>El 53\u00b0 Congreso Eucar\u00edstico Internacional <strong>se celebrar\u00e1 en Quito del 8 al 15 de septiembre de 2024<\/strong>\u00a0bajo el lema &#8220;Fraternidad para sanar el mundo&#8221;. Este evento reunir\u00e1 a laicos, religiosos, sacerdotes y obispos en el Centro de Convenciones Metropolitano de Quito, un lugar moderno y funcional ideal para grandes eventos. El congreso<strong>\u00a0incluir\u00e1 conferencias, testimonios, catequesis eucar\u00edsticas y celebraciones eucar\u00edsticas<\/strong>\u00a0en diversas iglesias patrimoniales de Quito.\u00a0El programa del Congreso est\u00e1 dividido en varios d\u00edas, cada uno con un tema central. El<strong>\u00a0primer d\u00eda, &#8220;Mundo Herido&#8221;<\/strong>, contar\u00e1 con ponencias de Juan Manuel Cotelo y testimonios de figuras como el Cardenal Luis Jos\u00e9 Rueda Aparicio. El\u00a0<strong>segundo d\u00eda, &#8220;Fraternidad redimida en Cristo&#8221;<\/strong>, incluir\u00e1 una conferencia de la Hna. Daniela Cannavina y testimonios sobre figuras hist\u00f3ricas de la fe. El\u00a0<strong>tercer d\u00eda se centrar\u00e1 en &#8220;Eucarist\u00eda y transfiguraci\u00f3n del mundo&#8221;<\/strong>, con ponencias de\u00a0Mons. Andrew Cozzens y Mons. Jos\u00e9 Ignacio Munilla.<\/p>\n<p>Las<strong>\u00a0inscripciones ya est\u00e1n abiertas,\u00a0<\/strong>los costos de inscripci\u00f3n var\u00edan seg\u00fan la fecha de registro y la procedencia de los participantes, con tarifas diferenciadas para nacionales y extranjeros. La inscripci\u00f3n incluye el acceso a todas las actividades del congreso, un kit con materiales, una aplicaci\u00f3n con contenido digital y la participaci\u00f3n en las eucarist\u00edas de apertura y clausura.\u00a0<strong>No incluye hospedaje, alimentaci\u00f3n ni transporte.<\/strong>\u00a0Adem\u00e1s de las actividades formativas,\u00a0<strong>el Congreso incluir\u00e1 momentos culturales y eucarist\u00edas en varios idiomas,<\/strong>\u00a0celebradas en iglesias hist\u00f3ricas del centro de Quito. Estos eventos buscan no solo profundizar en la fe, sino tambi\u00e9n resaltar el patrimonio cultural y religioso de Ecuador. Los participantes tendr\u00e1n la oportunidad de explorar Quito, una ciudad declarada Patrimonio de la Humanidad por la UNESCO, y sumergirse en su rica historia y tradici\u00f3n.<\/p>\n<p>Noticia completa: <strong><span style=\"color: #000080;\"><a style=\"color: #000080;\" href=\"https:\/\/www.radiomariaecuador.org\/publicacion.php?p=477\">Radio Mar\u00eda<\/a><\/span><\/strong><\/p>\n","protected":false},"excerpt":{"rendered":"<p>Fuente: Radio Mar\u00eda El 53\u00b0 Congreso Eucar\u00edstico Internacional se celebrar\u00e1 en Quito del 8 al 15 de septiembre de 2024\u00a0bajo el lema &#8220;Fraternidad para sanar el mundo&#8221;. Este evento reunir\u00e1 a laicos, religiosos, sacerdotes y obispos en el Centro de Convenciones Metropolitano de Quito, un lugar moderno y funcional ideal para grandes eventos. El congreso\u00a0incluir\u00e1 [&hellip;]<\/p>\n","protected":false},"author":2,"featured_media":18841,"comment_status":"closed","ping_status":"closed","sticky":false,"template":"","format":"standard","meta":{"footnotes":""},"categories":[120],"tags":[],"acf":[],"yoast_head":"<!-- This site is optimized with the Yoast SEO plugin v21.1 - https:\/\/yoast.com\/wordpress\/plugins\/seo\/ -->\n<title>\u00bfQu\u00e9 actividades se realizar\u00e1n en el IEC 2024? - Radio Mar\u00eda - IEC 2024<\/title>\n<meta name=\"robots\" content=\"index, follow, max-snippet:-1, max-image-preview:large, max-video-preview:-1\" \/>\n<link rel=\"canonical\" href=\"https:\/\/www.iec2024.ec\/en\/radio-maria\/\" \/>\n<meta property=\"og:locale\" content=\"en_US\" \/>\n<meta property=\"og:type\" content=\"article\" \/>\n<meta property=\"og:title\" content=\"\u00bfQu\u00e9 actividades se realizar\u00e1n en el IEC 2024? - Radio Mar\u00eda - IEC 2024\" \/>\n<meta property=\"og:description\" content=\"Fuente: Radio Mar\u00eda El 53\u00b0 Congreso Eucar\u00edstico Internacional se celebrar\u00e1 en Quito del 8 al 15 de septiembre de 2024\u00a0bajo el lema &#8220;Fraternidad para sanar el mundo&#8221;. Este evento reunir\u00e1 a laicos, religiosos, sacerdotes y obispos en el Centro de Convenciones Metropolitano de Quito, un lugar moderno y funcional ideal para grandes eventos. El congreso\u00a0incluir\u00e1 [&hellip;]\" \/>\n<meta property=\"og:url\" content=\"https:\/\/www.iec2024.ec\/en\/radio-maria\/\" \/>\n<meta property=\"og:site_name\" content=\"IEC 2024\" \/>\n<meta property=\"article:published_time\" content=\"2024-07-10T21:12:12+00:00\" \/>\n<meta property=\"article:modified_time\" content=\"2024-07-10T21:13:28+00:00\" \/>\n<meta property=\"og:image\" content=\"https:\/\/www.iec2024.ec\/wp-content\/uploads\/2024\/07\/baner-iec-2024.png\" \/>\n\t<meta property=\"og:image:width\" content=\"688\" \/>\n\t<meta property=\"og:image:height\" content=\"459\" \/>\n\t<meta property=\"og:image:type\" content=\"image\/png\" \/>\n<meta name=\"author\" content=\"Secretario T\u00e9cnico\" \/>\n<meta name=\"twitter:card\" content=\"summary_large_image\" \/>\n<meta name=\"twitter:label1\" content=\"Written by\" \/>\n\t<meta name=\"twitter:data1\" content=\"Secretario T\u00e9cnico\" \/>\n\t<meta name=\"twitter:label2\" content=\"Est. reading time\" \/>\n\t<meta name=\"twitter:data2\" content=\"2 minutes\" \/>\n<script type=\"application\/ld+json\" class=\"yoast-schema-graph\">{\"@context\":\"https:\/\/schema.org\",\"@graph\":[{\"@type\":\"Article\",\"@id\":\"https:\/\/www.iec2024.ec\/en\/radio-maria\/#article\",\"isPartOf\":{\"@id\":\"https:\/\/www.iec2024.ec\/en\/radio-maria\/\"},\"author\":{\"name\":\"Secretario T\u00e9cnico\",\"@id\":\"https:\/\/www.iec2024.ec\/en\/#\/schema\/person\/7dc46e27a804fe39ba34935ca5284fe2\"},\"headline\":\"\u00bfQu\u00e9 actividades se realizar\u00e1n en el IEC 2024? &#8211; Radio Mar\u00eda\",\"datePublished\":\"2024-07-10T21:12:12+00:00\",\"dateModified\":\"2024-07-10T21:13:28+00:00\",\"mainEntityOfPage\":{\"@id\":\"https:\/\/www.iec2024.ec\/en\/radio-maria\/\"},\"wordCount\":324,\"publisher\":{\"@id\":\"https:\/\/www.iec2024.ec\/en\/#organization\"},\"articleSection\":[\"IEC in media\"],\"inLanguage\":\"en-US\"},{\"@type\":\"WebPage\",\"@id\":\"https:\/\/www.iec2024.ec\/en\/radio-maria\/\",\"url\":\"https:\/\/www.iec2024.ec\/en\/radio-maria\/\",\"name\":\"\u00bfQu\u00e9 actividades se realizar\u00e1n en el IEC 2024? - Radio Mar\u00eda - IEC 2024\",\"isPartOf\":{\"@id\":\"https:\/\/www.iec2024.ec\/en\/#website\"},\"datePublished\":\"2024-07-10T21:12:12+00:00\",\"dateModified\":\"2024-07-10T21:13:28+00:00\",\"breadcrumb\":{\"@id\":\"https:\/\/www.iec2024.ec\/en\/radio-maria\/#breadcrumb\"},\"inLanguage\":\"en-US\",\"potentialAction\":[{\"@type\":\"ReadAction\",\"target\":[\"https:\/\/www.iec2024.ec\/en\/radio-maria\/\"]}]},{\"@type\":\"BreadcrumbList\",\"@id\":\"https:\/\/www.iec2024.ec\/en\/radio-maria\/#breadcrumb\",\"itemListElement\":[{\"@type\":\"ListItem\",\"position\":1,\"name\":\"Portada\",\"item\":\"https:\/\/www.iec2024.ec\/en\/\"},{\"@type\":\"ListItem\",\"position\":2,\"name\":\"\u00bfQu\u00e9 actividades se realizar\u00e1n en el IEC 2024? &#8211; Radio Mar\u00eda\"}]},{\"@type\":\"WebSite\",\"@id\":\"https:\/\/www.iec2024.ec\/en\/#website\",\"url\":\"https:\/\/www.iec2024.ec\/en\/\",\"name\":\"IEC 2024\",\"description\":\"\",\"publisher\":{\"@id\":\"https:\/\/www.iec2024.ec\/en\/#organization\"},\"potentialAction\":[{\"@type\":\"SearchAction\",\"target\":{\"@type\":\"EntryPoint\",\"urlTemplate\":\"https:\/\/www.iec2024.ec\/en\/?s={search_term_string}\"},\"query-input\":\"required name=search_term_string\"}],\"inLanguage\":\"en-US\"},{\"@type\":\"Organization\",\"@id\":\"https:\/\/www.iec2024.ec\/en\/#organization\",\"name\":\"IEC 2024\",\"url\":\"https:\/\/www.iec2024.ec\/en\/\",\"logo\":{\"@type\":\"ImageObject\",\"inLanguage\":\"en-US\",\"@id\":\"https:\/\/www.iec2024.ec\/en\/#\/schema\/logo\/image\/\",\"url\":\"https:\/\/www.iec2024.ec\/wp-content\/uploads\/2024\/01\/cropped-logo-2024.png\",\"contentUrl\":\"https:\/\/www.iec2024.ec\/wp-content\/uploads\/2024\/01\/cropped-logo-2024.png\",\"width\":1277,\"height\":332,\"caption\":\"IEC 2024\"},\"image\":{\"@id\":\"https:\/\/www.iec2024.ec\/en\/#\/schema\/logo\/image\/\"}},{\"@type\":\"Person\",\"@id\":\"https:\/\/www.iec2024.ec\/en\/#\/schema\/person\/7dc46e27a804fe39ba34935ca5284fe2\",\"name\":\"Secretario T\u00e9cnico\",\"image\":{\"@type\":\"ImageObject\",\"inLanguage\":\"en-US\",\"@id\":\"https:\/\/www.iec2024.ec\/en\/#\/schema\/person\/image\/\",\"url\":\"https:\/\/secure.gravatar.com\/avatar\/67808a21710148ea0645bc85e43e21b6?s=96&d=mm&r=g\",\"contentUrl\":\"https:\/\/secure.gravatar.com\/avatar\/67808a21710148ea0645bc85e43e21b6?s=96&d=mm&r=g\",\"caption\":\"Secretario T\u00e9cnico\"},\"url\":\"https:\/\/www.iec2024.ec\/en\/author\/4dm1ns3cr3t4r10\/\"}]}<\/script>\n<!-- \/ Yoast SEO plugin. -->","yoast_head_json":{"title":"\u00bfQu\u00e9 actividades se realizar\u00e1n en el IEC 2024? - Radio Mar\u00eda - IEC 2024","robots":{"index":"index","follow":"follow","max-snippet":"max-snippet:-1","max-image-preview":"max-image-preview:large","max-video-preview":"max-video-preview:-1"},"canonical":"https:\/\/www.iec2024.ec\/en\/radio-maria\/","og_locale":"en_US","og_type":"article","og_title":"\u00bfQu\u00e9 actividades se realizar\u00e1n en el IEC 2024? - Radio Mar\u00eda - IEC 2024","og_description":"Fuente: Radio Mar\u00eda El 53\u00b0 Congreso Eucar\u00edstico Internacional se celebrar\u00e1 en Quito del 8 al 15 de septiembre de 2024\u00a0bajo el lema &#8220;Fraternidad para sanar el mundo&#8221;. Este evento reunir\u00e1 a laicos, religiosos, sacerdotes y obispos en el Centro de Convenciones Metropolitano de Quito, un lugar moderno y funcional ideal para grandes eventos. El congreso\u00a0incluir\u00e1 [&hellip;]","og_url":"https:\/\/www.iec2024.ec\/en\/radio-maria\/","og_site_name":"IEC 2024","article_published_time":"2024-07-10T21:12:12+00:00","article_modified_time":"2024-07-10T21:13:28+00:00","og_image":[{"width":688,"height":459,"url":"https:\/\/www.iec2024.ec\/wp-content\/uploads\/2024\/07\/baner-iec-2024.png","type":"image\/png"}],"author":"Secretario T\u00e9cnico","twitter_card":"summary_large_image","twitter_misc":{"Written by":"Secretario T\u00e9cnico","Est. reading time":"2 minutes"},"schema":{"@context":"https:\/\/schema.org","@graph":[{"@type":"Article","@id":"https:\/\/www.iec2024.ec\/en\/radio-maria\/#article","isPartOf":{"@id":"https:\/\/www.iec2024.ec\/en\/radio-maria\/"},"author":{"name":"Secretario T\u00e9cnico","@id":"https:\/\/www.iec2024.ec\/en\/#\/schema\/person\/7dc46e27a804fe39ba34935ca5284fe2"},"headline":"\u00bfQu\u00e9 actividades se realizar\u00e1n en el IEC 2024? &#8211; Radio Mar\u00eda","datePublished":"2024-07-10T21:12:12+00:00","dateModified":"2024-07-10T21:13:28+00:00","mainEntityOfPage":{"@id":"https:\/\/www.iec2024.ec\/en\/radio-maria\/"},"wordCount":324,"publisher":{"@id":"https:\/\/www.iec2024.ec\/en\/#organization"},"articleSection":["IEC in media"],"inLanguage":"en-US"},{"@type":"WebPage","@id":"https:\/\/www.iec2024.ec\/en\/radio-maria\/","url":"https:\/\/www.iec2024.ec\/en\/radio-maria\/","name":"\u00bfQu\u00e9 actividades se realizar\u00e1n en el IEC 2024? - Radio Mar\u00eda - IEC 2024","isPartOf":{"@id":"https:\/\/www.iec2024.ec\/en\/#website"},"datePublished":"2024-07-10T21:12:12+00:00","dateModified":"2024-07-10T21:13:28+00:00","breadcrumb":{"@id":"https:\/\/www.iec2024.ec\/en\/radio-maria\/#breadcrumb"},"inLanguage":"en-US","potentialAction":[{"@type":"ReadAction","target":["https:\/\/www.iec2024.ec\/en\/radio-maria\/"]}]},{"@type":"BreadcrumbList","@id":"https:\/\/www.iec2024.ec\/en\/radio-maria\/#breadcrumb","itemListElement":[{"@type":"ListItem","position":1,"name":"Portada","item":"https:\/\/www.iec2024.ec\/en\/"},{"@type":"ListItem","position":2,"name":"\u00bfQu\u00e9 actividades se realizar\u00e1n en el IEC 2024? &#8211; Radio Mar\u00eda"}]},{"@type":"WebSite","@id":"https:\/\/www.iec2024.ec\/en\/#website","url":"https:\/\/www.iec2024.ec\/en\/","name":"IEC 2024","description":"","publisher":{"@id":"https:\/\/www.iec2024.ec\/en\/#organization"},"potentialAction":[{"@type":"SearchAction","target":{"@type":"EntryPoint","urlTemplate":"https:\/\/www.iec2024.ec\/en\/?s={search_term_string}"},"query-input":"required name=search_term_string"}],"inLanguage":"en-US"},{"@type":"Organization","@id":"https:\/\/www.iec2024.ec\/en\/#organization","name":"IEC 2024","url":"https:\/\/www.iec2024.ec\/en\/","logo":{"@type":"ImageObject","inLanguage":"en-US","@id":"https:\/\/www.iec2024.ec\/en\/#\/schema\/logo\/image\/","url":"https:\/\/www.iec2024.ec\/wp-content\/uploads\/2024\/01\/cropped-logo-2024.png","contentUrl":"https:\/\/www.iec2024.ec\/wp-content\/uploads\/2024\/01\/cropped-logo-2024.png","width":1277,"height":332,"caption":"IEC 2024"},"image":{"@id":"https:\/\/www.iec2024.ec\/en\/#\/schema\/logo\/image\/"}},{"@type":"Person","@id":"https:\/\/www.iec2024.ec\/en\/#\/schema\/person\/7dc46e27a804fe39ba34935ca5284fe2","name":"Secretario T\u00e9cnico","image":{"@type":"ImageObject","inLanguage":"en-US","@id":"https:\/\/www.iec2024.ec\/en\/#\/schema\/person\/image\/","url":"https:\/\/secure.gravatar.com\/avatar\/67808a21710148ea0645bc85e43e21b6?s=96&d=mm&r=g","contentUrl":"https:\/\/secure.gravatar.com\/avatar\/67808a21710148ea0645bc85e43e21b6?s=96&d=mm&r=g","caption":"Secretario T\u00e9cnico"},"url":"https:\/\/www.iec2024.ec\/en\/author\/4dm1ns3cr3t4r10\/"}]}},"_links":{"self":[{"href":"https:\/\/www.iec2024.ec\/en\/wp-json\/wp\/v2\/posts\/18844"}],"collection":[{"href":"https:\/\/www.iec2024.ec\/en\/wp-json\/wp\/v2\/posts"}],"about":[{"href":"https:\/\/www.iec2024.ec\/en\/wp-json\/wp\/v2\/types\/post"}],"author":[{"embeddable":true,"href":"https:\/\/www.iec2024.ec\/en\/wp-json\/wp\/v2\/users\/2"}],"replies":[{"embeddable":true,"href":"https:\/\/www.iec2024.ec\/en\/wp-json\/wp\/v2\/comments?post=18844"}],"version-history":[{"count":1,"href":"https:\/\/www.iec2024.ec\/en\/wp-json\/wp\/v2\/posts\/18844\/revisions"}],"predecessor-version":[{"id":18845,"href":"https:\/\/www.iec2024.ec\/en\/wp-json\/wp\/v2\/posts\/18844\/revisions\/18845"}],"wp:featuredmedia":[{"embeddable":true,"href":"https:\/\/www.iec2024.ec\/en\/wp-json\/wp\/v2\/media\/18841"}],"wp:attachment":[{"href":"https:\/\/www.iec2024.ec\/en\/wp-json\/wp\/v2\/media?parent=18844"}],"wp:term":[{"taxonomy":"category","embeddable":true,"href":"https:\/\/www.iec2024.ec\/en\/wp-json\/wp\/v2\/categories?post=18844"},{"taxonomy":"post_tag","embeddable":true,"href":"https:\/\/www.iec2024.ec\/en\/wp-json\/wp\/v2\/tags?post=18844"}],"curies":[{"name":"wp","href":"https:\/\/api.w.org\/{rel}","templated":true}]}}