{"id":18979,"date":"2024-07-12T10:02:21","date_gmt":"2024-07-12T15:02:21","guid":{"rendered":"https:\/\/www.iec2024.ec\/evangeliario-diocesis-de-babahoyo\/"},"modified":"2024-07-12T10:34:24","modified_gmt":"2024-07-12T15:34:24","slug":"evangeliario-diocesis-de-babahoyo","status":"publish","type":"post","link":"https:\/\/www.iec2024.ec\/en\/evangeliario-diocesis-de-babahoyo\/","title":{"rendered":"El Evangeliario del IEC 2024 recorri\u00f3 la Di\u00f3cesis de Babahoyo"},"content":{"rendered":"<p><b>Babahoyo, 12 de julio de 2024<\/b><\/p>\n<p><b>Redacci\u00f3n: Mar\u00eda Jos\u00e9 Casco<\/b><\/p>\n<p><span style=\"font-weight: 400;\">Del 27 de junio al 12 de julio, el Evangeliario, s\u00edmbolo del 53\u00ba Congreso Eucar\u00edstico Internacional (IEC 2024), recorri\u00f3 las parroquias de la Di\u00f3cesis de Babahoyo.\u00a0 <\/span><b>En su visita, comparti\u00f3 un mensaje de fe y unidad a la comunidad cat\u00f3lica de esta jurisdicci\u00f3n eclesial.<\/b><\/p>\n<p><span style=\"font-weight: 400;\">La recepci\u00f3n del Evangeliario se realiz\u00f3 de manera solemne en la parroquia \u201cNuestra Se\u00f1ora del Cisne\u201d, Patricia Pilar, donde se celebr\u00f3 una Santa Misa <\/span><span style=\"font-weight: 400;\">presidida por su Obispo, Mons. Skiper Y\u00e1nez y concelebrada por los sacerdotes, di\u00e1conos y fieles presentes.<\/span><span style=\"font-weight: 400;\">\u00a0 A partir de ah\u00ed, la peregrinaci\u00f3n recorri\u00f3 diversas parroquias de la Di\u00f3cesis.<\/span><\/p>\n<p><span style=\"font-weight: 400;\">En la parroquia Santa Rosa de Lima, San Carlos, la llegada del Evangeliario fue motivo de especial bendici\u00f3n. Durante la Santa Misa los fieles pidieron de manera especial por el pueblo y por la paz en el Ecuador.\u00a0<\/span><\/p>\n<p><b>Evangeliario, portador de paz y esperanza<\/b><\/p>\n<p><span style=\"font-weight: 400;\">Karen Litardo, fiel cat\u00f3lica, asegur\u00f3 que la visita del Evangeliario a la comunidad parroquial fue una experiencia maravillosa.<\/span><b> \u201cLa llegada del Evangeliario tuvo una visita interna,\u00a0 pues lleg\u00f3 a nuestros corazones, para que desde nuestros corazones broten toda la fe, la paz y la esperanza, para vivir mejores d\u00edas como comunidad parroquial\u201d.\u00a0<\/b><\/p>\n<p><span style=\"font-weight: 400;\">En la parroquia \u201cLa Dolorosa\u201d se vivi\u00f3 una jornada cargada de fervor y emoci\u00f3n. La emoci\u00f3n de los catequistas, monaguillos y el resto de la comunidad fue\u00a0 evidente. \u201cVivamos este d\u00eda con fervor y oraci\u00f3n&#8221;, se destac\u00f3 en su comunicado.<\/span><\/p>\n<p><span style=\"font-weight: 400;\">En el cant\u00f3n Ventanas, las parroquias Virgen de Guadalupe y Sagrado Coraz\u00f3n de Jes\u00fas tambi\u00e9n fueron part\u00edcipes de esta significativa visita. En la \u00faltima parroquia, el P. John Arauz, Vicario Episcopal, presidi\u00f3 la Santa Misa con la presencia de grupos pastorales.\u00a0<\/span><\/p>\n<p><span style=\"font-weight: 400;\">La comunidad cat\u00f3lica de la parroquia San Lorenzo, Vinces, realiz\u00f3 la celebraci\u00f3n eucar\u00edstica durante el primer viernes del mes dedicado al Sagrado Coraz\u00f3n de Jes\u00fas y el segundo d\u00eda de las cuarenta horas de adoraci\u00f3n al Sant\u00edsimo Sacramento.<\/span><\/p>\n<p><b>El s\u00edmbolo del IEC 2024 convoca a la fraternidad y unidad, en la fe<\/b><\/p>\n<p><span style=\"font-weight: 400;\">La parroquia \u201cNuestra Se\u00f1ora del Carmen\u201d, en Catarama, inici\u00f3 sus fiestas patronales en honor a Nuestra Madre Sant\u00edsima del Carmen con la llegada del Evangeliario. La imagen de la Virgen del Carmen recorri\u00f3 las calles de Catarama y Ricaurte hasta su llegada al Templo San Pedro Ap\u00f3stol. <\/span><b>En el lugar, los fieles celebraron la Eucarist\u00eda y en torno al altar del Se\u00f1or, se iniciaron oficialmente las festividades.\u00a0\u00a0<\/b><\/p>\n<p><span style=\"font-weight: 400;\">En la parroquia \u201cSagrada Familia\u201d celebr\u00f3 la posesi\u00f3n del Rvdo. P. James Escobar Ayo, como nuevo p\u00e1rroco, durante la Santa Eucarist\u00eda presidida por Mons. Skiper Y\u00e1nez. &#8220;Oremos por el P. James Escobar Ayo y su Ministerio como P\u00e1rroco&#8221;, pidieron los fieles.<\/span><\/p>\n<p><span style=\"font-weight: 400;\">En las parroquias de San Juan Bautista y San Francisco de As\u00eds, en Baba, la comunidad se congreg\u00f3 para recibir el Evangeliario con una solemne Eucarist\u00eda, destacando la importancia de la unidad y la fe.<\/span><\/p>\n<p><span style=\"font-weight: 400;\">En la parroquia \u201cNuestra Se\u00f1ora de F\u00e1tima\u201d, los fieles se movilizaron hasta la parroquia San Francisco de As\u00eds, en Baba, para traer el Evangeliario y celebrar la Santa Misa, culminando con una procesi\u00f3n hacia la parroquia Cristo Resucitado.<\/span><\/p>\n<p><span style=\"font-weight: 400;\">En la parroquia San Antonio de Padua, Montalvo, los fieles recibieron el Evangeliario, renovando su compromiso con la Eucarist\u00eda y la fraternidad cristiana.<\/span><\/p>\n<p><span style=\"font-weight: 400;\">Este recorrido del Evangeliario por la Di\u00f3cesis de Babahoyo ha sido una muestra tangible de la preparaci\u00f3n espiritual hacia el IEC 2024, fortaleciendo la fe y la fraternidad en cada rinc\u00f3n visitado.<\/span><\/p>\n","protected":false},"excerpt":{"rendered":"<p>Babahoyo, 12 de julio de 2024 Redacci\u00f3n: Mar\u00eda Jos\u00e9 Casco Del 27 de junio al 12 de julio, el Evangeliario, s\u00edmbolo del 53\u00ba Congreso Eucar\u00edstico Internacional (IEC 2024), recorri\u00f3 las parroquias de la Di\u00f3cesis de Babahoyo.\u00a0 En su visita, comparti\u00f3 un mensaje de fe y unidad a la comunidad cat\u00f3lica de esta jurisdicci\u00f3n eclesial. La [&hellip;]<\/p>\n","protected":false},"author":2,"featured_media":18939,"comment_status":"closed","ping_status":"closed","sticky":false,"template":"","format":"standard","meta":{"footnotes":""},"categories":[33],"tags":[],"acf":[],"yoast_head":"<!-- This site is optimized with the Yoast SEO plugin v21.1 - https:\/\/yoast.com\/wordpress\/plugins\/seo\/ -->\n<title>El Evangeliario del IEC 2024 recorri\u00f3 la Di\u00f3cesis de Babahoyo - IEC 2024<\/title>\n<meta name=\"robots\" content=\"index, follow, max-snippet:-1, max-image-preview:large, max-video-preview:-1\" \/>\n<link rel=\"canonical\" href=\"https:\/\/www.iec2024.ec\/en\/evangeliario-diocesis-de-babahoyo\/\" \/>\n<meta property=\"og:locale\" content=\"en_US\" \/>\n<meta property=\"og:type\" content=\"article\" \/>\n<meta property=\"og:title\" content=\"El Evangeliario del IEC 2024 recorri\u00f3 la Di\u00f3cesis de Babahoyo - IEC 2024\" \/>\n<meta property=\"og:description\" content=\"Babahoyo, 12 de julio de 2024 Redacci\u00f3n: Mar\u00eda Jos\u00e9 Casco Del 27 de junio al 12 de julio, el Evangeliario, s\u00edmbolo del 53\u00ba Congreso Eucar\u00edstico Internacional (IEC 2024), recorri\u00f3 las parroquias de la Di\u00f3cesis de Babahoyo.\u00a0 En su visita, comparti\u00f3 un mensaje de fe y unidad a la comunidad cat\u00f3lica de esta jurisdicci\u00f3n eclesial. La [&hellip;]\" \/>\n<meta property=\"og:url\" content=\"https:\/\/www.iec2024.ec\/en\/evangeliario-diocesis-de-babahoyo\/\" \/>\n<meta property=\"og:site_name\" content=\"IEC 2024\" \/>\n<meta property=\"article:published_time\" content=\"2024-07-12T15:02:21+00:00\" \/>\n<meta property=\"article:modified_time\" content=\"2024-07-12T15:34:24+00:00\" \/>\n<meta property=\"og:image\" content=\"https:\/\/www.iec2024.ec\/wp-content\/uploads\/2024\/07\/IMG-20240709-WA0011-e1720796204632.jpg\" \/>\n\t<meta property=\"og:image:width\" content=\"1600\" \/>\n\t<meta property=\"og:image:height\" content=\"1200\" \/>\n\t<meta property=\"og:image:type\" content=\"image\/jpeg\" \/>\n<meta name=\"author\" content=\"Secretario T\u00e9cnico\" \/>\n<meta name=\"twitter:card\" content=\"summary_large_image\" \/>\n<meta name=\"twitter:label1\" content=\"Written by\" \/>\n\t<meta name=\"twitter:data1\" content=\"Secretario T\u00e9cnico\" \/>\n\t<meta name=\"twitter:label2\" content=\"Est. reading time\" \/>\n\t<meta name=\"twitter:data2\" content=\"3 minutes\" \/>\n<script type=\"application\/ld+json\" class=\"yoast-schema-graph\">{\"@context\":\"https:\/\/schema.org\",\"@graph\":[{\"@type\":\"Article\",\"@id\":\"https:\/\/www.iec2024.ec\/en\/evangeliario-diocesis-de-babahoyo\/#article\",\"isPartOf\":{\"@id\":\"https:\/\/www.iec2024.ec\/en\/evangeliario-diocesis-de-babahoyo\/\"},\"author\":{\"name\":\"Secretario T\u00e9cnico\",\"@id\":\"https:\/\/www.iec2024.ec\/en\/#\/schema\/person\/7dc46e27a804fe39ba34935ca5284fe2\"},\"headline\":\"El Evangeliario del IEC 2024 recorri\u00f3 la Di\u00f3cesis de Babahoyo\",\"datePublished\":\"2024-07-12T15:02:21+00:00\",\"dateModified\":\"2024-07-12T15:34:24+00:00\",\"mainEntityOfPage\":{\"@id\":\"https:\/\/www.iec2024.ec\/en\/evangeliario-diocesis-de-babahoyo\/\"},\"wordCount\":627,\"publisher\":{\"@id\":\"https:\/\/www.iec2024.ec\/en\/#organization\"},\"articleSection\":[\"News\"],\"inLanguage\":\"en-US\"},{\"@type\":\"WebPage\",\"@id\":\"https:\/\/www.iec2024.ec\/en\/evangeliario-diocesis-de-babahoyo\/\",\"url\":\"https:\/\/www.iec2024.ec\/en\/evangeliario-diocesis-de-babahoyo\/\",\"name\":\"El Evangeliario del IEC 2024 recorri\u00f3 la Di\u00f3cesis de Babahoyo - IEC 2024\",\"isPartOf\":{\"@id\":\"https:\/\/www.iec2024.ec\/en\/#website\"},\"datePublished\":\"2024-07-12T15:02:21+00:00\",\"dateModified\":\"2024-07-12T15:34:24+00:00\",\"breadcrumb\":{\"@id\":\"https:\/\/www.iec2024.ec\/en\/evangeliario-diocesis-de-babahoyo\/#breadcrumb\"},\"inLanguage\":\"en-US\",\"potentialAction\":[{\"@type\":\"ReadAction\",\"target\":[\"https:\/\/www.iec2024.ec\/en\/evangeliario-diocesis-de-babahoyo\/\"]}]},{\"@type\":\"BreadcrumbList\",\"@id\":\"https:\/\/www.iec2024.ec\/en\/evangeliario-diocesis-de-babahoyo\/#breadcrumb\",\"itemListElement\":[{\"@type\":\"ListItem\",\"position\":1,\"name\":\"Portada\",\"item\":\"https:\/\/www.iec2024.ec\/en\/\"},{\"@type\":\"ListItem\",\"position\":2,\"name\":\"El Evangeliario del IEC 2024 recorri\u00f3 la Di\u00f3cesis de Babahoyo\"}]},{\"@type\":\"WebSite\",\"@id\":\"https:\/\/www.iec2024.ec\/en\/#website\",\"url\":\"https:\/\/www.iec2024.ec\/en\/\",\"name\":\"IEC 2024\",\"description\":\"\",\"publisher\":{\"@id\":\"https:\/\/www.iec2024.ec\/en\/#organization\"},\"potentialAction\":[{\"@type\":\"SearchAction\",\"target\":{\"@type\":\"EntryPoint\",\"urlTemplate\":\"https:\/\/www.iec2024.ec\/en\/?s={search_term_string}\"},\"query-input\":\"required name=search_term_string\"}],\"inLanguage\":\"en-US\"},{\"@type\":\"Organization\",\"@id\":\"https:\/\/www.iec2024.ec\/en\/#organization\",\"name\":\"IEC 2024\",\"url\":\"https:\/\/www.iec2024.ec\/en\/\",\"logo\":{\"@type\":\"ImageObject\",\"inLanguage\":\"en-US\",\"@id\":\"https:\/\/www.iec2024.ec\/en\/#\/schema\/logo\/image\/\",\"url\":\"https:\/\/www.iec2024.ec\/wp-content\/uploads\/2024\/01\/cropped-logo-2024.png\",\"contentUrl\":\"https:\/\/www.iec2024.ec\/wp-content\/uploads\/2024\/01\/cropped-logo-2024.png\",\"width\":1277,\"height\":332,\"caption\":\"IEC 2024\"},\"image\":{\"@id\":\"https:\/\/www.iec2024.ec\/en\/#\/schema\/logo\/image\/\"}},{\"@type\":\"Person\",\"@id\":\"https:\/\/www.iec2024.ec\/en\/#\/schema\/person\/7dc46e27a804fe39ba34935ca5284fe2\",\"name\":\"Secretario T\u00e9cnico\",\"image\":{\"@type\":\"ImageObject\",\"inLanguage\":\"en-US\",\"@id\":\"https:\/\/www.iec2024.ec\/en\/#\/schema\/person\/image\/\",\"url\":\"https:\/\/secure.gravatar.com\/avatar\/67808a21710148ea0645bc85e43e21b6?s=96&d=mm&r=g\",\"contentUrl\":\"https:\/\/secure.gravatar.com\/avatar\/67808a21710148ea0645bc85e43e21b6?s=96&d=mm&r=g\",\"caption\":\"Secretario T\u00e9cnico\"},\"url\":\"https:\/\/www.iec2024.ec\/en\/author\/4dm1ns3cr3t4r10\/\"}]}<\/script>\n<!-- \/ Yoast SEO plugin. -->","yoast_head_json":{"title":"El Evangeliario del IEC 2024 recorri\u00f3 la Di\u00f3cesis de Babahoyo - IEC 2024","robots":{"index":"index","follow":"follow","max-snippet":"max-snippet:-1","max-image-preview":"max-image-preview:large","max-video-preview":"max-video-preview:-1"},"canonical":"https:\/\/www.iec2024.ec\/en\/evangeliario-diocesis-de-babahoyo\/","og_locale":"en_US","og_type":"article","og_title":"El Evangeliario del IEC 2024 recorri\u00f3 la Di\u00f3cesis de Babahoyo - IEC 2024","og_description":"Babahoyo, 12 de julio de 2024 Redacci\u00f3n: Mar\u00eda Jos\u00e9 Casco Del 27 de junio al 12 de julio, el Evangeliario, s\u00edmbolo del 53\u00ba Congreso Eucar\u00edstico Internacional (IEC 2024), recorri\u00f3 las parroquias de la Di\u00f3cesis de Babahoyo.\u00a0 En su visita, comparti\u00f3 un mensaje de fe y unidad a la comunidad cat\u00f3lica de esta jurisdicci\u00f3n eclesial. La [&hellip;]","og_url":"https:\/\/www.iec2024.ec\/en\/evangeliario-diocesis-de-babahoyo\/","og_site_name":"IEC 2024","article_published_time":"2024-07-12T15:02:21+00:00","article_modified_time":"2024-07-12T15:34:24+00:00","og_image":[{"width":1600,"height":1200,"url":"https:\/\/www.iec2024.ec\/wp-content\/uploads\/2024\/07\/IMG-20240709-WA0011-e1720796204632.jpg","type":"image\/jpeg"}],"author":"Secretario T\u00e9cnico","twitter_card":"summary_large_image","twitter_misc":{"Written by":"Secretario T\u00e9cnico","Est. reading time":"3 minutes"},"schema":{"@context":"https:\/\/schema.org","@graph":[{"@type":"Article","@id":"https:\/\/www.iec2024.ec\/en\/evangeliario-diocesis-de-babahoyo\/#article","isPartOf":{"@id":"https:\/\/www.iec2024.ec\/en\/evangeliario-diocesis-de-babahoyo\/"},"author":{"name":"Secretario T\u00e9cnico","@id":"https:\/\/www.iec2024.ec\/en\/#\/schema\/person\/7dc46e27a804fe39ba34935ca5284fe2"},"headline":"El Evangeliario del IEC 2024 recorri\u00f3 la Di\u00f3cesis de Babahoyo","datePublished":"2024-07-12T15:02:21+00:00","dateModified":"2024-07-12T15:34:24+00:00","mainEntityOfPage":{"@id":"https:\/\/www.iec2024.ec\/en\/evangeliario-diocesis-de-babahoyo\/"},"wordCount":627,"publisher":{"@id":"https:\/\/www.iec2024.ec\/en\/#organization"},"articleSection":["News"],"inLanguage":"en-US"},{"@type":"WebPage","@id":"https:\/\/www.iec2024.ec\/en\/evangeliario-diocesis-de-babahoyo\/","url":"https:\/\/www.iec2024.ec\/en\/evangeliario-diocesis-de-babahoyo\/","name":"El Evangeliario del IEC 2024 recorri\u00f3 la Di\u00f3cesis de Babahoyo - IEC 2024","isPartOf":{"@id":"https:\/\/www.iec2024.ec\/en\/#website"},"datePublished":"2024-07-12T15:02:21+00:00","dateModified":"2024-07-12T15:34:24+00:00","breadcrumb":{"@id":"https:\/\/www.iec2024.ec\/en\/evangeliario-diocesis-de-babahoyo\/#breadcrumb"},"inLanguage":"en-US","potentialAction":[{"@type":"ReadAction","target":["https:\/\/www.iec2024.ec\/en\/evangeliario-diocesis-de-babahoyo\/"]}]},{"@type":"BreadcrumbList","@id":"https:\/\/www.iec2024.ec\/en\/evangeliario-diocesis-de-babahoyo\/#breadcrumb","itemListElement":[{"@type":"ListItem","position":1,"name":"Portada","item":"https:\/\/www.iec2024.ec\/en\/"},{"@type":"ListItem","position":2,"name":"El Evangeliario del IEC 2024 recorri\u00f3 la Di\u00f3cesis de Babahoyo"}]},{"@type":"WebSite","@id":"https:\/\/www.iec2024.ec\/en\/#website","url":"https:\/\/www.iec2024.ec\/en\/","name":"IEC 2024","description":"","publisher":{"@id":"https:\/\/www.iec2024.ec\/en\/#organization"},"potentialAction":[{"@type":"SearchAction","target":{"@type":"EntryPoint","urlTemplate":"https:\/\/www.iec2024.ec\/en\/?s={search_term_string}"},"query-input":"required name=search_term_string"}],"inLanguage":"en-US"},{"@type":"Organization","@id":"https:\/\/www.iec2024.ec\/en\/#organization","name":"IEC 2024","url":"https:\/\/www.iec2024.ec\/en\/","logo":{"@type":"ImageObject","inLanguage":"en-US","@id":"https:\/\/www.iec2024.ec\/en\/#\/schema\/logo\/image\/","url":"https:\/\/www.iec2024.ec\/wp-content\/uploads\/2024\/01\/cropped-logo-2024.png","contentUrl":"https:\/\/www.iec2024.ec\/wp-content\/uploads\/2024\/01\/cropped-logo-2024.png","width":1277,"height":332,"caption":"IEC 2024"},"image":{"@id":"https:\/\/www.iec2024.ec\/en\/#\/schema\/logo\/image\/"}},{"@type":"Person","@id":"https:\/\/www.iec2024.ec\/en\/#\/schema\/person\/7dc46e27a804fe39ba34935ca5284fe2","name":"Secretario T\u00e9cnico","image":{"@type":"ImageObject","inLanguage":"en-US","@id":"https:\/\/www.iec2024.ec\/en\/#\/schema\/person\/image\/","url":"https:\/\/secure.gravatar.com\/avatar\/67808a21710148ea0645bc85e43e21b6?s=96&d=mm&r=g","contentUrl":"https:\/\/secure.gravatar.com\/avatar\/67808a21710148ea0645bc85e43e21b6?s=96&d=mm&r=g","caption":"Secretario T\u00e9cnico"},"url":"https:\/\/www.iec2024.ec\/en\/author\/4dm1ns3cr3t4r10\/"}]}},"_links":{"self":[{"href":"https:\/\/www.iec2024.ec\/en\/wp-json\/wp\/v2\/posts\/18979"}],"collection":[{"href":"https:\/\/www.iec2024.ec\/en\/wp-json\/wp\/v2\/posts"}],"about":[{"href":"https:\/\/www.iec2024.ec\/en\/wp-json\/wp\/v2\/types\/post"}],"author":[{"embeddable":true,"href":"https:\/\/www.iec2024.ec\/en\/wp-json\/wp\/v2\/users\/2"}],"replies":[{"embeddable":true,"href":"https:\/\/www.iec2024.ec\/en\/wp-json\/wp\/v2\/comments?post=18979"}],"version-history":[{"count":1,"href":"https:\/\/www.iec2024.ec\/en\/wp-json\/wp\/v2\/posts\/18979\/revisions"}],"predecessor-version":[{"id":18980,"href":"https:\/\/www.iec2024.ec\/en\/wp-json\/wp\/v2\/posts\/18979\/revisions\/18980"}],"wp:featuredmedia":[{"embeddable":true,"href":"https:\/\/www.iec2024.ec\/en\/wp-json\/wp\/v2\/media\/18939"}],"wp:attachment":[{"href":"https:\/\/www.iec2024.ec\/en\/wp-json\/wp\/v2\/media?parent=18979"}],"wp:term":[{"taxonomy":"category","embeddable":true,"href":"https:\/\/www.iec2024.ec\/en\/wp-json\/wp\/v2\/categories?post=18979"},{"taxonomy":"post_tag","embeddable":true,"href":"https:\/\/www.iec2024.ec\/en\/wp-json\/wp\/v2\/tags?post=18979"}],"curies":[{"name":"wp","href":"https:\/\/api.w.org\/{rel}","templated":true}]}}