{"id":19233,"date":"2024-07-05T15:05:20","date_gmt":"2024-07-05T20:05:20","guid":{"rendered":"https:\/\/www.iec2024.ec\/laicos-se-preparan-para-iec-2024\/"},"modified":"2024-07-05T15:05:20","modified_gmt":"2024-07-05T20:05:20","slug":"laicos-se-preparan-para-iec-2024","status":"publish","type":"post","link":"https:\/\/www.iec2024.ec\/en\/laicos-se-preparan-para-iec-2024\/","title":{"rendered":"Laicos cat\u00f3licos de la Arquidi\u00f3cesis de Quito se preparan para el IEC 2024"},"content":{"rendered":"<p>Este jueves 4 de julio, en el programa radial No 64 <strong>\u201cFraternidad para sanar el mundo\u201d<\/strong>, transmitido por la se\u00f1al de Radio Mar\u00eda \u2013 Ecuador, el presidente del <strong>Consejo Arquidiocesano de Laicos<\/strong>, Patricio Heredia, dio a conocer las actividades que se llevan a cabo para <strong>propagar la fe y colaborar, desde los movimientos laicales, en el camino hacia el Congreso Eucar\u00edstico Internacional<\/strong>.<\/p>\n<p>Durante la entrevista coment\u00f3 que el Consejo Arquidiocesano de Laicos ha emprendido actividades encaminadas al IEC 2024, al participar en <strong>encuentros de formaci\u00f3n y al organizar espacios de oraci\u00f3n como el Santo Rosario de las Familias<\/strong>, llevado a cabo en el mes de diciembre de 2023.\u00a0 Indic\u00f3 tambi\u00e9n que han apoyado activamente en la <strong>campa\u00f1a \u201cDona una silla\u201d<\/strong> organizada por la <strong>Arquidi\u00f3cesis de Quito<\/strong>.<\/p>\n<p><strong>Eucarist\u00eda fuente de amor y fraternidad<\/strong><\/p>\n<p>Patricio Heredia recalc\u00f3 que es en la <strong>Santa Eucarist\u00eda donde los fieles se nutren para transmitir la fraternidad que sana las heridas del mundo.<\/strong>\u00a0 <strong>\u201cLa fraternidad la vivimos dentro el matrimonio, con los hijos, con la sociedad\u201d<\/strong>, dijo.\u00a0 Coment\u00f3 que como ministro extraordinario de la comuni\u00f3n tuvo la posibilidad de visitar por varios a\u00f1os, uno de los centros de privaci\u00f3n de libertad en Quito y l<strong>legar con el mensaje del Evangelio a corazones lastimados, sedientos del amor infinito de Dios<\/strong>.<\/p>\n<p>Mencion\u00f3 que junto a <strong>Mons. Danilo Echeverr\u00eda, Obispo Auxiliar de Quito y presidente de la Comisi\u00f3n de Liturgia del 53\u00b0 Congreso Eucar\u00edstico Internacional<\/strong>, el pasado 23 de junio, en la parroquia San Pedro de Cumbay\u00e1, se realiz\u00f3 el <strong>Primer Encuentro Vicarial de Laicos comprometidos<\/strong>.\u00a0 El acto cont\u00f3 con la participaci\u00f3n de 135 representantes de los movimientos laicales.<\/p>\n<p><strong>Cada familia ecuatoriana le pertenece al Sagrado Coraz\u00f3n de Jes\u00fas<\/strong><\/p>\n<p>El presidente del Consejo Arquidiocesano de Laicos destac\u00f3 que el domingo 30 de junio de 2024, en una solemne Eucarist\u00eda realizada en la <strong>Bas\u00edlica del Voto Nacional<\/strong> y presidida por su rector, el P. Bernardino Brice\u00f1o, o.cc.ss, conmemoraron la <strong>Consagraci\u00f3n de las familias y movimientos laicales al Sagrado Coraz\u00f3n de Jes\u00fas.<\/strong> \u201cContamos con una masiva concurrencia del pueblo cat\u00f3lico y de los movimientos laicales que con unci\u00f3n, amor, emoci\u00f3n y devoci\u00f3n participaron de la Santa Misa\u201d.<\/p>\n<p>Expres\u00f3 que dicha ceremonia de consagraci\u00f3n, se replicar\u00e1 el \u00faltimo domingo del mes de junio de cada a\u00f1o en la Bas\u00edlica, recordando que <strong>cada familia ecuatoriana le pertenece al Sagrado Coraz\u00f3n de Jes\u00fas<\/strong><em>.<\/em><\/p>\n<p><em>\u00a0<\/em><\/p>\n<p>Redacci\u00f3n: Valeria Gavilanes S.<\/p>\n","protected":false},"excerpt":{"rendered":"<p>Este jueves 4 de julio, en el programa radial No 64 \u201cFraternidad para sanar el mundo\u201d, transmitido por la se\u00f1al de Radio Mar\u00eda \u2013 Ecuador, el presidente del Consejo Arquidiocesano de Laicos, Patricio Heredia, dio a conocer las actividades que se llevan a cabo para propagar la fe y colaborar, desde los movimientos laicales, en [&hellip;]<\/p>\n","protected":false},"author":7,"featured_media":18694,"comment_status":"closed","ping_status":"closed","sticky":false,"template":"","format":"standard","meta":{"footnotes":""},"categories":[33],"tags":[],"acf":[],"yoast_head":"<!-- This site is optimized with the Yoast SEO plugin v21.1 - https:\/\/yoast.com\/wordpress\/plugins\/seo\/ -->\n<title>Laicos cat\u00f3licos de la Arquidi\u00f3cesis de Quito se preparan para el IEC 2024 - IEC 2024<\/title>\n<meta name=\"robots\" content=\"index, follow, max-snippet:-1, max-image-preview:large, max-video-preview:-1\" \/>\n<link rel=\"canonical\" href=\"https:\/\/www.iec2024.ec\/en\/laicos-se-preparan-para-iec-2024\/\" \/>\n<meta property=\"og:locale\" content=\"en_US\" \/>\n<meta property=\"og:type\" content=\"article\" \/>\n<meta property=\"og:title\" content=\"Laicos cat\u00f3licos de la Arquidi\u00f3cesis de Quito se preparan para el IEC 2024 - IEC 2024\" \/>\n<meta property=\"og:description\" content=\"Este jueves 4 de julio, en el programa radial No 64 \u201cFraternidad para sanar el mundo\u201d, transmitido por la se\u00f1al de Radio Mar\u00eda \u2013 Ecuador, el presidente del Consejo Arquidiocesano de Laicos, Patricio Heredia, dio a conocer las actividades que se llevan a cabo para propagar la fe y colaborar, desde los movimientos laicales, en [&hellip;]\" \/>\n<meta property=\"og:url\" content=\"https:\/\/www.iec2024.ec\/en\/laicos-se-preparan-para-iec-2024\/\" \/>\n<meta property=\"og:site_name\" content=\"IEC 2024\" \/>\n<meta property=\"article:published_time\" content=\"2024-07-05T20:05:20+00:00\" \/>\n<meta name=\"author\" content=\"J Marmol\" \/>\n<meta name=\"twitter:card\" content=\"summary_large_image\" \/>\n<meta name=\"twitter:label1\" content=\"Written by\" \/>\n\t<meta name=\"twitter:data1\" content=\"J Marmol\" \/>\n\t<meta name=\"twitter:label2\" content=\"Est. reading time\" \/>\n\t<meta name=\"twitter:data2\" content=\"2 minutes\" \/>\n<script type=\"application\/ld+json\" class=\"yoast-schema-graph\">{\"@context\":\"https:\/\/schema.org\",\"@graph\":[{\"@type\":\"Article\",\"@id\":\"https:\/\/www.iec2024.ec\/en\/laicos-se-preparan-para-iec-2024\/#article\",\"isPartOf\":{\"@id\":\"https:\/\/www.iec2024.ec\/en\/laicos-se-preparan-para-iec-2024\/\"},\"author\":{\"name\":\"J Marmol\",\"@id\":\"https:\/\/www.iec2024.ec\/en\/#\/schema\/person\/4a909b0744c848e07c246ad3068fce1a\"},\"headline\":\"Laicos cat\u00f3licos de la Arquidi\u00f3cesis de Quito se preparan para el IEC 2024\",\"datePublished\":\"2024-07-05T20:05:20+00:00\",\"dateModified\":\"2024-07-05T20:05:20+00:00\",\"mainEntityOfPage\":{\"@id\":\"https:\/\/www.iec2024.ec\/en\/laicos-se-preparan-para-iec-2024\/\"},\"wordCount\":433,\"publisher\":{\"@id\":\"https:\/\/www.iec2024.ec\/en\/#organization\"},\"articleSection\":[\"News\"],\"inLanguage\":\"en-US\"},{\"@type\":\"WebPage\",\"@id\":\"https:\/\/www.iec2024.ec\/en\/laicos-se-preparan-para-iec-2024\/\",\"url\":\"https:\/\/www.iec2024.ec\/en\/laicos-se-preparan-para-iec-2024\/\",\"name\":\"Laicos cat\u00f3licos de la Arquidi\u00f3cesis de Quito se preparan para el IEC 2024 - IEC 2024\",\"isPartOf\":{\"@id\":\"https:\/\/www.iec2024.ec\/en\/#website\"},\"datePublished\":\"2024-07-05T20:05:20+00:00\",\"dateModified\":\"2024-07-05T20:05:20+00:00\",\"breadcrumb\":{\"@id\":\"https:\/\/www.iec2024.ec\/en\/laicos-se-preparan-para-iec-2024\/#breadcrumb\"},\"inLanguage\":\"en-US\",\"potentialAction\":[{\"@type\":\"ReadAction\",\"target\":[\"https:\/\/www.iec2024.ec\/en\/laicos-se-preparan-para-iec-2024\/\"]}]},{\"@type\":\"BreadcrumbList\",\"@id\":\"https:\/\/www.iec2024.ec\/en\/laicos-se-preparan-para-iec-2024\/#breadcrumb\",\"itemListElement\":[{\"@type\":\"ListItem\",\"position\":1,\"name\":\"Portada\",\"item\":\"https:\/\/www.iec2024.ec\/en\/\"},{\"@type\":\"ListItem\",\"position\":2,\"name\":\"Laicos cat\u00f3licos de la Arquidi\u00f3cesis de Quito se preparan para el IEC 2024\"}]},{\"@type\":\"WebSite\",\"@id\":\"https:\/\/www.iec2024.ec\/en\/#website\",\"url\":\"https:\/\/www.iec2024.ec\/en\/\",\"name\":\"IEC 2024\",\"description\":\"\",\"publisher\":{\"@id\":\"https:\/\/www.iec2024.ec\/en\/#organization\"},\"potentialAction\":[{\"@type\":\"SearchAction\",\"target\":{\"@type\":\"EntryPoint\",\"urlTemplate\":\"https:\/\/www.iec2024.ec\/en\/?s={search_term_string}\"},\"query-input\":\"required name=search_term_string\"}],\"inLanguage\":\"en-US\"},{\"@type\":\"Organization\",\"@id\":\"https:\/\/www.iec2024.ec\/en\/#organization\",\"name\":\"IEC 2024\",\"url\":\"https:\/\/www.iec2024.ec\/en\/\",\"logo\":{\"@type\":\"ImageObject\",\"inLanguage\":\"en-US\",\"@id\":\"https:\/\/www.iec2024.ec\/en\/#\/schema\/logo\/image\/\",\"url\":\"https:\/\/www.iec2024.ec\/wp-content\/uploads\/2024\/01\/cropped-logo-2024.png\",\"contentUrl\":\"https:\/\/www.iec2024.ec\/wp-content\/uploads\/2024\/01\/cropped-logo-2024.png\",\"width\":1277,\"height\":332,\"caption\":\"IEC 2024\"},\"image\":{\"@id\":\"https:\/\/www.iec2024.ec\/en\/#\/schema\/logo\/image\/\"}},{\"@type\":\"Person\",\"@id\":\"https:\/\/www.iec2024.ec\/en\/#\/schema\/person\/4a909b0744c848e07c246ad3068fce1a\",\"name\":\"J Marmol\",\"image\":{\"@type\":\"ImageObject\",\"inLanguage\":\"en-US\",\"@id\":\"https:\/\/www.iec2024.ec\/en\/#\/schema\/person\/image\/\",\"url\":\"https:\/\/secure.gravatar.com\/avatar\/0ffa1380326faa52bdc3089d469efedc?s=96&d=mm&r=g\",\"contentUrl\":\"https:\/\/secure.gravatar.com\/avatar\/0ffa1380326faa52bdc3089d469efedc?s=96&d=mm&r=g\",\"caption\":\"J Marmol\"},\"url\":\"https:\/\/www.iec2024.ec\/en\/author\/jmarmol\/\"}]}<\/script>\n<!-- \/ Yoast SEO plugin. -->","yoast_head_json":{"title":"Laicos cat\u00f3licos de la Arquidi\u00f3cesis de Quito se preparan para el IEC 2024 - IEC 2024","robots":{"index":"index","follow":"follow","max-snippet":"max-snippet:-1","max-image-preview":"max-image-preview:large","max-video-preview":"max-video-preview:-1"},"canonical":"https:\/\/www.iec2024.ec\/en\/laicos-se-preparan-para-iec-2024\/","og_locale":"en_US","og_type":"article","og_title":"Laicos cat\u00f3licos de la Arquidi\u00f3cesis de Quito se preparan para el IEC 2024 - IEC 2024","og_description":"Este jueves 4 de julio, en el programa radial No 64 \u201cFraternidad para sanar el mundo\u201d, transmitido por la se\u00f1al de Radio Mar\u00eda \u2013 Ecuador, el presidente del Consejo Arquidiocesano de Laicos, Patricio Heredia, dio a conocer las actividades que se llevan a cabo para propagar la fe y colaborar, desde los movimientos laicales, en [&hellip;]","og_url":"https:\/\/www.iec2024.ec\/en\/laicos-se-preparan-para-iec-2024\/","og_site_name":"IEC 2024","article_published_time":"2024-07-05T20:05:20+00:00","author":"J Marmol","twitter_card":"summary_large_image","twitter_misc":{"Written by":"J Marmol","Est. reading time":"2 minutes"},"schema":{"@context":"https:\/\/schema.org","@graph":[{"@type":"Article","@id":"https:\/\/www.iec2024.ec\/en\/laicos-se-preparan-para-iec-2024\/#article","isPartOf":{"@id":"https:\/\/www.iec2024.ec\/en\/laicos-se-preparan-para-iec-2024\/"},"author":{"name":"J Marmol","@id":"https:\/\/www.iec2024.ec\/en\/#\/schema\/person\/4a909b0744c848e07c246ad3068fce1a"},"headline":"Laicos cat\u00f3licos de la Arquidi\u00f3cesis de Quito se preparan para el IEC 2024","datePublished":"2024-07-05T20:05:20+00:00","dateModified":"2024-07-05T20:05:20+00:00","mainEntityOfPage":{"@id":"https:\/\/www.iec2024.ec\/en\/laicos-se-preparan-para-iec-2024\/"},"wordCount":433,"publisher":{"@id":"https:\/\/www.iec2024.ec\/en\/#organization"},"articleSection":["News"],"inLanguage":"en-US"},{"@type":"WebPage","@id":"https:\/\/www.iec2024.ec\/en\/laicos-se-preparan-para-iec-2024\/","url":"https:\/\/www.iec2024.ec\/en\/laicos-se-preparan-para-iec-2024\/","name":"Laicos cat\u00f3licos de la Arquidi\u00f3cesis de Quito se preparan para el IEC 2024 - IEC 2024","isPartOf":{"@id":"https:\/\/www.iec2024.ec\/en\/#website"},"datePublished":"2024-07-05T20:05:20+00:00","dateModified":"2024-07-05T20:05:20+00:00","breadcrumb":{"@id":"https:\/\/www.iec2024.ec\/en\/laicos-se-preparan-para-iec-2024\/#breadcrumb"},"inLanguage":"en-US","potentialAction":[{"@type":"ReadAction","target":["https:\/\/www.iec2024.ec\/en\/laicos-se-preparan-para-iec-2024\/"]}]},{"@type":"BreadcrumbList","@id":"https:\/\/www.iec2024.ec\/en\/laicos-se-preparan-para-iec-2024\/#breadcrumb","itemListElement":[{"@type":"ListItem","position":1,"name":"Portada","item":"https:\/\/www.iec2024.ec\/en\/"},{"@type":"ListItem","position":2,"name":"Laicos cat\u00f3licos de la Arquidi\u00f3cesis de Quito se preparan para el IEC 2024"}]},{"@type":"WebSite","@id":"https:\/\/www.iec2024.ec\/en\/#website","url":"https:\/\/www.iec2024.ec\/en\/","name":"IEC 2024","description":"","publisher":{"@id":"https:\/\/www.iec2024.ec\/en\/#organization"},"potentialAction":[{"@type":"SearchAction","target":{"@type":"EntryPoint","urlTemplate":"https:\/\/www.iec2024.ec\/en\/?s={search_term_string}"},"query-input":"required name=search_term_string"}],"inLanguage":"en-US"},{"@type":"Organization","@id":"https:\/\/www.iec2024.ec\/en\/#organization","name":"IEC 2024","url":"https:\/\/www.iec2024.ec\/en\/","logo":{"@type":"ImageObject","inLanguage":"en-US","@id":"https:\/\/www.iec2024.ec\/en\/#\/schema\/logo\/image\/","url":"https:\/\/www.iec2024.ec\/wp-content\/uploads\/2024\/01\/cropped-logo-2024.png","contentUrl":"https:\/\/www.iec2024.ec\/wp-content\/uploads\/2024\/01\/cropped-logo-2024.png","width":1277,"height":332,"caption":"IEC 2024"},"image":{"@id":"https:\/\/www.iec2024.ec\/en\/#\/schema\/logo\/image\/"}},{"@type":"Person","@id":"https:\/\/www.iec2024.ec\/en\/#\/schema\/person\/4a909b0744c848e07c246ad3068fce1a","name":"J Marmol","image":{"@type":"ImageObject","inLanguage":"en-US","@id":"https:\/\/www.iec2024.ec\/en\/#\/schema\/person\/image\/","url":"https:\/\/secure.gravatar.com\/avatar\/0ffa1380326faa52bdc3089d469efedc?s=96&d=mm&r=g","contentUrl":"https:\/\/secure.gravatar.com\/avatar\/0ffa1380326faa52bdc3089d469efedc?s=96&d=mm&r=g","caption":"J Marmol"},"url":"https:\/\/www.iec2024.ec\/en\/author\/jmarmol\/"}]}},"_links":{"self":[{"href":"https:\/\/www.iec2024.ec\/en\/wp-json\/wp\/v2\/posts\/19233"}],"collection":[{"href":"https:\/\/www.iec2024.ec\/en\/wp-json\/wp\/v2\/posts"}],"about":[{"href":"https:\/\/www.iec2024.ec\/en\/wp-json\/wp\/v2\/types\/post"}],"author":[{"embeddable":true,"href":"https:\/\/www.iec2024.ec\/en\/wp-json\/wp\/v2\/users\/7"}],"replies":[{"embeddable":true,"href":"https:\/\/www.iec2024.ec\/en\/wp-json\/wp\/v2\/comments?post=19233"}],"version-history":[{"count":0,"href":"https:\/\/www.iec2024.ec\/en\/wp-json\/wp\/v2\/posts\/19233\/revisions"}],"wp:featuredmedia":[{"embeddable":true,"href":"https:\/\/www.iec2024.ec\/en\/wp-json\/wp\/v2\/media\/18694"}],"wp:attachment":[{"href":"https:\/\/www.iec2024.ec\/en\/wp-json\/wp\/v2\/media?parent=19233"}],"wp:term":[{"taxonomy":"category","embeddable":true,"href":"https:\/\/www.iec2024.ec\/en\/wp-json\/wp\/v2\/categories?post=19233"},{"taxonomy":"post_tag","embeddable":true,"href":"https:\/\/www.iec2024.ec\/en\/wp-json\/wp\/v2\/tags?post=19233"}],"curies":[{"name":"wp","href":"https:\/\/api.w.org\/{rel}","templated":true}]}}