{"id":19242,"date":"2024-06-17T09:52:42","date_gmt":"2024-06-17T14:52:42","guid":{"rendered":"https:\/\/www.iec2024.ec\/iec-2024-acreditaciones-prensa\/"},"modified":"2024-06-17T09:52:42","modified_gmt":"2024-06-17T14:52:42","slug":"iec-2024-acreditaciones-prensa","status":"publish","type":"post","link":"https:\/\/www.iec2024.ec\/en\/iec-2024-acreditaciones-prensa\/","title":{"rendered":"IEC 2024 abre proceso de acreditaciones para la prensa"},"content":{"rendered":"<p>La Comisi\u00f3n organizadora del <strong>53\u00b0 Congreso Eucar\u00edstico Internacional<\/strong>, a trav\u00e9s de su oficina de prensa, habilitar\u00e1 el <strong>proceso de acreditaciones de periodistas y personal de prensa para la cobertura informativa del IEC 2024<\/strong>. La plataforma virtual para el registro y acreditaci\u00f3n estar\u00e1 disponible en la p\u00e1gina web oficial del IEC 2024\u00a0 este martes 18 de junio.<\/p>\n<p>Con la finalidad de ofrecer las facilidades necesarias para que el personal de prensa, de los diferentes medios de comunicaci\u00f3n, pueda obtener las <strong>credenciales para la cobertura del IEC 2024<\/strong>, la <strong>oficina de prensa del Congreso Eucar\u00edstico Internacional<\/strong> defini\u00f3 tres sencillos pasos para formalizar el registro de los comunicadores y t\u00e9cnicos.<\/p>\n<p><strong>Proceso de acreditaci\u00f3n <\/strong><\/p>\n<p>El primer requisito que los medios de comunicaci\u00f3n interesados en realizar la <strong>cobertura del 53\u00b0 Congreso Eucar\u00edstico Internacional <\/strong>deben cumplir es el env\u00edo de una carta de solicitud, en hoja membretada, con una breve presentaci\u00f3n del medio y las motivaciones para realizar la cobertura del evento. La comunicaci\u00f3n debe enviarse al correo electr\u00f3nico de la <strong>oficina de prensa del IEC 2024<\/strong> (<a href=\"mailto:oficinaprensa@iec2024.ec\"><span style=\"color: #0000ff\">oficinaprensa@iec2024.ec<\/span><\/a>) y debe incluir la direcci\u00f3n web, e-mail y tel\u00e9fono de contacto del medio de comunicaci\u00f3n.<\/p>\n<p>Una vez que la oficina de prensa del IEC 2024 reciba la solicitud, en respuesta se remitir\u00e1 un enlace con usuario y contrase\u00f1a para uso del medio, para que cada uno de los comunicadores y t\u00e9cnicos pueda completar el <strong>formulario de acreditaci\u00f3n, en l\u00ednea<\/strong>.<\/p>\n<p>Finalmente, luego de que los interesados completen el proceso de registro, <strong>la oficina de prensa del IEC entregar\u00e1 las credenciales en el lugar del evento<\/strong>, que le dar\u00e1n acceso a la sala de prensa y a otros espacios del Congreso.<\/p>\n<p><strong>El bien siempre tiende a comunicarse<\/strong><\/p>\n<p><strong><em>\u201cEl bien siempre tiende a comunicarse&#8230; Comunic\u00e1ndolo, el bien se arraiga y se desarrolla\u201d<\/em><\/strong> (Papa Francisco, Evangelii Gaudium, 9).<\/p>\n<p>Ecuador se apresta a <strong>vivir el m\u00e1s grande acontecimiento eucar\u00edstico mundial<\/strong>, con la realizaci\u00f3n del <strong>53\u00b0 Congreso Eucar\u00edstico Internacional, del 8 al 15 de septiembre pr\u00f3ximo<\/strong>.<\/p>\n<p>Este acontecimiento eclesial internacional, que se llevar\u00e1 a cabo en la capital de los ecuatorianos, es una <strong>buena noticia que debe comunicarse <\/strong>para que se arraigue el<strong> anhelo de fraternidad, para sanar las heridas de nuestra sociedad<\/strong>.<\/p>\n<p>La <strong>Comisi\u00f3n de Comunicaci\u00f3n del IEC 2024<\/strong> agradece el inter\u00e9s de varios medios de comunicaci\u00f3n de Ecuador y del exterior que han mostrado su inter\u00e9s en incluir en su agenda informativa el desarrollo de este <strong>encuentro de fe y de unidad de delegaciones de varios pa\u00edses del mundo, en torno al tema \u201cFraternidad para sanar el mundo\u201d<\/strong> y la cita del Evangelio de San Mateo <strong>\u201cUstedes son todos hermanos\u201d.<\/strong> (Mt. 23, 8)<\/p>\n<p>Sin ninguna duda, el <strong>Simposio Teol\u00f3gico, que tendr\u00e1 lugar del 4 al 7 de septiembre<\/strong>, en el Centro Cultural de la Pontificia Universidad Cat\u00f3lica del Ecuador, y en el <strong>Congreso Eucar\u00edstico Internacional, que se realizar\u00e1 en el Centro de Convenciones Metropolitano de Quito, del 8 al 15 de septiembre<\/strong>, ser\u00e1n momentos en que se compartir\u00e1n <strong>buenas noticias, para la construcci\u00f3n de una fraternidad tan necesaria, para curar las heridas del mundo<\/strong>.<\/p>\n<p>Gracias por sumarse a esta <strong>misi\u00f3n de comunicaci\u00f3n eucar\u00edstica.<\/strong><\/p>\n","protected":false},"excerpt":{"rendered":"<p>La Comisi\u00f3n organizadora del 53\u00b0 Congreso Eucar\u00edstico Internacional, a trav\u00e9s de su oficina de prensa, habilitar\u00e1 el proceso de acreditaciones de periodistas y personal de prensa para la cobertura informativa del IEC 2024. La plataforma virtual para el registro y acreditaci\u00f3n estar\u00e1 disponible en la p\u00e1gina web oficial del IEC 2024\u00a0 este martes 18 de [&hellip;]<\/p>\n","protected":false},"author":2,"featured_media":17784,"comment_status":"closed","ping_status":"closed","sticky":false,"template":"","format":"standard","meta":{"footnotes":""},"categories":[33],"tags":[],"acf":[],"yoast_head":"<!-- This site is optimized with the Yoast SEO plugin v21.1 - https:\/\/yoast.com\/wordpress\/plugins\/seo\/ -->\n<title>IEC 2024 abre proceso de acreditaciones para la prensa - IEC 2024<\/title>\n<meta name=\"robots\" content=\"index, follow, max-snippet:-1, max-image-preview:large, max-video-preview:-1\" \/>\n<link rel=\"canonical\" href=\"https:\/\/www.iec2024.ec\/en\/iec-2024-acreditaciones-prensa\/\" \/>\n<meta property=\"og:locale\" content=\"en_US\" \/>\n<meta property=\"og:type\" content=\"article\" \/>\n<meta property=\"og:title\" content=\"IEC 2024 abre proceso de acreditaciones para la prensa - IEC 2024\" \/>\n<meta property=\"og:description\" content=\"La Comisi\u00f3n organizadora del 53\u00b0 Congreso Eucar\u00edstico Internacional, a trav\u00e9s de su oficina de prensa, habilitar\u00e1 el proceso de acreditaciones de periodistas y personal de prensa para la cobertura informativa del IEC 2024. La plataforma virtual para el registro y acreditaci\u00f3n estar\u00e1 disponible en la p\u00e1gina web oficial del IEC 2024\u00a0 este martes 18 de [&hellip;]\" \/>\n<meta property=\"og:url\" content=\"https:\/\/www.iec2024.ec\/en\/iec-2024-acreditaciones-prensa\/\" \/>\n<meta property=\"og:site_name\" content=\"IEC 2024\" \/>\n<meta property=\"article:published_time\" content=\"2024-06-17T14:52:42+00:00\" \/>\n<meta name=\"author\" content=\"Secretario T\u00e9cnico\" \/>\n<meta name=\"twitter:card\" content=\"summary_large_image\" \/>\n<meta name=\"twitter:label1\" content=\"Written by\" \/>\n\t<meta name=\"twitter:data1\" content=\"Secretario T\u00e9cnico\" \/>\n\t<meta name=\"twitter:label2\" content=\"Est. reading time\" \/>\n\t<meta name=\"twitter:data2\" content=\"3 minutes\" \/>\n<script type=\"application\/ld+json\" class=\"yoast-schema-graph\">{\"@context\":\"https:\/\/schema.org\",\"@graph\":[{\"@type\":\"Article\",\"@id\":\"https:\/\/www.iec2024.ec\/en\/iec-2024-acreditaciones-prensa\/#article\",\"isPartOf\":{\"@id\":\"https:\/\/www.iec2024.ec\/en\/iec-2024-acreditaciones-prensa\/\"},\"author\":{\"name\":\"Secretario T\u00e9cnico\",\"@id\":\"https:\/\/www.iec2024.ec\/en\/#\/schema\/person\/7dc46e27a804fe39ba34935ca5284fe2\"},\"headline\":\"IEC 2024 abre proceso de acreditaciones para la prensa\",\"datePublished\":\"2024-06-17T14:52:42+00:00\",\"dateModified\":\"2024-06-17T14:52:42+00:00\",\"mainEntityOfPage\":{\"@id\":\"https:\/\/www.iec2024.ec\/en\/iec-2024-acreditaciones-prensa\/\"},\"wordCount\":546,\"publisher\":{\"@id\":\"https:\/\/www.iec2024.ec\/en\/#organization\"},\"articleSection\":[\"News\"],\"inLanguage\":\"en-US\"},{\"@type\":\"WebPage\",\"@id\":\"https:\/\/www.iec2024.ec\/en\/iec-2024-acreditaciones-prensa\/\",\"url\":\"https:\/\/www.iec2024.ec\/en\/iec-2024-acreditaciones-prensa\/\",\"name\":\"IEC 2024 abre proceso de acreditaciones para la prensa - IEC 2024\",\"isPartOf\":{\"@id\":\"https:\/\/www.iec2024.ec\/en\/#website\"},\"datePublished\":\"2024-06-17T14:52:42+00:00\",\"dateModified\":\"2024-06-17T14:52:42+00:00\",\"breadcrumb\":{\"@id\":\"https:\/\/www.iec2024.ec\/en\/iec-2024-acreditaciones-prensa\/#breadcrumb\"},\"inLanguage\":\"en-US\",\"potentialAction\":[{\"@type\":\"ReadAction\",\"target\":[\"https:\/\/www.iec2024.ec\/en\/iec-2024-acreditaciones-prensa\/\"]}]},{\"@type\":\"BreadcrumbList\",\"@id\":\"https:\/\/www.iec2024.ec\/en\/iec-2024-acreditaciones-prensa\/#breadcrumb\",\"itemListElement\":[{\"@type\":\"ListItem\",\"position\":1,\"name\":\"Portada\",\"item\":\"https:\/\/www.iec2024.ec\/en\/\"},{\"@type\":\"ListItem\",\"position\":2,\"name\":\"IEC 2024 abre proceso de acreditaciones para la prensa\"}]},{\"@type\":\"WebSite\",\"@id\":\"https:\/\/www.iec2024.ec\/en\/#website\",\"url\":\"https:\/\/www.iec2024.ec\/en\/\",\"name\":\"IEC 2024\",\"description\":\"\",\"publisher\":{\"@id\":\"https:\/\/www.iec2024.ec\/en\/#organization\"},\"potentialAction\":[{\"@type\":\"SearchAction\",\"target\":{\"@type\":\"EntryPoint\",\"urlTemplate\":\"https:\/\/www.iec2024.ec\/en\/?s={search_term_string}\"},\"query-input\":\"required name=search_term_string\"}],\"inLanguage\":\"en-US\"},{\"@type\":\"Organization\",\"@id\":\"https:\/\/www.iec2024.ec\/en\/#organization\",\"name\":\"IEC 2024\",\"url\":\"https:\/\/www.iec2024.ec\/en\/\",\"logo\":{\"@type\":\"ImageObject\",\"inLanguage\":\"en-US\",\"@id\":\"https:\/\/www.iec2024.ec\/en\/#\/schema\/logo\/image\/\",\"url\":\"https:\/\/www.iec2024.ec\/wp-content\/uploads\/2024\/01\/cropped-logo-2024.png\",\"contentUrl\":\"https:\/\/www.iec2024.ec\/wp-content\/uploads\/2024\/01\/cropped-logo-2024.png\",\"width\":1277,\"height\":332,\"caption\":\"IEC 2024\"},\"image\":{\"@id\":\"https:\/\/www.iec2024.ec\/en\/#\/schema\/logo\/image\/\"}},{\"@type\":\"Person\",\"@id\":\"https:\/\/www.iec2024.ec\/en\/#\/schema\/person\/7dc46e27a804fe39ba34935ca5284fe2\",\"name\":\"Secretario T\u00e9cnico\",\"image\":{\"@type\":\"ImageObject\",\"inLanguage\":\"en-US\",\"@id\":\"https:\/\/www.iec2024.ec\/en\/#\/schema\/person\/image\/\",\"url\":\"https:\/\/secure.gravatar.com\/avatar\/67808a21710148ea0645bc85e43e21b6?s=96&d=mm&r=g\",\"contentUrl\":\"https:\/\/secure.gravatar.com\/avatar\/67808a21710148ea0645bc85e43e21b6?s=96&d=mm&r=g\",\"caption\":\"Secretario T\u00e9cnico\"},\"url\":\"https:\/\/www.iec2024.ec\/en\/author\/4dm1ns3cr3t4r10\/\"}]}<\/script>\n<!-- \/ Yoast SEO plugin. -->","yoast_head_json":{"title":"IEC 2024 abre proceso de acreditaciones para la prensa - IEC 2024","robots":{"index":"index","follow":"follow","max-snippet":"max-snippet:-1","max-image-preview":"max-image-preview:large","max-video-preview":"max-video-preview:-1"},"canonical":"https:\/\/www.iec2024.ec\/en\/iec-2024-acreditaciones-prensa\/","og_locale":"en_US","og_type":"article","og_title":"IEC 2024 abre proceso de acreditaciones para la prensa - IEC 2024","og_description":"La Comisi\u00f3n organizadora del 53\u00b0 Congreso Eucar\u00edstico Internacional, a trav\u00e9s de su oficina de prensa, habilitar\u00e1 el proceso de acreditaciones de periodistas y personal de prensa para la cobertura informativa del IEC 2024. La plataforma virtual para el registro y acreditaci\u00f3n estar\u00e1 disponible en la p\u00e1gina web oficial del IEC 2024\u00a0 este martes 18 de [&hellip;]","og_url":"https:\/\/www.iec2024.ec\/en\/iec-2024-acreditaciones-prensa\/","og_site_name":"IEC 2024","article_published_time":"2024-06-17T14:52:42+00:00","author":"Secretario T\u00e9cnico","twitter_card":"summary_large_image","twitter_misc":{"Written by":"Secretario T\u00e9cnico","Est. reading time":"3 minutes"},"schema":{"@context":"https:\/\/schema.org","@graph":[{"@type":"Article","@id":"https:\/\/www.iec2024.ec\/en\/iec-2024-acreditaciones-prensa\/#article","isPartOf":{"@id":"https:\/\/www.iec2024.ec\/en\/iec-2024-acreditaciones-prensa\/"},"author":{"name":"Secretario T\u00e9cnico","@id":"https:\/\/www.iec2024.ec\/en\/#\/schema\/person\/7dc46e27a804fe39ba34935ca5284fe2"},"headline":"IEC 2024 abre proceso de acreditaciones para la prensa","datePublished":"2024-06-17T14:52:42+00:00","dateModified":"2024-06-17T14:52:42+00:00","mainEntityOfPage":{"@id":"https:\/\/www.iec2024.ec\/en\/iec-2024-acreditaciones-prensa\/"},"wordCount":546,"publisher":{"@id":"https:\/\/www.iec2024.ec\/en\/#organization"},"articleSection":["News"],"inLanguage":"en-US"},{"@type":"WebPage","@id":"https:\/\/www.iec2024.ec\/en\/iec-2024-acreditaciones-prensa\/","url":"https:\/\/www.iec2024.ec\/en\/iec-2024-acreditaciones-prensa\/","name":"IEC 2024 abre proceso de acreditaciones para la prensa - IEC 2024","isPartOf":{"@id":"https:\/\/www.iec2024.ec\/en\/#website"},"datePublished":"2024-06-17T14:52:42+00:00","dateModified":"2024-06-17T14:52:42+00:00","breadcrumb":{"@id":"https:\/\/www.iec2024.ec\/en\/iec-2024-acreditaciones-prensa\/#breadcrumb"},"inLanguage":"en-US","potentialAction":[{"@type":"ReadAction","target":["https:\/\/www.iec2024.ec\/en\/iec-2024-acreditaciones-prensa\/"]}]},{"@type":"BreadcrumbList","@id":"https:\/\/www.iec2024.ec\/en\/iec-2024-acreditaciones-prensa\/#breadcrumb","itemListElement":[{"@type":"ListItem","position":1,"name":"Portada","item":"https:\/\/www.iec2024.ec\/en\/"},{"@type":"ListItem","position":2,"name":"IEC 2024 abre proceso de acreditaciones para la prensa"}]},{"@type":"WebSite","@id":"https:\/\/www.iec2024.ec\/en\/#website","url":"https:\/\/www.iec2024.ec\/en\/","name":"IEC 2024","description":"","publisher":{"@id":"https:\/\/www.iec2024.ec\/en\/#organization"},"potentialAction":[{"@type":"SearchAction","target":{"@type":"EntryPoint","urlTemplate":"https:\/\/www.iec2024.ec\/en\/?s={search_term_string}"},"query-input":"required name=search_term_string"}],"inLanguage":"en-US"},{"@type":"Organization","@id":"https:\/\/www.iec2024.ec\/en\/#organization","name":"IEC 2024","url":"https:\/\/www.iec2024.ec\/en\/","logo":{"@type":"ImageObject","inLanguage":"en-US","@id":"https:\/\/www.iec2024.ec\/en\/#\/schema\/logo\/image\/","url":"https:\/\/www.iec2024.ec\/wp-content\/uploads\/2024\/01\/cropped-logo-2024.png","contentUrl":"https:\/\/www.iec2024.ec\/wp-content\/uploads\/2024\/01\/cropped-logo-2024.png","width":1277,"height":332,"caption":"IEC 2024"},"image":{"@id":"https:\/\/www.iec2024.ec\/en\/#\/schema\/logo\/image\/"}},{"@type":"Person","@id":"https:\/\/www.iec2024.ec\/en\/#\/schema\/person\/7dc46e27a804fe39ba34935ca5284fe2","name":"Secretario T\u00e9cnico","image":{"@type":"ImageObject","inLanguage":"en-US","@id":"https:\/\/www.iec2024.ec\/en\/#\/schema\/person\/image\/","url":"https:\/\/secure.gravatar.com\/avatar\/67808a21710148ea0645bc85e43e21b6?s=96&d=mm&r=g","contentUrl":"https:\/\/secure.gravatar.com\/avatar\/67808a21710148ea0645bc85e43e21b6?s=96&d=mm&r=g","caption":"Secretario T\u00e9cnico"},"url":"https:\/\/www.iec2024.ec\/en\/author\/4dm1ns3cr3t4r10\/"}]}},"_links":{"self":[{"href":"https:\/\/www.iec2024.ec\/en\/wp-json\/wp\/v2\/posts\/19242"}],"collection":[{"href":"https:\/\/www.iec2024.ec\/en\/wp-json\/wp\/v2\/posts"}],"about":[{"href":"https:\/\/www.iec2024.ec\/en\/wp-json\/wp\/v2\/types\/post"}],"author":[{"embeddable":true,"href":"https:\/\/www.iec2024.ec\/en\/wp-json\/wp\/v2\/users\/2"}],"replies":[{"embeddable":true,"href":"https:\/\/www.iec2024.ec\/en\/wp-json\/wp\/v2\/comments?post=19242"}],"version-history":[{"count":0,"href":"https:\/\/www.iec2024.ec\/en\/wp-json\/wp\/v2\/posts\/19242\/revisions"}],"wp:featuredmedia":[{"embeddable":true,"href":"https:\/\/www.iec2024.ec\/en\/wp-json\/wp\/v2\/media\/17784"}],"wp:attachment":[{"href":"https:\/\/www.iec2024.ec\/en\/wp-json\/wp\/v2\/media?parent=19242"}],"wp:term":[{"taxonomy":"category","embeddable":true,"href":"https:\/\/www.iec2024.ec\/en\/wp-json\/wp\/v2\/categories?post=19242"},{"taxonomy":"post_tag","embeddable":true,"href":"https:\/\/www.iec2024.ec\/en\/wp-json\/wp\/v2\/tags?post=19242"}],"curies":[{"name":"wp","href":"https:\/\/api.w.org\/{rel}","templated":true}]}}