{"id":19243,"date":"2024-06-16T20:07:51","date_gmt":"2024-06-17T01:07:51","guid":{"rendered":"https:\/\/www.iec2024.ec\/misas-7-idiomas\/"},"modified":"2024-06-16T20:07:51","modified_gmt":"2024-06-17T01:07:51","slug":"misas-7-idiomas","status":"publish","type":"post","link":"https:\/\/www.iec2024.ec\/en\/misas-7-idiomas\/","title":{"rendered":"Al menos en 7 idiomas se celebrar\u00e1n las Misas en el IEC 2024"},"content":{"rendered":"<p>Avanzan los preparativos para las celebraciones lit\u00fargicas que se oficiar\u00e1n en el marco del <strong>53\u00b0 Congreso Eucar\u00edstico Internacional<\/strong>, que se llevar\u00e1 a cabo del 8 al 15 de septiembre pr\u00f3ximo. La Comisi\u00f3n de Liturgia del IEC 2024, presidida por Monse\u00f1or Danilo Echeverr\u00eda, Obispo auxiliar de la Arquidi\u00f3cesis de Quito, contin\u00faa con los preparativos para las <strong>celebraciones eucar\u00edsticas en varios idiomas<\/strong> que se oficiar\u00e1n la tarde del jueves 12 de septiembre, a las 18h00.<\/p>\n<p>Para facilitar la participaci\u00f3n de los fieles de los distintos pa\u00edses del mundo que participar\u00e1n en el <strong>Congreso Eucar\u00edstico Internacional 2024<\/strong>, las celebraciones lit\u00fargicas se oficiar\u00e1n en espa\u00f1ol, ingl\u00e9s, franc\u00e9s, portugu\u00e9s, alem\u00e1n, japon\u00e9s y quichua.<\/p>\n<p><strong>Celebraciones eucar\u00edsticas en iglesias y capillas coloniales <\/strong><\/p>\n<p>Por el momento, son 14 las iglesias y capillas del Centro Hist\u00f3rico de Quito y una en la parroquia de Calder\u00f3n, que han sido escogidas para acoger a los fieles y participantes del <strong>Congreso Eucar\u00edstico Internacional<\/strong>.<\/p>\n<p>Las iglesias y capillas en las que se celebrar\u00e1n las misas en varios idiomas son: Bas\u00edlica Menor de La Merced, monasterio de la Inmaculada Concepci\u00f3n, iglesia de San Agust\u00edn, monasterio del Carmen Bajo, monasterio de Santa Catalina, iglesia de Santo Domingo, iglesia de la Compa\u00f1\u00eda de Jes\u00fas, monasterio del Carmen Alto, monasterio de Santa Clara, Bas\u00edlica Menor de San Francisco, iglesia Catedral, Capilla mayor de El Sagrario, Bas\u00edlica del Voto Nacional, iglesia del Gir\u00f3n y la iglesia parroquial de Calder\u00f3n.<\/p>\n<p><strong>Listos ornamentos lit\u00fargicos <\/strong><\/p>\n<p>La Comisi\u00f3n de liturgia del IEC 2024 adelanta los detalles para que las celebraciones eucar\u00edsticas que se oficiar\u00e1n en las iglesias y capillas del centro hist\u00f3rico de Quito, as\u00ed como en el resto de templos escogidos para los momentos de culto y misas solemnes, durante el Congreso, cuenten con todos los <strong>ornamentos lit\u00fargicos y vasos sagrados <\/strong>necesarios.<\/p>\n<p>Para ello, la subcomisi\u00f3n de sacrist\u00edas, coordinada por el padre Rub\u00e9n Bedoya, se encuentra visitando cada una de las <strong>iglesias y capillas que acoger\u00e1n las celebraciones eucar\u00edsticas durante la realizaci\u00f3n del 53\u00b0 Congreso Eucar\u00edstico Internacional<\/strong>, con la finalidad de revisar que los templos escogidos ofrezcan las mejores condiciones para que los fieles participen adecuadamente en las celebraciones lit\u00fargicas.<\/p>\n<p><strong>Maestros de ceremonias lit\u00fargicas se re\u00fanen en Quito <\/strong><\/p>\n<p>Como parte de los preparativos que cumple la Comisi\u00f3n de Liturgia, este lunes 17 de junio, se reunir\u00e1n en Quito los <strong>maestros de ceremonias lit\u00fargicas<\/strong> de varias jurisdicciones eclesi\u00e1sticas del pa\u00eds, con la finalidad de afinar los detalles de las celebraciones eucar\u00edsticas que se oficiar\u00e1n en el marco del <strong>53\u00b0 Congreso Eucar\u00edstico Internacional<\/strong>, que se llevar\u00e1 a cabo en la ciudad de Quito, del 8 al 15 de septiembre pr\u00f3ximo.<\/p>\n<p>As\u00ed, se ultiman todos los detalles para que las celebraciones lit\u00fargicas programadas para el Congreso Eucar\u00edstico Internacional ofrezcan las mejores condiciones para que los ministros, pastores y fieles <strong>puedan vivir con intensidad el Misterio Eucar\u00edstico y los momentos de adoraci\u00f3n y de fe.<\/strong><\/p>\n","protected":false},"excerpt":{"rendered":"<p>Avanzan los preparativos para las celebraciones lit\u00fargicas que se oficiar\u00e1n en el marco del 53\u00b0 Congreso Eucar\u00edstico Internacional, que se llevar\u00e1 a cabo del 8 al 15 de septiembre pr\u00f3ximo. La Comisi\u00f3n de Liturgia del IEC 2024, presidida por Monse\u00f1or Danilo Echeverr\u00eda, Obispo auxiliar de la Arquidi\u00f3cesis de Quito, contin\u00faa con los preparativos para las [&hellip;]<\/p>\n","protected":false},"author":2,"featured_media":17767,"comment_status":"closed","ping_status":"closed","sticky":false,"template":"","format":"standard","meta":{"footnotes":""},"categories":[33],"tags":[],"acf":[],"yoast_head":"<!-- This site is optimized with the Yoast SEO plugin v21.1 - https:\/\/yoast.com\/wordpress\/plugins\/seo\/ -->\n<title>Al menos en 7 idiomas se celebrar\u00e1n las Misas en el IEC 2024 - IEC 2024<\/title>\n<meta name=\"robots\" content=\"index, follow, max-snippet:-1, max-image-preview:large, max-video-preview:-1\" \/>\n<link rel=\"canonical\" href=\"https:\/\/www.iec2024.ec\/en\/misas-7-idiomas\/\" \/>\n<meta property=\"og:locale\" content=\"en_US\" \/>\n<meta property=\"og:type\" content=\"article\" \/>\n<meta property=\"og:title\" content=\"Al menos en 7 idiomas se celebrar\u00e1n las Misas en el IEC 2024 - IEC 2024\" \/>\n<meta property=\"og:description\" content=\"Avanzan los preparativos para las celebraciones lit\u00fargicas que se oficiar\u00e1n en el marco del 53\u00b0 Congreso Eucar\u00edstico Internacional, que se llevar\u00e1 a cabo del 8 al 15 de septiembre pr\u00f3ximo. La Comisi\u00f3n de Liturgia del IEC 2024, presidida por Monse\u00f1or Danilo Echeverr\u00eda, Obispo auxiliar de la Arquidi\u00f3cesis de Quito, contin\u00faa con los preparativos para las [&hellip;]\" \/>\n<meta property=\"og:url\" content=\"https:\/\/www.iec2024.ec\/en\/misas-7-idiomas\/\" \/>\n<meta property=\"og:site_name\" content=\"IEC 2024\" \/>\n<meta property=\"article:published_time\" content=\"2024-06-17T01:07:51+00:00\" \/>\n<meta name=\"author\" content=\"Secretario T\u00e9cnico\" \/>\n<meta name=\"twitter:card\" content=\"summary_large_image\" \/>\n<meta name=\"twitter:label1\" content=\"Written by\" \/>\n\t<meta name=\"twitter:data1\" content=\"Secretario T\u00e9cnico\" \/>\n\t<meta name=\"twitter:label2\" content=\"Est. reading time\" \/>\n\t<meta name=\"twitter:data2\" content=\"3 minutes\" \/>\n<script type=\"application\/ld+json\" class=\"yoast-schema-graph\">{\"@context\":\"https:\/\/schema.org\",\"@graph\":[{\"@type\":\"Article\",\"@id\":\"https:\/\/www.iec2024.ec\/en\/misas-7-idiomas\/#article\",\"isPartOf\":{\"@id\":\"https:\/\/www.iec2024.ec\/en\/misas-7-idiomas\/\"},\"author\":{\"name\":\"Secretario T\u00e9cnico\",\"@id\":\"https:\/\/www.iec2024.ec\/en\/#\/schema\/person\/7dc46e27a804fe39ba34935ca5284fe2\"},\"headline\":\"Al menos en 7 idiomas se celebrar\u00e1n las Misas en el IEC 2024\",\"datePublished\":\"2024-06-17T01:07:51+00:00\",\"dateModified\":\"2024-06-17T01:07:51+00:00\",\"mainEntityOfPage\":{\"@id\":\"https:\/\/www.iec2024.ec\/en\/misas-7-idiomas\/\"},\"wordCount\":535,\"publisher\":{\"@id\":\"https:\/\/www.iec2024.ec\/en\/#organization\"},\"articleSection\":[\"News\"],\"inLanguage\":\"en-US\"},{\"@type\":\"WebPage\",\"@id\":\"https:\/\/www.iec2024.ec\/en\/misas-7-idiomas\/\",\"url\":\"https:\/\/www.iec2024.ec\/en\/misas-7-idiomas\/\",\"name\":\"Al menos en 7 idiomas se celebrar\u00e1n las Misas en el IEC 2024 - IEC 2024\",\"isPartOf\":{\"@id\":\"https:\/\/www.iec2024.ec\/en\/#website\"},\"datePublished\":\"2024-06-17T01:07:51+00:00\",\"dateModified\":\"2024-06-17T01:07:51+00:00\",\"breadcrumb\":{\"@id\":\"https:\/\/www.iec2024.ec\/en\/misas-7-idiomas\/#breadcrumb\"},\"inLanguage\":\"en-US\",\"potentialAction\":[{\"@type\":\"ReadAction\",\"target\":[\"https:\/\/www.iec2024.ec\/en\/misas-7-idiomas\/\"]}]},{\"@type\":\"BreadcrumbList\",\"@id\":\"https:\/\/www.iec2024.ec\/en\/misas-7-idiomas\/#breadcrumb\",\"itemListElement\":[{\"@type\":\"ListItem\",\"position\":1,\"name\":\"Portada\",\"item\":\"https:\/\/www.iec2024.ec\/en\/\"},{\"@type\":\"ListItem\",\"position\":2,\"name\":\"Al menos en 7 idiomas se celebrar\u00e1n las Misas en el IEC 2024\"}]},{\"@type\":\"WebSite\",\"@id\":\"https:\/\/www.iec2024.ec\/en\/#website\",\"url\":\"https:\/\/www.iec2024.ec\/en\/\",\"name\":\"IEC 2024\",\"description\":\"\",\"publisher\":{\"@id\":\"https:\/\/www.iec2024.ec\/en\/#organization\"},\"potentialAction\":[{\"@type\":\"SearchAction\",\"target\":{\"@type\":\"EntryPoint\",\"urlTemplate\":\"https:\/\/www.iec2024.ec\/en\/?s={search_term_string}\"},\"query-input\":\"required name=search_term_string\"}],\"inLanguage\":\"en-US\"},{\"@type\":\"Organization\",\"@id\":\"https:\/\/www.iec2024.ec\/en\/#organization\",\"name\":\"IEC 2024\",\"url\":\"https:\/\/www.iec2024.ec\/en\/\",\"logo\":{\"@type\":\"ImageObject\",\"inLanguage\":\"en-US\",\"@id\":\"https:\/\/www.iec2024.ec\/en\/#\/schema\/logo\/image\/\",\"url\":\"https:\/\/www.iec2024.ec\/wp-content\/uploads\/2024\/01\/cropped-logo-2024.png\",\"contentUrl\":\"https:\/\/www.iec2024.ec\/wp-content\/uploads\/2024\/01\/cropped-logo-2024.png\",\"width\":1277,\"height\":332,\"caption\":\"IEC 2024\"},\"image\":{\"@id\":\"https:\/\/www.iec2024.ec\/en\/#\/schema\/logo\/image\/\"}},{\"@type\":\"Person\",\"@id\":\"https:\/\/www.iec2024.ec\/en\/#\/schema\/person\/7dc46e27a804fe39ba34935ca5284fe2\",\"name\":\"Secretario T\u00e9cnico\",\"image\":{\"@type\":\"ImageObject\",\"inLanguage\":\"en-US\",\"@id\":\"https:\/\/www.iec2024.ec\/en\/#\/schema\/person\/image\/\",\"url\":\"https:\/\/secure.gravatar.com\/avatar\/67808a21710148ea0645bc85e43e21b6?s=96&d=mm&r=g\",\"contentUrl\":\"https:\/\/secure.gravatar.com\/avatar\/67808a21710148ea0645bc85e43e21b6?s=96&d=mm&r=g\",\"caption\":\"Secretario T\u00e9cnico\"},\"url\":\"https:\/\/www.iec2024.ec\/en\/author\/4dm1ns3cr3t4r10\/\"}]}<\/script>\n<!-- \/ Yoast SEO plugin. -->","yoast_head_json":{"title":"Al menos en 7 idiomas se celebrar\u00e1n las Misas en el IEC 2024 - IEC 2024","robots":{"index":"index","follow":"follow","max-snippet":"max-snippet:-1","max-image-preview":"max-image-preview:large","max-video-preview":"max-video-preview:-1"},"canonical":"https:\/\/www.iec2024.ec\/en\/misas-7-idiomas\/","og_locale":"en_US","og_type":"article","og_title":"Al menos en 7 idiomas se celebrar\u00e1n las Misas en el IEC 2024 - IEC 2024","og_description":"Avanzan los preparativos para las celebraciones lit\u00fargicas que se oficiar\u00e1n en el marco del 53\u00b0 Congreso Eucar\u00edstico Internacional, que se llevar\u00e1 a cabo del 8 al 15 de septiembre pr\u00f3ximo. La Comisi\u00f3n de Liturgia del IEC 2024, presidida por Monse\u00f1or Danilo Echeverr\u00eda, Obispo auxiliar de la Arquidi\u00f3cesis de Quito, contin\u00faa con los preparativos para las [&hellip;]","og_url":"https:\/\/www.iec2024.ec\/en\/misas-7-idiomas\/","og_site_name":"IEC 2024","article_published_time":"2024-06-17T01:07:51+00:00","author":"Secretario T\u00e9cnico","twitter_card":"summary_large_image","twitter_misc":{"Written by":"Secretario T\u00e9cnico","Est. reading time":"3 minutes"},"schema":{"@context":"https:\/\/schema.org","@graph":[{"@type":"Article","@id":"https:\/\/www.iec2024.ec\/en\/misas-7-idiomas\/#article","isPartOf":{"@id":"https:\/\/www.iec2024.ec\/en\/misas-7-idiomas\/"},"author":{"name":"Secretario T\u00e9cnico","@id":"https:\/\/www.iec2024.ec\/en\/#\/schema\/person\/7dc46e27a804fe39ba34935ca5284fe2"},"headline":"Al menos en 7 idiomas se celebrar\u00e1n las Misas en el IEC 2024","datePublished":"2024-06-17T01:07:51+00:00","dateModified":"2024-06-17T01:07:51+00:00","mainEntityOfPage":{"@id":"https:\/\/www.iec2024.ec\/en\/misas-7-idiomas\/"},"wordCount":535,"publisher":{"@id":"https:\/\/www.iec2024.ec\/en\/#organization"},"articleSection":["News"],"inLanguage":"en-US"},{"@type":"WebPage","@id":"https:\/\/www.iec2024.ec\/en\/misas-7-idiomas\/","url":"https:\/\/www.iec2024.ec\/en\/misas-7-idiomas\/","name":"Al menos en 7 idiomas se celebrar\u00e1n las Misas en el IEC 2024 - IEC 2024","isPartOf":{"@id":"https:\/\/www.iec2024.ec\/en\/#website"},"datePublished":"2024-06-17T01:07:51+00:00","dateModified":"2024-06-17T01:07:51+00:00","breadcrumb":{"@id":"https:\/\/www.iec2024.ec\/en\/misas-7-idiomas\/#breadcrumb"},"inLanguage":"en-US","potentialAction":[{"@type":"ReadAction","target":["https:\/\/www.iec2024.ec\/en\/misas-7-idiomas\/"]}]},{"@type":"BreadcrumbList","@id":"https:\/\/www.iec2024.ec\/en\/misas-7-idiomas\/#breadcrumb","itemListElement":[{"@type":"ListItem","position":1,"name":"Portada","item":"https:\/\/www.iec2024.ec\/en\/"},{"@type":"ListItem","position":2,"name":"Al menos en 7 idiomas se celebrar\u00e1n las Misas en el IEC 2024"}]},{"@type":"WebSite","@id":"https:\/\/www.iec2024.ec\/en\/#website","url":"https:\/\/www.iec2024.ec\/en\/","name":"IEC 2024","description":"","publisher":{"@id":"https:\/\/www.iec2024.ec\/en\/#organization"},"potentialAction":[{"@type":"SearchAction","target":{"@type":"EntryPoint","urlTemplate":"https:\/\/www.iec2024.ec\/en\/?s={search_term_string}"},"query-input":"required name=search_term_string"}],"inLanguage":"en-US"},{"@type":"Organization","@id":"https:\/\/www.iec2024.ec\/en\/#organization","name":"IEC 2024","url":"https:\/\/www.iec2024.ec\/en\/","logo":{"@type":"ImageObject","inLanguage":"en-US","@id":"https:\/\/www.iec2024.ec\/en\/#\/schema\/logo\/image\/","url":"https:\/\/www.iec2024.ec\/wp-content\/uploads\/2024\/01\/cropped-logo-2024.png","contentUrl":"https:\/\/www.iec2024.ec\/wp-content\/uploads\/2024\/01\/cropped-logo-2024.png","width":1277,"height":332,"caption":"IEC 2024"},"image":{"@id":"https:\/\/www.iec2024.ec\/en\/#\/schema\/logo\/image\/"}},{"@type":"Person","@id":"https:\/\/www.iec2024.ec\/en\/#\/schema\/person\/7dc46e27a804fe39ba34935ca5284fe2","name":"Secretario T\u00e9cnico","image":{"@type":"ImageObject","inLanguage":"en-US","@id":"https:\/\/www.iec2024.ec\/en\/#\/schema\/person\/image\/","url":"https:\/\/secure.gravatar.com\/avatar\/67808a21710148ea0645bc85e43e21b6?s=96&d=mm&r=g","contentUrl":"https:\/\/secure.gravatar.com\/avatar\/67808a21710148ea0645bc85e43e21b6?s=96&d=mm&r=g","caption":"Secretario T\u00e9cnico"},"url":"https:\/\/www.iec2024.ec\/en\/author\/4dm1ns3cr3t4r10\/"}]}},"_links":{"self":[{"href":"https:\/\/www.iec2024.ec\/en\/wp-json\/wp\/v2\/posts\/19243"}],"collection":[{"href":"https:\/\/www.iec2024.ec\/en\/wp-json\/wp\/v2\/posts"}],"about":[{"href":"https:\/\/www.iec2024.ec\/en\/wp-json\/wp\/v2\/types\/post"}],"author":[{"embeddable":true,"href":"https:\/\/www.iec2024.ec\/en\/wp-json\/wp\/v2\/users\/2"}],"replies":[{"embeddable":true,"href":"https:\/\/www.iec2024.ec\/en\/wp-json\/wp\/v2\/comments?post=19243"}],"version-history":[{"count":0,"href":"https:\/\/www.iec2024.ec\/en\/wp-json\/wp\/v2\/posts\/19243\/revisions"}],"wp:featuredmedia":[{"embeddable":true,"href":"https:\/\/www.iec2024.ec\/en\/wp-json\/wp\/v2\/media\/17767"}],"wp:attachment":[{"href":"https:\/\/www.iec2024.ec\/en\/wp-json\/wp\/v2\/media?parent=19243"}],"wp:term":[{"taxonomy":"category","embeddable":true,"href":"https:\/\/www.iec2024.ec\/en\/wp-json\/wp\/v2\/categories?post=19243"},{"taxonomy":"post_tag","embeddable":true,"href":"https:\/\/www.iec2024.ec\/en\/wp-json\/wp\/v2\/tags?post=19243"}],"curies":[{"name":"wp","href":"https:\/\/api.w.org\/{rel}","templated":true}]}}