{"id":21041,"date":"2024-09-01T19:24:10","date_gmt":"2024-09-02T00:24:10","guid":{"rendered":"https:\/\/www.iec2024.ec\/eucaristia-y-sagrado-corazon\/"},"modified":"2024-09-04T16:30:16","modified_gmt":"2024-09-04T21:30:16","slug":"eucaristia-y-sagrado-corazon","status":"publish","type":"post","link":"https:\/\/www.iec2024.ec\/en\/eucaristia-y-sagrado-corazon\/","title":{"rendered":"&#8220;Eucharist and Sacred Heart of Jesus&#8221;"},"content":{"rendered":"<p><strong>Chronicle from \u00c1vila<\/strong><\/p>\n<p><strong>Cardinal Baltazar Porras Cardozo<\/strong><\/p>\n<p>Quito has earned the right to host the 53rd International Eucharistic Congress not as a gracious concession, but as the result of both distant and recent preparation that highlights the missionary zeal of the Church in Ecuador. Since the first congress was held in Lille, France, in 1881, it has journeyed around the world fifty-two times. The last one took place in Budapest (2021) amid the pandemic that ravaged the world. These gatherings have been among the most successful pastoral experiences concerning the centrality of the Eucharist, which is the driving force of Christian life in a secularized and lay world. It makes sense to rediscover the value of the transcendent and the deeper meaning of God made man as one of us, Jesus of Nazareth, becoming food and drink not easy to swallow. This was true from the beginning, as the Gospel of John reminds us in its sixth chapter.<\/p>\n<p>Latin America has hosted the congresses on four occasions. The first was in 1934 in Buenos Aires, with Cardinal Eugenio Pacelli, the papal legate of Pope Pius XI, arriving aboard the Italian ship Conte Grande, escorted by six Argentine Navy vessels. Pacelli\u2019s visit was seen as a reaffirmation of Rome within Argentine Catholicism. At the closing Mass, Pius XI addressed the assembly via radio message, invoking the Virgin of Luj\u00e1n and the Jesuit martyrs of Paraguay. The Eucharistic Congress garnered great acceptance from both the popular sectors and the elite and ruling class.<\/p>\n<p>It wasn\u2019t until 1955 that Latin America hosted the Eucharistic Congresses again. This time it was in Rio de Janeiro, presided over by Cardinal Adeodato Giovanni Piazza, OCD, the papal legate of Pope Pius XII, Secretary of the Sacred Consistorial Congregation and President of the Italian Episcopal Conference. Following this event, the creation of CELAM and CAL, the Commission for Latin America in the Vatican, marked a significant milestone in the ecclesial life of our continent.<\/p>\n<p>1968, a notable year for the world, saw the first visit of a Pope to the new continent. Paul VI arrived in Bogot\u00e1 and inaugurated the International Eucharistic Congress and the Second General Conference of the Latin American Episcopate, which took place in Medell\u00edn and focused on embracing Vatican II within our reality, pioneering in the world and offering the world insights into the ecclesial experience during a time when dictatorial regimes were dominant. The papal legate was Cardinal Giacomo Lercaro, Archbishop of Bologna and a leading conciliar father championing the aggiornamento of the Church.<\/p>\n<p>It wasn\u2019t until the beginning of the present century that Latin America hosted the 48th International Eucharistic Congress. Guadalajara, Mexico (2004), promoted \u201cthe Eucharist as light and life of the new millennium.\u201d The papal legate of the elderly John Paul II was Cardinal Josef Tomko, Slovak, President of the Pontifical Committee for International Eucharistic Congresses. The current 53rd International Eucharistic Congress will be held in Quito from September 8 to 15, 2024, under the theme \u201cFraternity to Save the World.\u201d I, the writer of these lines, have been appointed as papal legate.<\/p>\n<p>Ecuador has a long history with the Eucharist and devotion to the Sacred Heart of Jesus. Five years after the first international congress in Lille (1881), the first national Eucharistic Congress was held in Quito on the occasion of the second centenary of the worship of the Sacred Heart of Jesus, under the patronage of the Immaculate Heart of Mary, Saint Joseph, and Saint Rose of Lima, during the pontificate of the sixth Archbishop of Quito, Monsignor Jos\u00e9 Ignacio Ord\u00f3\u00f1ez.<\/p>\n<p>The second National Eucharistic Congress was also held in Quito (1949), to mark the first centenary of the creation of the Archdiocese of Quito and the 75th anniversary of Ecuador\u2019s consecration to the Sacred Heart of Jesus. It was presided over by Archbishop Carlos Mar\u00eda Javier de la Torre y Nieto, who would become Ecuador\u2019s first cardinal in 1953. The papal legate was Monsignor Efr\u00e9n Forni, Apostolic Nuncio in Ecuador. At the closing, a radio message from Pope Pius XII was heard.<\/p>\n<p>The third National Eucharistic Congress took place in Guayaquil (1958), with the papal legate being the elderly Cardinal Carlos Mar\u00eda de la Torre, on the occasion of Guayaquil&#8217;s elevation to an archdiocese. The themes were the Eucharist and the family, the Eucharist as a source of energy in Christian and patriotic formation of youth, and the Eucharist and social issues. Bishops from various countries on the continent were present. Again, just days before the death of Pope Pius XII, the radio message sent by the Supreme Pontiff was heard.<\/p>\n<p>Cuenca hosted the fourth National Eucharistic Congress (1967), with German Cardinal Julius August D\u00f6pfner, Archbishop of Munich, as papal legate. The Archbishop of the city, Manuel de Jes\u00fas Serrano Abad, promoted a nationwide Eucharistic Mission and a total renewal of life in Christ and through Christ. Pope Paul VI sent a radio message encouraging and congratulating the participants for their intensive preparatory days. At the closing, the cathedral was consecrated to the Immaculate Virgin Mary.<\/p>\n<p>Guayaquil was again the venue for the Fifth National Eucharistic Congress (1988), under the theme \u201cwith Mary to Christ, the Bread of Life come down from heaven.\u201d The envoy of Pope John Paul II was Cardinal Eduardo Mart\u00ednez Somalo, Prefect of the Congregation for Divine Worship. Archbishop Bernardino Echeverr\u00eda Ruiz, OFM, who would later be promoted to the cardinalate, was the enthusiastic promoter of the congress. In his message, Pope John Paul II asked that the Church in Ecuador \u201cconfirm itself as a Church committed to the new evangelization to which all of Latin America is called in preparation for the Fifth Centenary of the arrival of the saving message to the new world.\u201d<\/p>\n<p>With such a long ecclesial experience, Ecuador, a Eucharistic country consecrated to the Sacred Heart of Jesus since 1874, is dressed in its finest to host the 53rd International Eucharistic Congress from September 8 to 15. From the center of the world in our Latin American continent, we will join the apostolic journey of Pope Francis to the antipodes, the extreme East, where Catholicism is present as a minority under difficult conditions, to preach that fraternity in Christ is an offer of salvation for the entire world.<\/p>\n<p>33.- 31-8-24 (6598)<\/p>\n","protected":false},"excerpt":{"rendered":"<p>Chronicle from \u00c1vila Cardinal Baltazar Porras Cardozo Quito has earned the right to host the 53rd International Eucharistic Congress not as a gracious concession, but as the result of both distant and recent preparation that highlights the missionary zeal of the Church in Ecuador. Since the first congress was held in Lille, France, in 1881, [&hellip;]<\/p>\n","protected":false},"author":7,"featured_media":20935,"comment_status":"closed","ping_status":"closed","sticky":false,"template":"","format":"standard","meta":{"footnotes":""},"categories":[33],"tags":[],"acf":[],"yoast_head":"<!-- This site is optimized with the Yoast SEO plugin v21.1 - https:\/\/yoast.com\/wordpress\/plugins\/seo\/ -->\n<title>&quot;Eucharist and Sacred Heart of Jesus&quot; - IEC 2024<\/title>\n<meta name=\"robots\" content=\"index, follow, max-snippet:-1, max-image-preview:large, max-video-preview:-1\" \/>\n<link rel=\"canonical\" href=\"https:\/\/www.iec2024.ec\/en\/eucaristia-y-sagrado-corazon\/\" \/>\n<meta property=\"og:locale\" content=\"en_US\" \/>\n<meta property=\"og:type\" content=\"article\" \/>\n<meta property=\"og:title\" content=\"&quot;Eucharist and Sacred Heart of Jesus&quot; - IEC 2024\" \/>\n<meta property=\"og:description\" content=\"Chronicle from \u00c1vila Cardinal Baltazar Porras Cardozo Quito has earned the right to host the 53rd International Eucharistic Congress not as a gracious concession, but as the result of both distant and recent preparation that highlights the missionary zeal of the Church in Ecuador. Since the first congress was held in Lille, France, in 1881, [&hellip;]\" \/>\n<meta property=\"og:url\" content=\"https:\/\/www.iec2024.ec\/en\/eucaristia-y-sagrado-corazon\/\" \/>\n<meta property=\"og:site_name\" content=\"IEC 2024\" \/>\n<meta property=\"article:published_time\" content=\"2024-09-02T00:24:10+00:00\" \/>\n<meta property=\"article:modified_time\" content=\"2024-09-04T21:30:16+00:00\" \/>\n<meta property=\"og:image\" content=\"https:\/\/www.iec2024.ec\/wp-content\/uploads\/2024\/09\/cardenal-Baltazar-Porras.png\" \/>\n\t<meta property=\"og:image:width\" content=\"1023\" \/>\n\t<meta property=\"og:image:height\" content=\"591\" \/>\n\t<meta property=\"og:image:type\" content=\"image\/png\" \/>\n<meta name=\"author\" content=\"J Marmol\" \/>\n<meta name=\"twitter:card\" content=\"summary_large_image\" \/>\n<meta name=\"twitter:label1\" content=\"Written by\" \/>\n\t<meta name=\"twitter:data1\" content=\"J Marmol\" \/>\n\t<meta name=\"twitter:label2\" content=\"Est. reading time\" \/>\n\t<meta name=\"twitter:data2\" content=\"5 minutes\" \/>\n<script type=\"application\/ld+json\" class=\"yoast-schema-graph\">{\"@context\":\"https:\/\/schema.org\",\"@graph\":[{\"@type\":\"Article\",\"@id\":\"https:\/\/www.iec2024.ec\/en\/eucaristia-y-sagrado-corazon\/#article\",\"isPartOf\":{\"@id\":\"https:\/\/www.iec2024.ec\/en\/eucaristia-y-sagrado-corazon\/\"},\"author\":{\"name\":\"J Marmol\",\"@id\":\"https:\/\/www.iec2024.ec\/en\/#\/schema\/person\/4a909b0744c848e07c246ad3068fce1a\"},\"headline\":\"&#8220;Eucharist and Sacred Heart of Jesus&#8221;\",\"datePublished\":\"2024-09-02T00:24:10+00:00\",\"dateModified\":\"2024-09-04T21:30:16+00:00\",\"mainEntityOfPage\":{\"@id\":\"https:\/\/www.iec2024.ec\/en\/eucaristia-y-sagrado-corazon\/\"},\"wordCount\":1047,\"publisher\":{\"@id\":\"https:\/\/www.iec2024.ec\/en\/#organization\"},\"articleSection\":[\"News\"],\"inLanguage\":\"en-US\"},{\"@type\":\"WebPage\",\"@id\":\"https:\/\/www.iec2024.ec\/en\/eucaristia-y-sagrado-corazon\/\",\"url\":\"https:\/\/www.iec2024.ec\/en\/eucaristia-y-sagrado-corazon\/\",\"name\":\"\\\"Eucharist and Sacred Heart of Jesus\\\" - IEC 2024\",\"isPartOf\":{\"@id\":\"https:\/\/www.iec2024.ec\/en\/#website\"},\"datePublished\":\"2024-09-02T00:24:10+00:00\",\"dateModified\":\"2024-09-04T21:30:16+00:00\",\"breadcrumb\":{\"@id\":\"https:\/\/www.iec2024.ec\/en\/eucaristia-y-sagrado-corazon\/#breadcrumb\"},\"inLanguage\":\"en-US\",\"potentialAction\":[{\"@type\":\"ReadAction\",\"target\":[\"https:\/\/www.iec2024.ec\/en\/eucaristia-y-sagrado-corazon\/\"]}]},{\"@type\":\"BreadcrumbList\",\"@id\":\"https:\/\/www.iec2024.ec\/en\/eucaristia-y-sagrado-corazon\/#breadcrumb\",\"itemListElement\":[{\"@type\":\"ListItem\",\"position\":1,\"name\":\"Portada\",\"item\":\"https:\/\/www.iec2024.ec\/en\/\"},{\"@type\":\"ListItem\",\"position\":2,\"name\":\"\u00abEucharist and Sacred Heart of Jesus\u00bb\"}]},{\"@type\":\"WebSite\",\"@id\":\"https:\/\/www.iec2024.ec\/en\/#website\",\"url\":\"https:\/\/www.iec2024.ec\/en\/\",\"name\":\"IEC 2024\",\"description\":\"\",\"publisher\":{\"@id\":\"https:\/\/www.iec2024.ec\/en\/#organization\"},\"potentialAction\":[{\"@type\":\"SearchAction\",\"target\":{\"@type\":\"EntryPoint\",\"urlTemplate\":\"https:\/\/www.iec2024.ec\/en\/?s={search_term_string}\"},\"query-input\":\"required name=search_term_string\"}],\"inLanguage\":\"en-US\"},{\"@type\":\"Organization\",\"@id\":\"https:\/\/www.iec2024.ec\/en\/#organization\",\"name\":\"IEC 2024\",\"url\":\"https:\/\/www.iec2024.ec\/en\/\",\"logo\":{\"@type\":\"ImageObject\",\"inLanguage\":\"en-US\",\"@id\":\"https:\/\/www.iec2024.ec\/en\/#\/schema\/logo\/image\/\",\"url\":\"https:\/\/www.iec2024.ec\/wp-content\/uploads\/2024\/01\/cropped-logo-2024.png\",\"contentUrl\":\"https:\/\/www.iec2024.ec\/wp-content\/uploads\/2024\/01\/cropped-logo-2024.png\",\"width\":1277,\"height\":332,\"caption\":\"IEC 2024\"},\"image\":{\"@id\":\"https:\/\/www.iec2024.ec\/en\/#\/schema\/logo\/image\/\"}},{\"@type\":\"Person\",\"@id\":\"https:\/\/www.iec2024.ec\/en\/#\/schema\/person\/4a909b0744c848e07c246ad3068fce1a\",\"name\":\"J Marmol\",\"image\":{\"@type\":\"ImageObject\",\"inLanguage\":\"en-US\",\"@id\":\"https:\/\/www.iec2024.ec\/en\/#\/schema\/person\/image\/\",\"url\":\"https:\/\/secure.gravatar.com\/avatar\/0ffa1380326faa52bdc3089d469efedc?s=96&d=mm&r=g\",\"contentUrl\":\"https:\/\/secure.gravatar.com\/avatar\/0ffa1380326faa52bdc3089d469efedc?s=96&d=mm&r=g\",\"caption\":\"J Marmol\"},\"url\":\"https:\/\/www.iec2024.ec\/en\/author\/jmarmol\/\"}]}<\/script>\n<!-- \/ Yoast SEO plugin. -->","yoast_head_json":{"title":"\"Eucharist and Sacred Heart of Jesus\" - IEC 2024","robots":{"index":"index","follow":"follow","max-snippet":"max-snippet:-1","max-image-preview":"max-image-preview:large","max-video-preview":"max-video-preview:-1"},"canonical":"https:\/\/www.iec2024.ec\/en\/eucaristia-y-sagrado-corazon\/","og_locale":"en_US","og_type":"article","og_title":"\"Eucharist and Sacred Heart of Jesus\" - IEC 2024","og_description":"Chronicle from \u00c1vila Cardinal Baltazar Porras Cardozo Quito has earned the right to host the 53rd International Eucharistic Congress not as a gracious concession, but as the result of both distant and recent preparation that highlights the missionary zeal of the Church in Ecuador. Since the first congress was held in Lille, France, in 1881, [&hellip;]","og_url":"https:\/\/www.iec2024.ec\/en\/eucaristia-y-sagrado-corazon\/","og_site_name":"IEC 2024","article_published_time":"2024-09-02T00:24:10+00:00","article_modified_time":"2024-09-04T21:30:16+00:00","og_image":[{"width":1023,"height":591,"url":"https:\/\/www.iec2024.ec\/wp-content\/uploads\/2024\/09\/cardenal-Baltazar-Porras.png","type":"image\/png"}],"author":"J Marmol","twitter_card":"summary_large_image","twitter_misc":{"Written by":"J Marmol","Est. reading time":"5 minutes"},"schema":{"@context":"https:\/\/schema.org","@graph":[{"@type":"Article","@id":"https:\/\/www.iec2024.ec\/en\/eucaristia-y-sagrado-corazon\/#article","isPartOf":{"@id":"https:\/\/www.iec2024.ec\/en\/eucaristia-y-sagrado-corazon\/"},"author":{"name":"J Marmol","@id":"https:\/\/www.iec2024.ec\/en\/#\/schema\/person\/4a909b0744c848e07c246ad3068fce1a"},"headline":"&#8220;Eucharist and Sacred Heart of Jesus&#8221;","datePublished":"2024-09-02T00:24:10+00:00","dateModified":"2024-09-04T21:30:16+00:00","mainEntityOfPage":{"@id":"https:\/\/www.iec2024.ec\/en\/eucaristia-y-sagrado-corazon\/"},"wordCount":1047,"publisher":{"@id":"https:\/\/www.iec2024.ec\/en\/#organization"},"articleSection":["News"],"inLanguage":"en-US"},{"@type":"WebPage","@id":"https:\/\/www.iec2024.ec\/en\/eucaristia-y-sagrado-corazon\/","url":"https:\/\/www.iec2024.ec\/en\/eucaristia-y-sagrado-corazon\/","name":"\"Eucharist and Sacred Heart of Jesus\" - IEC 2024","isPartOf":{"@id":"https:\/\/www.iec2024.ec\/en\/#website"},"datePublished":"2024-09-02T00:24:10+00:00","dateModified":"2024-09-04T21:30:16+00:00","breadcrumb":{"@id":"https:\/\/www.iec2024.ec\/en\/eucaristia-y-sagrado-corazon\/#breadcrumb"},"inLanguage":"en-US","potentialAction":[{"@type":"ReadAction","target":["https:\/\/www.iec2024.ec\/en\/eucaristia-y-sagrado-corazon\/"]}]},{"@type":"BreadcrumbList","@id":"https:\/\/www.iec2024.ec\/en\/eucaristia-y-sagrado-corazon\/#breadcrumb","itemListElement":[{"@type":"ListItem","position":1,"name":"Portada","item":"https:\/\/www.iec2024.ec\/en\/"},{"@type":"ListItem","position":2,"name":"\u00abEucharist and Sacred Heart of Jesus\u00bb"}]},{"@type":"WebSite","@id":"https:\/\/www.iec2024.ec\/en\/#website","url":"https:\/\/www.iec2024.ec\/en\/","name":"IEC 2024","description":"","publisher":{"@id":"https:\/\/www.iec2024.ec\/en\/#organization"},"potentialAction":[{"@type":"SearchAction","target":{"@type":"EntryPoint","urlTemplate":"https:\/\/www.iec2024.ec\/en\/?s={search_term_string}"},"query-input":"required name=search_term_string"}],"inLanguage":"en-US"},{"@type":"Organization","@id":"https:\/\/www.iec2024.ec\/en\/#organization","name":"IEC 2024","url":"https:\/\/www.iec2024.ec\/en\/","logo":{"@type":"ImageObject","inLanguage":"en-US","@id":"https:\/\/www.iec2024.ec\/en\/#\/schema\/logo\/image\/","url":"https:\/\/www.iec2024.ec\/wp-content\/uploads\/2024\/01\/cropped-logo-2024.png","contentUrl":"https:\/\/www.iec2024.ec\/wp-content\/uploads\/2024\/01\/cropped-logo-2024.png","width":1277,"height":332,"caption":"IEC 2024"},"image":{"@id":"https:\/\/www.iec2024.ec\/en\/#\/schema\/logo\/image\/"}},{"@type":"Person","@id":"https:\/\/www.iec2024.ec\/en\/#\/schema\/person\/4a909b0744c848e07c246ad3068fce1a","name":"J Marmol","image":{"@type":"ImageObject","inLanguage":"en-US","@id":"https:\/\/www.iec2024.ec\/en\/#\/schema\/person\/image\/","url":"https:\/\/secure.gravatar.com\/avatar\/0ffa1380326faa52bdc3089d469efedc?s=96&d=mm&r=g","contentUrl":"https:\/\/secure.gravatar.com\/avatar\/0ffa1380326faa52bdc3089d469efedc?s=96&d=mm&r=g","caption":"J Marmol"},"url":"https:\/\/www.iec2024.ec\/en\/author\/jmarmol\/"}]}},"_links":{"self":[{"href":"https:\/\/www.iec2024.ec\/en\/wp-json\/wp\/v2\/posts\/21041"}],"collection":[{"href":"https:\/\/www.iec2024.ec\/en\/wp-json\/wp\/v2\/posts"}],"about":[{"href":"https:\/\/www.iec2024.ec\/en\/wp-json\/wp\/v2\/types\/post"}],"author":[{"embeddable":true,"href":"https:\/\/www.iec2024.ec\/en\/wp-json\/wp\/v2\/users\/7"}],"replies":[{"embeddable":true,"href":"https:\/\/www.iec2024.ec\/en\/wp-json\/wp\/v2\/comments?post=21041"}],"version-history":[{"count":2,"href":"https:\/\/www.iec2024.ec\/en\/wp-json\/wp\/v2\/posts\/21041\/revisions"}],"predecessor-version":[{"id":21410,"href":"https:\/\/www.iec2024.ec\/en\/wp-json\/wp\/v2\/posts\/21041\/revisions\/21410"}],"wp:featuredmedia":[{"embeddable":true,"href":"https:\/\/www.iec2024.ec\/en\/wp-json\/wp\/v2\/media\/20935"}],"wp:attachment":[{"href":"https:\/\/www.iec2024.ec\/en\/wp-json\/wp\/v2\/media?parent=21041"}],"wp:term":[{"taxonomy":"category","embeddable":true,"href":"https:\/\/www.iec2024.ec\/en\/wp-json\/wp\/v2\/categories?post=21041"},{"taxonomy":"post_tag","embeddable":true,"href":"https:\/\/www.iec2024.ec\/en\/wp-json\/wp\/v2\/tags?post=21041"}],"curies":[{"name":"wp","href":"https:\/\/api.w.org\/{rel}","templated":true}]}}