{"id":21049,"date":"2024-08-29T16:18:59","date_gmt":"2024-08-29T21:18:59","guid":{"rendered":"https:\/\/www.iec2024.ec\/todo-listo-para-vivir-el-iec2024\/"},"modified":"2024-09-04T16:52:44","modified_gmt":"2024-09-04T21:52:44","slug":"todo-listo-para-vivir-el-iec2024","status":"publish","type":"post","link":"https:\/\/www.iec2024.ec\/en\/todo-listo-para-vivir-el-iec2024\/","title":{"rendered":"Everything is Ready for the 53rd International Eucharistic Congress in Quito"},"content":{"rendered":"<p>Everything is in place for Quito to host the largest Eucharistic experience of faith in an environment of fraternal unity within the Universal Church. This was stated by Monsignor Alfredo Espinoza Mateus, SDB, Metropolitan Archbishop of Quito and Primate of Ecuador, during a press conference held on the morning of Thursday, August 29, at the headquarters of the Ecuadorian Episcopal Conference.<\/p>\n<p>Monsignor Espinoza Mateus explained that before the Eucharistic Congress, a Theological Symposium will be held at the Pontifical Catholic University of Ecuador. This symposium will feature prominent personalities and academics from around the world, who will reflect on the theme \u201cFraternity to Heal the World.\u201d<\/p>\n<p>He highlighted that delegations from 53 countries will be attending the Congress, making it both a great privilege and a significant challenge for the Church in Ecuador and the city of Quito to welcome thousands of participants who will delve into the theme of the Congress: \u201cFraternity to Heal the World.\u201d<\/p>\n<p>The Archbishop of Quito, who chairs the organizing committee for the 53rd International Eucharistic Congress, also informed that on Sunday, September 8, and Sunday, September 15, no morning Masses will be celebrated in the various parishes of the Archdiocese of Quito. This decision is to facilitate the faithful\u2019s participation in the opening and closing Masses of the Congress, which will be held at 10:00 AM and will be historic events for the Church in Quito and Ecuador.<\/p>\n<p><strong>The Importance of the Eucharistic Congress<\/strong><\/p>\n<p>In his address, Apostolic Nuncio to Ecuador, Monsignor Andr\u00e9s Carrascosa Coso, emphasized that an Eucharistic Congress is the most important event for the Church. He noted that it returns to Latin America after 20 years, following the previous Congress held in Guadalajara, Mexico, in 2004.<\/p>\n<p>He also announced that the Papal Legate for the Congress will be Cardinal Baltazar Porras Cardozo, Emeritus Archbishop of Caracas, replacing Cardinal Kevin Farrell, who cannot attend due to health issues requiring hospitalization.<\/p>\n<p>Monsignor Carrascosa added that the new Papal Legate is well-acquainted with Latin America, Ecuador, and specifically Quito. Cardinal Porras will arrive on Saturday, September 7, and during an evening Vespers celebration at the Metropolitan Cathedral of Quito at 5:00 PM, he will present the Papal delegation letter, marking the beginning of his mission to preside over the Congress and the Statio Orbis Mass on Sunday, September 15.<\/p>\n<p>The representative of the Holy See in Ecuador also revealed that Pope Francis will not be able to attend the solemn Statio Orbis due to a pastoral journey through several countries in Asia, including Indonesia, East Timor, Papua New Guinea, and Singapore.<\/p>\n<p><strong>Quito\u2019s Pride in Hosting the Congress<\/strong><\/p>\n<p>Quito\u2019s Mayor, Pabel Mu\u00f1oz, expressed that the capital is thrilled and proud to host the 53rd International Eucharistic Congress. He mentioned that the city has been working closely with the organizing committee to ensure that the international and national delegations are received with the renowned hospitality of the people of Quito.<\/p>\n<p>\u201cQuito becomes the global and Latin American hub for this very important event,\u201d said the mayor, emphasizing the city\u2019s readiness to welcome visitors warmly. \u201cThe only risk is that people might want to stay or return to Quito as soon as possible,\u201d he added, hinting that the city will provide all necessary security measures.<\/p>\n<p>The mayor also stressed the importance of the Congress\u2019s theme, \u201cFraternity to Heal the World,\u201d as it addresses the social fragmentation, polarization, and the marginalized masses that continue to affect society. He announced that the theme will also be promoted within the municipal scope of Quito.<\/p>\n<p>Additionally, he reported that, for the international event, the Metropolitan Mobility Company and the Quito Metro will offer a prepaid card with various amounts to facilitate transportation on the Quito Metro.<\/p>\n<p><strong>Quito: Eucharistic City at the Center of the World<\/strong><\/p>\n<p>The press conference also featured contributions from Jos\u00e9 Luis \u00c1lvarez and Mar\u00eda Elena Alsina, lay faithful, who highlighted that the event is open to all Catholic faithful as well as those who do not share the faith, since fraternity is universal.<\/p>\n<p>Father Juan Carlos Garz\u00f3n, General Secretary of the IEC 2024, detailed the Congress\u2019s program, noting that during the opening Mass on Sunday, September 8, around 1,700 children from various parishes in the Archdiocese of Quito will receive their First Communion. The closing Mass or Statio Orbis, scheduled for Sunday, September 15, at the same time, will be presided over by the Papal Legate, Cardinal Baltazar Porras Cardozo.<\/p>\n<p><strong>Daily Schedule of the IEC 2024<\/strong><\/p>\n<p>The International Eucharistic Congress will feature a rich agenda of conferences, testimonies, dialogues, and cultural and artistic activities centered around the theme \u201cFraternity to Heal the World.\u201d<\/p>\n<p><strong>Monday, September 9: Wounded World<\/strong> The Congress will begin with reflections on personal and global wounds. Spanish Catholic filmmaker Juan Manuel Cotelo will address this theme, followed by a discussion with Dr. Rodrigo Guerra, Secretary of the Pontifical Council for Latin America, and Quito Mayor Pabel Mu\u00f1oz, who will discuss the city&#8217;s wounds.<\/p>\n<p><strong>Tuesday, September 10: Redeemed Fraternity in Christ<\/strong> The theme of human fraternity, despite being marred by sin and division, finding redemption in Christ, will be explored by Sister Daniela Cannavina, General Secretary of the Latin American Confederation of Religious (CLAR). Testimonies will include those of significant faith witnesses like Friar Antonio de Montesinos OP, Monsignor \u00d3scar Arnulfo Romero, and Monsignor Leonidas Proa\u00f1o.<\/p>\n<p><strong>Film Forum:<\/strong> Juan Manuel Cotelo will present his film \u201cThe Greatest Gift\u201d at a forum at the Metropolitan Convention Center of Quito at 6:00 PM.<\/p>\n<p><strong>Wednesday, September 11: Eucharist and Transfiguration of the World<\/strong> Monsignor Andrew Cozzens, Bishop of Crookston, Minnesota, will address this theme, and Monsignor Jos\u00e9 Ignacio Munilla will speak on \u201cThe Sacred Heart of Jesus: A Demand for Fraternity.\u201d<\/p>\n<p><strong>Thursday, September 12: A Synodal Church<\/strong> Cardinal Mauro Gambetti, General Vicar of His Holiness for the Vatican City State, and Mary Wu, Advisor to the Council for Lay Apostolate of the Taipei Archdiocese, China, will discuss this topic.<\/p>\n<p><strong>Masses in Various Languages:<\/strong> Various churches in Quito\u2019s historic center will hold Masses in different languages, including English, French, Italian, German, Kichwa, Portuguese, and Chinese, starting at 6:00 PM.<\/p>\n<p><strong>Friday, September 13: Eucharist: Psalm of Fraternity<\/strong> Pablo Mart\u00ednez (Argentina) will discuss the Eucharist as the highest expression of gratitude and communion with God and others.<\/p>\n<p><strong>Youth Concert:<\/strong> Catholic singer-songwriter Pablo Mart\u00ednez (Argentina) will perform a concert with groups like Solideo, Los Padrecitos, and singer Marco Antonio Esp\u00edn. This event will take place at the CCMQ from 5:00 PM.<\/p>\n<p><strong>Talk &#8211; The Pedagogy of the Heart:<\/strong> Bishop Ignacio Munilla of Orihuela-Alicante will give a talk titled \u201cThe Pedagogy of the Heart\u201d for educators, parents, and the general public at the Basilica of the Dolorosa at 6:00 PM.<\/p>\n<p><strong>Final Note:<\/strong> Several activities will be open to all faithful, including the large gatherings on Sunday, September 8 (opening Mass), Sunday, September 15 (Statio Orbis Mass), Saturday, September 14 (Eucharist and procession), and the multilingual Masses on Thursday, September 12.<\/p>\n","protected":false},"excerpt":{"rendered":"<p>Everything is in place for Quito to host the largest Eucharistic experience of faith in an environment of fraternal unity within the Universal Church. This was stated by Monsignor Alfredo Espinoza Mateus, SDB, Metropolitan Archbishop of Quito and Primate of Ecuador, during a press conference held on the morning of Thursday, August 29, at the [&hellip;]<\/p>\n","protected":false},"author":7,"featured_media":20822,"comment_status":"closed","ping_status":"closed","sticky":false,"template":"","format":"standard","meta":{"footnotes":""},"categories":[33],"tags":[],"acf":[],"yoast_head":"<!-- This site is optimized with the Yoast SEO plugin v21.1 - https:\/\/yoast.com\/wordpress\/plugins\/seo\/ -->\n<title>Everything is Ready for the 53rd International Eucharistic Congress in Quito - IEC 2024<\/title>\n<meta name=\"robots\" content=\"index, follow, max-snippet:-1, max-image-preview:large, max-video-preview:-1\" \/>\n<link rel=\"canonical\" href=\"https:\/\/www.iec2024.ec\/en\/todo-listo-para-vivir-el-iec2024\/\" \/>\n<meta property=\"og:locale\" content=\"en_US\" \/>\n<meta property=\"og:type\" content=\"article\" \/>\n<meta property=\"og:title\" content=\"Everything is Ready for the 53rd International Eucharistic Congress in Quito - IEC 2024\" \/>\n<meta property=\"og:description\" content=\"Everything is in place for Quito to host the largest Eucharistic experience of faith in an environment of fraternal unity within the Universal Church. This was stated by Monsignor Alfredo Espinoza Mateus, SDB, Metropolitan Archbishop of Quito and Primate of Ecuador, during a press conference held on the morning of Thursday, August 29, at the [&hellip;]\" \/>\n<meta property=\"og:url\" content=\"https:\/\/www.iec2024.ec\/en\/todo-listo-para-vivir-el-iec2024\/\" \/>\n<meta property=\"og:site_name\" content=\"IEC 2024\" \/>\n<meta property=\"article:published_time\" content=\"2024-08-29T21:18:59+00:00\" \/>\n<meta property=\"article:modified_time\" content=\"2024-09-04T21:52:44+00:00\" \/>\n<meta property=\"og:image\" content=\"https:\/\/www.iec2024.ec\/wp-content\/uploads\/2024\/08\/WhatsApp-Image-2024-08-29-at-10.33.31-AM.jpeg\" \/>\n\t<meta property=\"og:image:width\" content=\"1280\" \/>\n\t<meta property=\"og:image:height\" content=\"853\" \/>\n\t<meta property=\"og:image:type\" content=\"image\/jpeg\" \/>\n<meta name=\"author\" content=\"J Marmol\" \/>\n<meta name=\"twitter:card\" content=\"summary_large_image\" \/>\n<meta name=\"twitter:label1\" content=\"Written by\" \/>\n\t<meta name=\"twitter:data1\" content=\"J Marmol\" \/>\n\t<meta name=\"twitter:label2\" content=\"Est. reading time\" \/>\n\t<meta name=\"twitter:data2\" content=\"6 minutes\" \/>\n<script type=\"application\/ld+json\" class=\"yoast-schema-graph\">{\"@context\":\"https:\/\/schema.org\",\"@graph\":[{\"@type\":\"Article\",\"@id\":\"https:\/\/www.iec2024.ec\/en\/todo-listo-para-vivir-el-iec2024\/#article\",\"isPartOf\":{\"@id\":\"https:\/\/www.iec2024.ec\/en\/todo-listo-para-vivir-el-iec2024\/\"},\"author\":{\"name\":\"J Marmol\",\"@id\":\"https:\/\/www.iec2024.ec\/en\/#\/schema\/person\/4a909b0744c848e07c246ad3068fce1a\"},\"headline\":\"Everything is Ready for the 53rd International Eucharistic Congress in Quito\",\"datePublished\":\"2024-08-29T21:18:59+00:00\",\"dateModified\":\"2024-09-04T21:52:44+00:00\",\"mainEntityOfPage\":{\"@id\":\"https:\/\/www.iec2024.ec\/en\/todo-listo-para-vivir-el-iec2024\/\"},\"wordCount\":1145,\"publisher\":{\"@id\":\"https:\/\/www.iec2024.ec\/en\/#organization\"},\"articleSection\":[\"News\"],\"inLanguage\":\"en-US\"},{\"@type\":\"WebPage\",\"@id\":\"https:\/\/www.iec2024.ec\/en\/todo-listo-para-vivir-el-iec2024\/\",\"url\":\"https:\/\/www.iec2024.ec\/en\/todo-listo-para-vivir-el-iec2024\/\",\"name\":\"Everything is Ready for the 53rd International Eucharistic Congress in Quito - IEC 2024\",\"isPartOf\":{\"@id\":\"https:\/\/www.iec2024.ec\/en\/#website\"},\"datePublished\":\"2024-08-29T21:18:59+00:00\",\"dateModified\":\"2024-09-04T21:52:44+00:00\",\"breadcrumb\":{\"@id\":\"https:\/\/www.iec2024.ec\/en\/todo-listo-para-vivir-el-iec2024\/#breadcrumb\"},\"inLanguage\":\"en-US\",\"potentialAction\":[{\"@type\":\"ReadAction\",\"target\":[\"https:\/\/www.iec2024.ec\/en\/todo-listo-para-vivir-el-iec2024\/\"]}]},{\"@type\":\"BreadcrumbList\",\"@id\":\"https:\/\/www.iec2024.ec\/en\/todo-listo-para-vivir-el-iec2024\/#breadcrumb\",\"itemListElement\":[{\"@type\":\"ListItem\",\"position\":1,\"name\":\"Portada\",\"item\":\"https:\/\/www.iec2024.ec\/en\/\"},{\"@type\":\"ListItem\",\"position\":2,\"name\":\"Everything is Ready for the 53rd International Eucharistic Congress in Quito\"}]},{\"@type\":\"WebSite\",\"@id\":\"https:\/\/www.iec2024.ec\/en\/#website\",\"url\":\"https:\/\/www.iec2024.ec\/en\/\",\"name\":\"IEC 2024\",\"description\":\"\",\"publisher\":{\"@id\":\"https:\/\/www.iec2024.ec\/en\/#organization\"},\"potentialAction\":[{\"@type\":\"SearchAction\",\"target\":{\"@type\":\"EntryPoint\",\"urlTemplate\":\"https:\/\/www.iec2024.ec\/en\/?s={search_term_string}\"},\"query-input\":\"required name=search_term_string\"}],\"inLanguage\":\"en-US\"},{\"@type\":\"Organization\",\"@id\":\"https:\/\/www.iec2024.ec\/en\/#organization\",\"name\":\"IEC 2024\",\"url\":\"https:\/\/www.iec2024.ec\/en\/\",\"logo\":{\"@type\":\"ImageObject\",\"inLanguage\":\"en-US\",\"@id\":\"https:\/\/www.iec2024.ec\/en\/#\/schema\/logo\/image\/\",\"url\":\"https:\/\/www.iec2024.ec\/wp-content\/uploads\/2024\/01\/cropped-logo-2024.png\",\"contentUrl\":\"https:\/\/www.iec2024.ec\/wp-content\/uploads\/2024\/01\/cropped-logo-2024.png\",\"width\":1277,\"height\":332,\"caption\":\"IEC 2024\"},\"image\":{\"@id\":\"https:\/\/www.iec2024.ec\/en\/#\/schema\/logo\/image\/\"}},{\"@type\":\"Person\",\"@id\":\"https:\/\/www.iec2024.ec\/en\/#\/schema\/person\/4a909b0744c848e07c246ad3068fce1a\",\"name\":\"J Marmol\",\"image\":{\"@type\":\"ImageObject\",\"inLanguage\":\"en-US\",\"@id\":\"https:\/\/www.iec2024.ec\/en\/#\/schema\/person\/image\/\",\"url\":\"https:\/\/secure.gravatar.com\/avatar\/0ffa1380326faa52bdc3089d469efedc?s=96&d=mm&r=g\",\"contentUrl\":\"https:\/\/secure.gravatar.com\/avatar\/0ffa1380326faa52bdc3089d469efedc?s=96&d=mm&r=g\",\"caption\":\"J Marmol\"},\"url\":\"https:\/\/www.iec2024.ec\/en\/author\/jmarmol\/\"}]}<\/script>\n<!-- \/ Yoast SEO plugin. -->","yoast_head_json":{"title":"Everything is Ready for the 53rd International Eucharistic Congress in Quito - IEC 2024","robots":{"index":"index","follow":"follow","max-snippet":"max-snippet:-1","max-image-preview":"max-image-preview:large","max-video-preview":"max-video-preview:-1"},"canonical":"https:\/\/www.iec2024.ec\/en\/todo-listo-para-vivir-el-iec2024\/","og_locale":"en_US","og_type":"article","og_title":"Everything is Ready for the 53rd International Eucharistic Congress in Quito - IEC 2024","og_description":"Everything is in place for Quito to host the largest Eucharistic experience of faith in an environment of fraternal unity within the Universal Church. This was stated by Monsignor Alfredo Espinoza Mateus, SDB, Metropolitan Archbishop of Quito and Primate of Ecuador, during a press conference held on the morning of Thursday, August 29, at the [&hellip;]","og_url":"https:\/\/www.iec2024.ec\/en\/todo-listo-para-vivir-el-iec2024\/","og_site_name":"IEC 2024","article_published_time":"2024-08-29T21:18:59+00:00","article_modified_time":"2024-09-04T21:52:44+00:00","og_image":[{"width":1280,"height":853,"url":"https:\/\/www.iec2024.ec\/wp-content\/uploads\/2024\/08\/WhatsApp-Image-2024-08-29-at-10.33.31-AM.jpeg","type":"image\/jpeg"}],"author":"J Marmol","twitter_card":"summary_large_image","twitter_misc":{"Written by":"J Marmol","Est. reading time":"6 minutes"},"schema":{"@context":"https:\/\/schema.org","@graph":[{"@type":"Article","@id":"https:\/\/www.iec2024.ec\/en\/todo-listo-para-vivir-el-iec2024\/#article","isPartOf":{"@id":"https:\/\/www.iec2024.ec\/en\/todo-listo-para-vivir-el-iec2024\/"},"author":{"name":"J Marmol","@id":"https:\/\/www.iec2024.ec\/en\/#\/schema\/person\/4a909b0744c848e07c246ad3068fce1a"},"headline":"Everything is Ready for the 53rd International Eucharistic Congress in Quito","datePublished":"2024-08-29T21:18:59+00:00","dateModified":"2024-09-04T21:52:44+00:00","mainEntityOfPage":{"@id":"https:\/\/www.iec2024.ec\/en\/todo-listo-para-vivir-el-iec2024\/"},"wordCount":1145,"publisher":{"@id":"https:\/\/www.iec2024.ec\/en\/#organization"},"articleSection":["News"],"inLanguage":"en-US"},{"@type":"WebPage","@id":"https:\/\/www.iec2024.ec\/en\/todo-listo-para-vivir-el-iec2024\/","url":"https:\/\/www.iec2024.ec\/en\/todo-listo-para-vivir-el-iec2024\/","name":"Everything is Ready for the 53rd International Eucharistic Congress in Quito - IEC 2024","isPartOf":{"@id":"https:\/\/www.iec2024.ec\/en\/#website"},"datePublished":"2024-08-29T21:18:59+00:00","dateModified":"2024-09-04T21:52:44+00:00","breadcrumb":{"@id":"https:\/\/www.iec2024.ec\/en\/todo-listo-para-vivir-el-iec2024\/#breadcrumb"},"inLanguage":"en-US","potentialAction":[{"@type":"ReadAction","target":["https:\/\/www.iec2024.ec\/en\/todo-listo-para-vivir-el-iec2024\/"]}]},{"@type":"BreadcrumbList","@id":"https:\/\/www.iec2024.ec\/en\/todo-listo-para-vivir-el-iec2024\/#breadcrumb","itemListElement":[{"@type":"ListItem","position":1,"name":"Portada","item":"https:\/\/www.iec2024.ec\/en\/"},{"@type":"ListItem","position":2,"name":"Everything is Ready for the 53rd International Eucharistic Congress in Quito"}]},{"@type":"WebSite","@id":"https:\/\/www.iec2024.ec\/en\/#website","url":"https:\/\/www.iec2024.ec\/en\/","name":"IEC 2024","description":"","publisher":{"@id":"https:\/\/www.iec2024.ec\/en\/#organization"},"potentialAction":[{"@type":"SearchAction","target":{"@type":"EntryPoint","urlTemplate":"https:\/\/www.iec2024.ec\/en\/?s={search_term_string}"},"query-input":"required name=search_term_string"}],"inLanguage":"en-US"},{"@type":"Organization","@id":"https:\/\/www.iec2024.ec\/en\/#organization","name":"IEC 2024","url":"https:\/\/www.iec2024.ec\/en\/","logo":{"@type":"ImageObject","inLanguage":"en-US","@id":"https:\/\/www.iec2024.ec\/en\/#\/schema\/logo\/image\/","url":"https:\/\/www.iec2024.ec\/wp-content\/uploads\/2024\/01\/cropped-logo-2024.png","contentUrl":"https:\/\/www.iec2024.ec\/wp-content\/uploads\/2024\/01\/cropped-logo-2024.png","width":1277,"height":332,"caption":"IEC 2024"},"image":{"@id":"https:\/\/www.iec2024.ec\/en\/#\/schema\/logo\/image\/"}},{"@type":"Person","@id":"https:\/\/www.iec2024.ec\/en\/#\/schema\/person\/4a909b0744c848e07c246ad3068fce1a","name":"J Marmol","image":{"@type":"ImageObject","inLanguage":"en-US","@id":"https:\/\/www.iec2024.ec\/en\/#\/schema\/person\/image\/","url":"https:\/\/secure.gravatar.com\/avatar\/0ffa1380326faa52bdc3089d469efedc?s=96&d=mm&r=g","contentUrl":"https:\/\/secure.gravatar.com\/avatar\/0ffa1380326faa52bdc3089d469efedc?s=96&d=mm&r=g","caption":"J Marmol"},"url":"https:\/\/www.iec2024.ec\/en\/author\/jmarmol\/"}]}},"_links":{"self":[{"href":"https:\/\/www.iec2024.ec\/en\/wp-json\/wp\/v2\/posts\/21049"}],"collection":[{"href":"https:\/\/www.iec2024.ec\/en\/wp-json\/wp\/v2\/posts"}],"about":[{"href":"https:\/\/www.iec2024.ec\/en\/wp-json\/wp\/v2\/types\/post"}],"author":[{"embeddable":true,"href":"https:\/\/www.iec2024.ec\/en\/wp-json\/wp\/v2\/users\/7"}],"replies":[{"embeddable":true,"href":"https:\/\/www.iec2024.ec\/en\/wp-json\/wp\/v2\/comments?post=21049"}],"version-history":[{"count":3,"href":"https:\/\/www.iec2024.ec\/en\/wp-json\/wp\/v2\/posts\/21049\/revisions"}],"predecessor-version":[{"id":21472,"href":"https:\/\/www.iec2024.ec\/en\/wp-json\/wp\/v2\/posts\/21049\/revisions\/21472"}],"wp:featuredmedia":[{"embeddable":true,"href":"https:\/\/www.iec2024.ec\/en\/wp-json\/wp\/v2\/media\/20822"}],"wp:attachment":[{"href":"https:\/\/www.iec2024.ec\/en\/wp-json\/wp\/v2\/media?parent=21049"}],"wp:term":[{"taxonomy":"category","embeddable":true,"href":"https:\/\/www.iec2024.ec\/en\/wp-json\/wp\/v2\/categories?post=21049"},{"taxonomy":"post_tag","embeddable":true,"href":"https:\/\/www.iec2024.ec\/en\/wp-json\/wp\/v2\/tags?post=21049"}],"curies":[{"name":"wp","href":"https:\/\/api.w.org\/{rel}","templated":true}]}}