{"id":21058,"date":"2024-08-22T16:21:16","date_gmt":"2024-08-22T21:21:16","guid":{"rendered":"https:\/\/www.iec2024.ec\/periodistas-y-lideres-de-opinion-promoveran-la-fraternidad\/"},"modified":"2024-08-22T16:21:16","modified_gmt":"2024-08-22T21:21:16","slug":"periodistas-y-lideres-de-opinion-promoveran-la-fraternidad","status":"publish","type":"post","link":"https:\/\/www.iec2024.ec\/en\/periodistas-y-lideres-de-opinion-promoveran-la-fraternidad\/","title":{"rendered":"Periodistas y l\u00edderes de opini\u00f3n promover\u00e1n la fraternidad"},"content":{"rendered":"<p>De forma un\u00e1nime, los directivos de varios medios de comunicaci\u00f3n, periodistas y l\u00edderes de opini\u00f3n destacaron la importancia de que Ecuador sea la sede del 53\u00b0 Congreso Eucar\u00edstico Internacional, que reflexionar\u00e1 sobre el tema \u201cFraternidad para sanar el mundo\u201d.<\/p>\n","protected":false},"excerpt":{"rendered":"<p>De forma un\u00e1nime, los directivos de varios medios de comunicaci\u00f3n, periodistas y l\u00edderes de opini\u00f3n destacaron la importancia de que Ecuador sea la sede del 53\u00b0 Congreso Eucar\u00edstico Internacional, que reflexionar\u00e1 sobre el tema \u201cFraternidad para sanar el mundo\u201d.<\/p>\n","protected":false},"author":7,"featured_media":0,"comment_status":"closed","ping_status":"closed","sticky":false,"template":"","format":"standard","meta":{"footnotes":""},"categories":[143],"tags":[],"acf":[],"yoast_head":"<!-- This site is optimized with the Yoast SEO plugin v21.1 - https:\/\/yoast.com\/wordpress\/plugins\/seo\/ -->\n<title>Periodistas y l\u00edderes de opini\u00f3n promover\u00e1n la fraternidad - IEC 2024<\/title>\n<meta name=\"robots\" content=\"index, follow, max-snippet:-1, max-image-preview:large, max-video-preview:-1\" \/>\n<link rel=\"canonical\" href=\"https:\/\/www.iec2024.ec\/en\/periodistas-y-lideres-de-opinion-promoveran-la-fraternidad\/\" \/>\n<meta property=\"og:locale\" content=\"en_US\" \/>\n<meta property=\"og:type\" content=\"article\" \/>\n<meta property=\"og:title\" content=\"Periodistas y l\u00edderes de opini\u00f3n promover\u00e1n la fraternidad - IEC 2024\" \/>\n<meta property=\"og:description\" content=\"De forma un\u00e1nime, los directivos de varios medios de comunicaci\u00f3n, periodistas y l\u00edderes de opini\u00f3n destacaron la importancia de que Ecuador sea la sede del 53\u00b0 Congreso Eucar\u00edstico Internacional, que reflexionar\u00e1 sobre el tema \u201cFraternidad para sanar el mundo\u201d.\" \/>\n<meta property=\"og:url\" content=\"https:\/\/www.iec2024.ec\/en\/periodistas-y-lideres-de-opinion-promoveran-la-fraternidad\/\" \/>\n<meta property=\"og:site_name\" content=\"IEC 2024\" \/>\n<meta property=\"article:published_time\" content=\"2024-08-22T21:21:16+00:00\" \/>\n<meta name=\"author\" content=\"J Marmol\" \/>\n<meta name=\"twitter:card\" content=\"summary_large_image\" \/>\n<meta name=\"twitter:label1\" content=\"Written by\" \/>\n\t<meta name=\"twitter:data1\" content=\"J Marmol\" \/>\n<script type=\"application\/ld+json\" class=\"yoast-schema-graph\">{\"@context\":\"https:\/\/schema.org\",\"@graph\":[{\"@type\":\"Article\",\"@id\":\"https:\/\/www.iec2024.ec\/en\/periodistas-y-lideres-de-opinion-promoveran-la-fraternidad\/#article\",\"isPartOf\":{\"@id\":\"https:\/\/www.iec2024.ec\/en\/periodistas-y-lideres-de-opinion-promoveran-la-fraternidad\/\"},\"author\":{\"name\":\"J Marmol\",\"@id\":\"https:\/\/www.iec2024.ec\/en\/#\/schema\/person\/4a909b0744c848e07c246ad3068fce1a\"},\"headline\":\"Periodistas y l\u00edderes de opini\u00f3n promover\u00e1n la fraternidad\",\"datePublished\":\"2024-08-22T21:21:16+00:00\",\"dateModified\":\"2024-08-22T21:21:16+00:00\",\"mainEntityOfPage\":{\"@id\":\"https:\/\/www.iec2024.ec\/en\/periodistas-y-lideres-de-opinion-promoveran-la-fraternidad\/\"},\"wordCount\":54,\"publisher\":{\"@id\":\"https:\/\/www.iec2024.ec\/en\/#organization\"},\"articleSection\":[\"Newsletters\"],\"inLanguage\":\"en-US\"},{\"@type\":\"WebPage\",\"@id\":\"https:\/\/www.iec2024.ec\/en\/periodistas-y-lideres-de-opinion-promoveran-la-fraternidad\/\",\"url\":\"https:\/\/www.iec2024.ec\/en\/periodistas-y-lideres-de-opinion-promoveran-la-fraternidad\/\",\"name\":\"Periodistas y l\u00edderes de opini\u00f3n promover\u00e1n la fraternidad - IEC 2024\",\"isPartOf\":{\"@id\":\"https:\/\/www.iec2024.ec\/en\/#website\"},\"datePublished\":\"2024-08-22T21:21:16+00:00\",\"dateModified\":\"2024-08-22T21:21:16+00:00\",\"breadcrumb\":{\"@id\":\"https:\/\/www.iec2024.ec\/en\/periodistas-y-lideres-de-opinion-promoveran-la-fraternidad\/#breadcrumb\"},\"inLanguage\":\"en-US\",\"potentialAction\":[{\"@type\":\"ReadAction\",\"target\":[\"https:\/\/www.iec2024.ec\/en\/periodistas-y-lideres-de-opinion-promoveran-la-fraternidad\/\"]}]},{\"@type\":\"BreadcrumbList\",\"@id\":\"https:\/\/www.iec2024.ec\/en\/periodistas-y-lideres-de-opinion-promoveran-la-fraternidad\/#breadcrumb\",\"itemListElement\":[{\"@type\":\"ListItem\",\"position\":1,\"name\":\"Portada\",\"item\":\"https:\/\/www.iec2024.ec\/en\/\"},{\"@type\":\"ListItem\",\"position\":2,\"name\":\"Periodistas y l\u00edderes de opini\u00f3n promover\u00e1n la fraternidad\"}]},{\"@type\":\"WebSite\",\"@id\":\"https:\/\/www.iec2024.ec\/en\/#website\",\"url\":\"https:\/\/www.iec2024.ec\/en\/\",\"name\":\"IEC 2024\",\"description\":\"\",\"publisher\":{\"@id\":\"https:\/\/www.iec2024.ec\/en\/#organization\"},\"potentialAction\":[{\"@type\":\"SearchAction\",\"target\":{\"@type\":\"EntryPoint\",\"urlTemplate\":\"https:\/\/www.iec2024.ec\/en\/?s={search_term_string}\"},\"query-input\":\"required name=search_term_string\"}],\"inLanguage\":\"en-US\"},{\"@type\":\"Organization\",\"@id\":\"https:\/\/www.iec2024.ec\/en\/#organization\",\"name\":\"IEC 2024\",\"url\":\"https:\/\/www.iec2024.ec\/en\/\",\"logo\":{\"@type\":\"ImageObject\",\"inLanguage\":\"en-US\",\"@id\":\"https:\/\/www.iec2024.ec\/en\/#\/schema\/logo\/image\/\",\"url\":\"https:\/\/www.iec2024.ec\/wp-content\/uploads\/2024\/01\/cropped-logo-2024.png\",\"contentUrl\":\"https:\/\/www.iec2024.ec\/wp-content\/uploads\/2024\/01\/cropped-logo-2024.png\",\"width\":1277,\"height\":332,\"caption\":\"IEC 2024\"},\"image\":{\"@id\":\"https:\/\/www.iec2024.ec\/en\/#\/schema\/logo\/image\/\"}},{\"@type\":\"Person\",\"@id\":\"https:\/\/www.iec2024.ec\/en\/#\/schema\/person\/4a909b0744c848e07c246ad3068fce1a\",\"name\":\"J Marmol\",\"image\":{\"@type\":\"ImageObject\",\"inLanguage\":\"en-US\",\"@id\":\"https:\/\/www.iec2024.ec\/en\/#\/schema\/person\/image\/\",\"url\":\"https:\/\/secure.gravatar.com\/avatar\/0ffa1380326faa52bdc3089d469efedc?s=96&d=mm&r=g\",\"contentUrl\":\"https:\/\/secure.gravatar.com\/avatar\/0ffa1380326faa52bdc3089d469efedc?s=96&d=mm&r=g\",\"caption\":\"J Marmol\"},\"url\":\"https:\/\/www.iec2024.ec\/en\/author\/jmarmol\/\"}]}<\/script>\n<!-- \/ Yoast SEO plugin. -->","yoast_head_json":{"title":"Periodistas y l\u00edderes de opini\u00f3n promover\u00e1n la fraternidad - IEC 2024","robots":{"index":"index","follow":"follow","max-snippet":"max-snippet:-1","max-image-preview":"max-image-preview:large","max-video-preview":"max-video-preview:-1"},"canonical":"https:\/\/www.iec2024.ec\/en\/periodistas-y-lideres-de-opinion-promoveran-la-fraternidad\/","og_locale":"en_US","og_type":"article","og_title":"Periodistas y l\u00edderes de opini\u00f3n promover\u00e1n la fraternidad - IEC 2024","og_description":"De forma un\u00e1nime, los directivos de varios medios de comunicaci\u00f3n, periodistas y l\u00edderes de opini\u00f3n destacaron la importancia de que Ecuador sea la sede del 53\u00b0 Congreso Eucar\u00edstico Internacional, que reflexionar\u00e1 sobre el tema \u201cFraternidad para sanar el mundo\u201d.","og_url":"https:\/\/www.iec2024.ec\/en\/periodistas-y-lideres-de-opinion-promoveran-la-fraternidad\/","og_site_name":"IEC 2024","article_published_time":"2024-08-22T21:21:16+00:00","author":"J Marmol","twitter_card":"summary_large_image","twitter_misc":{"Written by":"J Marmol"},"schema":{"@context":"https:\/\/schema.org","@graph":[{"@type":"Article","@id":"https:\/\/www.iec2024.ec\/en\/periodistas-y-lideres-de-opinion-promoveran-la-fraternidad\/#article","isPartOf":{"@id":"https:\/\/www.iec2024.ec\/en\/periodistas-y-lideres-de-opinion-promoveran-la-fraternidad\/"},"author":{"name":"J Marmol","@id":"https:\/\/www.iec2024.ec\/en\/#\/schema\/person\/4a909b0744c848e07c246ad3068fce1a"},"headline":"Periodistas y l\u00edderes de opini\u00f3n promover\u00e1n la fraternidad","datePublished":"2024-08-22T21:21:16+00:00","dateModified":"2024-08-22T21:21:16+00:00","mainEntityOfPage":{"@id":"https:\/\/www.iec2024.ec\/en\/periodistas-y-lideres-de-opinion-promoveran-la-fraternidad\/"},"wordCount":54,"publisher":{"@id":"https:\/\/www.iec2024.ec\/en\/#organization"},"articleSection":["Newsletters"],"inLanguage":"en-US"},{"@type":"WebPage","@id":"https:\/\/www.iec2024.ec\/en\/periodistas-y-lideres-de-opinion-promoveran-la-fraternidad\/","url":"https:\/\/www.iec2024.ec\/en\/periodistas-y-lideres-de-opinion-promoveran-la-fraternidad\/","name":"Periodistas y l\u00edderes de opini\u00f3n promover\u00e1n la fraternidad - IEC 2024","isPartOf":{"@id":"https:\/\/www.iec2024.ec\/en\/#website"},"datePublished":"2024-08-22T21:21:16+00:00","dateModified":"2024-08-22T21:21:16+00:00","breadcrumb":{"@id":"https:\/\/www.iec2024.ec\/en\/periodistas-y-lideres-de-opinion-promoveran-la-fraternidad\/#breadcrumb"},"inLanguage":"en-US","potentialAction":[{"@type":"ReadAction","target":["https:\/\/www.iec2024.ec\/en\/periodistas-y-lideres-de-opinion-promoveran-la-fraternidad\/"]}]},{"@type":"BreadcrumbList","@id":"https:\/\/www.iec2024.ec\/en\/periodistas-y-lideres-de-opinion-promoveran-la-fraternidad\/#breadcrumb","itemListElement":[{"@type":"ListItem","position":1,"name":"Portada","item":"https:\/\/www.iec2024.ec\/en\/"},{"@type":"ListItem","position":2,"name":"Periodistas y l\u00edderes de opini\u00f3n promover\u00e1n la fraternidad"}]},{"@type":"WebSite","@id":"https:\/\/www.iec2024.ec\/en\/#website","url":"https:\/\/www.iec2024.ec\/en\/","name":"IEC 2024","description":"","publisher":{"@id":"https:\/\/www.iec2024.ec\/en\/#organization"},"potentialAction":[{"@type":"SearchAction","target":{"@type":"EntryPoint","urlTemplate":"https:\/\/www.iec2024.ec\/en\/?s={search_term_string}"},"query-input":"required name=search_term_string"}],"inLanguage":"en-US"},{"@type":"Organization","@id":"https:\/\/www.iec2024.ec\/en\/#organization","name":"IEC 2024","url":"https:\/\/www.iec2024.ec\/en\/","logo":{"@type":"ImageObject","inLanguage":"en-US","@id":"https:\/\/www.iec2024.ec\/en\/#\/schema\/logo\/image\/","url":"https:\/\/www.iec2024.ec\/wp-content\/uploads\/2024\/01\/cropped-logo-2024.png","contentUrl":"https:\/\/www.iec2024.ec\/wp-content\/uploads\/2024\/01\/cropped-logo-2024.png","width":1277,"height":332,"caption":"IEC 2024"},"image":{"@id":"https:\/\/www.iec2024.ec\/en\/#\/schema\/logo\/image\/"}},{"@type":"Person","@id":"https:\/\/www.iec2024.ec\/en\/#\/schema\/person\/4a909b0744c848e07c246ad3068fce1a","name":"J Marmol","image":{"@type":"ImageObject","inLanguage":"en-US","@id":"https:\/\/www.iec2024.ec\/en\/#\/schema\/person\/image\/","url":"https:\/\/secure.gravatar.com\/avatar\/0ffa1380326faa52bdc3089d469efedc?s=96&d=mm&r=g","contentUrl":"https:\/\/secure.gravatar.com\/avatar\/0ffa1380326faa52bdc3089d469efedc?s=96&d=mm&r=g","caption":"J Marmol"},"url":"https:\/\/www.iec2024.ec\/en\/author\/jmarmol\/"}]}},"_links":{"self":[{"href":"https:\/\/www.iec2024.ec\/en\/wp-json\/wp\/v2\/posts\/21058"}],"collection":[{"href":"https:\/\/www.iec2024.ec\/en\/wp-json\/wp\/v2\/posts"}],"about":[{"href":"https:\/\/www.iec2024.ec\/en\/wp-json\/wp\/v2\/types\/post"}],"author":[{"embeddable":true,"href":"https:\/\/www.iec2024.ec\/en\/wp-json\/wp\/v2\/users\/7"}],"replies":[{"embeddable":true,"href":"https:\/\/www.iec2024.ec\/en\/wp-json\/wp\/v2\/comments?post=21058"}],"version-history":[{"count":0,"href":"https:\/\/www.iec2024.ec\/en\/wp-json\/wp\/v2\/posts\/21058\/revisions"}],"wp:attachment":[{"href":"https:\/\/www.iec2024.ec\/en\/wp-json\/wp\/v2\/media?parent=21058"}],"wp:term":[{"taxonomy":"category","embeddable":true,"href":"https:\/\/www.iec2024.ec\/en\/wp-json\/wp\/v2\/categories?post=21058"},{"taxonomy":"post_tag","embeddable":true,"href":"https:\/\/www.iec2024.ec\/en\/wp-json\/wp\/v2\/tags?post=21058"}],"curies":[{"name":"wp","href":"https:\/\/api.w.org\/{rel}","templated":true}]}}