{"id":22336,"date":"2024-09-08T10:34:31","date_gmt":"2024-09-08T15:34:31","guid":{"rendered":"https:\/\/www.iec2024.ec\/quito-vive-un-ambiente-de-fiesta-y-fraternidad\/"},"modified":"2024-09-08T10:35:00","modified_gmt":"2024-09-08T15:35:00","slug":"quito-vive-un-ambiente-de-fiesta-y-fraternidad","status":"publish","type":"post","link":"https:\/\/www.iec2024.ec\/en\/quito-vive-un-ambiente-de-fiesta-y-fraternidad\/","title":{"rendered":"Quito vive un ambiente de fiesta y fraternidad"},"content":{"rendered":"<p>Bajo el resplandeciente sol quite\u00f1o, miles de personas se congregan para participar en la Eucarist\u00eda Inaugural del 53\u00b0 Congreso Internacional Eucar\u00edstico, bajo el lema \u201cFraternidad para sanar el Mundo\u201d. Aproximadamente dos mil personas entre voluntarios, personal de seguridad y cuerpos policiales, desde tempranas horas de la ma\u00f1ana est\u00e1n atentos para guiar a los asistentes.<\/p>\n<p>En palabras del Presb\u00edtero Sebasti\u00e1n Toapanta, \u201cEsto es una gran fiesta eucar\u00edstica para nosotros como cat\u00f3licos, que confiamos y creemos en el Se\u00f1or que se qued\u00f3 con nosotros en ese poco de pan y en ese poco de vino, que se convierte en el Cuerpo y la Sangre de Cristo, la m\u00e1s grande manifestaci\u00f3n del amor de Dios hacia nosotros\u201d. Para el Padre Toapanta, Fraternidad es Uni\u00f3n.<\/p>\n<p>Gina Imbaquingo de 61 a\u00f1os, quien es parte del grupo de voluntariado y que, por primera vez participa en un evento de esta magnitud, expresa sentirse bendecida por el llamado que el Se\u00f1or Jes\u00fas le hizo para servir y de esta manera agradecer por las bendiciones que ha recibido.<\/p>\n<p>Hacer la Primera Comuni\u00f3n es un acontecimiento importante en la vida del cristiano, y en este domingo 8 de septiembre m\u00e1s de 1600 ni\u00f1os y adolescentes recibir\u00e1n por primera vez el Cuerpo y La Sangre de Cristo, lo cual es emocionante. La ni\u00f1a Ailin Aro Toaquiza expresa que se siente muy contenta y honrada por haber sido seleccionada para hacer la Primera Comuni\u00f3n en un evento tan importante.<\/p>\n<p>Ecuador es el centro del Mundo, Quito, \u201cLa Carita de Dios\u201d recibe con amor para esta fiesta a Cardenales, Obispos, Presb\u00edteros, Religiosas y Religiosos, Laicos, Voluntarios de diversos pa\u00edses en esta gran fiesta eucar\u00edstica, quienes llegaron para vivir con amor, fe, esperanza este gran encuentro de la fraternidad para que podamos sanar el Mundo.<\/p>\n<p>Redacci\u00f3n Neyla Villalobos<\/p>\n","protected":false},"excerpt":{"rendered":"<p>Bajo el resplandeciente sol quite\u00f1o, miles de personas se congregan para participar en la Eucarist\u00eda Inaugural del 53\u00b0 Congreso Internacional Eucar\u00edstico, bajo el lema \u201cFraternidad para sanar el Mundo\u201d. Aproximadamente dos mil personas entre voluntarios, personal de seguridad y cuerpos policiales, desde tempranas horas de la ma\u00f1ana est\u00e1n atentos para guiar a los asistentes. En [&hellip;]<\/p>\n","protected":false},"author":2,"featured_media":22333,"comment_status":"closed","ping_status":"closed","sticky":false,"template":"","format":"standard","meta":{"footnotes":""},"categories":[33],"tags":[],"acf":[],"yoast_head":"<!-- This site is optimized with the Yoast SEO plugin v21.1 - https:\/\/yoast.com\/wordpress\/plugins\/seo\/ -->\n<title>Quito vive un ambiente de fiesta y fraternidad - IEC 2024<\/title>\n<meta name=\"robots\" content=\"index, follow, max-snippet:-1, max-image-preview:large, max-video-preview:-1\" \/>\n<link rel=\"canonical\" href=\"https:\/\/www.iec2024.ec\/en\/quito-vive-un-ambiente-de-fiesta-y-fraternidad\/\" \/>\n<meta property=\"og:locale\" content=\"en_US\" \/>\n<meta property=\"og:type\" content=\"article\" \/>\n<meta property=\"og:title\" content=\"Quito vive un ambiente de fiesta y fraternidad - IEC 2024\" \/>\n<meta property=\"og:description\" content=\"Bajo el resplandeciente sol quite\u00f1o, miles de personas se congregan para participar en la Eucarist\u00eda Inaugural del 53\u00b0 Congreso Internacional Eucar\u00edstico, bajo el lema \u201cFraternidad para sanar el Mundo\u201d. Aproximadamente dos mil personas entre voluntarios, personal de seguridad y cuerpos policiales, desde tempranas horas de la ma\u00f1ana est\u00e1n atentos para guiar a los asistentes. En [&hellip;]\" \/>\n<meta property=\"og:url\" content=\"https:\/\/www.iec2024.ec\/en\/quito-vive-un-ambiente-de-fiesta-y-fraternidad\/\" \/>\n<meta property=\"og:site_name\" content=\"IEC 2024\" \/>\n<meta property=\"article:published_time\" content=\"2024-09-08T15:34:31+00:00\" \/>\n<meta property=\"article:modified_time\" content=\"2024-09-08T15:35:00+00:00\" \/>\n<meta property=\"og:image\" content=\"https:\/\/www.iec2024.ec\/wp-content\/uploads\/2024\/09\/53979894346_963ccc4ddf_o.jpg\" \/>\n\t<meta property=\"og:image:width\" content=\"1599\" \/>\n\t<meta property=\"og:image:height\" content=\"1066\" \/>\n\t<meta property=\"og:image:type\" content=\"image\/jpeg\" \/>\n<meta name=\"author\" content=\"Secretario T\u00e9cnico\" \/>\n<meta name=\"twitter:card\" content=\"summary_large_image\" \/>\n<meta name=\"twitter:label1\" content=\"Written by\" \/>\n\t<meta name=\"twitter:data1\" content=\"Secretario T\u00e9cnico\" \/>\n\t<meta name=\"twitter:label2\" content=\"Est. reading time\" \/>\n\t<meta name=\"twitter:data2\" content=\"2 minutes\" \/>\n<script type=\"application\/ld+json\" class=\"yoast-schema-graph\">{\"@context\":\"https:\/\/schema.org\",\"@graph\":[{\"@type\":\"Article\",\"@id\":\"https:\/\/www.iec2024.ec\/en\/quito-vive-un-ambiente-de-fiesta-y-fraternidad\/#article\",\"isPartOf\":{\"@id\":\"https:\/\/www.iec2024.ec\/en\/quito-vive-un-ambiente-de-fiesta-y-fraternidad\/\"},\"author\":{\"name\":\"Secretario T\u00e9cnico\",\"@id\":\"https:\/\/www.iec2024.ec\/en\/#\/schema\/person\/7dc46e27a804fe39ba34935ca5284fe2\"},\"headline\":\"Quito vive un ambiente de fiesta y fraternidad\",\"datePublished\":\"2024-09-08T15:34:31+00:00\",\"dateModified\":\"2024-09-08T15:35:00+00:00\",\"mainEntityOfPage\":{\"@id\":\"https:\/\/www.iec2024.ec\/en\/quito-vive-un-ambiente-de-fiesta-y-fraternidad\/\"},\"wordCount\":325,\"publisher\":{\"@id\":\"https:\/\/www.iec2024.ec\/en\/#organization\"},\"articleSection\":[\"News\"],\"inLanguage\":\"en-US\"},{\"@type\":\"WebPage\",\"@id\":\"https:\/\/www.iec2024.ec\/en\/quito-vive-un-ambiente-de-fiesta-y-fraternidad\/\",\"url\":\"https:\/\/www.iec2024.ec\/en\/quito-vive-un-ambiente-de-fiesta-y-fraternidad\/\",\"name\":\"Quito vive un ambiente de fiesta y fraternidad - IEC 2024\",\"isPartOf\":{\"@id\":\"https:\/\/www.iec2024.ec\/en\/#website\"},\"datePublished\":\"2024-09-08T15:34:31+00:00\",\"dateModified\":\"2024-09-08T15:35:00+00:00\",\"breadcrumb\":{\"@id\":\"https:\/\/www.iec2024.ec\/en\/quito-vive-un-ambiente-de-fiesta-y-fraternidad\/#breadcrumb\"},\"inLanguage\":\"en-US\",\"potentialAction\":[{\"@type\":\"ReadAction\",\"target\":[\"https:\/\/www.iec2024.ec\/en\/quito-vive-un-ambiente-de-fiesta-y-fraternidad\/\"]}]},{\"@type\":\"BreadcrumbList\",\"@id\":\"https:\/\/www.iec2024.ec\/en\/quito-vive-un-ambiente-de-fiesta-y-fraternidad\/#breadcrumb\",\"itemListElement\":[{\"@type\":\"ListItem\",\"position\":1,\"name\":\"Portada\",\"item\":\"https:\/\/www.iec2024.ec\/en\/\"},{\"@type\":\"ListItem\",\"position\":2,\"name\":\"Quito vive un ambiente de fiesta y fraternidad\"}]},{\"@type\":\"WebSite\",\"@id\":\"https:\/\/www.iec2024.ec\/en\/#website\",\"url\":\"https:\/\/www.iec2024.ec\/en\/\",\"name\":\"IEC 2024\",\"description\":\"\",\"publisher\":{\"@id\":\"https:\/\/www.iec2024.ec\/en\/#organization\"},\"potentialAction\":[{\"@type\":\"SearchAction\",\"target\":{\"@type\":\"EntryPoint\",\"urlTemplate\":\"https:\/\/www.iec2024.ec\/en\/?s={search_term_string}\"},\"query-input\":\"required name=search_term_string\"}],\"inLanguage\":\"en-US\"},{\"@type\":\"Organization\",\"@id\":\"https:\/\/www.iec2024.ec\/en\/#organization\",\"name\":\"IEC 2024\",\"url\":\"https:\/\/www.iec2024.ec\/en\/\",\"logo\":{\"@type\":\"ImageObject\",\"inLanguage\":\"en-US\",\"@id\":\"https:\/\/www.iec2024.ec\/en\/#\/schema\/logo\/image\/\",\"url\":\"https:\/\/www.iec2024.ec\/wp-content\/uploads\/2024\/01\/cropped-logo-2024.png\",\"contentUrl\":\"https:\/\/www.iec2024.ec\/wp-content\/uploads\/2024\/01\/cropped-logo-2024.png\",\"width\":1277,\"height\":332,\"caption\":\"IEC 2024\"},\"image\":{\"@id\":\"https:\/\/www.iec2024.ec\/en\/#\/schema\/logo\/image\/\"}},{\"@type\":\"Person\",\"@id\":\"https:\/\/www.iec2024.ec\/en\/#\/schema\/person\/7dc46e27a804fe39ba34935ca5284fe2\",\"name\":\"Secretario T\u00e9cnico\",\"image\":{\"@type\":\"ImageObject\",\"inLanguage\":\"en-US\",\"@id\":\"https:\/\/www.iec2024.ec\/en\/#\/schema\/person\/image\/\",\"url\":\"https:\/\/secure.gravatar.com\/avatar\/67808a21710148ea0645bc85e43e21b6?s=96&d=mm&r=g\",\"contentUrl\":\"https:\/\/secure.gravatar.com\/avatar\/67808a21710148ea0645bc85e43e21b6?s=96&d=mm&r=g\",\"caption\":\"Secretario T\u00e9cnico\"},\"url\":\"https:\/\/www.iec2024.ec\/en\/author\/4dm1ns3cr3t4r10\/\"}]}<\/script>\n<!-- \/ Yoast SEO plugin. -->","yoast_head_json":{"title":"Quito vive un ambiente de fiesta y fraternidad - IEC 2024","robots":{"index":"index","follow":"follow","max-snippet":"max-snippet:-1","max-image-preview":"max-image-preview:large","max-video-preview":"max-video-preview:-1"},"canonical":"https:\/\/www.iec2024.ec\/en\/quito-vive-un-ambiente-de-fiesta-y-fraternidad\/","og_locale":"en_US","og_type":"article","og_title":"Quito vive un ambiente de fiesta y fraternidad - IEC 2024","og_description":"Bajo el resplandeciente sol quite\u00f1o, miles de personas se congregan para participar en la Eucarist\u00eda Inaugural del 53\u00b0 Congreso Internacional Eucar\u00edstico, bajo el lema \u201cFraternidad para sanar el Mundo\u201d. Aproximadamente dos mil personas entre voluntarios, personal de seguridad y cuerpos policiales, desde tempranas horas de la ma\u00f1ana est\u00e1n atentos para guiar a los asistentes. En [&hellip;]","og_url":"https:\/\/www.iec2024.ec\/en\/quito-vive-un-ambiente-de-fiesta-y-fraternidad\/","og_site_name":"IEC 2024","article_published_time":"2024-09-08T15:34:31+00:00","article_modified_time":"2024-09-08T15:35:00+00:00","og_image":[{"width":1599,"height":1066,"url":"https:\/\/www.iec2024.ec\/wp-content\/uploads\/2024\/09\/53979894346_963ccc4ddf_o.jpg","type":"image\/jpeg"}],"author":"Secretario T\u00e9cnico","twitter_card":"summary_large_image","twitter_misc":{"Written by":"Secretario T\u00e9cnico","Est. reading time":"2 minutes"},"schema":{"@context":"https:\/\/schema.org","@graph":[{"@type":"Article","@id":"https:\/\/www.iec2024.ec\/en\/quito-vive-un-ambiente-de-fiesta-y-fraternidad\/#article","isPartOf":{"@id":"https:\/\/www.iec2024.ec\/en\/quito-vive-un-ambiente-de-fiesta-y-fraternidad\/"},"author":{"name":"Secretario T\u00e9cnico","@id":"https:\/\/www.iec2024.ec\/en\/#\/schema\/person\/7dc46e27a804fe39ba34935ca5284fe2"},"headline":"Quito vive un ambiente de fiesta y fraternidad","datePublished":"2024-09-08T15:34:31+00:00","dateModified":"2024-09-08T15:35:00+00:00","mainEntityOfPage":{"@id":"https:\/\/www.iec2024.ec\/en\/quito-vive-un-ambiente-de-fiesta-y-fraternidad\/"},"wordCount":325,"publisher":{"@id":"https:\/\/www.iec2024.ec\/en\/#organization"},"articleSection":["News"],"inLanguage":"en-US"},{"@type":"WebPage","@id":"https:\/\/www.iec2024.ec\/en\/quito-vive-un-ambiente-de-fiesta-y-fraternidad\/","url":"https:\/\/www.iec2024.ec\/en\/quito-vive-un-ambiente-de-fiesta-y-fraternidad\/","name":"Quito vive un ambiente de fiesta y fraternidad - IEC 2024","isPartOf":{"@id":"https:\/\/www.iec2024.ec\/en\/#website"},"datePublished":"2024-09-08T15:34:31+00:00","dateModified":"2024-09-08T15:35:00+00:00","breadcrumb":{"@id":"https:\/\/www.iec2024.ec\/en\/quito-vive-un-ambiente-de-fiesta-y-fraternidad\/#breadcrumb"},"inLanguage":"en-US","potentialAction":[{"@type":"ReadAction","target":["https:\/\/www.iec2024.ec\/en\/quito-vive-un-ambiente-de-fiesta-y-fraternidad\/"]}]},{"@type":"BreadcrumbList","@id":"https:\/\/www.iec2024.ec\/en\/quito-vive-un-ambiente-de-fiesta-y-fraternidad\/#breadcrumb","itemListElement":[{"@type":"ListItem","position":1,"name":"Portada","item":"https:\/\/www.iec2024.ec\/en\/"},{"@type":"ListItem","position":2,"name":"Quito vive un ambiente de fiesta y fraternidad"}]},{"@type":"WebSite","@id":"https:\/\/www.iec2024.ec\/en\/#website","url":"https:\/\/www.iec2024.ec\/en\/","name":"IEC 2024","description":"","publisher":{"@id":"https:\/\/www.iec2024.ec\/en\/#organization"},"potentialAction":[{"@type":"SearchAction","target":{"@type":"EntryPoint","urlTemplate":"https:\/\/www.iec2024.ec\/en\/?s={search_term_string}"},"query-input":"required name=search_term_string"}],"inLanguage":"en-US"},{"@type":"Organization","@id":"https:\/\/www.iec2024.ec\/en\/#organization","name":"IEC 2024","url":"https:\/\/www.iec2024.ec\/en\/","logo":{"@type":"ImageObject","inLanguage":"en-US","@id":"https:\/\/www.iec2024.ec\/en\/#\/schema\/logo\/image\/","url":"https:\/\/www.iec2024.ec\/wp-content\/uploads\/2024\/01\/cropped-logo-2024.png","contentUrl":"https:\/\/www.iec2024.ec\/wp-content\/uploads\/2024\/01\/cropped-logo-2024.png","width":1277,"height":332,"caption":"IEC 2024"},"image":{"@id":"https:\/\/www.iec2024.ec\/en\/#\/schema\/logo\/image\/"}},{"@type":"Person","@id":"https:\/\/www.iec2024.ec\/en\/#\/schema\/person\/7dc46e27a804fe39ba34935ca5284fe2","name":"Secretario T\u00e9cnico","image":{"@type":"ImageObject","inLanguage":"en-US","@id":"https:\/\/www.iec2024.ec\/en\/#\/schema\/person\/image\/","url":"https:\/\/secure.gravatar.com\/avatar\/67808a21710148ea0645bc85e43e21b6?s=96&d=mm&r=g","contentUrl":"https:\/\/secure.gravatar.com\/avatar\/67808a21710148ea0645bc85e43e21b6?s=96&d=mm&r=g","caption":"Secretario T\u00e9cnico"},"url":"https:\/\/www.iec2024.ec\/en\/author\/4dm1ns3cr3t4r10\/"}]}},"_links":{"self":[{"href":"https:\/\/www.iec2024.ec\/en\/wp-json\/wp\/v2\/posts\/22336"}],"collection":[{"href":"https:\/\/www.iec2024.ec\/en\/wp-json\/wp\/v2\/posts"}],"about":[{"href":"https:\/\/www.iec2024.ec\/en\/wp-json\/wp\/v2\/types\/post"}],"author":[{"embeddable":true,"href":"https:\/\/www.iec2024.ec\/en\/wp-json\/wp\/v2\/users\/2"}],"replies":[{"embeddable":true,"href":"https:\/\/www.iec2024.ec\/en\/wp-json\/wp\/v2\/comments?post=22336"}],"version-history":[{"count":1,"href":"https:\/\/www.iec2024.ec\/en\/wp-json\/wp\/v2\/posts\/22336\/revisions"}],"predecessor-version":[{"id":22337,"href":"https:\/\/www.iec2024.ec\/en\/wp-json\/wp\/v2\/posts\/22336\/revisions\/22337"}],"wp:featuredmedia":[{"embeddable":true,"href":"https:\/\/www.iec2024.ec\/en\/wp-json\/wp\/v2\/media\/22333"}],"wp:attachment":[{"href":"https:\/\/www.iec2024.ec\/en\/wp-json\/wp\/v2\/media?parent=22336"}],"wp:term":[{"taxonomy":"category","embeddable":true,"href":"https:\/\/www.iec2024.ec\/en\/wp-json\/wp\/v2\/categories?post=22336"},{"taxonomy":"post_tag","embeddable":true,"href":"https:\/\/www.iec2024.ec\/en\/wp-json\/wp\/v2\/tags?post=22336"}],"curies":[{"name":"wp","href":"https:\/\/api.w.org\/{rel}","templated":true}]}}