{"id":23721,"date":"2024-09-13T16:58:51","date_gmt":"2024-09-13T21:58:51","guid":{"rendered":"https:\/\/www.iec2024.ec\/?p=23721"},"modified":"2024-09-13T17:00:48","modified_gmt":"2024-09-13T22:00:48","slug":"eucaristia-salmo-de-fraternidad","status":"publish","type":"post","link":"https:\/\/www.iec2024.ec\/en\/eucaristia-salmo-de-fraternidad\/","title":{"rendered":"Eucarist\u00eda: Salmo de fraternidad: Pablo Mart\u00ednez"},"content":{"rendered":"<p>El quinto d\u00eda de reflexiones del <strong>53\u00b0 Congreso Eucar\u00edstico Internacional<\/strong> inici\u00f3 con la conferencia pronunciada por el cantautor argentino Pablo Mart\u00ednez, quien habl\u00f3 sobre la <strong>Eucarist\u00eda Salmo de Fraternidad<\/strong>. Desde su \u201ccoraz\u00f3n catequista\u201d, y con la imagen evocativa de una madre que canta a sus hijos para sanar sus golpes, <strong>habl\u00f3 de la fuerza de la m\u00fasica cuando \u00e9sta tiene la autoridad del amor<\/strong>.<\/p>\n<p>Mart\u00ednez record\u00f3 que<strong> la m\u00fasica en la liturgia es la epifan\u00eda del misterio celebrado<\/strong>.<\/p>\n<p>En un mundo que parece que cada vez se cierra m\u00e1s a los ruidos, cancelando el ruido exterior se llega a cancelar al otro y al mismo Dios, dijo.<\/p>\n<p>Pablo invit\u00f3 a <strong>escuchar lo que este mundo escucha y canta<\/strong>. Luego hizo una relaci\u00f3n entre la m\u00fasica y la fe, marcando la necesidad de un canto nuevo, donde la novedad es Jes\u00fas.<\/p>\n<p>El canto ha acompa\u00f1ado siempre la experiencia humana de Dios y Dios mismo ha cantado un constante estribillo: \u00bfd\u00f3nde est\u00e1 tu hermano? Ah\u00ed debemos evitar el silenciar al hermano como Ca\u00edn o no dejarlo entrar como el hermano mayor de la par\u00e1bola; aqu\u00ed <strong>cantar es amar, dar vida y dejar entrar al hermano<\/strong>, agreg\u00f3.<\/p>\n<p>Finalmente, record\u00f3 que <strong>la Eucarist\u00eda es el canto hermoso de la fraternidad<\/strong> que rompe todo individualismo: <strong>\u00a1Qu\u00e9 bueno es ver que los hermanos viven juntos!<\/strong> Ahora bien, este canto no debe ser algo que la Iglesia canta, sino que la Iglesia se convierta en este canto de fraternidad, convertirse en canto de Dios. Esto es necesario hacerlo en la polifon\u00eda que respeta e integra todas las armon\u00edas, dando lugar y espacio al hermano y recuperando <strong>la autoridad del Amor que hace que nuestro canto sane el mundo<\/strong>.<\/p>\n<p><strong>Ir al encuentro de los hermanos para construir fraternidad: Mons Rafael Cob<\/strong><\/p>\n<p>En el espacio de testimonios, Monse\u00f1or Rafael, Obispo Vicario Apost\u00f3lico de Puyo y Presidente de la Red Eclesial Panamaz\u00f3nica, REPAM, parti\u00f3 del Salmo 133 para entender la importancia de la unidad entre los hermanos y hermanas en Cristo. Ha enumerado tres palabras: convivir, hermanos y unidos. Record\u00f3 que <strong>Dios es comunidad, y ha hecho de nosotros seres en armon\u00eda, no somos islas<\/strong>.<\/p>\n<p>Destac\u00f3 que n<strong>o hay expresi\u00f3n m\u00e1s hermosa que una familia unida que se quiere y se ama<\/strong>. A partir de esto llam\u00f3 a despertar el impulso misionero para <strong>salir al encuentro de nuestros hermanos a construir fraternidad<\/strong>, poner por encima de la ley y la justicia la misericordia y as\u00ed ser constructores de fraternidad.<\/p>\n<p>Luego, con varias im\u00e1genes, mostr\u00f3 el valor de la creaci\u00f3n de Dios y su belleza, donde lleva adelante la misi\u00f3n evangelizadora.<\/p>\n<p>En medio de las dificultades que se encuentran en la selva amaz\u00f3nica, explic\u00f3 que <strong>lo que se busca es que la plenitud de vida que nos tra\u00eddo Cristo llegue a todos sobre todo a las minor\u00edas, a los m\u00e1s alejados<\/strong>.<\/p>\n<p>Habl\u00f3 del sue\u00f1o de una Iglesia donde el Evangelio sea inculturizado. Inculturaci\u00f3n para aprender de los pueblos ancestrales e inculturalidad para compartir. Es necesario amar la cultura, aprender el lenguaje nativo, <strong>conservar la sabidur\u00eda de estos pueblos y acompa\u00f1arlos en sus luchas por la conservaci\u00f3n de sus tierras y sus derechos<\/strong>.<\/p>\n<p><strong>La fraternidad es la fiesta de la vida: Hna. Ver\u00f3nica de la Santa Faz<\/strong><\/p>\n<p>La madre Ver\u00f3nica comparti\u00f3 su testimonio de vida contemplativa que se ha originado alrededor de su primera comuni\u00f3n, cuando su catequista, una hermana de las Hijas de la Caridad, les leyera el pasaje de Jn 6 cuando dice el Se\u00f1or que \u201cquien coma de \u00e9ste pan nunca tendr\u00e1 hambre\u201d. As\u00ed empez\u00f3 su camino vocacional que la llevar\u00eda luego a unirse a las Hijas de la Caridad, pero a\u00fan sent\u00eda que le faltaba. Hasta que en un retiro conoci\u00f3 a Santa Teresa y le movi\u00f3 a unirse al convento del Carmelo.<\/p>\n<p>Ah\u00ed, en la vida contemplativa, ha conocido que l<strong>a fraternidad es la fiesta de la vida<\/strong>. La convivencia armoniosa de los hermanos es lo m\u00e1s dulce y hermoso. El salmista precisamente no hace un discurso sobre la fraternidad, sino que la vive y la hace canto.<\/p>\n<p>Seg\u00fan comenta, <strong>la vida contemplativa se interpreta como la alabanza a la Gloria de Dios<\/strong>. As\u00ed tambi\u00e9n se puede vivir la Eucarist\u00eda para mirar las huellas de Dios en la humanidad, en cada ser humano. En ella nos alimentamos de la Palabra que escuchamos y que comemos.<\/p>\n<p>La vida contemplativa, que se nutre de la Misa, es la b\u00fasqueda del rostro de Dios a trav\u00e9s de la humanidad, concluy\u00f3.<\/p>\n<p><strong>La esperanza es Jes\u00fas presente en la Eucarist\u00eda: Mons. Graziano Borgonovo<\/strong><\/p>\n<p>En la segunda y \u00faltima conferencia de este viernes 13 de septiembre, Monse\u00f1or Graziano Borgonovo, Subsecretario del Dicasterio para la Evangelizaci\u00f3n, reflexion\u00f3 sobre el tema <strong>\u201cLa Esperanza es Eucarist\u00eda: camino al Jubileo 2025\u201d<\/strong>. En su intervenci\u00f3n extendi\u00f3 la invitaci\u00f3n a emprender el camino hacia el Jubileo del 2025. El lema del congreso se une con el <strong>lema del Jubileo en la Eucarist\u00eda: Cristo presente en la Eucarist\u00eda, fuente de Esperanza y fuente para sanar el mundo,<\/strong> dijo.<\/p>\n<p>Agreg\u00f3 que <strong>la esperanza es Jes\u00fas presente en la Eucarist\u00eda<\/strong> y se hace alimento para el camino y es la luz que nos ilumina en las tinieblas que oscurecen nuestro mundo.<\/p>\n<p><strong>Vivimos un tiempo de grandes desaf\u00edos, un mundo necesitado de esperanza<\/strong> y es precisamente ah\u00ed donde es necesario insertar el tema de la transmisi\u00f3n de la fe. <strong>El contenido de la Evangelizaci\u00f3n es la Resurrecci\u00f3n de Jes\u00fas<\/strong>, certeza y fundamento de nuestra fe, es el elemento que ha transformado el mundo y que los disc\u00edpulos saben que no se puede callar.<\/p>\n<p>Destac\u00f3 que <strong>la Resurrecci\u00f3n es el contenido y fundamento de la esperanza cristiana<\/strong>. La vida eterna, la resurrecci\u00f3n es la verdad sobre Dios y sobre el hombre y pone de manifiesto la esperanza.<\/p>\n<p>Explic\u00f3 que <strong>el Jubileo es una ocasi\u00f3n para reavivar la esperanza, para encontrarnos y para evangelizar<\/strong> con este anuncio que todos necesitan porque todos esperamos. Agreg\u00f3 que es un tiempo de indulgencia, que, si bien no cambia el pasado, permite cambiar el futuro y ver el pasado con ojos m\u00e1s serenos. <strong>Es un tiempo de signos de esperanza: paz, transmisi\u00f3n de vida, para los presos, refugiados, inmigrantes, pobres.<\/strong><\/p>\n<p>A partir del logo record\u00f3 que nadie puede esperar solo, siempre y solo juntos, dijo.<\/p>\n<p>Al concluir invit\u00f3 a prepararnos para el Jubileo, que ser\u00e1 una o<strong>portunidad de gracias, renovaci\u00f3n y santificaci\u00f3n<\/strong>.<\/p>\n","protected":false},"excerpt":{"rendered":"<p>El quinto d\u00eda de reflexiones del 53\u00b0 Congreso Eucar\u00edstico Internacional inici\u00f3 con la conferencia pronunciada por el cantautor argentino Pablo Mart\u00ednez, quien habl\u00f3 sobre la Eucarist\u00eda Salmo de Fraternidad. Desde su \u201ccoraz\u00f3n catequista\u201d, y con la imagen evocativa de una madre que canta a sus hijos para sanar sus golpes, habl\u00f3 de la fuerza de [&hellip;]<\/p>\n","protected":false},"author":7,"featured_media":23695,"comment_status":"closed","ping_status":"closed","sticky":false,"template":"","format":"standard","meta":{"footnotes":""},"categories":[33],"tags":[],"acf":[],"yoast_head":"<!-- This site is optimized with the Yoast SEO plugin v21.1 - https:\/\/yoast.com\/wordpress\/plugins\/seo\/ -->\n<title>Eucarist\u00eda: Salmo de fraternidad: Pablo Mart\u00ednez - IEC 2024<\/title>\n<meta name=\"robots\" content=\"index, follow, max-snippet:-1, max-image-preview:large, max-video-preview:-1\" \/>\n<link rel=\"canonical\" href=\"https:\/\/www.iec2024.ec\/en\/eucaristia-salmo-de-fraternidad\/\" \/>\n<meta property=\"og:locale\" content=\"en_US\" \/>\n<meta property=\"og:type\" content=\"article\" \/>\n<meta property=\"og:title\" content=\"Eucarist\u00eda: Salmo de fraternidad: Pablo Mart\u00ednez - IEC 2024\" \/>\n<meta property=\"og:description\" content=\"El quinto d\u00eda de reflexiones del 53\u00b0 Congreso Eucar\u00edstico Internacional inici\u00f3 con la conferencia pronunciada por el cantautor argentino Pablo Mart\u00ednez, quien habl\u00f3 sobre la Eucarist\u00eda Salmo de Fraternidad. Desde su \u201ccoraz\u00f3n catequista\u201d, y con la imagen evocativa de una madre que canta a sus hijos para sanar sus golpes, habl\u00f3 de la fuerza de [&hellip;]\" \/>\n<meta property=\"og:url\" content=\"https:\/\/www.iec2024.ec\/en\/eucaristia-salmo-de-fraternidad\/\" \/>\n<meta property=\"og:site_name\" content=\"IEC 2024\" \/>\n<meta property=\"article:published_time\" content=\"2024-09-13T21:58:51+00:00\" \/>\n<meta property=\"article:modified_time\" content=\"2024-09-13T22:00:48+00:00\" \/>\n<meta property=\"og:image\" content=\"https:\/\/www.iec2024.ec\/wp-content\/uploads\/2024\/09\/53992710659_db15db05a7_o-scaled.jpg\" \/>\n\t<meta property=\"og:image:width\" content=\"2560\" \/>\n\t<meta property=\"og:image:height\" content=\"1707\" \/>\n\t<meta property=\"og:image:type\" content=\"image\/jpeg\" \/>\n<meta name=\"author\" content=\"J Marmol\" \/>\n<meta name=\"twitter:card\" content=\"summary_large_image\" \/>\n<meta name=\"twitter:label1\" content=\"Written by\" \/>\n\t<meta name=\"twitter:data1\" content=\"J Marmol\" \/>\n\t<meta name=\"twitter:label2\" content=\"Est. reading time\" \/>\n\t<meta name=\"twitter:data2\" content=\"6 minutes\" \/>\n<script type=\"application\/ld+json\" class=\"yoast-schema-graph\">{\"@context\":\"https:\/\/schema.org\",\"@graph\":[{\"@type\":\"Article\",\"@id\":\"https:\/\/www.iec2024.ec\/en\/eucaristia-salmo-de-fraternidad\/#article\",\"isPartOf\":{\"@id\":\"https:\/\/www.iec2024.ec\/en\/eucaristia-salmo-de-fraternidad\/\"},\"author\":{\"name\":\"J Marmol\",\"@id\":\"https:\/\/www.iec2024.ec\/en\/#\/schema\/person\/4a909b0744c848e07c246ad3068fce1a\"},\"headline\":\"Eucarist\u00eda: Salmo de fraternidad: Pablo Mart\u00ednez\",\"datePublished\":\"2024-09-13T21:58:51+00:00\",\"dateModified\":\"2024-09-13T22:00:48+00:00\",\"mainEntityOfPage\":{\"@id\":\"https:\/\/www.iec2024.ec\/en\/eucaristia-salmo-de-fraternidad\/\"},\"wordCount\":1130,\"publisher\":{\"@id\":\"https:\/\/www.iec2024.ec\/en\/#organization\"},\"articleSection\":[\"News\"],\"inLanguage\":\"en-US\"},{\"@type\":\"WebPage\",\"@id\":\"https:\/\/www.iec2024.ec\/en\/eucaristia-salmo-de-fraternidad\/\",\"url\":\"https:\/\/www.iec2024.ec\/en\/eucaristia-salmo-de-fraternidad\/\",\"name\":\"Eucarist\u00eda: Salmo de fraternidad: Pablo Mart\u00ednez - IEC 2024\",\"isPartOf\":{\"@id\":\"https:\/\/www.iec2024.ec\/en\/#website\"},\"datePublished\":\"2024-09-13T21:58:51+00:00\",\"dateModified\":\"2024-09-13T22:00:48+00:00\",\"breadcrumb\":{\"@id\":\"https:\/\/www.iec2024.ec\/en\/eucaristia-salmo-de-fraternidad\/#breadcrumb\"},\"inLanguage\":\"en-US\",\"potentialAction\":[{\"@type\":\"ReadAction\",\"target\":[\"https:\/\/www.iec2024.ec\/en\/eucaristia-salmo-de-fraternidad\/\"]}]},{\"@type\":\"BreadcrumbList\",\"@id\":\"https:\/\/www.iec2024.ec\/en\/eucaristia-salmo-de-fraternidad\/#breadcrumb\",\"itemListElement\":[{\"@type\":\"ListItem\",\"position\":1,\"name\":\"Portada\",\"item\":\"https:\/\/www.iec2024.ec\/en\/\"},{\"@type\":\"ListItem\",\"position\":2,\"name\":\"Eucarist\u00eda: Salmo de fraternidad: Pablo Mart\u00ednez\"}]},{\"@type\":\"WebSite\",\"@id\":\"https:\/\/www.iec2024.ec\/en\/#website\",\"url\":\"https:\/\/www.iec2024.ec\/en\/\",\"name\":\"IEC 2024\",\"description\":\"\",\"publisher\":{\"@id\":\"https:\/\/www.iec2024.ec\/en\/#organization\"},\"potentialAction\":[{\"@type\":\"SearchAction\",\"target\":{\"@type\":\"EntryPoint\",\"urlTemplate\":\"https:\/\/www.iec2024.ec\/en\/?s={search_term_string}\"},\"query-input\":\"required name=search_term_string\"}],\"inLanguage\":\"en-US\"},{\"@type\":\"Organization\",\"@id\":\"https:\/\/www.iec2024.ec\/en\/#organization\",\"name\":\"IEC 2024\",\"url\":\"https:\/\/www.iec2024.ec\/en\/\",\"logo\":{\"@type\":\"ImageObject\",\"inLanguage\":\"en-US\",\"@id\":\"https:\/\/www.iec2024.ec\/en\/#\/schema\/logo\/image\/\",\"url\":\"https:\/\/www.iec2024.ec\/wp-content\/uploads\/2024\/01\/cropped-logo-2024.png\",\"contentUrl\":\"https:\/\/www.iec2024.ec\/wp-content\/uploads\/2024\/01\/cropped-logo-2024.png\",\"width\":1277,\"height\":332,\"caption\":\"IEC 2024\"},\"image\":{\"@id\":\"https:\/\/www.iec2024.ec\/en\/#\/schema\/logo\/image\/\"}},{\"@type\":\"Person\",\"@id\":\"https:\/\/www.iec2024.ec\/en\/#\/schema\/person\/4a909b0744c848e07c246ad3068fce1a\",\"name\":\"J Marmol\",\"image\":{\"@type\":\"ImageObject\",\"inLanguage\":\"en-US\",\"@id\":\"https:\/\/www.iec2024.ec\/en\/#\/schema\/person\/image\/\",\"url\":\"https:\/\/secure.gravatar.com\/avatar\/0ffa1380326faa52bdc3089d469efedc?s=96&d=mm&r=g\",\"contentUrl\":\"https:\/\/secure.gravatar.com\/avatar\/0ffa1380326faa52bdc3089d469efedc?s=96&d=mm&r=g\",\"caption\":\"J Marmol\"},\"url\":\"https:\/\/www.iec2024.ec\/en\/author\/jmarmol\/\"}]}<\/script>\n<!-- \/ Yoast SEO plugin. -->","yoast_head_json":{"title":"Eucarist\u00eda: Salmo de fraternidad: Pablo Mart\u00ednez - IEC 2024","robots":{"index":"index","follow":"follow","max-snippet":"max-snippet:-1","max-image-preview":"max-image-preview:large","max-video-preview":"max-video-preview:-1"},"canonical":"https:\/\/www.iec2024.ec\/en\/eucaristia-salmo-de-fraternidad\/","og_locale":"en_US","og_type":"article","og_title":"Eucarist\u00eda: Salmo de fraternidad: Pablo Mart\u00ednez - IEC 2024","og_description":"El quinto d\u00eda de reflexiones del 53\u00b0 Congreso Eucar\u00edstico Internacional inici\u00f3 con la conferencia pronunciada por el cantautor argentino Pablo Mart\u00ednez, quien habl\u00f3 sobre la Eucarist\u00eda Salmo de Fraternidad. Desde su \u201ccoraz\u00f3n catequista\u201d, y con la imagen evocativa de una madre que canta a sus hijos para sanar sus golpes, habl\u00f3 de la fuerza de [&hellip;]","og_url":"https:\/\/www.iec2024.ec\/en\/eucaristia-salmo-de-fraternidad\/","og_site_name":"IEC 2024","article_published_time":"2024-09-13T21:58:51+00:00","article_modified_time":"2024-09-13T22:00:48+00:00","og_image":[{"width":2560,"height":1707,"url":"https:\/\/www.iec2024.ec\/wp-content\/uploads\/2024\/09\/53992710659_db15db05a7_o-scaled.jpg","type":"image\/jpeg"}],"author":"J Marmol","twitter_card":"summary_large_image","twitter_misc":{"Written by":"J Marmol","Est. reading time":"6 minutes"},"schema":{"@context":"https:\/\/schema.org","@graph":[{"@type":"Article","@id":"https:\/\/www.iec2024.ec\/en\/eucaristia-salmo-de-fraternidad\/#article","isPartOf":{"@id":"https:\/\/www.iec2024.ec\/en\/eucaristia-salmo-de-fraternidad\/"},"author":{"name":"J Marmol","@id":"https:\/\/www.iec2024.ec\/en\/#\/schema\/person\/4a909b0744c848e07c246ad3068fce1a"},"headline":"Eucarist\u00eda: Salmo de fraternidad: Pablo Mart\u00ednez","datePublished":"2024-09-13T21:58:51+00:00","dateModified":"2024-09-13T22:00:48+00:00","mainEntityOfPage":{"@id":"https:\/\/www.iec2024.ec\/en\/eucaristia-salmo-de-fraternidad\/"},"wordCount":1130,"publisher":{"@id":"https:\/\/www.iec2024.ec\/en\/#organization"},"articleSection":["News"],"inLanguage":"en-US"},{"@type":"WebPage","@id":"https:\/\/www.iec2024.ec\/en\/eucaristia-salmo-de-fraternidad\/","url":"https:\/\/www.iec2024.ec\/en\/eucaristia-salmo-de-fraternidad\/","name":"Eucarist\u00eda: Salmo de fraternidad: Pablo Mart\u00ednez - IEC 2024","isPartOf":{"@id":"https:\/\/www.iec2024.ec\/en\/#website"},"datePublished":"2024-09-13T21:58:51+00:00","dateModified":"2024-09-13T22:00:48+00:00","breadcrumb":{"@id":"https:\/\/www.iec2024.ec\/en\/eucaristia-salmo-de-fraternidad\/#breadcrumb"},"inLanguage":"en-US","potentialAction":[{"@type":"ReadAction","target":["https:\/\/www.iec2024.ec\/en\/eucaristia-salmo-de-fraternidad\/"]}]},{"@type":"BreadcrumbList","@id":"https:\/\/www.iec2024.ec\/en\/eucaristia-salmo-de-fraternidad\/#breadcrumb","itemListElement":[{"@type":"ListItem","position":1,"name":"Portada","item":"https:\/\/www.iec2024.ec\/en\/"},{"@type":"ListItem","position":2,"name":"Eucarist\u00eda: Salmo de fraternidad: Pablo Mart\u00ednez"}]},{"@type":"WebSite","@id":"https:\/\/www.iec2024.ec\/en\/#website","url":"https:\/\/www.iec2024.ec\/en\/","name":"IEC 2024","description":"","publisher":{"@id":"https:\/\/www.iec2024.ec\/en\/#organization"},"potentialAction":[{"@type":"SearchAction","target":{"@type":"EntryPoint","urlTemplate":"https:\/\/www.iec2024.ec\/en\/?s={search_term_string}"},"query-input":"required name=search_term_string"}],"inLanguage":"en-US"},{"@type":"Organization","@id":"https:\/\/www.iec2024.ec\/en\/#organization","name":"IEC 2024","url":"https:\/\/www.iec2024.ec\/en\/","logo":{"@type":"ImageObject","inLanguage":"en-US","@id":"https:\/\/www.iec2024.ec\/en\/#\/schema\/logo\/image\/","url":"https:\/\/www.iec2024.ec\/wp-content\/uploads\/2024\/01\/cropped-logo-2024.png","contentUrl":"https:\/\/www.iec2024.ec\/wp-content\/uploads\/2024\/01\/cropped-logo-2024.png","width":1277,"height":332,"caption":"IEC 2024"},"image":{"@id":"https:\/\/www.iec2024.ec\/en\/#\/schema\/logo\/image\/"}},{"@type":"Person","@id":"https:\/\/www.iec2024.ec\/en\/#\/schema\/person\/4a909b0744c848e07c246ad3068fce1a","name":"J Marmol","image":{"@type":"ImageObject","inLanguage":"en-US","@id":"https:\/\/www.iec2024.ec\/en\/#\/schema\/person\/image\/","url":"https:\/\/secure.gravatar.com\/avatar\/0ffa1380326faa52bdc3089d469efedc?s=96&d=mm&r=g","contentUrl":"https:\/\/secure.gravatar.com\/avatar\/0ffa1380326faa52bdc3089d469efedc?s=96&d=mm&r=g","caption":"J Marmol"},"url":"https:\/\/www.iec2024.ec\/en\/author\/jmarmol\/"}]}},"_links":{"self":[{"href":"https:\/\/www.iec2024.ec\/en\/wp-json\/wp\/v2\/posts\/23721"}],"collection":[{"href":"https:\/\/www.iec2024.ec\/en\/wp-json\/wp\/v2\/posts"}],"about":[{"href":"https:\/\/www.iec2024.ec\/en\/wp-json\/wp\/v2\/types\/post"}],"author":[{"embeddable":true,"href":"https:\/\/www.iec2024.ec\/en\/wp-json\/wp\/v2\/users\/7"}],"replies":[{"embeddable":true,"href":"https:\/\/www.iec2024.ec\/en\/wp-json\/wp\/v2\/comments?post=23721"}],"version-history":[{"count":2,"href":"https:\/\/www.iec2024.ec\/en\/wp-json\/wp\/v2\/posts\/23721\/revisions"}],"predecessor-version":[{"id":23723,"href":"https:\/\/www.iec2024.ec\/en\/wp-json\/wp\/v2\/posts\/23721\/revisions\/23723"}],"wp:featuredmedia":[{"embeddable":true,"href":"https:\/\/www.iec2024.ec\/en\/wp-json\/wp\/v2\/media\/23695"}],"wp:attachment":[{"href":"https:\/\/www.iec2024.ec\/en\/wp-json\/wp\/v2\/media?parent=23721"}],"wp:term":[{"taxonomy":"category","embeddable":true,"href":"https:\/\/www.iec2024.ec\/en\/wp-json\/wp\/v2\/categories?post=23721"},{"taxonomy":"post_tag","embeddable":true,"href":"https:\/\/www.iec2024.ec\/en\/wp-json\/wp\/v2\/tags?post=23721"}],"curies":[{"name":"wp","href":"https:\/\/api.w.org\/{rel}","templated":true}]}}