{"id":23919,"date":"2024-09-17T12:27:10","date_gmt":"2024-09-17T17:27:10","guid":{"rendered":"https:\/\/www.iec2024.ec\/concluyo-en-ecuador-el-simposio-teologico-internacional-fraternidad-para-sanar-el-mundo\/"},"modified":"2024-09-17T12:28:21","modified_gmt":"2024-09-17T17:28:21","slug":"concluyo-en-ecuador-el-simposio-teologico-internacional-fraternidad-para-sanar-el-mundo","status":"publish","type":"post","link":"https:\/\/www.iec2024.ec\/en\/concluyo-en-ecuador-el-simposio-teologico-internacional-fraternidad-para-sanar-el-mundo\/","title":{"rendered":"Concluy\u00f3 en Ecuador el Simposio Teol\u00f3gico Internacional \u201cFraternidad para sanar el mundo\u201d"},"content":{"rendered":"<p>El sacerdote destac\u00f3 los matices que los diferentes expositores fueron ofreciendo con respecto al tema de reconocer en la Eucarist\u00eda un sacramento para la curaci\u00f3n y no solamente visto desde la unci\u00f3n o a la penitencia.<\/p>\n<p>Partiendo este recorrido de elementos muy humanos como lo son las guerras, los conflictos, las generaciones de j\u00f3venes, es decir, partiendo de la realidad que se vive en las comunidades, con sus luces y sombras, pero tambi\u00e9n con sus tristezas y esperanzas.<\/p>\n<p><a href=\"https:\/\/adn.celam.org\/concluyo-en-ecuador-el-simposio-teologico-internacional-fraternidad-para-sanar-el-mundo\/\"><strong>Noticia completa; ADN Celam<\/strong><\/a><\/p>\n","protected":false},"excerpt":{"rendered":"<p>El sacerdote destac\u00f3 los matices que los diferentes expositores fueron ofreciendo con respecto al tema de reconocer en la Eucarist\u00eda un sacramento para la curaci\u00f3n y no solamente visto desde la unci\u00f3n o a la penitencia. Partiendo este recorrido de elementos muy humanos como lo son las guerras, los conflictos, las generaciones de j\u00f3venes, es [&hellip;]<\/p>\n","protected":false},"author":2,"featured_media":23916,"comment_status":"closed","ping_status":"closed","sticky":false,"template":"","format":"standard","meta":{"footnotes":""},"categories":[120],"tags":[],"acf":[],"yoast_head":"<!-- This site is optimized with the Yoast SEO plugin v21.1 - https:\/\/yoast.com\/wordpress\/plugins\/seo\/ -->\n<title>Concluy\u00f3 en Ecuador el Simposio Teol\u00f3gico Internacional \u201cFraternidad para sanar el mundo\u201d - IEC 2024<\/title>\n<meta name=\"robots\" content=\"index, follow, max-snippet:-1, max-image-preview:large, max-video-preview:-1\" \/>\n<link rel=\"canonical\" href=\"https:\/\/www.iec2024.ec\/en\/concluyo-en-ecuador-el-simposio-teologico-internacional-fraternidad-para-sanar-el-mundo\/\" \/>\n<meta property=\"og:locale\" content=\"en_US\" \/>\n<meta property=\"og:type\" content=\"article\" \/>\n<meta property=\"og:title\" content=\"Concluy\u00f3 en Ecuador el Simposio Teol\u00f3gico Internacional \u201cFraternidad para sanar el mundo\u201d - IEC 2024\" \/>\n<meta property=\"og:description\" content=\"El sacerdote destac\u00f3 los matices que los diferentes expositores fueron ofreciendo con respecto al tema de reconocer en la Eucarist\u00eda un sacramento para la curaci\u00f3n y no solamente visto desde la unci\u00f3n o a la penitencia. Partiendo este recorrido de elementos muy humanos como lo son las guerras, los conflictos, las generaciones de j\u00f3venes, es [&hellip;]\" \/>\n<meta property=\"og:url\" content=\"https:\/\/www.iec2024.ec\/en\/concluyo-en-ecuador-el-simposio-teologico-internacional-fraternidad-para-sanar-el-mundo\/\" \/>\n<meta property=\"og:site_name\" content=\"IEC 2024\" \/>\n<meta property=\"article:published_time\" content=\"2024-09-17T17:27:10+00:00\" \/>\n<meta property=\"article:modified_time\" content=\"2024-09-17T17:28:21+00:00\" \/>\n<meta property=\"og:image\" content=\"https:\/\/www.iec2024.ec\/wp-content\/uploads\/2024\/09\/Simposio-00-958x559-1.jpg\" \/>\n\t<meta property=\"og:image:width\" content=\"958\" \/>\n\t<meta property=\"og:image:height\" content=\"559\" \/>\n\t<meta property=\"og:image:type\" content=\"image\/jpeg\" \/>\n<meta name=\"author\" content=\"Secretario T\u00e9cnico\" \/>\n<meta name=\"twitter:card\" content=\"summary_large_image\" \/>\n<meta name=\"twitter:label1\" content=\"Written by\" \/>\n\t<meta name=\"twitter:data1\" content=\"Secretario T\u00e9cnico\" \/>\n<script type=\"application\/ld+json\" class=\"yoast-schema-graph\">{\"@context\":\"https:\/\/schema.org\",\"@graph\":[{\"@type\":\"Article\",\"@id\":\"https:\/\/www.iec2024.ec\/en\/concluyo-en-ecuador-el-simposio-teologico-internacional-fraternidad-para-sanar-el-mundo\/#article\",\"isPartOf\":{\"@id\":\"https:\/\/www.iec2024.ec\/en\/concluyo-en-ecuador-el-simposio-teologico-internacional-fraternidad-para-sanar-el-mundo\/\"},\"author\":{\"name\":\"Secretario T\u00e9cnico\",\"@id\":\"https:\/\/www.iec2024.ec\/en\/#\/schema\/person\/7dc46e27a804fe39ba34935ca5284fe2\"},\"headline\":\"Concluy\u00f3 en Ecuador el Simposio Teol\u00f3gico Internacional \u201cFraternidad para sanar el mundo\u201d\",\"datePublished\":\"2024-09-17T17:27:10+00:00\",\"dateModified\":\"2024-09-17T17:28:21+00:00\",\"mainEntityOfPage\":{\"@id\":\"https:\/\/www.iec2024.ec\/en\/concluyo-en-ecuador-el-simposio-teologico-internacional-fraternidad-para-sanar-el-mundo\/\"},\"wordCount\":100,\"publisher\":{\"@id\":\"https:\/\/www.iec2024.ec\/en\/#organization\"},\"articleSection\":[\"IEC in media\"],\"inLanguage\":\"en-US\"},{\"@type\":\"WebPage\",\"@id\":\"https:\/\/www.iec2024.ec\/en\/concluyo-en-ecuador-el-simposio-teologico-internacional-fraternidad-para-sanar-el-mundo\/\",\"url\":\"https:\/\/www.iec2024.ec\/en\/concluyo-en-ecuador-el-simposio-teologico-internacional-fraternidad-para-sanar-el-mundo\/\",\"name\":\"Concluy\u00f3 en Ecuador el Simposio Teol\u00f3gico Internacional \u201cFraternidad para sanar el mundo\u201d - IEC 2024\",\"isPartOf\":{\"@id\":\"https:\/\/www.iec2024.ec\/en\/#website\"},\"datePublished\":\"2024-09-17T17:27:10+00:00\",\"dateModified\":\"2024-09-17T17:28:21+00:00\",\"breadcrumb\":{\"@id\":\"https:\/\/www.iec2024.ec\/en\/concluyo-en-ecuador-el-simposio-teologico-internacional-fraternidad-para-sanar-el-mundo\/#breadcrumb\"},\"inLanguage\":\"en-US\",\"potentialAction\":[{\"@type\":\"ReadAction\",\"target\":[\"https:\/\/www.iec2024.ec\/en\/concluyo-en-ecuador-el-simposio-teologico-internacional-fraternidad-para-sanar-el-mundo\/\"]}]},{\"@type\":\"BreadcrumbList\",\"@id\":\"https:\/\/www.iec2024.ec\/en\/concluyo-en-ecuador-el-simposio-teologico-internacional-fraternidad-para-sanar-el-mundo\/#breadcrumb\",\"itemListElement\":[{\"@type\":\"ListItem\",\"position\":1,\"name\":\"Portada\",\"item\":\"https:\/\/www.iec2024.ec\/en\/\"},{\"@type\":\"ListItem\",\"position\":2,\"name\":\"Concluy\u00f3 en Ecuador el Simposio Teol\u00f3gico Internacional \u201cFraternidad para sanar el mundo\u201d\"}]},{\"@type\":\"WebSite\",\"@id\":\"https:\/\/www.iec2024.ec\/en\/#website\",\"url\":\"https:\/\/www.iec2024.ec\/en\/\",\"name\":\"IEC 2024\",\"description\":\"\",\"publisher\":{\"@id\":\"https:\/\/www.iec2024.ec\/en\/#organization\"},\"potentialAction\":[{\"@type\":\"SearchAction\",\"target\":{\"@type\":\"EntryPoint\",\"urlTemplate\":\"https:\/\/www.iec2024.ec\/en\/?s={search_term_string}\"},\"query-input\":\"required name=search_term_string\"}],\"inLanguage\":\"en-US\"},{\"@type\":\"Organization\",\"@id\":\"https:\/\/www.iec2024.ec\/en\/#organization\",\"name\":\"IEC 2024\",\"url\":\"https:\/\/www.iec2024.ec\/en\/\",\"logo\":{\"@type\":\"ImageObject\",\"inLanguage\":\"en-US\",\"@id\":\"https:\/\/www.iec2024.ec\/en\/#\/schema\/logo\/image\/\",\"url\":\"https:\/\/www.iec2024.ec\/wp-content\/uploads\/2024\/01\/cropped-logo-2024.png\",\"contentUrl\":\"https:\/\/www.iec2024.ec\/wp-content\/uploads\/2024\/01\/cropped-logo-2024.png\",\"width\":1277,\"height\":332,\"caption\":\"IEC 2024\"},\"image\":{\"@id\":\"https:\/\/www.iec2024.ec\/en\/#\/schema\/logo\/image\/\"}},{\"@type\":\"Person\",\"@id\":\"https:\/\/www.iec2024.ec\/en\/#\/schema\/person\/7dc46e27a804fe39ba34935ca5284fe2\",\"name\":\"Secretario T\u00e9cnico\",\"image\":{\"@type\":\"ImageObject\",\"inLanguage\":\"en-US\",\"@id\":\"https:\/\/www.iec2024.ec\/en\/#\/schema\/person\/image\/\",\"url\":\"https:\/\/secure.gravatar.com\/avatar\/67808a21710148ea0645bc85e43e21b6?s=96&d=mm&r=g\",\"contentUrl\":\"https:\/\/secure.gravatar.com\/avatar\/67808a21710148ea0645bc85e43e21b6?s=96&d=mm&r=g\",\"caption\":\"Secretario T\u00e9cnico\"},\"url\":\"https:\/\/www.iec2024.ec\/en\/author\/4dm1ns3cr3t4r10\/\"}]}<\/script>\n<!-- \/ Yoast SEO plugin. -->","yoast_head_json":{"title":"Concluy\u00f3 en Ecuador el Simposio Teol\u00f3gico Internacional \u201cFraternidad para sanar el mundo\u201d - IEC 2024","robots":{"index":"index","follow":"follow","max-snippet":"max-snippet:-1","max-image-preview":"max-image-preview:large","max-video-preview":"max-video-preview:-1"},"canonical":"https:\/\/www.iec2024.ec\/en\/concluyo-en-ecuador-el-simposio-teologico-internacional-fraternidad-para-sanar-el-mundo\/","og_locale":"en_US","og_type":"article","og_title":"Concluy\u00f3 en Ecuador el Simposio Teol\u00f3gico Internacional \u201cFraternidad para sanar el mundo\u201d - IEC 2024","og_description":"El sacerdote destac\u00f3 los matices que los diferentes expositores fueron ofreciendo con respecto al tema de reconocer en la Eucarist\u00eda un sacramento para la curaci\u00f3n y no solamente visto desde la unci\u00f3n o a la penitencia. Partiendo este recorrido de elementos muy humanos como lo son las guerras, los conflictos, las generaciones de j\u00f3venes, es [&hellip;]","og_url":"https:\/\/www.iec2024.ec\/en\/concluyo-en-ecuador-el-simposio-teologico-internacional-fraternidad-para-sanar-el-mundo\/","og_site_name":"IEC 2024","article_published_time":"2024-09-17T17:27:10+00:00","article_modified_time":"2024-09-17T17:28:21+00:00","og_image":[{"width":958,"height":559,"url":"https:\/\/www.iec2024.ec\/wp-content\/uploads\/2024\/09\/Simposio-00-958x559-1.jpg","type":"image\/jpeg"}],"author":"Secretario T\u00e9cnico","twitter_card":"summary_large_image","twitter_misc":{"Written by":"Secretario T\u00e9cnico"},"schema":{"@context":"https:\/\/schema.org","@graph":[{"@type":"Article","@id":"https:\/\/www.iec2024.ec\/en\/concluyo-en-ecuador-el-simposio-teologico-internacional-fraternidad-para-sanar-el-mundo\/#article","isPartOf":{"@id":"https:\/\/www.iec2024.ec\/en\/concluyo-en-ecuador-el-simposio-teologico-internacional-fraternidad-para-sanar-el-mundo\/"},"author":{"name":"Secretario T\u00e9cnico","@id":"https:\/\/www.iec2024.ec\/en\/#\/schema\/person\/7dc46e27a804fe39ba34935ca5284fe2"},"headline":"Concluy\u00f3 en Ecuador el Simposio Teol\u00f3gico Internacional \u201cFraternidad para sanar el mundo\u201d","datePublished":"2024-09-17T17:27:10+00:00","dateModified":"2024-09-17T17:28:21+00:00","mainEntityOfPage":{"@id":"https:\/\/www.iec2024.ec\/en\/concluyo-en-ecuador-el-simposio-teologico-internacional-fraternidad-para-sanar-el-mundo\/"},"wordCount":100,"publisher":{"@id":"https:\/\/www.iec2024.ec\/en\/#organization"},"articleSection":["IEC in media"],"inLanguage":"en-US"},{"@type":"WebPage","@id":"https:\/\/www.iec2024.ec\/en\/concluyo-en-ecuador-el-simposio-teologico-internacional-fraternidad-para-sanar-el-mundo\/","url":"https:\/\/www.iec2024.ec\/en\/concluyo-en-ecuador-el-simposio-teologico-internacional-fraternidad-para-sanar-el-mundo\/","name":"Concluy\u00f3 en Ecuador el Simposio Teol\u00f3gico Internacional \u201cFraternidad para sanar el mundo\u201d - IEC 2024","isPartOf":{"@id":"https:\/\/www.iec2024.ec\/en\/#website"},"datePublished":"2024-09-17T17:27:10+00:00","dateModified":"2024-09-17T17:28:21+00:00","breadcrumb":{"@id":"https:\/\/www.iec2024.ec\/en\/concluyo-en-ecuador-el-simposio-teologico-internacional-fraternidad-para-sanar-el-mundo\/#breadcrumb"},"inLanguage":"en-US","potentialAction":[{"@type":"ReadAction","target":["https:\/\/www.iec2024.ec\/en\/concluyo-en-ecuador-el-simposio-teologico-internacional-fraternidad-para-sanar-el-mundo\/"]}]},{"@type":"BreadcrumbList","@id":"https:\/\/www.iec2024.ec\/en\/concluyo-en-ecuador-el-simposio-teologico-internacional-fraternidad-para-sanar-el-mundo\/#breadcrumb","itemListElement":[{"@type":"ListItem","position":1,"name":"Portada","item":"https:\/\/www.iec2024.ec\/en\/"},{"@type":"ListItem","position":2,"name":"Concluy\u00f3 en Ecuador el Simposio Teol\u00f3gico Internacional \u201cFraternidad para sanar el mundo\u201d"}]},{"@type":"WebSite","@id":"https:\/\/www.iec2024.ec\/en\/#website","url":"https:\/\/www.iec2024.ec\/en\/","name":"IEC 2024","description":"","publisher":{"@id":"https:\/\/www.iec2024.ec\/en\/#organization"},"potentialAction":[{"@type":"SearchAction","target":{"@type":"EntryPoint","urlTemplate":"https:\/\/www.iec2024.ec\/en\/?s={search_term_string}"},"query-input":"required name=search_term_string"}],"inLanguage":"en-US"},{"@type":"Organization","@id":"https:\/\/www.iec2024.ec\/en\/#organization","name":"IEC 2024","url":"https:\/\/www.iec2024.ec\/en\/","logo":{"@type":"ImageObject","inLanguage":"en-US","@id":"https:\/\/www.iec2024.ec\/en\/#\/schema\/logo\/image\/","url":"https:\/\/www.iec2024.ec\/wp-content\/uploads\/2024\/01\/cropped-logo-2024.png","contentUrl":"https:\/\/www.iec2024.ec\/wp-content\/uploads\/2024\/01\/cropped-logo-2024.png","width":1277,"height":332,"caption":"IEC 2024"},"image":{"@id":"https:\/\/www.iec2024.ec\/en\/#\/schema\/logo\/image\/"}},{"@type":"Person","@id":"https:\/\/www.iec2024.ec\/en\/#\/schema\/person\/7dc46e27a804fe39ba34935ca5284fe2","name":"Secretario T\u00e9cnico","image":{"@type":"ImageObject","inLanguage":"en-US","@id":"https:\/\/www.iec2024.ec\/en\/#\/schema\/person\/image\/","url":"https:\/\/secure.gravatar.com\/avatar\/67808a21710148ea0645bc85e43e21b6?s=96&d=mm&r=g","contentUrl":"https:\/\/secure.gravatar.com\/avatar\/67808a21710148ea0645bc85e43e21b6?s=96&d=mm&r=g","caption":"Secretario T\u00e9cnico"},"url":"https:\/\/www.iec2024.ec\/en\/author\/4dm1ns3cr3t4r10\/"}]}},"_links":{"self":[{"href":"https:\/\/www.iec2024.ec\/en\/wp-json\/wp\/v2\/posts\/23919"}],"collection":[{"href":"https:\/\/www.iec2024.ec\/en\/wp-json\/wp\/v2\/posts"}],"about":[{"href":"https:\/\/www.iec2024.ec\/en\/wp-json\/wp\/v2\/types\/post"}],"author":[{"embeddable":true,"href":"https:\/\/www.iec2024.ec\/en\/wp-json\/wp\/v2\/users\/2"}],"replies":[{"embeddable":true,"href":"https:\/\/www.iec2024.ec\/en\/wp-json\/wp\/v2\/comments?post=23919"}],"version-history":[{"count":1,"href":"https:\/\/www.iec2024.ec\/en\/wp-json\/wp\/v2\/posts\/23919\/revisions"}],"predecessor-version":[{"id":23920,"href":"https:\/\/www.iec2024.ec\/en\/wp-json\/wp\/v2\/posts\/23919\/revisions\/23920"}],"wp:featuredmedia":[{"embeddable":true,"href":"https:\/\/www.iec2024.ec\/en\/wp-json\/wp\/v2\/media\/23916"}],"wp:attachment":[{"href":"https:\/\/www.iec2024.ec\/en\/wp-json\/wp\/v2\/media?parent=23919"}],"wp:term":[{"taxonomy":"category","embeddable":true,"href":"https:\/\/www.iec2024.ec\/en\/wp-json\/wp\/v2\/categories?post=23919"},{"taxonomy":"post_tag","embeddable":true,"href":"https:\/\/www.iec2024.ec\/en\/wp-json\/wp\/v2\/tags?post=23919"}],"curies":[{"name":"wp","href":"https:\/\/api.w.org\/{rel}","templated":true}]}}