{"id":23967,"date":"2024-09-17T15:15:03","date_gmt":"2024-09-17T20:15:03","guid":{"rendered":"https:\/\/www.iec2024.ec\/la-vanguardia-el-papa-al-53-congreso-eucaristico-en-ecuador-la-fraternidad-debe-ser-proactiva\/"},"modified":"2024-09-17T15:15:03","modified_gmt":"2024-09-17T20:15:03","slug":"la-vanguardia-el-papa-al-53-congreso-eucaristico-en-ecuador-la-fraternidad-debe-ser-proactiva","status":"publish","type":"post","link":"https:\/\/www.iec2024.ec\/en\/la-vanguardia-el-papa-al-53-congreso-eucaristico-en-ecuador-la-fraternidad-debe-ser-proactiva\/","title":{"rendered":"LA VANGUARDIA &#8211; El papa al 53\u00b0 Congreso eucar\u00edstico en Ecuador: \u201cLa fraternidad debe ser proactiva\u201d"},"content":{"rendered":"<p>Es la primera vez en 20 a\u00f1os que el Congreso Eucar\u00edstico Internacional se celebra en Latinoam\u00e9rica, desde que en 2004 lo acogi\u00f3 Guadalajara (M\u00e9xico). El papa Francisco design\u00f3 Quito como sede con motivo de la conmemoraci\u00f3n de los 150 a\u00f1os de la consagraci\u00f3n de la capital ecuatoriana al Sagrado Coraz\u00f3n de Jes\u00fas.<\/p>\n<p><strong><a href=\"https:\/\/www.lavanguardia.com\/vida\/20240908\/9923773\/papa-53-congreso-eucaristico-ecuador-fraternidad-debe-proactiva-agenciaslv20240908.html\">Noticia completa: LA VANGUARDIA<\/a><\/strong><\/p>\n","protected":false},"excerpt":{"rendered":"<p>Es la primera vez en 20 a\u00f1os que el Congreso Eucar\u00edstico Internacional se celebra en Latinoam\u00e9rica, desde que en 2004 lo acogi\u00f3 Guadalajara (M\u00e9xico). El papa Francisco design\u00f3 Quito como sede con motivo de la conmemoraci\u00f3n de los 150 a\u00f1os de la consagraci\u00f3n de la capital ecuatoriana al Sagrado Coraz\u00f3n de Jes\u00fas. Noticia completa: LA [&hellip;]<\/p>\n","protected":false},"author":2,"featured_media":22817,"comment_status":"closed","ping_status":"closed","sticky":false,"template":"","format":"standard","meta":{"footnotes":""},"categories":[120],"tags":[],"acf":[],"yoast_head":"<!-- This site is optimized with the Yoast SEO plugin v21.1 - https:\/\/yoast.com\/wordpress\/plugins\/seo\/ -->\n<title>LA VANGUARDIA - El papa al 53\u00b0 Congreso eucar\u00edstico en Ecuador: \u201cLa fraternidad debe ser proactiva\u201d - IEC 2024<\/title>\n<meta name=\"robots\" content=\"index, follow, max-snippet:-1, max-image-preview:large, max-video-preview:-1\" \/>\n<link rel=\"canonical\" href=\"https:\/\/www.iec2024.ec\/en\/la-vanguardia-el-papa-al-53-congreso-eucaristico-en-ecuador-la-fraternidad-debe-ser-proactiva\/\" \/>\n<meta property=\"og:locale\" content=\"en_US\" \/>\n<meta property=\"og:type\" content=\"article\" \/>\n<meta property=\"og:title\" content=\"LA VANGUARDIA - El papa al 53\u00b0 Congreso eucar\u00edstico en Ecuador: \u201cLa fraternidad debe ser proactiva\u201d - IEC 2024\" \/>\n<meta property=\"og:description\" content=\"Es la primera vez en 20 a\u00f1os que el Congreso Eucar\u00edstico Internacional se celebra en Latinoam\u00e9rica, desde que en 2004 lo acogi\u00f3 Guadalajara (M\u00e9xico). El papa Francisco design\u00f3 Quito como sede con motivo de la conmemoraci\u00f3n de los 150 a\u00f1os de la consagraci\u00f3n de la capital ecuatoriana al Sagrado Coraz\u00f3n de Jes\u00fas. Noticia completa: LA [&hellip;]\" \/>\n<meta property=\"og:url\" content=\"https:\/\/www.iec2024.ec\/en\/la-vanguardia-el-papa-al-53-congreso-eucaristico-en-ecuador-la-fraternidad-debe-ser-proactiva\/\" \/>\n<meta property=\"og:site_name\" content=\"IEC 2024\" \/>\n<meta property=\"article:published_time\" content=\"2024-09-17T20:15:03+00:00\" \/>\n<meta name=\"author\" content=\"Secretario T\u00e9cnico\" \/>\n<meta name=\"twitter:card\" content=\"summary_large_image\" \/>\n<meta name=\"twitter:label1\" content=\"Written by\" \/>\n\t<meta name=\"twitter:data1\" content=\"Secretario T\u00e9cnico\" \/>\n<script type=\"application\/ld+json\" class=\"yoast-schema-graph\">{\"@context\":\"https:\/\/schema.org\",\"@graph\":[{\"@type\":\"Article\",\"@id\":\"https:\/\/www.iec2024.ec\/en\/la-vanguardia-el-papa-al-53-congreso-eucaristico-en-ecuador-la-fraternidad-debe-ser-proactiva\/#article\",\"isPartOf\":{\"@id\":\"https:\/\/www.iec2024.ec\/en\/la-vanguardia-el-papa-al-53-congreso-eucaristico-en-ecuador-la-fraternidad-debe-ser-proactiva\/\"},\"author\":{\"name\":\"Secretario T\u00e9cnico\",\"@id\":\"https:\/\/www.iec2024.ec\/en\/#\/schema\/person\/7dc46e27a804fe39ba34935ca5284fe2\"},\"headline\":\"LA VANGUARDIA &#8211; El papa al 53\u00b0 Congreso eucar\u00edstico en Ecuador: \u201cLa fraternidad debe ser proactiva\u201d\",\"datePublished\":\"2024-09-17T20:15:03+00:00\",\"dateModified\":\"2024-09-17T20:15:03+00:00\",\"mainEntityOfPage\":{\"@id\":\"https:\/\/www.iec2024.ec\/en\/la-vanguardia-el-papa-al-53-congreso-eucaristico-en-ecuador-la-fraternidad-debe-ser-proactiva\/\"},\"wordCount\":78,\"publisher\":{\"@id\":\"https:\/\/www.iec2024.ec\/en\/#organization\"},\"articleSection\":[\"IEC in media\"],\"inLanguage\":\"en-US\"},{\"@type\":\"WebPage\",\"@id\":\"https:\/\/www.iec2024.ec\/en\/la-vanguardia-el-papa-al-53-congreso-eucaristico-en-ecuador-la-fraternidad-debe-ser-proactiva\/\",\"url\":\"https:\/\/www.iec2024.ec\/en\/la-vanguardia-el-papa-al-53-congreso-eucaristico-en-ecuador-la-fraternidad-debe-ser-proactiva\/\",\"name\":\"LA VANGUARDIA - El papa al 53\u00b0 Congreso eucar\u00edstico en Ecuador: \u201cLa fraternidad debe ser proactiva\u201d - IEC 2024\",\"isPartOf\":{\"@id\":\"https:\/\/www.iec2024.ec\/en\/#website\"},\"datePublished\":\"2024-09-17T20:15:03+00:00\",\"dateModified\":\"2024-09-17T20:15:03+00:00\",\"breadcrumb\":{\"@id\":\"https:\/\/www.iec2024.ec\/en\/la-vanguardia-el-papa-al-53-congreso-eucaristico-en-ecuador-la-fraternidad-debe-ser-proactiva\/#breadcrumb\"},\"inLanguage\":\"en-US\",\"potentialAction\":[{\"@type\":\"ReadAction\",\"target\":[\"https:\/\/www.iec2024.ec\/en\/la-vanguardia-el-papa-al-53-congreso-eucaristico-en-ecuador-la-fraternidad-debe-ser-proactiva\/\"]}]},{\"@type\":\"BreadcrumbList\",\"@id\":\"https:\/\/www.iec2024.ec\/en\/la-vanguardia-el-papa-al-53-congreso-eucaristico-en-ecuador-la-fraternidad-debe-ser-proactiva\/#breadcrumb\",\"itemListElement\":[{\"@type\":\"ListItem\",\"position\":1,\"name\":\"Portada\",\"item\":\"https:\/\/www.iec2024.ec\/en\/\"},{\"@type\":\"ListItem\",\"position\":2,\"name\":\"LA VANGUARDIA &#8211; El papa al 53\u00b0 Congreso eucar\u00edstico en Ecuador: \u201cLa fraternidad debe ser proactiva\u201d\"}]},{\"@type\":\"WebSite\",\"@id\":\"https:\/\/www.iec2024.ec\/en\/#website\",\"url\":\"https:\/\/www.iec2024.ec\/en\/\",\"name\":\"IEC 2024\",\"description\":\"\",\"publisher\":{\"@id\":\"https:\/\/www.iec2024.ec\/en\/#organization\"},\"potentialAction\":[{\"@type\":\"SearchAction\",\"target\":{\"@type\":\"EntryPoint\",\"urlTemplate\":\"https:\/\/www.iec2024.ec\/en\/?s={search_term_string}\"},\"query-input\":\"required name=search_term_string\"}],\"inLanguage\":\"en-US\"},{\"@type\":\"Organization\",\"@id\":\"https:\/\/www.iec2024.ec\/en\/#organization\",\"name\":\"IEC 2024\",\"url\":\"https:\/\/www.iec2024.ec\/en\/\",\"logo\":{\"@type\":\"ImageObject\",\"inLanguage\":\"en-US\",\"@id\":\"https:\/\/www.iec2024.ec\/en\/#\/schema\/logo\/image\/\",\"url\":\"https:\/\/www.iec2024.ec\/wp-content\/uploads\/2024\/01\/cropped-logo-2024.png\",\"contentUrl\":\"https:\/\/www.iec2024.ec\/wp-content\/uploads\/2024\/01\/cropped-logo-2024.png\",\"width\":1277,\"height\":332,\"caption\":\"IEC 2024\"},\"image\":{\"@id\":\"https:\/\/www.iec2024.ec\/en\/#\/schema\/logo\/image\/\"}},{\"@type\":\"Person\",\"@id\":\"https:\/\/www.iec2024.ec\/en\/#\/schema\/person\/7dc46e27a804fe39ba34935ca5284fe2\",\"name\":\"Secretario T\u00e9cnico\",\"image\":{\"@type\":\"ImageObject\",\"inLanguage\":\"en-US\",\"@id\":\"https:\/\/www.iec2024.ec\/en\/#\/schema\/person\/image\/\",\"url\":\"https:\/\/secure.gravatar.com\/avatar\/67808a21710148ea0645bc85e43e21b6?s=96&d=mm&r=g\",\"contentUrl\":\"https:\/\/secure.gravatar.com\/avatar\/67808a21710148ea0645bc85e43e21b6?s=96&d=mm&r=g\",\"caption\":\"Secretario T\u00e9cnico\"},\"url\":\"https:\/\/www.iec2024.ec\/en\/author\/4dm1ns3cr3t4r10\/\"}]}<\/script>\n<!-- \/ Yoast SEO plugin. -->","yoast_head_json":{"title":"LA VANGUARDIA - El papa al 53\u00b0 Congreso eucar\u00edstico en Ecuador: \u201cLa fraternidad debe ser proactiva\u201d - IEC 2024","robots":{"index":"index","follow":"follow","max-snippet":"max-snippet:-1","max-image-preview":"max-image-preview:large","max-video-preview":"max-video-preview:-1"},"canonical":"https:\/\/www.iec2024.ec\/en\/la-vanguardia-el-papa-al-53-congreso-eucaristico-en-ecuador-la-fraternidad-debe-ser-proactiva\/","og_locale":"en_US","og_type":"article","og_title":"LA VANGUARDIA - El papa al 53\u00b0 Congreso eucar\u00edstico en Ecuador: \u201cLa fraternidad debe ser proactiva\u201d - IEC 2024","og_description":"Es la primera vez en 20 a\u00f1os que el Congreso Eucar\u00edstico Internacional se celebra en Latinoam\u00e9rica, desde que en 2004 lo acogi\u00f3 Guadalajara (M\u00e9xico). El papa Francisco design\u00f3 Quito como sede con motivo de la conmemoraci\u00f3n de los 150 a\u00f1os de la consagraci\u00f3n de la capital ecuatoriana al Sagrado Coraz\u00f3n de Jes\u00fas. Noticia completa: LA [&hellip;]","og_url":"https:\/\/www.iec2024.ec\/en\/la-vanguardia-el-papa-al-53-congreso-eucaristico-en-ecuador-la-fraternidad-debe-ser-proactiva\/","og_site_name":"IEC 2024","article_published_time":"2024-09-17T20:15:03+00:00","author":"Secretario T\u00e9cnico","twitter_card":"summary_large_image","twitter_misc":{"Written by":"Secretario T\u00e9cnico"},"schema":{"@context":"https:\/\/schema.org","@graph":[{"@type":"Article","@id":"https:\/\/www.iec2024.ec\/en\/la-vanguardia-el-papa-al-53-congreso-eucaristico-en-ecuador-la-fraternidad-debe-ser-proactiva\/#article","isPartOf":{"@id":"https:\/\/www.iec2024.ec\/en\/la-vanguardia-el-papa-al-53-congreso-eucaristico-en-ecuador-la-fraternidad-debe-ser-proactiva\/"},"author":{"name":"Secretario T\u00e9cnico","@id":"https:\/\/www.iec2024.ec\/en\/#\/schema\/person\/7dc46e27a804fe39ba34935ca5284fe2"},"headline":"LA VANGUARDIA &#8211; El papa al 53\u00b0 Congreso eucar\u00edstico en Ecuador: \u201cLa fraternidad debe ser proactiva\u201d","datePublished":"2024-09-17T20:15:03+00:00","dateModified":"2024-09-17T20:15:03+00:00","mainEntityOfPage":{"@id":"https:\/\/www.iec2024.ec\/en\/la-vanguardia-el-papa-al-53-congreso-eucaristico-en-ecuador-la-fraternidad-debe-ser-proactiva\/"},"wordCount":78,"publisher":{"@id":"https:\/\/www.iec2024.ec\/en\/#organization"},"articleSection":["IEC in media"],"inLanguage":"en-US"},{"@type":"WebPage","@id":"https:\/\/www.iec2024.ec\/en\/la-vanguardia-el-papa-al-53-congreso-eucaristico-en-ecuador-la-fraternidad-debe-ser-proactiva\/","url":"https:\/\/www.iec2024.ec\/en\/la-vanguardia-el-papa-al-53-congreso-eucaristico-en-ecuador-la-fraternidad-debe-ser-proactiva\/","name":"LA VANGUARDIA - El papa al 53\u00b0 Congreso eucar\u00edstico en Ecuador: \u201cLa fraternidad debe ser proactiva\u201d - IEC 2024","isPartOf":{"@id":"https:\/\/www.iec2024.ec\/en\/#website"},"datePublished":"2024-09-17T20:15:03+00:00","dateModified":"2024-09-17T20:15:03+00:00","breadcrumb":{"@id":"https:\/\/www.iec2024.ec\/en\/la-vanguardia-el-papa-al-53-congreso-eucaristico-en-ecuador-la-fraternidad-debe-ser-proactiva\/#breadcrumb"},"inLanguage":"en-US","potentialAction":[{"@type":"ReadAction","target":["https:\/\/www.iec2024.ec\/en\/la-vanguardia-el-papa-al-53-congreso-eucaristico-en-ecuador-la-fraternidad-debe-ser-proactiva\/"]}]},{"@type":"BreadcrumbList","@id":"https:\/\/www.iec2024.ec\/en\/la-vanguardia-el-papa-al-53-congreso-eucaristico-en-ecuador-la-fraternidad-debe-ser-proactiva\/#breadcrumb","itemListElement":[{"@type":"ListItem","position":1,"name":"Portada","item":"https:\/\/www.iec2024.ec\/en\/"},{"@type":"ListItem","position":2,"name":"LA VANGUARDIA &#8211; El papa al 53\u00b0 Congreso eucar\u00edstico en Ecuador: \u201cLa fraternidad debe ser proactiva\u201d"}]},{"@type":"WebSite","@id":"https:\/\/www.iec2024.ec\/en\/#website","url":"https:\/\/www.iec2024.ec\/en\/","name":"IEC 2024","description":"","publisher":{"@id":"https:\/\/www.iec2024.ec\/en\/#organization"},"potentialAction":[{"@type":"SearchAction","target":{"@type":"EntryPoint","urlTemplate":"https:\/\/www.iec2024.ec\/en\/?s={search_term_string}"},"query-input":"required name=search_term_string"}],"inLanguage":"en-US"},{"@type":"Organization","@id":"https:\/\/www.iec2024.ec\/en\/#organization","name":"IEC 2024","url":"https:\/\/www.iec2024.ec\/en\/","logo":{"@type":"ImageObject","inLanguage":"en-US","@id":"https:\/\/www.iec2024.ec\/en\/#\/schema\/logo\/image\/","url":"https:\/\/www.iec2024.ec\/wp-content\/uploads\/2024\/01\/cropped-logo-2024.png","contentUrl":"https:\/\/www.iec2024.ec\/wp-content\/uploads\/2024\/01\/cropped-logo-2024.png","width":1277,"height":332,"caption":"IEC 2024"},"image":{"@id":"https:\/\/www.iec2024.ec\/en\/#\/schema\/logo\/image\/"}},{"@type":"Person","@id":"https:\/\/www.iec2024.ec\/en\/#\/schema\/person\/7dc46e27a804fe39ba34935ca5284fe2","name":"Secretario T\u00e9cnico","image":{"@type":"ImageObject","inLanguage":"en-US","@id":"https:\/\/www.iec2024.ec\/en\/#\/schema\/person\/image\/","url":"https:\/\/secure.gravatar.com\/avatar\/67808a21710148ea0645bc85e43e21b6?s=96&d=mm&r=g","contentUrl":"https:\/\/secure.gravatar.com\/avatar\/67808a21710148ea0645bc85e43e21b6?s=96&d=mm&r=g","caption":"Secretario T\u00e9cnico"},"url":"https:\/\/www.iec2024.ec\/en\/author\/4dm1ns3cr3t4r10\/"}]}},"_links":{"self":[{"href":"https:\/\/www.iec2024.ec\/en\/wp-json\/wp\/v2\/posts\/23967"}],"collection":[{"href":"https:\/\/www.iec2024.ec\/en\/wp-json\/wp\/v2\/posts"}],"about":[{"href":"https:\/\/www.iec2024.ec\/en\/wp-json\/wp\/v2\/types\/post"}],"author":[{"embeddable":true,"href":"https:\/\/www.iec2024.ec\/en\/wp-json\/wp\/v2\/users\/2"}],"replies":[{"embeddable":true,"href":"https:\/\/www.iec2024.ec\/en\/wp-json\/wp\/v2\/comments?post=23967"}],"version-history":[{"count":0,"href":"https:\/\/www.iec2024.ec\/en\/wp-json\/wp\/v2\/posts\/23967\/revisions"}],"wp:featuredmedia":[{"embeddable":true,"href":"https:\/\/www.iec2024.ec\/en\/wp-json\/wp\/v2\/media\/22817"}],"wp:attachment":[{"href":"https:\/\/www.iec2024.ec\/en\/wp-json\/wp\/v2\/media?parent=23967"}],"wp:term":[{"taxonomy":"category","embeddable":true,"href":"https:\/\/www.iec2024.ec\/en\/wp-json\/wp\/v2\/categories?post=23967"},{"taxonomy":"post_tag","embeddable":true,"href":"https:\/\/www.iec2024.ec\/en\/wp-json\/wp\/v2\/tags?post=23967"}],"curies":[{"name":"wp","href":"https:\/\/api.w.org\/{rel}","templated":true}]}}