{"id":24239,"date":"2024-05-20T09:28:52","date_gmt":"2024-05-20T14:28:52","guid":{"rendered":"https:\/\/www.iec2024.ec\/vatican-news-arzobispo-de-quito-invita-a-todos-a-participar-en-el-iec2024\/"},"modified":"2024-09-25T09:36:58","modified_gmt":"2024-09-25T14:36:58","slug":"vatican-news-arzobispo-de-quito-invita-a-todos-a-participar-en-el-iec2024","status":"publish","type":"post","link":"https:\/\/www.iec2024.ec\/en\/vatican-news-arzobispo-de-quito-invita-a-todos-a-participar-en-el-iec2024\/","title":{"rendered":"Vatican News: Arzobispo de Quito invita a todos a participar en el #IEC2024"},"content":{"rendered":"<p>En la recta final hacia el 53\u00ba Congreso Eucar\u00edstico Internacional que se celebrar\u00e1 en Quito, Ecuador, del 8 al 15 de septiembre de 2024, la Oficina de Prensa de la Santa Sede acogi\u00f3 la presentaci\u00f3n de los \u00faltimos preparativos. Bajo el lema &#8220;Fraternidad para sanar el mundo&#8221; esperan la participaci\u00f3n de m\u00e1s de 5 mil personas.<\/p>\n<p>2500 ni\u00f1os recibir\u00e1n la Primera Comuni\u00f3n en la misa de apertura del 53\u00ba Congreso Eucar\u00edstico Internacional, que se efectuar\u00e1 del 8 al 15 de septiembre de 2024 en Quito, Ecuador, lo anuncia Monse\u00f1or Alfredo Jos\u00e9 Espinoza Mateus, arzobispo metropolitano de Quito, en di\u00e1logo con Vatican News. Tras la presentaci\u00f3n de este gran acontecimiento en la Oficina de Prensa de la Santa Sede el lunes 20 de mayo, el prelado recuerda que estar\u00e1 precedido de un simposio del 4 al 7 de septiembre.<\/p>\n<p><a href=\"https:\/\/www.vaticannews.va\/es\/vaticano\/news\/2024-05\/presentacion-iec-2024-congreso-eucaristico-internacional-quito.html\">Noticia completa: Vatican News<\/a><\/p>\n","protected":false},"excerpt":{"rendered":"<p>En la recta final hacia el 53\u00ba Congreso Eucar\u00edstico Internacional que se celebrar\u00e1 en Quito, Ecuador, del 8 al 15 de septiembre de 2024, la Oficina de Prensa de la Santa Sede acogi\u00f3 la presentaci\u00f3n de los \u00faltimos preparativos. Bajo el lema &#8220;Fraternidad para sanar el mundo&#8221; esperan la participaci\u00f3n de m\u00e1s de 5 mil [&hellip;]<\/p>\n","protected":false},"author":2,"featured_media":24236,"comment_status":"closed","ping_status":"closed","sticky":false,"template":"","format":"standard","meta":{"footnotes":""},"categories":[33],"tags":[],"acf":[],"yoast_head":"<!-- This site is optimized with the Yoast SEO plugin v21.1 - https:\/\/yoast.com\/wordpress\/plugins\/seo\/ -->\n<title>Vatican News: Arzobispo de Quito invita a todos a participar en el #IEC2024 - IEC 2024<\/title>\n<meta name=\"robots\" content=\"index, follow, max-snippet:-1, max-image-preview:large, max-video-preview:-1\" \/>\n<link rel=\"canonical\" href=\"https:\/\/www.iec2024.ec\/en\/vatican-news-arzobispo-de-quito-invita-a-todos-a-participar-en-el-iec2024\/\" \/>\n<meta property=\"og:locale\" content=\"en_US\" \/>\n<meta property=\"og:type\" content=\"article\" \/>\n<meta property=\"og:title\" content=\"Vatican News: Arzobispo de Quito invita a todos a participar en el #IEC2024 - IEC 2024\" \/>\n<meta property=\"og:description\" content=\"En la recta final hacia el 53\u00ba Congreso Eucar\u00edstico Internacional que se celebrar\u00e1 en Quito, Ecuador, del 8 al 15 de septiembre de 2024, la Oficina de Prensa de la Santa Sede acogi\u00f3 la presentaci\u00f3n de los \u00faltimos preparativos. Bajo el lema &#8220;Fraternidad para sanar el mundo&#8221; esperan la participaci\u00f3n de m\u00e1s de 5 mil [&hellip;]\" \/>\n<meta property=\"og:url\" content=\"https:\/\/www.iec2024.ec\/en\/vatican-news-arzobispo-de-quito-invita-a-todos-a-participar-en-el-iec2024\/\" \/>\n<meta property=\"og:site_name\" content=\"IEC 2024\" \/>\n<meta property=\"article:published_time\" content=\"2024-05-20T14:28:52+00:00\" \/>\n<meta property=\"article:modified_time\" content=\"2024-09-25T14:36:58+00:00\" \/>\n<meta property=\"og:image\" content=\"https:\/\/www.iec2024.ec\/wp-content\/uploads\/2024\/09\/hq720-5.jpg\" \/>\n\t<meta property=\"og:image:width\" content=\"686\" \/>\n\t<meta property=\"og:image:height\" content=\"386\" \/>\n\t<meta property=\"og:image:type\" content=\"image\/jpeg\" \/>\n<meta name=\"author\" content=\"Secretario T\u00e9cnico\" \/>\n<meta name=\"twitter:card\" content=\"summary_large_image\" \/>\n<meta name=\"twitter:label1\" content=\"Written by\" \/>\n\t<meta name=\"twitter:data1\" content=\"Secretario T\u00e9cnico\" \/>\n\t<meta name=\"twitter:label2\" content=\"Est. reading time\" \/>\n\t<meta name=\"twitter:data2\" content=\"1 minute\" \/>\n<script type=\"application\/ld+json\" class=\"yoast-schema-graph\">{\"@context\":\"https:\/\/schema.org\",\"@graph\":[{\"@type\":\"Article\",\"@id\":\"https:\/\/www.iec2024.ec\/en\/vatican-news-arzobispo-de-quito-invita-a-todos-a-participar-en-el-iec2024\/#article\",\"isPartOf\":{\"@id\":\"https:\/\/www.iec2024.ec\/en\/vatican-news-arzobispo-de-quito-invita-a-todos-a-participar-en-el-iec2024\/\"},\"author\":{\"name\":\"Secretario T\u00e9cnico\",\"@id\":\"https:\/\/www.iec2024.ec\/en\/#\/schema\/person\/7dc46e27a804fe39ba34935ca5284fe2\"},\"headline\":\"Vatican News: Arzobispo de Quito invita a todos a participar en el #IEC2024\",\"datePublished\":\"2024-05-20T14:28:52+00:00\",\"dateModified\":\"2024-09-25T14:36:58+00:00\",\"mainEntityOfPage\":{\"@id\":\"https:\/\/www.iec2024.ec\/en\/vatican-news-arzobispo-de-quito-invita-a-todos-a-participar-en-el-iec2024\/\"},\"wordCount\":153,\"publisher\":{\"@id\":\"https:\/\/www.iec2024.ec\/en\/#organization\"},\"articleSection\":[\"News\"],\"inLanguage\":\"en-US\"},{\"@type\":\"WebPage\",\"@id\":\"https:\/\/www.iec2024.ec\/en\/vatican-news-arzobispo-de-quito-invita-a-todos-a-participar-en-el-iec2024\/\",\"url\":\"https:\/\/www.iec2024.ec\/en\/vatican-news-arzobispo-de-quito-invita-a-todos-a-participar-en-el-iec2024\/\",\"name\":\"Vatican News: Arzobispo de Quito invita a todos a participar en el #IEC2024 - IEC 2024\",\"isPartOf\":{\"@id\":\"https:\/\/www.iec2024.ec\/en\/#website\"},\"datePublished\":\"2024-05-20T14:28:52+00:00\",\"dateModified\":\"2024-09-25T14:36:58+00:00\",\"breadcrumb\":{\"@id\":\"https:\/\/www.iec2024.ec\/en\/vatican-news-arzobispo-de-quito-invita-a-todos-a-participar-en-el-iec2024\/#breadcrumb\"},\"inLanguage\":\"en-US\",\"potentialAction\":[{\"@type\":\"ReadAction\",\"target\":[\"https:\/\/www.iec2024.ec\/en\/vatican-news-arzobispo-de-quito-invita-a-todos-a-participar-en-el-iec2024\/\"]}]},{\"@type\":\"BreadcrumbList\",\"@id\":\"https:\/\/www.iec2024.ec\/en\/vatican-news-arzobispo-de-quito-invita-a-todos-a-participar-en-el-iec2024\/#breadcrumb\",\"itemListElement\":[{\"@type\":\"ListItem\",\"position\":1,\"name\":\"Portada\",\"item\":\"https:\/\/www.iec2024.ec\/en\/\"},{\"@type\":\"ListItem\",\"position\":2,\"name\":\"Vatican News: Arzobispo de Quito invita a todos a participar en el #IEC2024\"}]},{\"@type\":\"WebSite\",\"@id\":\"https:\/\/www.iec2024.ec\/en\/#website\",\"url\":\"https:\/\/www.iec2024.ec\/en\/\",\"name\":\"IEC 2024\",\"description\":\"\",\"publisher\":{\"@id\":\"https:\/\/www.iec2024.ec\/en\/#organization\"},\"potentialAction\":[{\"@type\":\"SearchAction\",\"target\":{\"@type\":\"EntryPoint\",\"urlTemplate\":\"https:\/\/www.iec2024.ec\/en\/?s={search_term_string}\"},\"query-input\":\"required name=search_term_string\"}],\"inLanguage\":\"en-US\"},{\"@type\":\"Organization\",\"@id\":\"https:\/\/www.iec2024.ec\/en\/#organization\",\"name\":\"IEC 2024\",\"url\":\"https:\/\/www.iec2024.ec\/en\/\",\"logo\":{\"@type\":\"ImageObject\",\"inLanguage\":\"en-US\",\"@id\":\"https:\/\/www.iec2024.ec\/en\/#\/schema\/logo\/image\/\",\"url\":\"https:\/\/www.iec2024.ec\/wp-content\/uploads\/2024\/01\/cropped-logo-2024.png\",\"contentUrl\":\"https:\/\/www.iec2024.ec\/wp-content\/uploads\/2024\/01\/cropped-logo-2024.png\",\"width\":1277,\"height\":332,\"caption\":\"IEC 2024\"},\"image\":{\"@id\":\"https:\/\/www.iec2024.ec\/en\/#\/schema\/logo\/image\/\"}},{\"@type\":\"Person\",\"@id\":\"https:\/\/www.iec2024.ec\/en\/#\/schema\/person\/7dc46e27a804fe39ba34935ca5284fe2\",\"name\":\"Secretario T\u00e9cnico\",\"image\":{\"@type\":\"ImageObject\",\"inLanguage\":\"en-US\",\"@id\":\"https:\/\/www.iec2024.ec\/en\/#\/schema\/person\/image\/\",\"url\":\"https:\/\/secure.gravatar.com\/avatar\/67808a21710148ea0645bc85e43e21b6?s=96&d=mm&r=g\",\"contentUrl\":\"https:\/\/secure.gravatar.com\/avatar\/67808a21710148ea0645bc85e43e21b6?s=96&d=mm&r=g\",\"caption\":\"Secretario T\u00e9cnico\"},\"url\":\"https:\/\/www.iec2024.ec\/en\/author\/4dm1ns3cr3t4r10\/\"}]}<\/script>\n<!-- \/ Yoast SEO plugin. -->","yoast_head_json":{"title":"Vatican News: Arzobispo de Quito invita a todos a participar en el #IEC2024 - IEC 2024","robots":{"index":"index","follow":"follow","max-snippet":"max-snippet:-1","max-image-preview":"max-image-preview:large","max-video-preview":"max-video-preview:-1"},"canonical":"https:\/\/www.iec2024.ec\/en\/vatican-news-arzobispo-de-quito-invita-a-todos-a-participar-en-el-iec2024\/","og_locale":"en_US","og_type":"article","og_title":"Vatican News: Arzobispo de Quito invita a todos a participar en el #IEC2024 - IEC 2024","og_description":"En la recta final hacia el 53\u00ba Congreso Eucar\u00edstico Internacional que se celebrar\u00e1 en Quito, Ecuador, del 8 al 15 de septiembre de 2024, la Oficina de Prensa de la Santa Sede acogi\u00f3 la presentaci\u00f3n de los \u00faltimos preparativos. Bajo el lema &#8220;Fraternidad para sanar el mundo&#8221; esperan la participaci\u00f3n de m\u00e1s de 5 mil [&hellip;]","og_url":"https:\/\/www.iec2024.ec\/en\/vatican-news-arzobispo-de-quito-invita-a-todos-a-participar-en-el-iec2024\/","og_site_name":"IEC 2024","article_published_time":"2024-05-20T14:28:52+00:00","article_modified_time":"2024-09-25T14:36:58+00:00","og_image":[{"width":686,"height":386,"url":"https:\/\/www.iec2024.ec\/wp-content\/uploads\/2024\/09\/hq720-5.jpg","type":"image\/jpeg"}],"author":"Secretario T\u00e9cnico","twitter_card":"summary_large_image","twitter_misc":{"Written by":"Secretario T\u00e9cnico","Est. reading time":"1 minute"},"schema":{"@context":"https:\/\/schema.org","@graph":[{"@type":"Article","@id":"https:\/\/www.iec2024.ec\/en\/vatican-news-arzobispo-de-quito-invita-a-todos-a-participar-en-el-iec2024\/#article","isPartOf":{"@id":"https:\/\/www.iec2024.ec\/en\/vatican-news-arzobispo-de-quito-invita-a-todos-a-participar-en-el-iec2024\/"},"author":{"name":"Secretario T\u00e9cnico","@id":"https:\/\/www.iec2024.ec\/en\/#\/schema\/person\/7dc46e27a804fe39ba34935ca5284fe2"},"headline":"Vatican News: Arzobispo de Quito invita a todos a participar en el #IEC2024","datePublished":"2024-05-20T14:28:52+00:00","dateModified":"2024-09-25T14:36:58+00:00","mainEntityOfPage":{"@id":"https:\/\/www.iec2024.ec\/en\/vatican-news-arzobispo-de-quito-invita-a-todos-a-participar-en-el-iec2024\/"},"wordCount":153,"publisher":{"@id":"https:\/\/www.iec2024.ec\/en\/#organization"},"articleSection":["News"],"inLanguage":"en-US"},{"@type":"WebPage","@id":"https:\/\/www.iec2024.ec\/en\/vatican-news-arzobispo-de-quito-invita-a-todos-a-participar-en-el-iec2024\/","url":"https:\/\/www.iec2024.ec\/en\/vatican-news-arzobispo-de-quito-invita-a-todos-a-participar-en-el-iec2024\/","name":"Vatican News: Arzobispo de Quito invita a todos a participar en el #IEC2024 - IEC 2024","isPartOf":{"@id":"https:\/\/www.iec2024.ec\/en\/#website"},"datePublished":"2024-05-20T14:28:52+00:00","dateModified":"2024-09-25T14:36:58+00:00","breadcrumb":{"@id":"https:\/\/www.iec2024.ec\/en\/vatican-news-arzobispo-de-quito-invita-a-todos-a-participar-en-el-iec2024\/#breadcrumb"},"inLanguage":"en-US","potentialAction":[{"@type":"ReadAction","target":["https:\/\/www.iec2024.ec\/en\/vatican-news-arzobispo-de-quito-invita-a-todos-a-participar-en-el-iec2024\/"]}]},{"@type":"BreadcrumbList","@id":"https:\/\/www.iec2024.ec\/en\/vatican-news-arzobispo-de-quito-invita-a-todos-a-participar-en-el-iec2024\/#breadcrumb","itemListElement":[{"@type":"ListItem","position":1,"name":"Portada","item":"https:\/\/www.iec2024.ec\/en\/"},{"@type":"ListItem","position":2,"name":"Vatican News: Arzobispo de Quito invita a todos a participar en el #IEC2024"}]},{"@type":"WebSite","@id":"https:\/\/www.iec2024.ec\/en\/#website","url":"https:\/\/www.iec2024.ec\/en\/","name":"IEC 2024","description":"","publisher":{"@id":"https:\/\/www.iec2024.ec\/en\/#organization"},"potentialAction":[{"@type":"SearchAction","target":{"@type":"EntryPoint","urlTemplate":"https:\/\/www.iec2024.ec\/en\/?s={search_term_string}"},"query-input":"required name=search_term_string"}],"inLanguage":"en-US"},{"@type":"Organization","@id":"https:\/\/www.iec2024.ec\/en\/#organization","name":"IEC 2024","url":"https:\/\/www.iec2024.ec\/en\/","logo":{"@type":"ImageObject","inLanguage":"en-US","@id":"https:\/\/www.iec2024.ec\/en\/#\/schema\/logo\/image\/","url":"https:\/\/www.iec2024.ec\/wp-content\/uploads\/2024\/01\/cropped-logo-2024.png","contentUrl":"https:\/\/www.iec2024.ec\/wp-content\/uploads\/2024\/01\/cropped-logo-2024.png","width":1277,"height":332,"caption":"IEC 2024"},"image":{"@id":"https:\/\/www.iec2024.ec\/en\/#\/schema\/logo\/image\/"}},{"@type":"Person","@id":"https:\/\/www.iec2024.ec\/en\/#\/schema\/person\/7dc46e27a804fe39ba34935ca5284fe2","name":"Secretario T\u00e9cnico","image":{"@type":"ImageObject","inLanguage":"en-US","@id":"https:\/\/www.iec2024.ec\/en\/#\/schema\/person\/image\/","url":"https:\/\/secure.gravatar.com\/avatar\/67808a21710148ea0645bc85e43e21b6?s=96&d=mm&r=g","contentUrl":"https:\/\/secure.gravatar.com\/avatar\/67808a21710148ea0645bc85e43e21b6?s=96&d=mm&r=g","caption":"Secretario T\u00e9cnico"},"url":"https:\/\/www.iec2024.ec\/en\/author\/4dm1ns3cr3t4r10\/"}]}},"_links":{"self":[{"href":"https:\/\/www.iec2024.ec\/en\/wp-json\/wp\/v2\/posts\/24239"}],"collection":[{"href":"https:\/\/www.iec2024.ec\/en\/wp-json\/wp\/v2\/posts"}],"about":[{"href":"https:\/\/www.iec2024.ec\/en\/wp-json\/wp\/v2\/types\/post"}],"author":[{"embeddable":true,"href":"https:\/\/www.iec2024.ec\/en\/wp-json\/wp\/v2\/users\/2"}],"replies":[{"embeddable":true,"href":"https:\/\/www.iec2024.ec\/en\/wp-json\/wp\/v2\/comments?post=24239"}],"version-history":[{"count":2,"href":"https:\/\/www.iec2024.ec\/en\/wp-json\/wp\/v2\/posts\/24239\/revisions"}],"predecessor-version":[{"id":24242,"href":"https:\/\/www.iec2024.ec\/en\/wp-json\/wp\/v2\/posts\/24239\/revisions\/24242"}],"wp:featuredmedia":[{"embeddable":true,"href":"https:\/\/www.iec2024.ec\/en\/wp-json\/wp\/v2\/media\/24236"}],"wp:attachment":[{"href":"https:\/\/www.iec2024.ec\/en\/wp-json\/wp\/v2\/media?parent=24239"}],"wp:term":[{"taxonomy":"category","embeddable":true,"href":"https:\/\/www.iec2024.ec\/en\/wp-json\/wp\/v2\/categories?post=24239"},{"taxonomy":"post_tag","embeddable":true,"href":"https:\/\/www.iec2024.ec\/en\/wp-json\/wp\/v2\/tags?post=24239"}],"curies":[{"name":"wp","href":"https:\/\/api.w.org\/{rel}","templated":true}]}}