{"id":24257,"date":"2024-08-20T10:06:45","date_gmt":"2024-08-20T15:06:45","guid":{"rendered":"https:\/\/www.iec2024.ec\/expreso-ecuador-se-prepara-para-el-congreso-eucaristico-internacional\/"},"modified":"2024-09-25T10:43:10","modified_gmt":"2024-09-25T15:43:10","slug":"expreso-ecuador-se-prepara-para-el-congreso-eucaristico-internacional","status":"publish","type":"post","link":"https:\/\/www.iec2024.ec\/en\/expreso-ecuador-se-prepara-para-el-congreso-eucaristico-internacional\/","title":{"rendered":"Expreso: Ecuador se prepara para el Congreso Eucar\u00edstico Internacional"},"content":{"rendered":"<p id=\"m102-101-103\" class=\"paragraph \" data-mrf-recirculation=\"Links p\u00e1rrafos\">Ecuador ser\u00e1 el escenario del 53\u00ba\u00a0<strong>Congreso Eucar\u00edstico Internacional,\u00a0<\/strong>que se llevar\u00e1 a cabo del 8 al 15 de septiembre. Este evento, que se celebra cada cuatro a\u00f1os en un continente diferente, regresa a Am\u00e9rica por quinta vez. Bajo el lema\u00a0<strong>&#8220;Fraternidad para sanar el mundo&#8221;,<\/strong>\u00a0el Congreso contar\u00e1 con la participaci\u00f3n de 53 delegaciones confirmadas.<\/p>\n<p id=\"m107-106-108\" class=\"paragraph \" data-mrf-recirculation=\"Links p\u00e1rrafos\"><strong>Juan Carlos Garz\u00f3n<\/strong>, secretario general del Congreso, ha destacado la importancia de este encuentro global, que celebra adem\u00e1s los 150 a\u00f1os de la consagraci\u00f3n de Ecuador al Coraz\u00f3n de Jes\u00fas. Sin embargo, la presencia del\u00a0<strong>Papa Francisco<\/strong>, Jorge Mario Bergoglio no ser\u00e1 posible debido a su estado de salud, pero el representante papal, el cardenal Kevin Joseph, estar\u00e1 presente para transmitir el mensaje del Pont\u00edfice.<\/p>\n<p data-mrf-recirculation=\"Links p\u00e1rrafos\"><a href=\"https:\/\/www.expreso.ec\/quito\/ecuador-prepara-congreso-eucaristico-internacional-210779.html\">Noticia completa: Expreso<\/a><\/p>\n","protected":false},"excerpt":{"rendered":"<p>Ecuador ser\u00e1 el escenario del 53\u00ba\u00a0Congreso Eucar\u00edstico Internacional,\u00a0que se llevar\u00e1 a cabo del 8 al 15 de septiembre. Este evento, que se celebra cada cuatro a\u00f1os en un continente diferente, regresa a Am\u00e9rica por quinta vez. Bajo el lema\u00a0&#8220;Fraternidad para sanar el mundo&#8221;,\u00a0el Congreso contar\u00e1 con la participaci\u00f3n de 53 delegaciones confirmadas. Juan Carlos Garz\u00f3n, [&hellip;]<\/p>\n","protected":false},"author":2,"featured_media":24254,"comment_status":"closed","ping_status":"closed","sticky":false,"template":"","format":"standard","meta":{"footnotes":""},"categories":[120],"tags":[],"acf":[],"yoast_head":"<!-- This site is optimized with the Yoast SEO plugin v21.1 - https:\/\/yoast.com\/wordpress\/plugins\/seo\/ -->\n<title>Expreso: Ecuador se prepara para el Congreso Eucar\u00edstico Internacional - IEC 2024<\/title>\n<meta name=\"robots\" content=\"index, follow, max-snippet:-1, max-image-preview:large, max-video-preview:-1\" \/>\n<link rel=\"canonical\" href=\"https:\/\/www.iec2024.ec\/en\/expreso-ecuador-se-prepara-para-el-congreso-eucaristico-internacional\/\" \/>\n<meta property=\"og:locale\" content=\"en_US\" \/>\n<meta property=\"og:type\" content=\"article\" \/>\n<meta property=\"og:title\" content=\"Expreso: Ecuador se prepara para el Congreso Eucar\u00edstico Internacional - IEC 2024\" \/>\n<meta property=\"og:description\" content=\"Ecuador ser\u00e1 el escenario del 53\u00ba\u00a0Congreso Eucar\u00edstico Internacional,\u00a0que se llevar\u00e1 a cabo del 8 al 15 de septiembre. Este evento, que se celebra cada cuatro a\u00f1os en un continente diferente, regresa a Am\u00e9rica por quinta vez. Bajo el lema\u00a0&#8220;Fraternidad para sanar el mundo&#8221;,\u00a0el Congreso contar\u00e1 con la participaci\u00f3n de 53 delegaciones confirmadas. Juan Carlos Garz\u00f3n, [&hellip;]\" \/>\n<meta property=\"og:url\" content=\"https:\/\/www.iec2024.ec\/en\/expreso-ecuador-se-prepara-para-el-congreso-eucaristico-internacional\/\" \/>\n<meta property=\"og:site_name\" content=\"IEC 2024\" \/>\n<meta property=\"article:published_time\" content=\"2024-08-20T15:06:45+00:00\" \/>\n<meta property=\"article:modified_time\" content=\"2024-09-25T15:43:10+00:00\" \/>\n<meta property=\"og:image\" content=\"https:\/\/www.iec2024.ec\/wp-content\/uploads\/2024\/09\/66c4bc2307923.jpeg\" \/>\n\t<meta property=\"og:image:width\" content=\"780\" \/>\n\t<meta property=\"og:image:height\" content=\"477\" \/>\n\t<meta property=\"og:image:type\" content=\"image\/jpeg\" \/>\n<meta name=\"author\" content=\"Secretario T\u00e9cnico\" \/>\n<meta name=\"twitter:card\" content=\"summary_large_image\" \/>\n<meta name=\"twitter:label1\" content=\"Written by\" \/>\n\t<meta name=\"twitter:data1\" content=\"Secretario T\u00e9cnico\" \/>\n\t<meta name=\"twitter:label2\" content=\"Est. reading time\" \/>\n\t<meta name=\"twitter:data2\" content=\"1 minute\" \/>\n<script type=\"application\/ld+json\" class=\"yoast-schema-graph\">{\"@context\":\"https:\/\/schema.org\",\"@graph\":[{\"@type\":\"Article\",\"@id\":\"https:\/\/www.iec2024.ec\/en\/expreso-ecuador-se-prepara-para-el-congreso-eucaristico-internacional\/#article\",\"isPartOf\":{\"@id\":\"https:\/\/www.iec2024.ec\/en\/expreso-ecuador-se-prepara-para-el-congreso-eucaristico-internacional\/\"},\"author\":{\"name\":\"Secretario T\u00e9cnico\",\"@id\":\"https:\/\/www.iec2024.ec\/en\/#\/schema\/person\/7dc46e27a804fe39ba34935ca5284fe2\"},\"headline\":\"Expreso: Ecuador se prepara para el Congreso Eucar\u00edstico Internacional\",\"datePublished\":\"2024-08-20T15:06:45+00:00\",\"dateModified\":\"2024-09-25T15:43:10+00:00\",\"mainEntityOfPage\":{\"@id\":\"https:\/\/www.iec2024.ec\/en\/expreso-ecuador-se-prepara-para-el-congreso-eucaristico-internacional\/\"},\"wordCount\":140,\"publisher\":{\"@id\":\"https:\/\/www.iec2024.ec\/en\/#organization\"},\"articleSection\":[\"IEC in media\"],\"inLanguage\":\"en-US\"},{\"@type\":\"WebPage\",\"@id\":\"https:\/\/www.iec2024.ec\/en\/expreso-ecuador-se-prepara-para-el-congreso-eucaristico-internacional\/\",\"url\":\"https:\/\/www.iec2024.ec\/en\/expreso-ecuador-se-prepara-para-el-congreso-eucaristico-internacional\/\",\"name\":\"Expreso: Ecuador se prepara para el Congreso Eucar\u00edstico Internacional - IEC 2024\",\"isPartOf\":{\"@id\":\"https:\/\/www.iec2024.ec\/en\/#website\"},\"datePublished\":\"2024-08-20T15:06:45+00:00\",\"dateModified\":\"2024-09-25T15:43:10+00:00\",\"breadcrumb\":{\"@id\":\"https:\/\/www.iec2024.ec\/en\/expreso-ecuador-se-prepara-para-el-congreso-eucaristico-internacional\/#breadcrumb\"},\"inLanguage\":\"en-US\",\"potentialAction\":[{\"@type\":\"ReadAction\",\"target\":[\"https:\/\/www.iec2024.ec\/en\/expreso-ecuador-se-prepara-para-el-congreso-eucaristico-internacional\/\"]}]},{\"@type\":\"BreadcrumbList\",\"@id\":\"https:\/\/www.iec2024.ec\/en\/expreso-ecuador-se-prepara-para-el-congreso-eucaristico-internacional\/#breadcrumb\",\"itemListElement\":[{\"@type\":\"ListItem\",\"position\":1,\"name\":\"Portada\",\"item\":\"https:\/\/www.iec2024.ec\/en\/\"},{\"@type\":\"ListItem\",\"position\":2,\"name\":\"Expreso: Ecuador se prepara para el Congreso Eucar\u00edstico Internacional\"}]},{\"@type\":\"WebSite\",\"@id\":\"https:\/\/www.iec2024.ec\/en\/#website\",\"url\":\"https:\/\/www.iec2024.ec\/en\/\",\"name\":\"IEC 2024\",\"description\":\"\",\"publisher\":{\"@id\":\"https:\/\/www.iec2024.ec\/en\/#organization\"},\"potentialAction\":[{\"@type\":\"SearchAction\",\"target\":{\"@type\":\"EntryPoint\",\"urlTemplate\":\"https:\/\/www.iec2024.ec\/en\/?s={search_term_string}\"},\"query-input\":\"required name=search_term_string\"}],\"inLanguage\":\"en-US\"},{\"@type\":\"Organization\",\"@id\":\"https:\/\/www.iec2024.ec\/en\/#organization\",\"name\":\"IEC 2024\",\"url\":\"https:\/\/www.iec2024.ec\/en\/\",\"logo\":{\"@type\":\"ImageObject\",\"inLanguage\":\"en-US\",\"@id\":\"https:\/\/www.iec2024.ec\/en\/#\/schema\/logo\/image\/\",\"url\":\"https:\/\/www.iec2024.ec\/wp-content\/uploads\/2024\/01\/cropped-logo-2024.png\",\"contentUrl\":\"https:\/\/www.iec2024.ec\/wp-content\/uploads\/2024\/01\/cropped-logo-2024.png\",\"width\":1277,\"height\":332,\"caption\":\"IEC 2024\"},\"image\":{\"@id\":\"https:\/\/www.iec2024.ec\/en\/#\/schema\/logo\/image\/\"}},{\"@type\":\"Person\",\"@id\":\"https:\/\/www.iec2024.ec\/en\/#\/schema\/person\/7dc46e27a804fe39ba34935ca5284fe2\",\"name\":\"Secretario T\u00e9cnico\",\"image\":{\"@type\":\"ImageObject\",\"inLanguage\":\"en-US\",\"@id\":\"https:\/\/www.iec2024.ec\/en\/#\/schema\/person\/image\/\",\"url\":\"https:\/\/secure.gravatar.com\/avatar\/67808a21710148ea0645bc85e43e21b6?s=96&d=mm&r=g\",\"contentUrl\":\"https:\/\/secure.gravatar.com\/avatar\/67808a21710148ea0645bc85e43e21b6?s=96&d=mm&r=g\",\"caption\":\"Secretario T\u00e9cnico\"},\"url\":\"https:\/\/www.iec2024.ec\/en\/author\/4dm1ns3cr3t4r10\/\"}]}<\/script>\n<!-- \/ Yoast SEO plugin. -->","yoast_head_json":{"title":"Expreso: Ecuador se prepara para el Congreso Eucar\u00edstico Internacional - IEC 2024","robots":{"index":"index","follow":"follow","max-snippet":"max-snippet:-1","max-image-preview":"max-image-preview:large","max-video-preview":"max-video-preview:-1"},"canonical":"https:\/\/www.iec2024.ec\/en\/expreso-ecuador-se-prepara-para-el-congreso-eucaristico-internacional\/","og_locale":"en_US","og_type":"article","og_title":"Expreso: Ecuador se prepara para el Congreso Eucar\u00edstico Internacional - IEC 2024","og_description":"Ecuador ser\u00e1 el escenario del 53\u00ba\u00a0Congreso Eucar\u00edstico Internacional,\u00a0que se llevar\u00e1 a cabo del 8 al 15 de septiembre. Este evento, que se celebra cada cuatro a\u00f1os en un continente diferente, regresa a Am\u00e9rica por quinta vez. Bajo el lema\u00a0&#8220;Fraternidad para sanar el mundo&#8221;,\u00a0el Congreso contar\u00e1 con la participaci\u00f3n de 53 delegaciones confirmadas. Juan Carlos Garz\u00f3n, [&hellip;]","og_url":"https:\/\/www.iec2024.ec\/en\/expreso-ecuador-se-prepara-para-el-congreso-eucaristico-internacional\/","og_site_name":"IEC 2024","article_published_time":"2024-08-20T15:06:45+00:00","article_modified_time":"2024-09-25T15:43:10+00:00","og_image":[{"width":780,"height":477,"url":"https:\/\/www.iec2024.ec\/wp-content\/uploads\/2024\/09\/66c4bc2307923.jpeg","type":"image\/jpeg"}],"author":"Secretario T\u00e9cnico","twitter_card":"summary_large_image","twitter_misc":{"Written by":"Secretario T\u00e9cnico","Est. reading time":"1 minute"},"schema":{"@context":"https:\/\/schema.org","@graph":[{"@type":"Article","@id":"https:\/\/www.iec2024.ec\/en\/expreso-ecuador-se-prepara-para-el-congreso-eucaristico-internacional\/#article","isPartOf":{"@id":"https:\/\/www.iec2024.ec\/en\/expreso-ecuador-se-prepara-para-el-congreso-eucaristico-internacional\/"},"author":{"name":"Secretario T\u00e9cnico","@id":"https:\/\/www.iec2024.ec\/en\/#\/schema\/person\/7dc46e27a804fe39ba34935ca5284fe2"},"headline":"Expreso: Ecuador se prepara para el Congreso Eucar\u00edstico Internacional","datePublished":"2024-08-20T15:06:45+00:00","dateModified":"2024-09-25T15:43:10+00:00","mainEntityOfPage":{"@id":"https:\/\/www.iec2024.ec\/en\/expreso-ecuador-se-prepara-para-el-congreso-eucaristico-internacional\/"},"wordCount":140,"publisher":{"@id":"https:\/\/www.iec2024.ec\/en\/#organization"},"articleSection":["IEC in media"],"inLanguage":"en-US"},{"@type":"WebPage","@id":"https:\/\/www.iec2024.ec\/en\/expreso-ecuador-se-prepara-para-el-congreso-eucaristico-internacional\/","url":"https:\/\/www.iec2024.ec\/en\/expreso-ecuador-se-prepara-para-el-congreso-eucaristico-internacional\/","name":"Expreso: Ecuador se prepara para el Congreso Eucar\u00edstico Internacional - IEC 2024","isPartOf":{"@id":"https:\/\/www.iec2024.ec\/en\/#website"},"datePublished":"2024-08-20T15:06:45+00:00","dateModified":"2024-09-25T15:43:10+00:00","breadcrumb":{"@id":"https:\/\/www.iec2024.ec\/en\/expreso-ecuador-se-prepara-para-el-congreso-eucaristico-internacional\/#breadcrumb"},"inLanguage":"en-US","potentialAction":[{"@type":"ReadAction","target":["https:\/\/www.iec2024.ec\/en\/expreso-ecuador-se-prepara-para-el-congreso-eucaristico-internacional\/"]}]},{"@type":"BreadcrumbList","@id":"https:\/\/www.iec2024.ec\/en\/expreso-ecuador-se-prepara-para-el-congreso-eucaristico-internacional\/#breadcrumb","itemListElement":[{"@type":"ListItem","position":1,"name":"Portada","item":"https:\/\/www.iec2024.ec\/en\/"},{"@type":"ListItem","position":2,"name":"Expreso: Ecuador se prepara para el Congreso Eucar\u00edstico Internacional"}]},{"@type":"WebSite","@id":"https:\/\/www.iec2024.ec\/en\/#website","url":"https:\/\/www.iec2024.ec\/en\/","name":"IEC 2024","description":"","publisher":{"@id":"https:\/\/www.iec2024.ec\/en\/#organization"},"potentialAction":[{"@type":"SearchAction","target":{"@type":"EntryPoint","urlTemplate":"https:\/\/www.iec2024.ec\/en\/?s={search_term_string}"},"query-input":"required name=search_term_string"}],"inLanguage":"en-US"},{"@type":"Organization","@id":"https:\/\/www.iec2024.ec\/en\/#organization","name":"IEC 2024","url":"https:\/\/www.iec2024.ec\/en\/","logo":{"@type":"ImageObject","inLanguage":"en-US","@id":"https:\/\/www.iec2024.ec\/en\/#\/schema\/logo\/image\/","url":"https:\/\/www.iec2024.ec\/wp-content\/uploads\/2024\/01\/cropped-logo-2024.png","contentUrl":"https:\/\/www.iec2024.ec\/wp-content\/uploads\/2024\/01\/cropped-logo-2024.png","width":1277,"height":332,"caption":"IEC 2024"},"image":{"@id":"https:\/\/www.iec2024.ec\/en\/#\/schema\/logo\/image\/"}},{"@type":"Person","@id":"https:\/\/www.iec2024.ec\/en\/#\/schema\/person\/7dc46e27a804fe39ba34935ca5284fe2","name":"Secretario T\u00e9cnico","image":{"@type":"ImageObject","inLanguage":"en-US","@id":"https:\/\/www.iec2024.ec\/en\/#\/schema\/person\/image\/","url":"https:\/\/secure.gravatar.com\/avatar\/67808a21710148ea0645bc85e43e21b6?s=96&d=mm&r=g","contentUrl":"https:\/\/secure.gravatar.com\/avatar\/67808a21710148ea0645bc85e43e21b6?s=96&d=mm&r=g","caption":"Secretario T\u00e9cnico"},"url":"https:\/\/www.iec2024.ec\/en\/author\/4dm1ns3cr3t4r10\/"}]}},"_links":{"self":[{"href":"https:\/\/www.iec2024.ec\/en\/wp-json\/wp\/v2\/posts\/24257"}],"collection":[{"href":"https:\/\/www.iec2024.ec\/en\/wp-json\/wp\/v2\/posts"}],"about":[{"href":"https:\/\/www.iec2024.ec\/en\/wp-json\/wp\/v2\/types\/post"}],"author":[{"embeddable":true,"href":"https:\/\/www.iec2024.ec\/en\/wp-json\/wp\/v2\/users\/2"}],"replies":[{"embeddable":true,"href":"https:\/\/www.iec2024.ec\/en\/wp-json\/wp\/v2\/comments?post=24257"}],"version-history":[{"count":1,"href":"https:\/\/www.iec2024.ec\/en\/wp-json\/wp\/v2\/posts\/24257\/revisions"}],"predecessor-version":[{"id":24258,"href":"https:\/\/www.iec2024.ec\/en\/wp-json\/wp\/v2\/posts\/24257\/revisions\/24258"}],"wp:featuredmedia":[{"embeddable":true,"href":"https:\/\/www.iec2024.ec\/en\/wp-json\/wp\/v2\/media\/24254"}],"wp:attachment":[{"href":"https:\/\/www.iec2024.ec\/en\/wp-json\/wp\/v2\/media?parent=24257"}],"wp:term":[{"taxonomy":"category","embeddable":true,"href":"https:\/\/www.iec2024.ec\/en\/wp-json\/wp\/v2\/categories?post=24257"},{"taxonomy":"post_tag","embeddable":true,"href":"https:\/\/www.iec2024.ec\/en\/wp-json\/wp\/v2\/tags?post=24257"}],"curies":[{"name":"wp","href":"https:\/\/api.w.org\/{rel}","templated":true}]}}