{"id":24266,"date":"2024-08-24T10:12:25","date_gmt":"2024-08-24T15:12:25","guid":{"rendered":"https:\/\/www.iec2024.ec\/adn-celam-papa-francisco-nombra-al-cardenal-porras-legado-pontificio-para-el-congreso-eucaristico-internacional-de-quito\/"},"modified":"2024-09-25T10:15:08","modified_gmt":"2024-09-25T15:15:08","slug":"adn-celam-papa-francisco-nombra-al-cardenal-porras-legado-pontificio-para-el-congreso-eucaristico-internacional-de-quito","status":"publish","type":"post","link":"https:\/\/www.iec2024.ec\/en\/adn-celam-papa-francisco-nombra-al-cardenal-porras-legado-pontificio-para-el-congreso-eucaristico-internacional-de-quito\/","title":{"rendered":"ADN Celam: Papa Francisco nombra al Cardenal Porras Legado Pontificio para el Congreso Eucar\u00edstico Internacional de Quito"},"content":{"rendered":"<p>Este s\u00e1bado 24 de agosto, el\u00a0<strong>Papa Francisco nombr\u00f3 al Cardenal Baltazar Porras Cardozo,<\/strong>\u00a0arzobispo em\u00e9rito de Caracas (Venezuela), como su\u00a0<strong>Legado Pontificio para el Congreso Eucar\u00edstico Internacional<\/strong>\u00a0Quito 2024, que se realizar\u00e1 en Ecuador del 8 al 15 de septiembre de este a\u00f1o.<\/p>\n<p>Es importante recordar que el Papa Francisco,\u00a0<strong>el 20 de marzo de 2021, dio como sede a Ecuador para la organizaci\u00f3n de este evento<\/strong>\u00a0que se realizar\u00e1 con motivo de la celebraci\u00f3n de los 150 a\u00f1os de la Consagraci\u00f3n de Ecuador al Sagrado Coraz\u00f3n de Jes\u00fas (25 de marzo de 1874) y cuyo tema escogido es: \u00abFraternidad para sanar el mundo\u00bb.<\/p>\n<p><a href=\"https:\/\/adn.celam.org\/papa-francisco-nombra-al-cardenal-porras-legado-pontificio-para-el-congreso-eucaristico-internacional-de-quito\/\">Noticia completa: ADN Celam<\/a><\/p>\n","protected":false},"excerpt":{"rendered":"<p>Este s\u00e1bado 24 de agosto, el\u00a0Papa Francisco nombr\u00f3 al Cardenal Baltazar Porras Cardozo,\u00a0arzobispo em\u00e9rito de Caracas (Venezuela), como su\u00a0Legado Pontificio para el Congreso Eucar\u00edstico Internacional\u00a0Quito 2024, que se realizar\u00e1 en Ecuador del 8 al 15 de septiembre de este a\u00f1o. Es importante recordar que el Papa Francisco,\u00a0el 20 de marzo de 2021, dio como sede [&hellip;]<\/p>\n","protected":false},"author":2,"featured_media":24268,"comment_status":"closed","ping_status":"closed","sticky":false,"template":"","format":"standard","meta":{"footnotes":""},"categories":[120],"tags":[],"acf":[],"yoast_head":"<!-- This site is optimized with the Yoast SEO plugin v21.1 - https:\/\/yoast.com\/wordpress\/plugins\/seo\/ -->\n<title>ADN Celam: Papa Francisco nombra al Cardenal Porras Legado Pontificio para el Congreso Eucar\u00edstico Internacional de Quito - IEC 2024<\/title>\n<meta name=\"robots\" content=\"index, follow, max-snippet:-1, max-image-preview:large, max-video-preview:-1\" \/>\n<link rel=\"canonical\" href=\"https:\/\/www.iec2024.ec\/en\/adn-celam-papa-francisco-nombra-al-cardenal-porras-legado-pontificio-para-el-congreso-eucaristico-internacional-de-quito\/\" \/>\n<meta property=\"og:locale\" content=\"en_US\" \/>\n<meta property=\"og:type\" content=\"article\" \/>\n<meta property=\"og:title\" content=\"ADN Celam: Papa Francisco nombra al Cardenal Porras Legado Pontificio para el Congreso Eucar\u00edstico Internacional de Quito - IEC 2024\" \/>\n<meta property=\"og:description\" content=\"Este s\u00e1bado 24 de agosto, el\u00a0Papa Francisco nombr\u00f3 al Cardenal Baltazar Porras Cardozo,\u00a0arzobispo em\u00e9rito de Caracas (Venezuela), como su\u00a0Legado Pontificio para el Congreso Eucar\u00edstico Internacional\u00a0Quito 2024, que se realizar\u00e1 en Ecuador del 8 al 15 de septiembre de este a\u00f1o. Es importante recordar que el Papa Francisco,\u00a0el 20 de marzo de 2021, dio como sede [&hellip;]\" \/>\n<meta property=\"og:url\" content=\"https:\/\/www.iec2024.ec\/en\/adn-celam-papa-francisco-nombra-al-cardenal-porras-legado-pontificio-para-el-congreso-eucaristico-internacional-de-quito\/\" \/>\n<meta property=\"og:site_name\" content=\"IEC 2024\" \/>\n<meta property=\"article:published_time\" content=\"2024-08-24T15:12:25+00:00\" \/>\n<meta property=\"article:modified_time\" content=\"2024-09-25T15:15:08+00:00\" \/>\n<meta name=\"author\" content=\"Secretario T\u00e9cnico\" \/>\n<meta name=\"twitter:card\" content=\"summary_large_image\" \/>\n<meta name=\"twitter:label1\" content=\"Written by\" \/>\n\t<meta name=\"twitter:data1\" content=\"Secretario T\u00e9cnico\" \/>\n\t<meta name=\"twitter:label2\" content=\"Est. reading time\" \/>\n\t<meta name=\"twitter:data2\" content=\"1 minute\" \/>\n<script type=\"application\/ld+json\" class=\"yoast-schema-graph\">{\"@context\":\"https:\/\/schema.org\",\"@graph\":[{\"@type\":\"Article\",\"@id\":\"https:\/\/www.iec2024.ec\/en\/adn-celam-papa-francisco-nombra-al-cardenal-porras-legado-pontificio-para-el-congreso-eucaristico-internacional-de-quito\/#article\",\"isPartOf\":{\"@id\":\"https:\/\/www.iec2024.ec\/en\/adn-celam-papa-francisco-nombra-al-cardenal-porras-legado-pontificio-para-el-congreso-eucaristico-internacional-de-quito\/\"},\"author\":{\"name\":\"Secretario T\u00e9cnico\",\"@id\":\"https:\/\/www.iec2024.ec\/en\/#\/schema\/person\/7dc46e27a804fe39ba34935ca5284fe2\"},\"headline\":\"ADN Celam: Papa Francisco nombra al Cardenal Porras Legado Pontificio para el Congreso Eucar\u00edstico Internacional de Quito\",\"datePublished\":\"2024-08-24T15:12:25+00:00\",\"dateModified\":\"2024-09-25T15:15:08+00:00\",\"mainEntityOfPage\":{\"@id\":\"https:\/\/www.iec2024.ec\/en\/adn-celam-papa-francisco-nombra-al-cardenal-porras-legado-pontificio-para-el-congreso-eucaristico-internacional-de-quito\/\"},\"wordCount\":128,\"publisher\":{\"@id\":\"https:\/\/www.iec2024.ec\/en\/#organization\"},\"articleSection\":[\"IEC in media\"],\"inLanguage\":\"en-US\"},{\"@type\":\"WebPage\",\"@id\":\"https:\/\/www.iec2024.ec\/en\/adn-celam-papa-francisco-nombra-al-cardenal-porras-legado-pontificio-para-el-congreso-eucaristico-internacional-de-quito\/\",\"url\":\"https:\/\/www.iec2024.ec\/en\/adn-celam-papa-francisco-nombra-al-cardenal-porras-legado-pontificio-para-el-congreso-eucaristico-internacional-de-quito\/\",\"name\":\"ADN Celam: Papa Francisco nombra al Cardenal Porras Legado Pontificio para el Congreso Eucar\u00edstico Internacional de Quito - IEC 2024\",\"isPartOf\":{\"@id\":\"https:\/\/www.iec2024.ec\/en\/#website\"},\"datePublished\":\"2024-08-24T15:12:25+00:00\",\"dateModified\":\"2024-09-25T15:15:08+00:00\",\"breadcrumb\":{\"@id\":\"https:\/\/www.iec2024.ec\/en\/adn-celam-papa-francisco-nombra-al-cardenal-porras-legado-pontificio-para-el-congreso-eucaristico-internacional-de-quito\/#breadcrumb\"},\"inLanguage\":\"en-US\",\"potentialAction\":[{\"@type\":\"ReadAction\",\"target\":[\"https:\/\/www.iec2024.ec\/en\/adn-celam-papa-francisco-nombra-al-cardenal-porras-legado-pontificio-para-el-congreso-eucaristico-internacional-de-quito\/\"]}]},{\"@type\":\"BreadcrumbList\",\"@id\":\"https:\/\/www.iec2024.ec\/en\/adn-celam-papa-francisco-nombra-al-cardenal-porras-legado-pontificio-para-el-congreso-eucaristico-internacional-de-quito\/#breadcrumb\",\"itemListElement\":[{\"@type\":\"ListItem\",\"position\":1,\"name\":\"Portada\",\"item\":\"https:\/\/www.iec2024.ec\/en\/\"},{\"@type\":\"ListItem\",\"position\":2,\"name\":\"ADN Celam: Papa Francisco nombra al Cardenal Porras Legado Pontificio para el Congreso Eucar\u00edstico Internacional de Quito\"}]},{\"@type\":\"WebSite\",\"@id\":\"https:\/\/www.iec2024.ec\/en\/#website\",\"url\":\"https:\/\/www.iec2024.ec\/en\/\",\"name\":\"IEC 2024\",\"description\":\"\",\"publisher\":{\"@id\":\"https:\/\/www.iec2024.ec\/en\/#organization\"},\"potentialAction\":[{\"@type\":\"SearchAction\",\"target\":{\"@type\":\"EntryPoint\",\"urlTemplate\":\"https:\/\/www.iec2024.ec\/en\/?s={search_term_string}\"},\"query-input\":\"required name=search_term_string\"}],\"inLanguage\":\"en-US\"},{\"@type\":\"Organization\",\"@id\":\"https:\/\/www.iec2024.ec\/en\/#organization\",\"name\":\"IEC 2024\",\"url\":\"https:\/\/www.iec2024.ec\/en\/\",\"logo\":{\"@type\":\"ImageObject\",\"inLanguage\":\"en-US\",\"@id\":\"https:\/\/www.iec2024.ec\/en\/#\/schema\/logo\/image\/\",\"url\":\"https:\/\/www.iec2024.ec\/wp-content\/uploads\/2024\/01\/cropped-logo-2024.png\",\"contentUrl\":\"https:\/\/www.iec2024.ec\/wp-content\/uploads\/2024\/01\/cropped-logo-2024.png\",\"width\":1277,\"height\":332,\"caption\":\"IEC 2024\"},\"image\":{\"@id\":\"https:\/\/www.iec2024.ec\/en\/#\/schema\/logo\/image\/\"}},{\"@type\":\"Person\",\"@id\":\"https:\/\/www.iec2024.ec\/en\/#\/schema\/person\/7dc46e27a804fe39ba34935ca5284fe2\",\"name\":\"Secretario T\u00e9cnico\",\"image\":{\"@type\":\"ImageObject\",\"inLanguage\":\"en-US\",\"@id\":\"https:\/\/www.iec2024.ec\/en\/#\/schema\/person\/image\/\",\"url\":\"https:\/\/secure.gravatar.com\/avatar\/67808a21710148ea0645bc85e43e21b6?s=96&d=mm&r=g\",\"contentUrl\":\"https:\/\/secure.gravatar.com\/avatar\/67808a21710148ea0645bc85e43e21b6?s=96&d=mm&r=g\",\"caption\":\"Secretario T\u00e9cnico\"},\"url\":\"https:\/\/www.iec2024.ec\/en\/author\/4dm1ns3cr3t4r10\/\"}]}<\/script>\n<!-- \/ Yoast SEO plugin. -->","yoast_head_json":{"title":"ADN Celam: Papa Francisco nombra al Cardenal Porras Legado Pontificio para el Congreso Eucar\u00edstico Internacional de Quito - IEC 2024","robots":{"index":"index","follow":"follow","max-snippet":"max-snippet:-1","max-image-preview":"max-image-preview:large","max-video-preview":"max-video-preview:-1"},"canonical":"https:\/\/www.iec2024.ec\/en\/adn-celam-papa-francisco-nombra-al-cardenal-porras-legado-pontificio-para-el-congreso-eucaristico-internacional-de-quito\/","og_locale":"en_US","og_type":"article","og_title":"ADN Celam: Papa Francisco nombra al Cardenal Porras Legado Pontificio para el Congreso Eucar\u00edstico Internacional de Quito - IEC 2024","og_description":"Este s\u00e1bado 24 de agosto, el\u00a0Papa Francisco nombr\u00f3 al Cardenal Baltazar Porras Cardozo,\u00a0arzobispo em\u00e9rito de Caracas (Venezuela), como su\u00a0Legado Pontificio para el Congreso Eucar\u00edstico Internacional\u00a0Quito 2024, que se realizar\u00e1 en Ecuador del 8 al 15 de septiembre de este a\u00f1o. Es importante recordar que el Papa Francisco,\u00a0el 20 de marzo de 2021, dio como sede [&hellip;]","og_url":"https:\/\/www.iec2024.ec\/en\/adn-celam-papa-francisco-nombra-al-cardenal-porras-legado-pontificio-para-el-congreso-eucaristico-internacional-de-quito\/","og_site_name":"IEC 2024","article_published_time":"2024-08-24T15:12:25+00:00","article_modified_time":"2024-09-25T15:15:08+00:00","author":"Secretario T\u00e9cnico","twitter_card":"summary_large_image","twitter_misc":{"Written by":"Secretario T\u00e9cnico","Est. reading time":"1 minute"},"schema":{"@context":"https:\/\/schema.org","@graph":[{"@type":"Article","@id":"https:\/\/www.iec2024.ec\/en\/adn-celam-papa-francisco-nombra-al-cardenal-porras-legado-pontificio-para-el-congreso-eucaristico-internacional-de-quito\/#article","isPartOf":{"@id":"https:\/\/www.iec2024.ec\/en\/adn-celam-papa-francisco-nombra-al-cardenal-porras-legado-pontificio-para-el-congreso-eucaristico-internacional-de-quito\/"},"author":{"name":"Secretario T\u00e9cnico","@id":"https:\/\/www.iec2024.ec\/en\/#\/schema\/person\/7dc46e27a804fe39ba34935ca5284fe2"},"headline":"ADN Celam: Papa Francisco nombra al Cardenal Porras Legado Pontificio para el Congreso Eucar\u00edstico Internacional de Quito","datePublished":"2024-08-24T15:12:25+00:00","dateModified":"2024-09-25T15:15:08+00:00","mainEntityOfPage":{"@id":"https:\/\/www.iec2024.ec\/en\/adn-celam-papa-francisco-nombra-al-cardenal-porras-legado-pontificio-para-el-congreso-eucaristico-internacional-de-quito\/"},"wordCount":128,"publisher":{"@id":"https:\/\/www.iec2024.ec\/en\/#organization"},"articleSection":["IEC in media"],"inLanguage":"en-US"},{"@type":"WebPage","@id":"https:\/\/www.iec2024.ec\/en\/adn-celam-papa-francisco-nombra-al-cardenal-porras-legado-pontificio-para-el-congreso-eucaristico-internacional-de-quito\/","url":"https:\/\/www.iec2024.ec\/en\/adn-celam-papa-francisco-nombra-al-cardenal-porras-legado-pontificio-para-el-congreso-eucaristico-internacional-de-quito\/","name":"ADN Celam: Papa Francisco nombra al Cardenal Porras Legado Pontificio para el Congreso Eucar\u00edstico Internacional de Quito - IEC 2024","isPartOf":{"@id":"https:\/\/www.iec2024.ec\/en\/#website"},"datePublished":"2024-08-24T15:12:25+00:00","dateModified":"2024-09-25T15:15:08+00:00","breadcrumb":{"@id":"https:\/\/www.iec2024.ec\/en\/adn-celam-papa-francisco-nombra-al-cardenal-porras-legado-pontificio-para-el-congreso-eucaristico-internacional-de-quito\/#breadcrumb"},"inLanguage":"en-US","potentialAction":[{"@type":"ReadAction","target":["https:\/\/www.iec2024.ec\/en\/adn-celam-papa-francisco-nombra-al-cardenal-porras-legado-pontificio-para-el-congreso-eucaristico-internacional-de-quito\/"]}]},{"@type":"BreadcrumbList","@id":"https:\/\/www.iec2024.ec\/en\/adn-celam-papa-francisco-nombra-al-cardenal-porras-legado-pontificio-para-el-congreso-eucaristico-internacional-de-quito\/#breadcrumb","itemListElement":[{"@type":"ListItem","position":1,"name":"Portada","item":"https:\/\/www.iec2024.ec\/en\/"},{"@type":"ListItem","position":2,"name":"ADN Celam: Papa Francisco nombra al Cardenal Porras Legado Pontificio para el Congreso Eucar\u00edstico Internacional de Quito"}]},{"@type":"WebSite","@id":"https:\/\/www.iec2024.ec\/en\/#website","url":"https:\/\/www.iec2024.ec\/en\/","name":"IEC 2024","description":"","publisher":{"@id":"https:\/\/www.iec2024.ec\/en\/#organization"},"potentialAction":[{"@type":"SearchAction","target":{"@type":"EntryPoint","urlTemplate":"https:\/\/www.iec2024.ec\/en\/?s={search_term_string}"},"query-input":"required name=search_term_string"}],"inLanguage":"en-US"},{"@type":"Organization","@id":"https:\/\/www.iec2024.ec\/en\/#organization","name":"IEC 2024","url":"https:\/\/www.iec2024.ec\/en\/","logo":{"@type":"ImageObject","inLanguage":"en-US","@id":"https:\/\/www.iec2024.ec\/en\/#\/schema\/logo\/image\/","url":"https:\/\/www.iec2024.ec\/wp-content\/uploads\/2024\/01\/cropped-logo-2024.png","contentUrl":"https:\/\/www.iec2024.ec\/wp-content\/uploads\/2024\/01\/cropped-logo-2024.png","width":1277,"height":332,"caption":"IEC 2024"},"image":{"@id":"https:\/\/www.iec2024.ec\/en\/#\/schema\/logo\/image\/"}},{"@type":"Person","@id":"https:\/\/www.iec2024.ec\/en\/#\/schema\/person\/7dc46e27a804fe39ba34935ca5284fe2","name":"Secretario T\u00e9cnico","image":{"@type":"ImageObject","inLanguage":"en-US","@id":"https:\/\/www.iec2024.ec\/en\/#\/schema\/person\/image\/","url":"https:\/\/secure.gravatar.com\/avatar\/67808a21710148ea0645bc85e43e21b6?s=96&d=mm&r=g","contentUrl":"https:\/\/secure.gravatar.com\/avatar\/67808a21710148ea0645bc85e43e21b6?s=96&d=mm&r=g","caption":"Secretario T\u00e9cnico"},"url":"https:\/\/www.iec2024.ec\/en\/author\/4dm1ns3cr3t4r10\/"}]}},"_links":{"self":[{"href":"https:\/\/www.iec2024.ec\/en\/wp-json\/wp\/v2\/posts\/24266"}],"collection":[{"href":"https:\/\/www.iec2024.ec\/en\/wp-json\/wp\/v2\/posts"}],"about":[{"href":"https:\/\/www.iec2024.ec\/en\/wp-json\/wp\/v2\/types\/post"}],"author":[{"embeddable":true,"href":"https:\/\/www.iec2024.ec\/en\/wp-json\/wp\/v2\/users\/2"}],"replies":[{"embeddable":true,"href":"https:\/\/www.iec2024.ec\/en\/wp-json\/wp\/v2\/comments?post=24266"}],"version-history":[{"count":1,"href":"https:\/\/www.iec2024.ec\/en\/wp-json\/wp\/v2\/posts\/24266\/revisions"}],"predecessor-version":[{"id":24270,"href":"https:\/\/www.iec2024.ec\/en\/wp-json\/wp\/v2\/posts\/24266\/revisions\/24270"}],"wp:featuredmedia":[{"embeddable":true,"href":"https:\/\/www.iec2024.ec\/en\/wp-json\/wp\/v2\/media\/24268"}],"wp:attachment":[{"href":"https:\/\/www.iec2024.ec\/en\/wp-json\/wp\/v2\/media?parent=24266"}],"wp:term":[{"taxonomy":"category","embeddable":true,"href":"https:\/\/www.iec2024.ec\/en\/wp-json\/wp\/v2\/categories?post=24266"},{"taxonomy":"post_tag","embeddable":true,"href":"https:\/\/www.iec2024.ec\/en\/wp-json\/wp\/v2\/tags?post=24266"}],"curies":[{"name":"wp","href":"https:\/\/api.w.org\/{rel}","templated":true}]}}