{"id":24273,"date":"2024-08-16T10:15:33","date_gmt":"2024-08-16T15:15:33","guid":{"rendered":"https:\/\/www.iec2024.ec\/el-universo-mas-de-tres-anos-de-planificacion-y-4-millones-de-inversion-se-ultiman-detalles-para-el-congreso-eucaristico-internacional-en-quito\/"},"modified":"2024-08-16T10:15:33","modified_gmt":"2024-08-16T15:15:33","slug":"el-universo-mas-de-tres-anos-de-planificacion-y-4-millones-de-inversion-se-ultiman-detalles-para-el-congreso-eucaristico-internacional-en-quito","status":"publish","type":"post","link":"https:\/\/www.iec2024.ec\/en\/el-universo-mas-de-tres-anos-de-planificacion-y-4-millones-de-inversion-se-ultiman-detalles-para-el-congreso-eucaristico-internacional-en-quito\/","title":{"rendered":"El Universo &#8211; M\u00e1s de tres a\u00f1os de planificaci\u00f3n y $ 4 millones de inversi\u00f3n: se ultiman detalles para el Congreso Eucar\u00edstico Internacional en Quito"},"content":{"rendered":"<div class=\"chain chain-section | col-span-12 md:col-span-12 lg:col-span-12 space-y-2 \">\n<div class=\"block md:block lg:flex \">\n<section class=\"article-body grid md:grid lg:block prose prose-lg md:prose mx-auto space-y-3 font-primary\">\n<p class=\"prose-text\" data-mrf-recirculation=\"Links article\">Quito se prepara para acoger el 53.\u00b0 Congreso Eucar\u00edstico Internacional (CEI) del 8 al 15 de septiembre de 2024. Con el lema \u201cFraternidad para sanar el mundo\u201d, este evento no solo reunir\u00e1 a delegaciones de 53 pa\u00edses, sino que tambi\u00e9n servir\u00e1 como un momento clave de reflexi\u00f3n y renovaci\u00f3n espiritual tanto para Ecuador como para la Iglesia cat\u00f3lica en el mundo entero.<\/p>\n<\/section>\n<\/div>\n<\/div>\n<div class=\"chain chain-section | col-span-12 sm:col-span-12 md:col-span-12 lg:col-span-12 \">\n<div class=\"RawHtml | space-y-2\">\n<div class=\"text-base max-w-full\">\n<div id=\"article-piano-container\"><a href=\"https:\/\/www.eluniverso.com\/noticias\/ecuador\/mas-de-tres-anos-de-planificacion-y-4-millones-de-inversion-ultiman-detalles-para-el-congreso-eucaristico-internacional-en-quito-nota\/\">Noticia completa: El Universo<\/a><\/div>\n<\/div>\n<\/div>\n<\/div>\n","protected":false},"excerpt":{"rendered":"<p>Quito se prepara para acoger el 53.\u00b0 Congreso Eucar\u00edstico Internacional (CEI) del 8 al 15 de septiembre de 2024. Con el lema \u201cFraternidad para sanar el mundo\u201d, este evento no solo reunir\u00e1 a delegaciones de 53 pa\u00edses, sino que tambi\u00e9n servir\u00e1 como un momento clave de reflexi\u00f3n y renovaci\u00f3n espiritual tanto para Ecuador como para [&hellip;]<\/p>\n","protected":false},"author":2,"featured_media":0,"comment_status":"closed","ping_status":"closed","sticky":false,"template":"","format":"standard","meta":{"footnotes":""},"categories":[120],"tags":[],"acf":[],"yoast_head":"<!-- This site is optimized with the Yoast SEO plugin v21.1 - https:\/\/yoast.com\/wordpress\/plugins\/seo\/ -->\n<title>El Universo - M\u00e1s de tres a\u00f1os de planificaci\u00f3n y $ 4 millones de inversi\u00f3n: se ultiman detalles para el Congreso Eucar\u00edstico Internacional en Quito - IEC 2024<\/title>\n<meta name=\"robots\" content=\"index, follow, max-snippet:-1, max-image-preview:large, max-video-preview:-1\" \/>\n<link rel=\"canonical\" href=\"https:\/\/www.iec2024.ec\/en\/el-universo-mas-de-tres-anos-de-planificacion-y-4-millones-de-inversion-se-ultiman-detalles-para-el-congreso-eucaristico-internacional-en-quito\/\" \/>\n<meta property=\"og:locale\" content=\"en_US\" \/>\n<meta property=\"og:type\" content=\"article\" \/>\n<meta property=\"og:title\" content=\"El Universo - M\u00e1s de tres a\u00f1os de planificaci\u00f3n y $ 4 millones de inversi\u00f3n: se ultiman detalles para el Congreso Eucar\u00edstico Internacional en Quito - IEC 2024\" \/>\n<meta property=\"og:description\" content=\"Quito se prepara para acoger el 53.\u00b0 Congreso Eucar\u00edstico Internacional (CEI) del 8 al 15 de septiembre de 2024. Con el lema \u201cFraternidad para sanar el mundo\u201d, este evento no solo reunir\u00e1 a delegaciones de 53 pa\u00edses, sino que tambi\u00e9n servir\u00e1 como un momento clave de reflexi\u00f3n y renovaci\u00f3n espiritual tanto para Ecuador como para [&hellip;]\" \/>\n<meta property=\"og:url\" content=\"https:\/\/www.iec2024.ec\/en\/el-universo-mas-de-tres-anos-de-planificacion-y-4-millones-de-inversion-se-ultiman-detalles-para-el-congreso-eucaristico-internacional-en-quito\/\" \/>\n<meta property=\"og:site_name\" content=\"IEC 2024\" \/>\n<meta property=\"article:published_time\" content=\"2024-08-16T15:15:33+00:00\" \/>\n<meta name=\"author\" content=\"Secretario T\u00e9cnico\" \/>\n<meta name=\"twitter:card\" content=\"summary_large_image\" \/>\n<meta name=\"twitter:label1\" content=\"Written by\" \/>\n\t<meta name=\"twitter:data1\" content=\"Secretario T\u00e9cnico\" \/>\n<script type=\"application\/ld+json\" class=\"yoast-schema-graph\">{\"@context\":\"https:\/\/schema.org\",\"@graph\":[{\"@type\":\"Article\",\"@id\":\"https:\/\/www.iec2024.ec\/en\/el-universo-mas-de-tres-anos-de-planificacion-y-4-millones-de-inversion-se-ultiman-detalles-para-el-congreso-eucaristico-internacional-en-quito\/#article\",\"isPartOf\":{\"@id\":\"https:\/\/www.iec2024.ec\/en\/el-universo-mas-de-tres-anos-de-planificacion-y-4-millones-de-inversion-se-ultiman-detalles-para-el-congreso-eucaristico-internacional-en-quito\/\"},\"author\":{\"name\":\"Secretario T\u00e9cnico\",\"@id\":\"https:\/\/www.iec2024.ec\/en\/#\/schema\/person\/7dc46e27a804fe39ba34935ca5284fe2\"},\"headline\":\"El Universo &#8211; M\u00e1s de tres a\u00f1os de planificaci\u00f3n y $ 4 millones de inversi\u00f3n: se ultiman detalles para el Congreso Eucar\u00edstico Internacional en Quito\",\"datePublished\":\"2024-08-16T15:15:33+00:00\",\"dateModified\":\"2024-08-16T15:15:33+00:00\",\"mainEntityOfPage\":{\"@id\":\"https:\/\/www.iec2024.ec\/en\/el-universo-mas-de-tres-anos-de-planificacion-y-4-millones-de-inversion-se-ultiman-detalles-para-el-congreso-eucaristico-internacional-en-quito\/\"},\"wordCount\":95,\"publisher\":{\"@id\":\"https:\/\/www.iec2024.ec\/en\/#organization\"},\"articleSection\":[\"IEC in media\"],\"inLanguage\":\"en-US\"},{\"@type\":\"WebPage\",\"@id\":\"https:\/\/www.iec2024.ec\/en\/el-universo-mas-de-tres-anos-de-planificacion-y-4-millones-de-inversion-se-ultiman-detalles-para-el-congreso-eucaristico-internacional-en-quito\/\",\"url\":\"https:\/\/www.iec2024.ec\/en\/el-universo-mas-de-tres-anos-de-planificacion-y-4-millones-de-inversion-se-ultiman-detalles-para-el-congreso-eucaristico-internacional-en-quito\/\",\"name\":\"El Universo - M\u00e1s de tres a\u00f1os de planificaci\u00f3n y $ 4 millones de inversi\u00f3n: se ultiman detalles para el Congreso Eucar\u00edstico Internacional en Quito - IEC 2024\",\"isPartOf\":{\"@id\":\"https:\/\/www.iec2024.ec\/en\/#website\"},\"datePublished\":\"2024-08-16T15:15:33+00:00\",\"dateModified\":\"2024-08-16T15:15:33+00:00\",\"breadcrumb\":{\"@id\":\"https:\/\/www.iec2024.ec\/en\/el-universo-mas-de-tres-anos-de-planificacion-y-4-millones-de-inversion-se-ultiman-detalles-para-el-congreso-eucaristico-internacional-en-quito\/#breadcrumb\"},\"inLanguage\":\"en-US\",\"potentialAction\":[{\"@type\":\"ReadAction\",\"target\":[\"https:\/\/www.iec2024.ec\/en\/el-universo-mas-de-tres-anos-de-planificacion-y-4-millones-de-inversion-se-ultiman-detalles-para-el-congreso-eucaristico-internacional-en-quito\/\"]}]},{\"@type\":\"BreadcrumbList\",\"@id\":\"https:\/\/www.iec2024.ec\/en\/el-universo-mas-de-tres-anos-de-planificacion-y-4-millones-de-inversion-se-ultiman-detalles-para-el-congreso-eucaristico-internacional-en-quito\/#breadcrumb\",\"itemListElement\":[{\"@type\":\"ListItem\",\"position\":1,\"name\":\"Portada\",\"item\":\"https:\/\/www.iec2024.ec\/en\/\"},{\"@type\":\"ListItem\",\"position\":2,\"name\":\"El Universo &#8211; M\u00e1s de tres a\u00f1os de planificaci\u00f3n y $ 4 millones de inversi\u00f3n: se ultiman detalles para el Congreso Eucar\u00edstico Internacional en Quito\"}]},{\"@type\":\"WebSite\",\"@id\":\"https:\/\/www.iec2024.ec\/en\/#website\",\"url\":\"https:\/\/www.iec2024.ec\/en\/\",\"name\":\"IEC 2024\",\"description\":\"\",\"publisher\":{\"@id\":\"https:\/\/www.iec2024.ec\/en\/#organization\"},\"potentialAction\":[{\"@type\":\"SearchAction\",\"target\":{\"@type\":\"EntryPoint\",\"urlTemplate\":\"https:\/\/www.iec2024.ec\/en\/?s={search_term_string}\"},\"query-input\":\"required name=search_term_string\"}],\"inLanguage\":\"en-US\"},{\"@type\":\"Organization\",\"@id\":\"https:\/\/www.iec2024.ec\/en\/#organization\",\"name\":\"IEC 2024\",\"url\":\"https:\/\/www.iec2024.ec\/en\/\",\"logo\":{\"@type\":\"ImageObject\",\"inLanguage\":\"en-US\",\"@id\":\"https:\/\/www.iec2024.ec\/en\/#\/schema\/logo\/image\/\",\"url\":\"https:\/\/www.iec2024.ec\/wp-content\/uploads\/2024\/01\/cropped-logo-2024.png\",\"contentUrl\":\"https:\/\/www.iec2024.ec\/wp-content\/uploads\/2024\/01\/cropped-logo-2024.png\",\"width\":1277,\"height\":332,\"caption\":\"IEC 2024\"},\"image\":{\"@id\":\"https:\/\/www.iec2024.ec\/en\/#\/schema\/logo\/image\/\"}},{\"@type\":\"Person\",\"@id\":\"https:\/\/www.iec2024.ec\/en\/#\/schema\/person\/7dc46e27a804fe39ba34935ca5284fe2\",\"name\":\"Secretario T\u00e9cnico\",\"image\":{\"@type\":\"ImageObject\",\"inLanguage\":\"en-US\",\"@id\":\"https:\/\/www.iec2024.ec\/en\/#\/schema\/person\/image\/\",\"url\":\"https:\/\/secure.gravatar.com\/avatar\/67808a21710148ea0645bc85e43e21b6?s=96&d=mm&r=g\",\"contentUrl\":\"https:\/\/secure.gravatar.com\/avatar\/67808a21710148ea0645bc85e43e21b6?s=96&d=mm&r=g\",\"caption\":\"Secretario T\u00e9cnico\"},\"url\":\"https:\/\/www.iec2024.ec\/en\/author\/4dm1ns3cr3t4r10\/\"}]}<\/script>\n<!-- \/ Yoast SEO plugin. -->","yoast_head_json":{"title":"El Universo - M\u00e1s de tres a\u00f1os de planificaci\u00f3n y $ 4 millones de inversi\u00f3n: se ultiman detalles para el Congreso Eucar\u00edstico Internacional en Quito - IEC 2024","robots":{"index":"index","follow":"follow","max-snippet":"max-snippet:-1","max-image-preview":"max-image-preview:large","max-video-preview":"max-video-preview:-1"},"canonical":"https:\/\/www.iec2024.ec\/en\/el-universo-mas-de-tres-anos-de-planificacion-y-4-millones-de-inversion-se-ultiman-detalles-para-el-congreso-eucaristico-internacional-en-quito\/","og_locale":"en_US","og_type":"article","og_title":"El Universo - M\u00e1s de tres a\u00f1os de planificaci\u00f3n y $ 4 millones de inversi\u00f3n: se ultiman detalles para el Congreso Eucar\u00edstico Internacional en Quito - IEC 2024","og_description":"Quito se prepara para acoger el 53.\u00b0 Congreso Eucar\u00edstico Internacional (CEI) del 8 al 15 de septiembre de 2024. Con el lema \u201cFraternidad para sanar el mundo\u201d, este evento no solo reunir\u00e1 a delegaciones de 53 pa\u00edses, sino que tambi\u00e9n servir\u00e1 como un momento clave de reflexi\u00f3n y renovaci\u00f3n espiritual tanto para Ecuador como para [&hellip;]","og_url":"https:\/\/www.iec2024.ec\/en\/el-universo-mas-de-tres-anos-de-planificacion-y-4-millones-de-inversion-se-ultiman-detalles-para-el-congreso-eucaristico-internacional-en-quito\/","og_site_name":"IEC 2024","article_published_time":"2024-08-16T15:15:33+00:00","author":"Secretario T\u00e9cnico","twitter_card":"summary_large_image","twitter_misc":{"Written by":"Secretario T\u00e9cnico"},"schema":{"@context":"https:\/\/schema.org","@graph":[{"@type":"Article","@id":"https:\/\/www.iec2024.ec\/en\/el-universo-mas-de-tres-anos-de-planificacion-y-4-millones-de-inversion-se-ultiman-detalles-para-el-congreso-eucaristico-internacional-en-quito\/#article","isPartOf":{"@id":"https:\/\/www.iec2024.ec\/en\/el-universo-mas-de-tres-anos-de-planificacion-y-4-millones-de-inversion-se-ultiman-detalles-para-el-congreso-eucaristico-internacional-en-quito\/"},"author":{"name":"Secretario T\u00e9cnico","@id":"https:\/\/www.iec2024.ec\/en\/#\/schema\/person\/7dc46e27a804fe39ba34935ca5284fe2"},"headline":"El Universo &#8211; M\u00e1s de tres a\u00f1os de planificaci\u00f3n y $ 4 millones de inversi\u00f3n: se ultiman detalles para el Congreso Eucar\u00edstico Internacional en Quito","datePublished":"2024-08-16T15:15:33+00:00","dateModified":"2024-08-16T15:15:33+00:00","mainEntityOfPage":{"@id":"https:\/\/www.iec2024.ec\/en\/el-universo-mas-de-tres-anos-de-planificacion-y-4-millones-de-inversion-se-ultiman-detalles-para-el-congreso-eucaristico-internacional-en-quito\/"},"wordCount":95,"publisher":{"@id":"https:\/\/www.iec2024.ec\/en\/#organization"},"articleSection":["IEC in media"],"inLanguage":"en-US"},{"@type":"WebPage","@id":"https:\/\/www.iec2024.ec\/en\/el-universo-mas-de-tres-anos-de-planificacion-y-4-millones-de-inversion-se-ultiman-detalles-para-el-congreso-eucaristico-internacional-en-quito\/","url":"https:\/\/www.iec2024.ec\/en\/el-universo-mas-de-tres-anos-de-planificacion-y-4-millones-de-inversion-se-ultiman-detalles-para-el-congreso-eucaristico-internacional-en-quito\/","name":"El Universo - M\u00e1s de tres a\u00f1os de planificaci\u00f3n y $ 4 millones de inversi\u00f3n: se ultiman detalles para el Congreso Eucar\u00edstico Internacional en Quito - IEC 2024","isPartOf":{"@id":"https:\/\/www.iec2024.ec\/en\/#website"},"datePublished":"2024-08-16T15:15:33+00:00","dateModified":"2024-08-16T15:15:33+00:00","breadcrumb":{"@id":"https:\/\/www.iec2024.ec\/en\/el-universo-mas-de-tres-anos-de-planificacion-y-4-millones-de-inversion-se-ultiman-detalles-para-el-congreso-eucaristico-internacional-en-quito\/#breadcrumb"},"inLanguage":"en-US","potentialAction":[{"@type":"ReadAction","target":["https:\/\/www.iec2024.ec\/en\/el-universo-mas-de-tres-anos-de-planificacion-y-4-millones-de-inversion-se-ultiman-detalles-para-el-congreso-eucaristico-internacional-en-quito\/"]}]},{"@type":"BreadcrumbList","@id":"https:\/\/www.iec2024.ec\/en\/el-universo-mas-de-tres-anos-de-planificacion-y-4-millones-de-inversion-se-ultiman-detalles-para-el-congreso-eucaristico-internacional-en-quito\/#breadcrumb","itemListElement":[{"@type":"ListItem","position":1,"name":"Portada","item":"https:\/\/www.iec2024.ec\/en\/"},{"@type":"ListItem","position":2,"name":"El Universo &#8211; M\u00e1s de tres a\u00f1os de planificaci\u00f3n y $ 4 millones de inversi\u00f3n: se ultiman detalles para el Congreso Eucar\u00edstico Internacional en Quito"}]},{"@type":"WebSite","@id":"https:\/\/www.iec2024.ec\/en\/#website","url":"https:\/\/www.iec2024.ec\/en\/","name":"IEC 2024","description":"","publisher":{"@id":"https:\/\/www.iec2024.ec\/en\/#organization"},"potentialAction":[{"@type":"SearchAction","target":{"@type":"EntryPoint","urlTemplate":"https:\/\/www.iec2024.ec\/en\/?s={search_term_string}"},"query-input":"required name=search_term_string"}],"inLanguage":"en-US"},{"@type":"Organization","@id":"https:\/\/www.iec2024.ec\/en\/#organization","name":"IEC 2024","url":"https:\/\/www.iec2024.ec\/en\/","logo":{"@type":"ImageObject","inLanguage":"en-US","@id":"https:\/\/www.iec2024.ec\/en\/#\/schema\/logo\/image\/","url":"https:\/\/www.iec2024.ec\/wp-content\/uploads\/2024\/01\/cropped-logo-2024.png","contentUrl":"https:\/\/www.iec2024.ec\/wp-content\/uploads\/2024\/01\/cropped-logo-2024.png","width":1277,"height":332,"caption":"IEC 2024"},"image":{"@id":"https:\/\/www.iec2024.ec\/en\/#\/schema\/logo\/image\/"}},{"@type":"Person","@id":"https:\/\/www.iec2024.ec\/en\/#\/schema\/person\/7dc46e27a804fe39ba34935ca5284fe2","name":"Secretario T\u00e9cnico","image":{"@type":"ImageObject","inLanguage":"en-US","@id":"https:\/\/www.iec2024.ec\/en\/#\/schema\/person\/image\/","url":"https:\/\/secure.gravatar.com\/avatar\/67808a21710148ea0645bc85e43e21b6?s=96&d=mm&r=g","contentUrl":"https:\/\/secure.gravatar.com\/avatar\/67808a21710148ea0645bc85e43e21b6?s=96&d=mm&r=g","caption":"Secretario T\u00e9cnico"},"url":"https:\/\/www.iec2024.ec\/en\/author\/4dm1ns3cr3t4r10\/"}]}},"_links":{"self":[{"href":"https:\/\/www.iec2024.ec\/en\/wp-json\/wp\/v2\/posts\/24273"}],"collection":[{"href":"https:\/\/www.iec2024.ec\/en\/wp-json\/wp\/v2\/posts"}],"about":[{"href":"https:\/\/www.iec2024.ec\/en\/wp-json\/wp\/v2\/types\/post"}],"author":[{"embeddable":true,"href":"https:\/\/www.iec2024.ec\/en\/wp-json\/wp\/v2\/users\/2"}],"replies":[{"embeddable":true,"href":"https:\/\/www.iec2024.ec\/en\/wp-json\/wp\/v2\/comments?post=24273"}],"version-history":[{"count":0,"href":"https:\/\/www.iec2024.ec\/en\/wp-json\/wp\/v2\/posts\/24273\/revisions"}],"wp:attachment":[{"href":"https:\/\/www.iec2024.ec\/en\/wp-json\/wp\/v2\/media?parent=24273"}],"wp:term":[{"taxonomy":"category","embeddable":true,"href":"https:\/\/www.iec2024.ec\/en\/wp-json\/wp\/v2\/categories?post=24273"},{"taxonomy":"post_tag","embeddable":true,"href":"https:\/\/www.iec2024.ec\/en\/wp-json\/wp\/v2\/tags?post=24273"}],"curies":[{"name":"wp","href":"https:\/\/api.w.org\/{rel}","templated":true}]}}