{"id":24301,"date":"2024-08-29T10:36:42","date_gmt":"2024-08-29T15:36:42","guid":{"rendered":"https:\/\/www.iec2024.ec\/el-universo-quito-esta-listo-para-recibir-mas-de-4-000-personas-por-el-congreso-eucaristico-internacional\/"},"modified":"2024-08-29T10:36:42","modified_gmt":"2024-08-29T15:36:42","slug":"el-universo-quito-esta-listo-para-recibir-mas-de-4-000-personas-por-el-congreso-eucaristico-internacional","status":"publish","type":"post","link":"https:\/\/www.iec2024.ec\/en\/el-universo-quito-esta-listo-para-recibir-mas-de-4-000-personas-por-el-congreso-eucaristico-internacional\/","title":{"rendered":"El Universo: Quito est\u00e1 listo para recibir m\u00e1s de 4.000 personas por el Congreso Eucar\u00edstico Internacional"},"content":{"rendered":"<p class=\"prose-text\" data-mrf-recirculation=\"Links article\">Quito, la capital de Ecuador, se prepara para un evento hist\u00f3rico sin precedentes en el pa\u00eds. Del 8 al 15 de septiembre la ciudad ser\u00e1 la sede del 53.\u00b0 Congreso Eucar\u00edstico Internacional (CEI), un acontecimiento que congregar\u00e1 a m\u00e1s de 4.000 participantes entre las delegaciones de 53 pa\u00edses y la presencia ecuatoriana.<\/p>\n<p class=\"prose-text\" data-mrf-recirculation=\"Links article\">El arzobispo de Quito, monse\u00f1or Alfredo Espinoza, anunci\u00f3 que, tras tres a\u00f1os y cuatro meses de intensa preparaci\u00f3n, la ciudad est\u00e1 lista para recibir a los asistentes.<\/p>\n<p data-mrf-recirculation=\"Links article\"><a href=\"https:\/\/www.eluniverso.com\/noticias\/ecuador\/quito-listo-congreso-eucaristico-internacional-municipio-pabel-munoz-arquidiocesis-nota\/\">Noticia completa: El Universo<\/a><\/p>\n","protected":false},"excerpt":{"rendered":"<p>Quito, la capital de Ecuador, se prepara para un evento hist\u00f3rico sin precedentes en el pa\u00eds. Del 8 al 15 de septiembre la ciudad ser\u00e1 la sede del 53.\u00b0 Congreso Eucar\u00edstico Internacional (CEI), un acontecimiento que congregar\u00e1 a m\u00e1s de 4.000 participantes entre las delegaciones de 53 pa\u00edses y la presencia ecuatoriana. El arzobispo de [&hellip;]<\/p>\n","protected":false},"author":2,"featured_media":24298,"comment_status":"closed","ping_status":"closed","sticky":false,"template":"","format":"standard","meta":{"footnotes":""},"categories":[120],"tags":[],"acf":[],"yoast_head":"<!-- This site is optimized with the Yoast SEO plugin v21.1 - https:\/\/yoast.com\/wordpress\/plugins\/seo\/ -->\n<title>El Universo: Quito est\u00e1 listo para recibir m\u00e1s de 4.000 personas por el Congreso Eucar\u00edstico Internacional - IEC 2024<\/title>\n<meta name=\"robots\" content=\"index, follow, max-snippet:-1, max-image-preview:large, max-video-preview:-1\" \/>\n<link rel=\"canonical\" href=\"https:\/\/www.iec2024.ec\/en\/el-universo-quito-esta-listo-para-recibir-mas-de-4-000-personas-por-el-congreso-eucaristico-internacional\/\" \/>\n<meta property=\"og:locale\" content=\"en_US\" \/>\n<meta property=\"og:type\" content=\"article\" \/>\n<meta property=\"og:title\" content=\"El Universo: Quito est\u00e1 listo para recibir m\u00e1s de 4.000 personas por el Congreso Eucar\u00edstico Internacional - IEC 2024\" \/>\n<meta property=\"og:description\" content=\"Quito, la capital de Ecuador, se prepara para un evento hist\u00f3rico sin precedentes en el pa\u00eds. Del 8 al 15 de septiembre la ciudad ser\u00e1 la sede del 53.\u00b0 Congreso Eucar\u00edstico Internacional (CEI), un acontecimiento que congregar\u00e1 a m\u00e1s de 4.000 participantes entre las delegaciones de 53 pa\u00edses y la presencia ecuatoriana. El arzobispo de [&hellip;]\" \/>\n<meta property=\"og:url\" content=\"https:\/\/www.iec2024.ec\/en\/el-universo-quito-esta-listo-para-recibir-mas-de-4-000-personas-por-el-congreso-eucaristico-internacional\/\" \/>\n<meta property=\"og:site_name\" content=\"IEC 2024\" \/>\n<meta property=\"article:published_time\" content=\"2024-08-29T15:36:42+00:00\" \/>\n<meta name=\"author\" content=\"Secretario T\u00e9cnico\" \/>\n<meta name=\"twitter:card\" content=\"summary_large_image\" \/>\n<meta name=\"twitter:label1\" content=\"Written by\" \/>\n\t<meta name=\"twitter:data1\" content=\"Secretario T\u00e9cnico\" \/>\n<script type=\"application\/ld+json\" class=\"yoast-schema-graph\">{\"@context\":\"https:\/\/schema.org\",\"@graph\":[{\"@type\":\"Article\",\"@id\":\"https:\/\/www.iec2024.ec\/en\/el-universo-quito-esta-listo-para-recibir-mas-de-4-000-personas-por-el-congreso-eucaristico-internacional\/#article\",\"isPartOf\":{\"@id\":\"https:\/\/www.iec2024.ec\/en\/el-universo-quito-esta-listo-para-recibir-mas-de-4-000-personas-por-el-congreso-eucaristico-internacional\/\"},\"author\":{\"name\":\"Secretario T\u00e9cnico\",\"@id\":\"https:\/\/www.iec2024.ec\/en\/#\/schema\/person\/7dc46e27a804fe39ba34935ca5284fe2\"},\"headline\":\"El Universo: Quito est\u00e1 listo para recibir m\u00e1s de 4.000 personas por el Congreso Eucar\u00edstico Internacional\",\"datePublished\":\"2024-08-29T15:36:42+00:00\",\"dateModified\":\"2024-08-29T15:36:42+00:00\",\"mainEntityOfPage\":{\"@id\":\"https:\/\/www.iec2024.ec\/en\/el-universo-quito-esta-listo-para-recibir-mas-de-4-000-personas-por-el-congreso-eucaristico-internacional\/\"},\"wordCount\":103,\"publisher\":{\"@id\":\"https:\/\/www.iec2024.ec\/en\/#organization\"},\"articleSection\":[\"IEC in media\"],\"inLanguage\":\"en-US\"},{\"@type\":\"WebPage\",\"@id\":\"https:\/\/www.iec2024.ec\/en\/el-universo-quito-esta-listo-para-recibir-mas-de-4-000-personas-por-el-congreso-eucaristico-internacional\/\",\"url\":\"https:\/\/www.iec2024.ec\/en\/el-universo-quito-esta-listo-para-recibir-mas-de-4-000-personas-por-el-congreso-eucaristico-internacional\/\",\"name\":\"El Universo: Quito est\u00e1 listo para recibir m\u00e1s de 4.000 personas por el Congreso Eucar\u00edstico Internacional - IEC 2024\",\"isPartOf\":{\"@id\":\"https:\/\/www.iec2024.ec\/en\/#website\"},\"datePublished\":\"2024-08-29T15:36:42+00:00\",\"dateModified\":\"2024-08-29T15:36:42+00:00\",\"breadcrumb\":{\"@id\":\"https:\/\/www.iec2024.ec\/en\/el-universo-quito-esta-listo-para-recibir-mas-de-4-000-personas-por-el-congreso-eucaristico-internacional\/#breadcrumb\"},\"inLanguage\":\"en-US\",\"potentialAction\":[{\"@type\":\"ReadAction\",\"target\":[\"https:\/\/www.iec2024.ec\/en\/el-universo-quito-esta-listo-para-recibir-mas-de-4-000-personas-por-el-congreso-eucaristico-internacional\/\"]}]},{\"@type\":\"BreadcrumbList\",\"@id\":\"https:\/\/www.iec2024.ec\/en\/el-universo-quito-esta-listo-para-recibir-mas-de-4-000-personas-por-el-congreso-eucaristico-internacional\/#breadcrumb\",\"itemListElement\":[{\"@type\":\"ListItem\",\"position\":1,\"name\":\"Portada\",\"item\":\"https:\/\/www.iec2024.ec\/en\/\"},{\"@type\":\"ListItem\",\"position\":2,\"name\":\"El Universo: Quito est\u00e1 listo para recibir m\u00e1s de 4.000 personas por el Congreso Eucar\u00edstico Internacional\"}]},{\"@type\":\"WebSite\",\"@id\":\"https:\/\/www.iec2024.ec\/en\/#website\",\"url\":\"https:\/\/www.iec2024.ec\/en\/\",\"name\":\"IEC 2024\",\"description\":\"\",\"publisher\":{\"@id\":\"https:\/\/www.iec2024.ec\/en\/#organization\"},\"potentialAction\":[{\"@type\":\"SearchAction\",\"target\":{\"@type\":\"EntryPoint\",\"urlTemplate\":\"https:\/\/www.iec2024.ec\/en\/?s={search_term_string}\"},\"query-input\":\"required name=search_term_string\"}],\"inLanguage\":\"en-US\"},{\"@type\":\"Organization\",\"@id\":\"https:\/\/www.iec2024.ec\/en\/#organization\",\"name\":\"IEC 2024\",\"url\":\"https:\/\/www.iec2024.ec\/en\/\",\"logo\":{\"@type\":\"ImageObject\",\"inLanguage\":\"en-US\",\"@id\":\"https:\/\/www.iec2024.ec\/en\/#\/schema\/logo\/image\/\",\"url\":\"https:\/\/www.iec2024.ec\/wp-content\/uploads\/2024\/01\/cropped-logo-2024.png\",\"contentUrl\":\"https:\/\/www.iec2024.ec\/wp-content\/uploads\/2024\/01\/cropped-logo-2024.png\",\"width\":1277,\"height\":332,\"caption\":\"IEC 2024\"},\"image\":{\"@id\":\"https:\/\/www.iec2024.ec\/en\/#\/schema\/logo\/image\/\"}},{\"@type\":\"Person\",\"@id\":\"https:\/\/www.iec2024.ec\/en\/#\/schema\/person\/7dc46e27a804fe39ba34935ca5284fe2\",\"name\":\"Secretario T\u00e9cnico\",\"image\":{\"@type\":\"ImageObject\",\"inLanguage\":\"en-US\",\"@id\":\"https:\/\/www.iec2024.ec\/en\/#\/schema\/person\/image\/\",\"url\":\"https:\/\/secure.gravatar.com\/avatar\/67808a21710148ea0645bc85e43e21b6?s=96&d=mm&r=g\",\"contentUrl\":\"https:\/\/secure.gravatar.com\/avatar\/67808a21710148ea0645bc85e43e21b6?s=96&d=mm&r=g\",\"caption\":\"Secretario T\u00e9cnico\"},\"url\":\"https:\/\/www.iec2024.ec\/en\/author\/4dm1ns3cr3t4r10\/\"}]}<\/script>\n<!-- \/ Yoast SEO plugin. -->","yoast_head_json":{"title":"El Universo: Quito est\u00e1 listo para recibir m\u00e1s de 4.000 personas por el Congreso Eucar\u00edstico Internacional - IEC 2024","robots":{"index":"index","follow":"follow","max-snippet":"max-snippet:-1","max-image-preview":"max-image-preview:large","max-video-preview":"max-video-preview:-1"},"canonical":"https:\/\/www.iec2024.ec\/en\/el-universo-quito-esta-listo-para-recibir-mas-de-4-000-personas-por-el-congreso-eucaristico-internacional\/","og_locale":"en_US","og_type":"article","og_title":"El Universo: Quito est\u00e1 listo para recibir m\u00e1s de 4.000 personas por el Congreso Eucar\u00edstico Internacional - IEC 2024","og_description":"Quito, la capital de Ecuador, se prepara para un evento hist\u00f3rico sin precedentes en el pa\u00eds. Del 8 al 15 de septiembre la ciudad ser\u00e1 la sede del 53.\u00b0 Congreso Eucar\u00edstico Internacional (CEI), un acontecimiento que congregar\u00e1 a m\u00e1s de 4.000 participantes entre las delegaciones de 53 pa\u00edses y la presencia ecuatoriana. El arzobispo de [&hellip;]","og_url":"https:\/\/www.iec2024.ec\/en\/el-universo-quito-esta-listo-para-recibir-mas-de-4-000-personas-por-el-congreso-eucaristico-internacional\/","og_site_name":"IEC 2024","article_published_time":"2024-08-29T15:36:42+00:00","author":"Secretario T\u00e9cnico","twitter_card":"summary_large_image","twitter_misc":{"Written by":"Secretario T\u00e9cnico"},"schema":{"@context":"https:\/\/schema.org","@graph":[{"@type":"Article","@id":"https:\/\/www.iec2024.ec\/en\/el-universo-quito-esta-listo-para-recibir-mas-de-4-000-personas-por-el-congreso-eucaristico-internacional\/#article","isPartOf":{"@id":"https:\/\/www.iec2024.ec\/en\/el-universo-quito-esta-listo-para-recibir-mas-de-4-000-personas-por-el-congreso-eucaristico-internacional\/"},"author":{"name":"Secretario T\u00e9cnico","@id":"https:\/\/www.iec2024.ec\/en\/#\/schema\/person\/7dc46e27a804fe39ba34935ca5284fe2"},"headline":"El Universo: Quito est\u00e1 listo para recibir m\u00e1s de 4.000 personas por el Congreso Eucar\u00edstico Internacional","datePublished":"2024-08-29T15:36:42+00:00","dateModified":"2024-08-29T15:36:42+00:00","mainEntityOfPage":{"@id":"https:\/\/www.iec2024.ec\/en\/el-universo-quito-esta-listo-para-recibir-mas-de-4-000-personas-por-el-congreso-eucaristico-internacional\/"},"wordCount":103,"publisher":{"@id":"https:\/\/www.iec2024.ec\/en\/#organization"},"articleSection":["IEC in media"],"inLanguage":"en-US"},{"@type":"WebPage","@id":"https:\/\/www.iec2024.ec\/en\/el-universo-quito-esta-listo-para-recibir-mas-de-4-000-personas-por-el-congreso-eucaristico-internacional\/","url":"https:\/\/www.iec2024.ec\/en\/el-universo-quito-esta-listo-para-recibir-mas-de-4-000-personas-por-el-congreso-eucaristico-internacional\/","name":"El Universo: Quito est\u00e1 listo para recibir m\u00e1s de 4.000 personas por el Congreso Eucar\u00edstico Internacional - IEC 2024","isPartOf":{"@id":"https:\/\/www.iec2024.ec\/en\/#website"},"datePublished":"2024-08-29T15:36:42+00:00","dateModified":"2024-08-29T15:36:42+00:00","breadcrumb":{"@id":"https:\/\/www.iec2024.ec\/en\/el-universo-quito-esta-listo-para-recibir-mas-de-4-000-personas-por-el-congreso-eucaristico-internacional\/#breadcrumb"},"inLanguage":"en-US","potentialAction":[{"@type":"ReadAction","target":["https:\/\/www.iec2024.ec\/en\/el-universo-quito-esta-listo-para-recibir-mas-de-4-000-personas-por-el-congreso-eucaristico-internacional\/"]}]},{"@type":"BreadcrumbList","@id":"https:\/\/www.iec2024.ec\/en\/el-universo-quito-esta-listo-para-recibir-mas-de-4-000-personas-por-el-congreso-eucaristico-internacional\/#breadcrumb","itemListElement":[{"@type":"ListItem","position":1,"name":"Portada","item":"https:\/\/www.iec2024.ec\/en\/"},{"@type":"ListItem","position":2,"name":"El Universo: Quito est\u00e1 listo para recibir m\u00e1s de 4.000 personas por el Congreso Eucar\u00edstico Internacional"}]},{"@type":"WebSite","@id":"https:\/\/www.iec2024.ec\/en\/#website","url":"https:\/\/www.iec2024.ec\/en\/","name":"IEC 2024","description":"","publisher":{"@id":"https:\/\/www.iec2024.ec\/en\/#organization"},"potentialAction":[{"@type":"SearchAction","target":{"@type":"EntryPoint","urlTemplate":"https:\/\/www.iec2024.ec\/en\/?s={search_term_string}"},"query-input":"required name=search_term_string"}],"inLanguage":"en-US"},{"@type":"Organization","@id":"https:\/\/www.iec2024.ec\/en\/#organization","name":"IEC 2024","url":"https:\/\/www.iec2024.ec\/en\/","logo":{"@type":"ImageObject","inLanguage":"en-US","@id":"https:\/\/www.iec2024.ec\/en\/#\/schema\/logo\/image\/","url":"https:\/\/www.iec2024.ec\/wp-content\/uploads\/2024\/01\/cropped-logo-2024.png","contentUrl":"https:\/\/www.iec2024.ec\/wp-content\/uploads\/2024\/01\/cropped-logo-2024.png","width":1277,"height":332,"caption":"IEC 2024"},"image":{"@id":"https:\/\/www.iec2024.ec\/en\/#\/schema\/logo\/image\/"}},{"@type":"Person","@id":"https:\/\/www.iec2024.ec\/en\/#\/schema\/person\/7dc46e27a804fe39ba34935ca5284fe2","name":"Secretario T\u00e9cnico","image":{"@type":"ImageObject","inLanguage":"en-US","@id":"https:\/\/www.iec2024.ec\/en\/#\/schema\/person\/image\/","url":"https:\/\/secure.gravatar.com\/avatar\/67808a21710148ea0645bc85e43e21b6?s=96&d=mm&r=g","contentUrl":"https:\/\/secure.gravatar.com\/avatar\/67808a21710148ea0645bc85e43e21b6?s=96&d=mm&r=g","caption":"Secretario T\u00e9cnico"},"url":"https:\/\/www.iec2024.ec\/en\/author\/4dm1ns3cr3t4r10\/"}]}},"_links":{"self":[{"href":"https:\/\/www.iec2024.ec\/en\/wp-json\/wp\/v2\/posts\/24301"}],"collection":[{"href":"https:\/\/www.iec2024.ec\/en\/wp-json\/wp\/v2\/posts"}],"about":[{"href":"https:\/\/www.iec2024.ec\/en\/wp-json\/wp\/v2\/types\/post"}],"author":[{"embeddable":true,"href":"https:\/\/www.iec2024.ec\/en\/wp-json\/wp\/v2\/users\/2"}],"replies":[{"embeddable":true,"href":"https:\/\/www.iec2024.ec\/en\/wp-json\/wp\/v2\/comments?post=24301"}],"version-history":[{"count":0,"href":"https:\/\/www.iec2024.ec\/en\/wp-json\/wp\/v2\/posts\/24301\/revisions"}],"wp:featuredmedia":[{"embeddable":true,"href":"https:\/\/www.iec2024.ec\/en\/wp-json\/wp\/v2\/media\/24298"}],"wp:attachment":[{"href":"https:\/\/www.iec2024.ec\/en\/wp-json\/wp\/v2\/media?parent=24301"}],"wp:term":[{"taxonomy":"category","embeddable":true,"href":"https:\/\/www.iec2024.ec\/en\/wp-json\/wp\/v2\/categories?post=24301"},{"taxonomy":"post_tag","embeddable":true,"href":"https:\/\/www.iec2024.ec\/en\/wp-json\/wp\/v2\/tags?post=24301"}],"curies":[{"name":"wp","href":"https:\/\/api.w.org\/{rel}","templated":true}]}}