{"id":24338,"date":"2024-08-29T11:01:57","date_gmt":"2024-08-29T16:01:57","guid":{"rendered":"https:\/\/www.iec2024.ec\/en-que-radica-la-relevancia-del-congreso-eucaristico-internacional-para-quito\/"},"modified":"2024-09-25T11:08:37","modified_gmt":"2024-09-25T16:08:37","slug":"en-que-radica-la-relevancia-del-congreso-eucaristico-internacional-para-quito","status":"publish","type":"post","link":"https:\/\/www.iec2024.ec\/en\/en-que-radica-la-relevancia-del-congreso-eucaristico-internacional-para-quito\/","title":{"rendered":"\u00bfEn qu\u00e9 radica la relevancia del Congreso Eucar\u00edstico Internacional para Quito?"},"content":{"rendered":"<p>Desde 8 hasta el 15 de septiembre de 2024,\u00a0<b>Quito<\/b>\u00a0ser\u00e1 la sede del\u00a0<b>53\u00a0<a href=\"https:\/\/www.ecuavisa.com\/metadatos\/-\/meta\/congreso-eucaristico-internacional\" target=\"_blank\" rel=\"noopener noreferrer\">Congreso Eucar\u00edstico Internacional (IEC 2024)<\/a><\/b>. Se trata de un evento en el que miles de fieles,\u00a0<b>provenientes de varios pa\u00edses del mundo<\/b>, reflexionar\u00e1n y vivir\u00e1n la\u00a0<b>mayor experiencia de fe<\/b>.<\/p>\n<p>\u00bfEn qu\u00e9 radica la relevancia de este evento para la capital? El IEC es una asamblea de la\u00a0<b>Iglesia Cat\u00f3lica<\/b>, la cual es convocada por el Papa y se realiza cada cuatro a\u00f1os. De hecho, estaba previsto que al evento\u00a0<b>asista el Papa Francisco<\/b>, pero no vendr\u00e1 porque se encuentra en un viaje por diferentes\u00a0<b>pa\u00edses del Asia<\/b>.<\/p>\n<p><a href=\"https:\/\/www.ecuavisa.com\/noticias\/quito\/importancia-congreso-eucaristico-internacional-quito-JK7914975\">Noticia completa: Ecuavisa<\/a><\/p>\n","protected":false},"excerpt":{"rendered":"<p>Desde 8 hasta el 15 de septiembre de 2024,\u00a0Quito\u00a0ser\u00e1 la sede del\u00a053\u00a0Congreso Eucar\u00edstico Internacional (IEC 2024). Se trata de un evento en el que miles de fieles,\u00a0provenientes de varios pa\u00edses del mundo, reflexionar\u00e1n y vivir\u00e1n la\u00a0mayor experiencia de fe. \u00bfEn qu\u00e9 radica la relevancia de este evento para la capital? El IEC es una asamblea [&hellip;]<\/p>\n","protected":false},"author":2,"featured_media":24335,"comment_status":"closed","ping_status":"closed","sticky":false,"template":"","format":"standard","meta":{"footnotes":""},"categories":[120],"tags":[],"acf":[],"yoast_head":"<!-- This site is optimized with the Yoast SEO plugin v21.1 - https:\/\/yoast.com\/wordpress\/plugins\/seo\/ -->\n<title>\u00bfEn qu\u00e9 radica la relevancia del Congreso Eucar\u00edstico Internacional para Quito? - IEC 2024<\/title>\n<meta name=\"robots\" content=\"index, follow, max-snippet:-1, max-image-preview:large, max-video-preview:-1\" \/>\n<link rel=\"canonical\" href=\"https:\/\/www.iec2024.ec\/en\/en-que-radica-la-relevancia-del-congreso-eucaristico-internacional-para-quito\/\" \/>\n<meta property=\"og:locale\" content=\"en_US\" \/>\n<meta property=\"og:type\" content=\"article\" \/>\n<meta property=\"og:title\" content=\"\u00bfEn qu\u00e9 radica la relevancia del Congreso Eucar\u00edstico Internacional para Quito? - IEC 2024\" \/>\n<meta property=\"og:description\" content=\"Desde 8 hasta el 15 de septiembre de 2024,\u00a0Quito\u00a0ser\u00e1 la sede del\u00a053\u00a0Congreso Eucar\u00edstico Internacional (IEC 2024). Se trata de un evento en el que miles de fieles,\u00a0provenientes de varios pa\u00edses del mundo, reflexionar\u00e1n y vivir\u00e1n la\u00a0mayor experiencia de fe. \u00bfEn qu\u00e9 radica la relevancia de este evento para la capital? El IEC es una asamblea [&hellip;]\" \/>\n<meta property=\"og:url\" content=\"https:\/\/www.iec2024.ec\/en\/en-que-radica-la-relevancia-del-congreso-eucaristico-internacional-para-quito\/\" \/>\n<meta property=\"og:site_name\" content=\"IEC 2024\" \/>\n<meta property=\"article:published_time\" content=\"2024-08-29T16:01:57+00:00\" \/>\n<meta property=\"article:modified_time\" content=\"2024-09-25T16:08:37+00:00\" \/>\n<meta property=\"og:image\" content=\"https:\/\/www.iec2024.ec\/wp-content\/uploads\/2024\/09\/66d0ee7280f22.jpeg\" \/>\n\t<meta property=\"og:image:width\" content=\"832\" \/>\n\t<meta property=\"og:image:height\" content=\"468\" \/>\n\t<meta property=\"og:image:type\" content=\"image\/jpeg\" \/>\n<meta name=\"author\" content=\"Secretario T\u00e9cnico\" \/>\n<meta name=\"twitter:card\" content=\"summary_large_image\" \/>\n<meta name=\"twitter:label1\" content=\"Written by\" \/>\n\t<meta name=\"twitter:data1\" content=\"Secretario T\u00e9cnico\" \/>\n\t<meta name=\"twitter:label2\" content=\"Est. reading time\" \/>\n\t<meta name=\"twitter:data2\" content=\"1 minute\" \/>\n<script type=\"application\/ld+json\" class=\"yoast-schema-graph\">{\"@context\":\"https:\/\/schema.org\",\"@graph\":[{\"@type\":\"Article\",\"@id\":\"https:\/\/www.iec2024.ec\/en\/en-que-radica-la-relevancia-del-congreso-eucaristico-internacional-para-quito\/#article\",\"isPartOf\":{\"@id\":\"https:\/\/www.iec2024.ec\/en\/en-que-radica-la-relevancia-del-congreso-eucaristico-internacional-para-quito\/\"},\"author\":{\"name\":\"Secretario T\u00e9cnico\",\"@id\":\"https:\/\/www.iec2024.ec\/en\/#\/schema\/person\/7dc46e27a804fe39ba34935ca5284fe2\"},\"headline\":\"\u00bfEn qu\u00e9 radica la relevancia del Congreso Eucar\u00edstico Internacional para Quito?\",\"datePublished\":\"2024-08-29T16:01:57+00:00\",\"dateModified\":\"2024-09-25T16:08:37+00:00\",\"mainEntityOfPage\":{\"@id\":\"https:\/\/www.iec2024.ec\/en\/en-que-radica-la-relevancia-del-congreso-eucaristico-internacional-para-quito\/\"},\"wordCount\":120,\"publisher\":{\"@id\":\"https:\/\/www.iec2024.ec\/en\/#organization\"},\"articleSection\":[\"IEC in media\"],\"inLanguage\":\"en-US\"},{\"@type\":\"WebPage\",\"@id\":\"https:\/\/www.iec2024.ec\/en\/en-que-radica-la-relevancia-del-congreso-eucaristico-internacional-para-quito\/\",\"url\":\"https:\/\/www.iec2024.ec\/en\/en-que-radica-la-relevancia-del-congreso-eucaristico-internacional-para-quito\/\",\"name\":\"\u00bfEn qu\u00e9 radica la relevancia del Congreso Eucar\u00edstico Internacional para Quito? - IEC 2024\",\"isPartOf\":{\"@id\":\"https:\/\/www.iec2024.ec\/en\/#website\"},\"datePublished\":\"2024-08-29T16:01:57+00:00\",\"dateModified\":\"2024-09-25T16:08:37+00:00\",\"breadcrumb\":{\"@id\":\"https:\/\/www.iec2024.ec\/en\/en-que-radica-la-relevancia-del-congreso-eucaristico-internacional-para-quito\/#breadcrumb\"},\"inLanguage\":\"en-US\",\"potentialAction\":[{\"@type\":\"ReadAction\",\"target\":[\"https:\/\/www.iec2024.ec\/en\/en-que-radica-la-relevancia-del-congreso-eucaristico-internacional-para-quito\/\"]}]},{\"@type\":\"BreadcrumbList\",\"@id\":\"https:\/\/www.iec2024.ec\/en\/en-que-radica-la-relevancia-del-congreso-eucaristico-internacional-para-quito\/#breadcrumb\",\"itemListElement\":[{\"@type\":\"ListItem\",\"position\":1,\"name\":\"Portada\",\"item\":\"https:\/\/www.iec2024.ec\/en\/\"},{\"@type\":\"ListItem\",\"position\":2,\"name\":\"\u00bfEn qu\u00e9 radica la relevancia del Congreso Eucar\u00edstico Internacional para Quito?\"}]},{\"@type\":\"WebSite\",\"@id\":\"https:\/\/www.iec2024.ec\/en\/#website\",\"url\":\"https:\/\/www.iec2024.ec\/en\/\",\"name\":\"IEC 2024\",\"description\":\"\",\"publisher\":{\"@id\":\"https:\/\/www.iec2024.ec\/en\/#organization\"},\"potentialAction\":[{\"@type\":\"SearchAction\",\"target\":{\"@type\":\"EntryPoint\",\"urlTemplate\":\"https:\/\/www.iec2024.ec\/en\/?s={search_term_string}\"},\"query-input\":\"required name=search_term_string\"}],\"inLanguage\":\"en-US\"},{\"@type\":\"Organization\",\"@id\":\"https:\/\/www.iec2024.ec\/en\/#organization\",\"name\":\"IEC 2024\",\"url\":\"https:\/\/www.iec2024.ec\/en\/\",\"logo\":{\"@type\":\"ImageObject\",\"inLanguage\":\"en-US\",\"@id\":\"https:\/\/www.iec2024.ec\/en\/#\/schema\/logo\/image\/\",\"url\":\"https:\/\/www.iec2024.ec\/wp-content\/uploads\/2024\/01\/cropped-logo-2024.png\",\"contentUrl\":\"https:\/\/www.iec2024.ec\/wp-content\/uploads\/2024\/01\/cropped-logo-2024.png\",\"width\":1277,\"height\":332,\"caption\":\"IEC 2024\"},\"image\":{\"@id\":\"https:\/\/www.iec2024.ec\/en\/#\/schema\/logo\/image\/\"}},{\"@type\":\"Person\",\"@id\":\"https:\/\/www.iec2024.ec\/en\/#\/schema\/person\/7dc46e27a804fe39ba34935ca5284fe2\",\"name\":\"Secretario T\u00e9cnico\",\"image\":{\"@type\":\"ImageObject\",\"inLanguage\":\"en-US\",\"@id\":\"https:\/\/www.iec2024.ec\/en\/#\/schema\/person\/image\/\",\"url\":\"https:\/\/secure.gravatar.com\/avatar\/67808a21710148ea0645bc85e43e21b6?s=96&d=mm&r=g\",\"contentUrl\":\"https:\/\/secure.gravatar.com\/avatar\/67808a21710148ea0645bc85e43e21b6?s=96&d=mm&r=g\",\"caption\":\"Secretario T\u00e9cnico\"},\"url\":\"https:\/\/www.iec2024.ec\/en\/author\/4dm1ns3cr3t4r10\/\"}]}<\/script>\n<!-- \/ Yoast SEO plugin. -->","yoast_head_json":{"title":"\u00bfEn qu\u00e9 radica la relevancia del Congreso Eucar\u00edstico Internacional para Quito? - IEC 2024","robots":{"index":"index","follow":"follow","max-snippet":"max-snippet:-1","max-image-preview":"max-image-preview:large","max-video-preview":"max-video-preview:-1"},"canonical":"https:\/\/www.iec2024.ec\/en\/en-que-radica-la-relevancia-del-congreso-eucaristico-internacional-para-quito\/","og_locale":"en_US","og_type":"article","og_title":"\u00bfEn qu\u00e9 radica la relevancia del Congreso Eucar\u00edstico Internacional para Quito? - IEC 2024","og_description":"Desde 8 hasta el 15 de septiembre de 2024,\u00a0Quito\u00a0ser\u00e1 la sede del\u00a053\u00a0Congreso Eucar\u00edstico Internacional (IEC 2024). Se trata de un evento en el que miles de fieles,\u00a0provenientes de varios pa\u00edses del mundo, reflexionar\u00e1n y vivir\u00e1n la\u00a0mayor experiencia de fe. \u00bfEn qu\u00e9 radica la relevancia de este evento para la capital? El IEC es una asamblea [&hellip;]","og_url":"https:\/\/www.iec2024.ec\/en\/en-que-radica-la-relevancia-del-congreso-eucaristico-internacional-para-quito\/","og_site_name":"IEC 2024","article_published_time":"2024-08-29T16:01:57+00:00","article_modified_time":"2024-09-25T16:08:37+00:00","og_image":[{"width":832,"height":468,"url":"https:\/\/www.iec2024.ec\/wp-content\/uploads\/2024\/09\/66d0ee7280f22.jpeg","type":"image\/jpeg"}],"author":"Secretario T\u00e9cnico","twitter_card":"summary_large_image","twitter_misc":{"Written by":"Secretario T\u00e9cnico","Est. reading time":"1 minute"},"schema":{"@context":"https:\/\/schema.org","@graph":[{"@type":"Article","@id":"https:\/\/www.iec2024.ec\/en\/en-que-radica-la-relevancia-del-congreso-eucaristico-internacional-para-quito\/#article","isPartOf":{"@id":"https:\/\/www.iec2024.ec\/en\/en-que-radica-la-relevancia-del-congreso-eucaristico-internacional-para-quito\/"},"author":{"name":"Secretario T\u00e9cnico","@id":"https:\/\/www.iec2024.ec\/en\/#\/schema\/person\/7dc46e27a804fe39ba34935ca5284fe2"},"headline":"\u00bfEn qu\u00e9 radica la relevancia del Congreso Eucar\u00edstico Internacional para Quito?","datePublished":"2024-08-29T16:01:57+00:00","dateModified":"2024-09-25T16:08:37+00:00","mainEntityOfPage":{"@id":"https:\/\/www.iec2024.ec\/en\/en-que-radica-la-relevancia-del-congreso-eucaristico-internacional-para-quito\/"},"wordCount":120,"publisher":{"@id":"https:\/\/www.iec2024.ec\/en\/#organization"},"articleSection":["IEC in media"],"inLanguage":"en-US"},{"@type":"WebPage","@id":"https:\/\/www.iec2024.ec\/en\/en-que-radica-la-relevancia-del-congreso-eucaristico-internacional-para-quito\/","url":"https:\/\/www.iec2024.ec\/en\/en-que-radica-la-relevancia-del-congreso-eucaristico-internacional-para-quito\/","name":"\u00bfEn qu\u00e9 radica la relevancia del Congreso Eucar\u00edstico Internacional para Quito? - IEC 2024","isPartOf":{"@id":"https:\/\/www.iec2024.ec\/en\/#website"},"datePublished":"2024-08-29T16:01:57+00:00","dateModified":"2024-09-25T16:08:37+00:00","breadcrumb":{"@id":"https:\/\/www.iec2024.ec\/en\/en-que-radica-la-relevancia-del-congreso-eucaristico-internacional-para-quito\/#breadcrumb"},"inLanguage":"en-US","potentialAction":[{"@type":"ReadAction","target":["https:\/\/www.iec2024.ec\/en\/en-que-radica-la-relevancia-del-congreso-eucaristico-internacional-para-quito\/"]}]},{"@type":"BreadcrumbList","@id":"https:\/\/www.iec2024.ec\/en\/en-que-radica-la-relevancia-del-congreso-eucaristico-internacional-para-quito\/#breadcrumb","itemListElement":[{"@type":"ListItem","position":1,"name":"Portada","item":"https:\/\/www.iec2024.ec\/en\/"},{"@type":"ListItem","position":2,"name":"\u00bfEn qu\u00e9 radica la relevancia del Congreso Eucar\u00edstico Internacional para Quito?"}]},{"@type":"WebSite","@id":"https:\/\/www.iec2024.ec\/en\/#website","url":"https:\/\/www.iec2024.ec\/en\/","name":"IEC 2024","description":"","publisher":{"@id":"https:\/\/www.iec2024.ec\/en\/#organization"},"potentialAction":[{"@type":"SearchAction","target":{"@type":"EntryPoint","urlTemplate":"https:\/\/www.iec2024.ec\/en\/?s={search_term_string}"},"query-input":"required name=search_term_string"}],"inLanguage":"en-US"},{"@type":"Organization","@id":"https:\/\/www.iec2024.ec\/en\/#organization","name":"IEC 2024","url":"https:\/\/www.iec2024.ec\/en\/","logo":{"@type":"ImageObject","inLanguage":"en-US","@id":"https:\/\/www.iec2024.ec\/en\/#\/schema\/logo\/image\/","url":"https:\/\/www.iec2024.ec\/wp-content\/uploads\/2024\/01\/cropped-logo-2024.png","contentUrl":"https:\/\/www.iec2024.ec\/wp-content\/uploads\/2024\/01\/cropped-logo-2024.png","width":1277,"height":332,"caption":"IEC 2024"},"image":{"@id":"https:\/\/www.iec2024.ec\/en\/#\/schema\/logo\/image\/"}},{"@type":"Person","@id":"https:\/\/www.iec2024.ec\/en\/#\/schema\/person\/7dc46e27a804fe39ba34935ca5284fe2","name":"Secretario T\u00e9cnico","image":{"@type":"ImageObject","inLanguage":"en-US","@id":"https:\/\/www.iec2024.ec\/en\/#\/schema\/person\/image\/","url":"https:\/\/secure.gravatar.com\/avatar\/67808a21710148ea0645bc85e43e21b6?s=96&d=mm&r=g","contentUrl":"https:\/\/secure.gravatar.com\/avatar\/67808a21710148ea0645bc85e43e21b6?s=96&d=mm&r=g","caption":"Secretario T\u00e9cnico"},"url":"https:\/\/www.iec2024.ec\/en\/author\/4dm1ns3cr3t4r10\/"}]}},"_links":{"self":[{"href":"https:\/\/www.iec2024.ec\/en\/wp-json\/wp\/v2\/posts\/24338"}],"collection":[{"href":"https:\/\/www.iec2024.ec\/en\/wp-json\/wp\/v2\/posts"}],"about":[{"href":"https:\/\/www.iec2024.ec\/en\/wp-json\/wp\/v2\/types\/post"}],"author":[{"embeddable":true,"href":"https:\/\/www.iec2024.ec\/en\/wp-json\/wp\/v2\/users\/2"}],"replies":[{"embeddable":true,"href":"https:\/\/www.iec2024.ec\/en\/wp-json\/wp\/v2\/comments?post=24338"}],"version-history":[{"count":1,"href":"https:\/\/www.iec2024.ec\/en\/wp-json\/wp\/v2\/posts\/24338\/revisions"}],"predecessor-version":[{"id":24339,"href":"https:\/\/www.iec2024.ec\/en\/wp-json\/wp\/v2\/posts\/24338\/revisions\/24339"}],"wp:featuredmedia":[{"embeddable":true,"href":"https:\/\/www.iec2024.ec\/en\/wp-json\/wp\/v2\/media\/24335"}],"wp:attachment":[{"href":"https:\/\/www.iec2024.ec\/en\/wp-json\/wp\/v2\/media?parent=24338"}],"wp:term":[{"taxonomy":"category","embeddable":true,"href":"https:\/\/www.iec2024.ec\/en\/wp-json\/wp\/v2\/categories?post=24338"},{"taxonomy":"post_tag","embeddable":true,"href":"https:\/\/www.iec2024.ec\/en\/wp-json\/wp\/v2\/tags?post=24338"}],"curies":[{"name":"wp","href":"https:\/\/api.w.org\/{rel}","templated":true}]}}