{"id":24342,"date":"2024-08-29T11:08:55","date_gmt":"2024-08-29T16:08:55","guid":{"rendered":"https:\/\/www.iec2024.ec\/quito-informa-miles-de-fieles-catolicos-de-varias-partes-del-mundo-llegaran-al-53-congreso-eucaristico-en-quito\/"},"modified":"2024-08-29T11:08:55","modified_gmt":"2024-08-29T16:08:55","slug":"quito-informa-miles-de-fieles-catolicos-de-varias-partes-del-mundo-llegaran-al-53-congreso-eucaristico-en-quito","status":"publish","type":"post","link":"https:\/\/www.iec2024.ec\/en\/quito-informa-miles-de-fieles-catolicos-de-varias-partes-del-mundo-llegaran-al-53-congreso-eucaristico-en-quito\/","title":{"rendered":"Quito Informa: Miles de fieles cat\u00f3licos de varias partes del mundo llegar\u00e1n al 53\u00b0 Congreso Eucar\u00edstico, en Quito"},"content":{"rendered":"<p>Quito, 29 de agosto de 2024 (Quito Informa). \u2013 Del 8 al 15 de septiembre, Quito ser\u00e1 la sede del 53 Congreso Eucar\u00edstico Internacional (IEC 2024), un evento donde miles de fieles, provenientes de varios pa\u00edses del mundo, reflexionar\u00e1n y vivir\u00e1n la mayor experiencia de fe.<\/p>\n<p>El tema del IEC 2024 es \u2018Fraternidad para sanar el mundo\u2019. \u201cFrente a un mundo herido por los problemas sociales, los efectos post pandemia, la individualidad de lo digital y las guerras, se propone a la fraternidad, que tiene su fuente en la Eucarist\u00eda, para sanar las heridas y reconstruir una sociedad de paz y di\u00e1logo\u201d, se\u00f1al\u00f3 Mons. Alfredo Jos\u00e9 Espinoza Mateus,\u00a0 Arzobispo de Quito y Primado del Ecuador.<\/p>\n<p><a href=\"https:\/\/www.quitoinforma.gob.ec\/2024\/08\/29\/la-conferencia-episcopal-ecuatoriana-presenta-el-53-congreso-eucaristico-a-celebrarse-en-quito\/\">Noticia completa: Quito Informa<\/a><\/p>\n<p>&nbsp;<\/p>\n","protected":false},"excerpt":{"rendered":"<p>Quito, 29 de agosto de 2024 (Quito Informa). \u2013 Del 8 al 15 de septiembre, Quito ser\u00e1 la sede del 53 Congreso Eucar\u00edstico Internacional (IEC 2024), un evento donde miles de fieles, provenientes de varios pa\u00edses del mundo, reflexionar\u00e1n y vivir\u00e1n la mayor experiencia de fe. El tema del IEC 2024 es \u2018Fraternidad para sanar [&hellip;]<\/p>\n","protected":false},"author":2,"featured_media":24335,"comment_status":"closed","ping_status":"closed","sticky":false,"template":"","format":"standard","meta":{"footnotes":""},"categories":[120],"tags":[],"acf":[],"yoast_head":"<!-- This site is optimized with the Yoast SEO plugin v21.1 - https:\/\/yoast.com\/wordpress\/plugins\/seo\/ -->\n<title>Quito Informa: Miles de fieles cat\u00f3licos de varias partes del mundo llegar\u00e1n al 53\u00b0 Congreso Eucar\u00edstico, en Quito - IEC 2024<\/title>\n<meta name=\"robots\" content=\"index, follow, max-snippet:-1, max-image-preview:large, max-video-preview:-1\" \/>\n<link rel=\"canonical\" href=\"https:\/\/www.iec2024.ec\/en\/quito-informa-miles-de-fieles-catolicos-de-varias-partes-del-mundo-llegaran-al-53-congreso-eucaristico-en-quito\/\" \/>\n<meta property=\"og:locale\" content=\"en_US\" \/>\n<meta property=\"og:type\" content=\"article\" \/>\n<meta property=\"og:title\" content=\"Quito Informa: Miles de fieles cat\u00f3licos de varias partes del mundo llegar\u00e1n al 53\u00b0 Congreso Eucar\u00edstico, en Quito - IEC 2024\" \/>\n<meta property=\"og:description\" content=\"Quito, 29 de agosto de 2024 (Quito Informa). \u2013 Del 8 al 15 de septiembre, Quito ser\u00e1 la sede del 53 Congreso Eucar\u00edstico Internacional (IEC 2024), un evento donde miles de fieles, provenientes de varios pa\u00edses del mundo, reflexionar\u00e1n y vivir\u00e1n la mayor experiencia de fe. El tema del IEC 2024 es \u2018Fraternidad para sanar [&hellip;]\" \/>\n<meta property=\"og:url\" content=\"https:\/\/www.iec2024.ec\/en\/quito-informa-miles-de-fieles-catolicos-de-varias-partes-del-mundo-llegaran-al-53-congreso-eucaristico-en-quito\/\" \/>\n<meta property=\"og:site_name\" content=\"IEC 2024\" \/>\n<meta property=\"article:published_time\" content=\"2024-08-29T16:08:55+00:00\" \/>\n<meta name=\"author\" content=\"Secretario T\u00e9cnico\" \/>\n<meta name=\"twitter:card\" content=\"summary_large_image\" \/>\n<meta name=\"twitter:label1\" content=\"Written by\" \/>\n\t<meta name=\"twitter:data1\" content=\"Secretario T\u00e9cnico\" \/>\n\t<meta name=\"twitter:label2\" content=\"Est. reading time\" \/>\n\t<meta name=\"twitter:data2\" content=\"1 minute\" \/>\n<script type=\"application\/ld+json\" class=\"yoast-schema-graph\">{\"@context\":\"https:\/\/schema.org\",\"@graph\":[{\"@type\":\"Article\",\"@id\":\"https:\/\/www.iec2024.ec\/en\/quito-informa-miles-de-fieles-catolicos-de-varias-partes-del-mundo-llegaran-al-53-congreso-eucaristico-en-quito\/#article\",\"isPartOf\":{\"@id\":\"https:\/\/www.iec2024.ec\/en\/quito-informa-miles-de-fieles-catolicos-de-varias-partes-del-mundo-llegaran-al-53-congreso-eucaristico-en-quito\/\"},\"author\":{\"name\":\"Secretario T\u00e9cnico\",\"@id\":\"https:\/\/www.iec2024.ec\/en\/#\/schema\/person\/7dc46e27a804fe39ba34935ca5284fe2\"},\"headline\":\"Quito Informa: Miles de fieles cat\u00f3licos de varias partes del mundo llegar\u00e1n al 53\u00b0 Congreso Eucar\u00edstico, en Quito\",\"datePublished\":\"2024-08-29T16:08:55+00:00\",\"dateModified\":\"2024-08-29T16:08:55+00:00\",\"mainEntityOfPage\":{\"@id\":\"https:\/\/www.iec2024.ec\/en\/quito-informa-miles-de-fieles-catolicos-de-varias-partes-del-mundo-llegaran-al-53-congreso-eucaristico-en-quito\/\"},\"wordCount\":139,\"publisher\":{\"@id\":\"https:\/\/www.iec2024.ec\/en\/#organization\"},\"articleSection\":[\"IEC in media\"],\"inLanguage\":\"en-US\"},{\"@type\":\"WebPage\",\"@id\":\"https:\/\/www.iec2024.ec\/en\/quito-informa-miles-de-fieles-catolicos-de-varias-partes-del-mundo-llegaran-al-53-congreso-eucaristico-en-quito\/\",\"url\":\"https:\/\/www.iec2024.ec\/en\/quito-informa-miles-de-fieles-catolicos-de-varias-partes-del-mundo-llegaran-al-53-congreso-eucaristico-en-quito\/\",\"name\":\"Quito Informa: Miles de fieles cat\u00f3licos de varias partes del mundo llegar\u00e1n al 53\u00b0 Congreso Eucar\u00edstico, en Quito - IEC 2024\",\"isPartOf\":{\"@id\":\"https:\/\/www.iec2024.ec\/en\/#website\"},\"datePublished\":\"2024-08-29T16:08:55+00:00\",\"dateModified\":\"2024-08-29T16:08:55+00:00\",\"breadcrumb\":{\"@id\":\"https:\/\/www.iec2024.ec\/en\/quito-informa-miles-de-fieles-catolicos-de-varias-partes-del-mundo-llegaran-al-53-congreso-eucaristico-en-quito\/#breadcrumb\"},\"inLanguage\":\"en-US\",\"potentialAction\":[{\"@type\":\"ReadAction\",\"target\":[\"https:\/\/www.iec2024.ec\/en\/quito-informa-miles-de-fieles-catolicos-de-varias-partes-del-mundo-llegaran-al-53-congreso-eucaristico-en-quito\/\"]}]},{\"@type\":\"BreadcrumbList\",\"@id\":\"https:\/\/www.iec2024.ec\/en\/quito-informa-miles-de-fieles-catolicos-de-varias-partes-del-mundo-llegaran-al-53-congreso-eucaristico-en-quito\/#breadcrumb\",\"itemListElement\":[{\"@type\":\"ListItem\",\"position\":1,\"name\":\"Portada\",\"item\":\"https:\/\/www.iec2024.ec\/en\/\"},{\"@type\":\"ListItem\",\"position\":2,\"name\":\"Quito Informa: Miles de fieles cat\u00f3licos de varias partes del mundo llegar\u00e1n al 53\u00b0 Congreso Eucar\u00edstico, en Quito\"}]},{\"@type\":\"WebSite\",\"@id\":\"https:\/\/www.iec2024.ec\/en\/#website\",\"url\":\"https:\/\/www.iec2024.ec\/en\/\",\"name\":\"IEC 2024\",\"description\":\"\",\"publisher\":{\"@id\":\"https:\/\/www.iec2024.ec\/en\/#organization\"},\"potentialAction\":[{\"@type\":\"SearchAction\",\"target\":{\"@type\":\"EntryPoint\",\"urlTemplate\":\"https:\/\/www.iec2024.ec\/en\/?s={search_term_string}\"},\"query-input\":\"required name=search_term_string\"}],\"inLanguage\":\"en-US\"},{\"@type\":\"Organization\",\"@id\":\"https:\/\/www.iec2024.ec\/en\/#organization\",\"name\":\"IEC 2024\",\"url\":\"https:\/\/www.iec2024.ec\/en\/\",\"logo\":{\"@type\":\"ImageObject\",\"inLanguage\":\"en-US\",\"@id\":\"https:\/\/www.iec2024.ec\/en\/#\/schema\/logo\/image\/\",\"url\":\"https:\/\/www.iec2024.ec\/wp-content\/uploads\/2024\/01\/cropped-logo-2024.png\",\"contentUrl\":\"https:\/\/www.iec2024.ec\/wp-content\/uploads\/2024\/01\/cropped-logo-2024.png\",\"width\":1277,\"height\":332,\"caption\":\"IEC 2024\"},\"image\":{\"@id\":\"https:\/\/www.iec2024.ec\/en\/#\/schema\/logo\/image\/\"}},{\"@type\":\"Person\",\"@id\":\"https:\/\/www.iec2024.ec\/en\/#\/schema\/person\/7dc46e27a804fe39ba34935ca5284fe2\",\"name\":\"Secretario T\u00e9cnico\",\"image\":{\"@type\":\"ImageObject\",\"inLanguage\":\"en-US\",\"@id\":\"https:\/\/www.iec2024.ec\/en\/#\/schema\/person\/image\/\",\"url\":\"https:\/\/secure.gravatar.com\/avatar\/67808a21710148ea0645bc85e43e21b6?s=96&d=mm&r=g\",\"contentUrl\":\"https:\/\/secure.gravatar.com\/avatar\/67808a21710148ea0645bc85e43e21b6?s=96&d=mm&r=g\",\"caption\":\"Secretario T\u00e9cnico\"},\"url\":\"https:\/\/www.iec2024.ec\/en\/author\/4dm1ns3cr3t4r10\/\"}]}<\/script>\n<!-- \/ Yoast SEO plugin. -->","yoast_head_json":{"title":"Quito Informa: Miles de fieles cat\u00f3licos de varias partes del mundo llegar\u00e1n al 53\u00b0 Congreso Eucar\u00edstico, en Quito - IEC 2024","robots":{"index":"index","follow":"follow","max-snippet":"max-snippet:-1","max-image-preview":"max-image-preview:large","max-video-preview":"max-video-preview:-1"},"canonical":"https:\/\/www.iec2024.ec\/en\/quito-informa-miles-de-fieles-catolicos-de-varias-partes-del-mundo-llegaran-al-53-congreso-eucaristico-en-quito\/","og_locale":"en_US","og_type":"article","og_title":"Quito Informa: Miles de fieles cat\u00f3licos de varias partes del mundo llegar\u00e1n al 53\u00b0 Congreso Eucar\u00edstico, en Quito - IEC 2024","og_description":"Quito, 29 de agosto de 2024 (Quito Informa). \u2013 Del 8 al 15 de septiembre, Quito ser\u00e1 la sede del 53 Congreso Eucar\u00edstico Internacional (IEC 2024), un evento donde miles de fieles, provenientes de varios pa\u00edses del mundo, reflexionar\u00e1n y vivir\u00e1n la mayor experiencia de fe. El tema del IEC 2024 es \u2018Fraternidad para sanar [&hellip;]","og_url":"https:\/\/www.iec2024.ec\/en\/quito-informa-miles-de-fieles-catolicos-de-varias-partes-del-mundo-llegaran-al-53-congreso-eucaristico-en-quito\/","og_site_name":"IEC 2024","article_published_time":"2024-08-29T16:08:55+00:00","author":"Secretario T\u00e9cnico","twitter_card":"summary_large_image","twitter_misc":{"Written by":"Secretario T\u00e9cnico","Est. reading time":"1 minute"},"schema":{"@context":"https:\/\/schema.org","@graph":[{"@type":"Article","@id":"https:\/\/www.iec2024.ec\/en\/quito-informa-miles-de-fieles-catolicos-de-varias-partes-del-mundo-llegaran-al-53-congreso-eucaristico-en-quito\/#article","isPartOf":{"@id":"https:\/\/www.iec2024.ec\/en\/quito-informa-miles-de-fieles-catolicos-de-varias-partes-del-mundo-llegaran-al-53-congreso-eucaristico-en-quito\/"},"author":{"name":"Secretario T\u00e9cnico","@id":"https:\/\/www.iec2024.ec\/en\/#\/schema\/person\/7dc46e27a804fe39ba34935ca5284fe2"},"headline":"Quito Informa: Miles de fieles cat\u00f3licos de varias partes del mundo llegar\u00e1n al 53\u00b0 Congreso Eucar\u00edstico, en Quito","datePublished":"2024-08-29T16:08:55+00:00","dateModified":"2024-08-29T16:08:55+00:00","mainEntityOfPage":{"@id":"https:\/\/www.iec2024.ec\/en\/quito-informa-miles-de-fieles-catolicos-de-varias-partes-del-mundo-llegaran-al-53-congreso-eucaristico-en-quito\/"},"wordCount":139,"publisher":{"@id":"https:\/\/www.iec2024.ec\/en\/#organization"},"articleSection":["IEC in media"],"inLanguage":"en-US"},{"@type":"WebPage","@id":"https:\/\/www.iec2024.ec\/en\/quito-informa-miles-de-fieles-catolicos-de-varias-partes-del-mundo-llegaran-al-53-congreso-eucaristico-en-quito\/","url":"https:\/\/www.iec2024.ec\/en\/quito-informa-miles-de-fieles-catolicos-de-varias-partes-del-mundo-llegaran-al-53-congreso-eucaristico-en-quito\/","name":"Quito Informa: Miles de fieles cat\u00f3licos de varias partes del mundo llegar\u00e1n al 53\u00b0 Congreso Eucar\u00edstico, en Quito - IEC 2024","isPartOf":{"@id":"https:\/\/www.iec2024.ec\/en\/#website"},"datePublished":"2024-08-29T16:08:55+00:00","dateModified":"2024-08-29T16:08:55+00:00","breadcrumb":{"@id":"https:\/\/www.iec2024.ec\/en\/quito-informa-miles-de-fieles-catolicos-de-varias-partes-del-mundo-llegaran-al-53-congreso-eucaristico-en-quito\/#breadcrumb"},"inLanguage":"en-US","potentialAction":[{"@type":"ReadAction","target":["https:\/\/www.iec2024.ec\/en\/quito-informa-miles-de-fieles-catolicos-de-varias-partes-del-mundo-llegaran-al-53-congreso-eucaristico-en-quito\/"]}]},{"@type":"BreadcrumbList","@id":"https:\/\/www.iec2024.ec\/en\/quito-informa-miles-de-fieles-catolicos-de-varias-partes-del-mundo-llegaran-al-53-congreso-eucaristico-en-quito\/#breadcrumb","itemListElement":[{"@type":"ListItem","position":1,"name":"Portada","item":"https:\/\/www.iec2024.ec\/en\/"},{"@type":"ListItem","position":2,"name":"Quito Informa: Miles de fieles cat\u00f3licos de varias partes del mundo llegar\u00e1n al 53\u00b0 Congreso Eucar\u00edstico, en Quito"}]},{"@type":"WebSite","@id":"https:\/\/www.iec2024.ec\/en\/#website","url":"https:\/\/www.iec2024.ec\/en\/","name":"IEC 2024","description":"","publisher":{"@id":"https:\/\/www.iec2024.ec\/en\/#organization"},"potentialAction":[{"@type":"SearchAction","target":{"@type":"EntryPoint","urlTemplate":"https:\/\/www.iec2024.ec\/en\/?s={search_term_string}"},"query-input":"required name=search_term_string"}],"inLanguage":"en-US"},{"@type":"Organization","@id":"https:\/\/www.iec2024.ec\/en\/#organization","name":"IEC 2024","url":"https:\/\/www.iec2024.ec\/en\/","logo":{"@type":"ImageObject","inLanguage":"en-US","@id":"https:\/\/www.iec2024.ec\/en\/#\/schema\/logo\/image\/","url":"https:\/\/www.iec2024.ec\/wp-content\/uploads\/2024\/01\/cropped-logo-2024.png","contentUrl":"https:\/\/www.iec2024.ec\/wp-content\/uploads\/2024\/01\/cropped-logo-2024.png","width":1277,"height":332,"caption":"IEC 2024"},"image":{"@id":"https:\/\/www.iec2024.ec\/en\/#\/schema\/logo\/image\/"}},{"@type":"Person","@id":"https:\/\/www.iec2024.ec\/en\/#\/schema\/person\/7dc46e27a804fe39ba34935ca5284fe2","name":"Secretario T\u00e9cnico","image":{"@type":"ImageObject","inLanguage":"en-US","@id":"https:\/\/www.iec2024.ec\/en\/#\/schema\/person\/image\/","url":"https:\/\/secure.gravatar.com\/avatar\/67808a21710148ea0645bc85e43e21b6?s=96&d=mm&r=g","contentUrl":"https:\/\/secure.gravatar.com\/avatar\/67808a21710148ea0645bc85e43e21b6?s=96&d=mm&r=g","caption":"Secretario T\u00e9cnico"},"url":"https:\/\/www.iec2024.ec\/en\/author\/4dm1ns3cr3t4r10\/"}]}},"_links":{"self":[{"href":"https:\/\/www.iec2024.ec\/en\/wp-json\/wp\/v2\/posts\/24342"}],"collection":[{"href":"https:\/\/www.iec2024.ec\/en\/wp-json\/wp\/v2\/posts"}],"about":[{"href":"https:\/\/www.iec2024.ec\/en\/wp-json\/wp\/v2\/types\/post"}],"author":[{"embeddable":true,"href":"https:\/\/www.iec2024.ec\/en\/wp-json\/wp\/v2\/users\/2"}],"replies":[{"embeddable":true,"href":"https:\/\/www.iec2024.ec\/en\/wp-json\/wp\/v2\/comments?post=24342"}],"version-history":[{"count":0,"href":"https:\/\/www.iec2024.ec\/en\/wp-json\/wp\/v2\/posts\/24342\/revisions"}],"wp:featuredmedia":[{"embeddable":true,"href":"https:\/\/www.iec2024.ec\/en\/wp-json\/wp\/v2\/media\/24335"}],"wp:attachment":[{"href":"https:\/\/www.iec2024.ec\/en\/wp-json\/wp\/v2\/media?parent=24342"}],"wp:term":[{"taxonomy":"category","embeddable":true,"href":"https:\/\/www.iec2024.ec\/en\/wp-json\/wp\/v2\/categories?post=24342"},{"taxonomy":"post_tag","embeddable":true,"href":"https:\/\/www.iec2024.ec\/en\/wp-json\/wp\/v2\/tags?post=24342"}],"curies":[{"name":"wp","href":"https:\/\/api.w.org\/{rel}","templated":true}]}}