{"id":24371,"date":"2024-08-31T11:42:33","date_gmt":"2024-08-31T16:42:33","guid":{"rendered":"https:\/\/www.iec2024.ec\/aleteia-quito-esta-lista-para-el-congreso-internacional-eucaristico\/"},"modified":"2024-08-31T11:42:33","modified_gmt":"2024-08-31T16:42:33","slug":"aleteia-quito-esta-lista-para-el-congreso-internacional-eucaristico","status":"publish","type":"post","link":"https:\/\/www.iec2024.ec\/en\/aleteia-quito-esta-lista-para-el-congreso-internacional-eucaristico\/","title":{"rendered":"Aleteia: Quito est\u00e1 lista para el Congreso Internacional Eucar\u00edstico"},"content":{"rendered":"<div><span class=\"SubHeading_subheading__NJ_eJ\" aria-label=\"post subtitle\">La ciudad de Quito, en Ecuador, albergar\u00e1 el Congreso Internacional Eucar\u00edstico del 8 al 15 de septiembre. Todo est\u00e1 preparado para que los fieles redescubran la importancia de la Eucarist\u00eda y se unan como Iglesia Universal. Conoce los detalles en esta entrevista<\/span><\/div>\n<div>\n<div>\n<p>Bajo el tema de \u201cFraternidad para sanar el mundo\u201d, el Congreso Eucar\u00edstico Internacional -un evento sin precedentes en la historia reciente de Ecuador y Am\u00e9rica Latina- reunir\u00e1 a delegaciones de 53 pa\u00edses en un momento de reflexi\u00f3n y renovaci\u00f3n espiritual para Ecuador y el resto del mundo. Aleteia entrevist\u00f3 al padre Juan Carlos V\u00e1sconez, uno de los voceros oficiales del Congreso, para conocer m\u00e1s sobre este evento que se vivir\u00e1 del 8 al 15 de septiembre en Quito, Ecuador.<\/p>\n<p><a href=\"https:\/\/es.aleteia.org\/2024\/08\/31\/quito-esta-lista-para-el-congreso-internacional-eucaristico\">Noticia completa: Aleteida<\/a><\/p>\n<\/div>\n<\/div>\n","protected":false},"excerpt":{"rendered":"<p>La ciudad de Quito, en Ecuador, albergar\u00e1 el Congreso Internacional Eucar\u00edstico del 8 al 15 de septiembre. Todo est\u00e1 preparado para que los fieles redescubran la importancia de la Eucarist\u00eda y se unan como Iglesia Universal. Conoce los detalles en esta entrevista Bajo el tema de \u201cFraternidad para sanar el mundo\u201d, el Congreso Eucar\u00edstico Internacional [&hellip;]<\/p>\n","protected":false},"author":2,"featured_media":24368,"comment_status":"closed","ping_status":"closed","sticky":false,"template":"","format":"standard","meta":{"footnotes":""},"categories":[120],"tags":[],"acf":[],"yoast_head":"<!-- This site is optimized with the Yoast SEO plugin v21.1 - https:\/\/yoast.com\/wordpress\/plugins\/seo\/ -->\n<title>Aleteia: Quito est\u00e1 lista para el Congreso Internacional Eucar\u00edstico - IEC 2024<\/title>\n<meta name=\"robots\" content=\"index, follow, max-snippet:-1, max-image-preview:large, max-video-preview:-1\" \/>\n<link rel=\"canonical\" href=\"https:\/\/www.iec2024.ec\/en\/aleteia-quito-esta-lista-para-el-congreso-internacional-eucaristico\/\" \/>\n<meta property=\"og:locale\" content=\"en_US\" \/>\n<meta property=\"og:type\" content=\"article\" \/>\n<meta property=\"og:title\" content=\"Aleteia: Quito est\u00e1 lista para el Congreso Internacional Eucar\u00edstico - IEC 2024\" \/>\n<meta property=\"og:description\" content=\"La ciudad de Quito, en Ecuador, albergar\u00e1 el Congreso Internacional Eucar\u00edstico del 8 al 15 de septiembre. Todo est\u00e1 preparado para que los fieles redescubran la importancia de la Eucarist\u00eda y se unan como Iglesia Universal. Conoce los detalles en esta entrevista Bajo el tema de \u201cFraternidad para sanar el mundo\u201d, el Congreso Eucar\u00edstico Internacional [&hellip;]\" \/>\n<meta property=\"og:url\" content=\"https:\/\/www.iec2024.ec\/en\/aleteia-quito-esta-lista-para-el-congreso-internacional-eucaristico\/\" \/>\n<meta property=\"og:site_name\" content=\"IEC 2024\" \/>\n<meta property=\"article:published_time\" content=\"2024-08-31T16:42:33+00:00\" \/>\n<meta name=\"author\" content=\"Secretario T\u00e9cnico\" \/>\n<meta name=\"twitter:card\" content=\"summary_large_image\" \/>\n<meta name=\"twitter:label1\" content=\"Written by\" \/>\n\t<meta name=\"twitter:data1\" content=\"Secretario T\u00e9cnico\" \/>\n\t<meta name=\"twitter:label2\" content=\"Est. reading time\" \/>\n\t<meta name=\"twitter:data2\" content=\"1 minute\" \/>\n<script type=\"application\/ld+json\" class=\"yoast-schema-graph\">{\"@context\":\"https:\/\/schema.org\",\"@graph\":[{\"@type\":\"Article\",\"@id\":\"https:\/\/www.iec2024.ec\/en\/aleteia-quito-esta-lista-para-el-congreso-internacional-eucaristico\/#article\",\"isPartOf\":{\"@id\":\"https:\/\/www.iec2024.ec\/en\/aleteia-quito-esta-lista-para-el-congreso-internacional-eucaristico\/\"},\"author\":{\"name\":\"Secretario T\u00e9cnico\",\"@id\":\"https:\/\/www.iec2024.ec\/en\/#\/schema\/person\/7dc46e27a804fe39ba34935ca5284fe2\"},\"headline\":\"Aleteia: Quito est\u00e1 lista para el Congreso Internacional Eucar\u00edstico\",\"datePublished\":\"2024-08-31T16:42:33+00:00\",\"dateModified\":\"2024-08-31T16:42:33+00:00\",\"mainEntityOfPage\":{\"@id\":\"https:\/\/www.iec2024.ec\/en\/aleteia-quito-esta-lista-para-el-congreso-internacional-eucaristico\/\"},\"wordCount\":138,\"publisher\":{\"@id\":\"https:\/\/www.iec2024.ec\/en\/#organization\"},\"articleSection\":[\"IEC in media\"],\"inLanguage\":\"en-US\"},{\"@type\":\"WebPage\",\"@id\":\"https:\/\/www.iec2024.ec\/en\/aleteia-quito-esta-lista-para-el-congreso-internacional-eucaristico\/\",\"url\":\"https:\/\/www.iec2024.ec\/en\/aleteia-quito-esta-lista-para-el-congreso-internacional-eucaristico\/\",\"name\":\"Aleteia: Quito est\u00e1 lista para el Congreso Internacional Eucar\u00edstico - IEC 2024\",\"isPartOf\":{\"@id\":\"https:\/\/www.iec2024.ec\/en\/#website\"},\"datePublished\":\"2024-08-31T16:42:33+00:00\",\"dateModified\":\"2024-08-31T16:42:33+00:00\",\"breadcrumb\":{\"@id\":\"https:\/\/www.iec2024.ec\/en\/aleteia-quito-esta-lista-para-el-congreso-internacional-eucaristico\/#breadcrumb\"},\"inLanguage\":\"en-US\",\"potentialAction\":[{\"@type\":\"ReadAction\",\"target\":[\"https:\/\/www.iec2024.ec\/en\/aleteia-quito-esta-lista-para-el-congreso-internacional-eucaristico\/\"]}]},{\"@type\":\"BreadcrumbList\",\"@id\":\"https:\/\/www.iec2024.ec\/en\/aleteia-quito-esta-lista-para-el-congreso-internacional-eucaristico\/#breadcrumb\",\"itemListElement\":[{\"@type\":\"ListItem\",\"position\":1,\"name\":\"Portada\",\"item\":\"https:\/\/www.iec2024.ec\/en\/\"},{\"@type\":\"ListItem\",\"position\":2,\"name\":\"Aleteia: Quito est\u00e1 lista para el Congreso Internacional Eucar\u00edstico\"}]},{\"@type\":\"WebSite\",\"@id\":\"https:\/\/www.iec2024.ec\/en\/#website\",\"url\":\"https:\/\/www.iec2024.ec\/en\/\",\"name\":\"IEC 2024\",\"description\":\"\",\"publisher\":{\"@id\":\"https:\/\/www.iec2024.ec\/en\/#organization\"},\"potentialAction\":[{\"@type\":\"SearchAction\",\"target\":{\"@type\":\"EntryPoint\",\"urlTemplate\":\"https:\/\/www.iec2024.ec\/en\/?s={search_term_string}\"},\"query-input\":\"required name=search_term_string\"}],\"inLanguage\":\"en-US\"},{\"@type\":\"Organization\",\"@id\":\"https:\/\/www.iec2024.ec\/en\/#organization\",\"name\":\"IEC 2024\",\"url\":\"https:\/\/www.iec2024.ec\/en\/\",\"logo\":{\"@type\":\"ImageObject\",\"inLanguage\":\"en-US\",\"@id\":\"https:\/\/www.iec2024.ec\/en\/#\/schema\/logo\/image\/\",\"url\":\"https:\/\/www.iec2024.ec\/wp-content\/uploads\/2024\/01\/cropped-logo-2024.png\",\"contentUrl\":\"https:\/\/www.iec2024.ec\/wp-content\/uploads\/2024\/01\/cropped-logo-2024.png\",\"width\":1277,\"height\":332,\"caption\":\"IEC 2024\"},\"image\":{\"@id\":\"https:\/\/www.iec2024.ec\/en\/#\/schema\/logo\/image\/\"}},{\"@type\":\"Person\",\"@id\":\"https:\/\/www.iec2024.ec\/en\/#\/schema\/person\/7dc46e27a804fe39ba34935ca5284fe2\",\"name\":\"Secretario T\u00e9cnico\",\"image\":{\"@type\":\"ImageObject\",\"inLanguage\":\"en-US\",\"@id\":\"https:\/\/www.iec2024.ec\/en\/#\/schema\/person\/image\/\",\"url\":\"https:\/\/secure.gravatar.com\/avatar\/67808a21710148ea0645bc85e43e21b6?s=96&d=mm&r=g\",\"contentUrl\":\"https:\/\/secure.gravatar.com\/avatar\/67808a21710148ea0645bc85e43e21b6?s=96&d=mm&r=g\",\"caption\":\"Secretario T\u00e9cnico\"},\"url\":\"https:\/\/www.iec2024.ec\/en\/author\/4dm1ns3cr3t4r10\/\"}]}<\/script>\n<!-- \/ Yoast SEO plugin. -->","yoast_head_json":{"title":"Aleteia: Quito est\u00e1 lista para el Congreso Internacional Eucar\u00edstico - IEC 2024","robots":{"index":"index","follow":"follow","max-snippet":"max-snippet:-1","max-image-preview":"max-image-preview:large","max-video-preview":"max-video-preview:-1"},"canonical":"https:\/\/www.iec2024.ec\/en\/aleteia-quito-esta-lista-para-el-congreso-internacional-eucaristico\/","og_locale":"en_US","og_type":"article","og_title":"Aleteia: Quito est\u00e1 lista para el Congreso Internacional Eucar\u00edstico - IEC 2024","og_description":"La ciudad de Quito, en Ecuador, albergar\u00e1 el Congreso Internacional Eucar\u00edstico del 8 al 15 de septiembre. Todo est\u00e1 preparado para que los fieles redescubran la importancia de la Eucarist\u00eda y se unan como Iglesia Universal. Conoce los detalles en esta entrevista Bajo el tema de \u201cFraternidad para sanar el mundo\u201d, el Congreso Eucar\u00edstico Internacional [&hellip;]","og_url":"https:\/\/www.iec2024.ec\/en\/aleteia-quito-esta-lista-para-el-congreso-internacional-eucaristico\/","og_site_name":"IEC 2024","article_published_time":"2024-08-31T16:42:33+00:00","author":"Secretario T\u00e9cnico","twitter_card":"summary_large_image","twitter_misc":{"Written by":"Secretario T\u00e9cnico","Est. reading time":"1 minute"},"schema":{"@context":"https:\/\/schema.org","@graph":[{"@type":"Article","@id":"https:\/\/www.iec2024.ec\/en\/aleteia-quito-esta-lista-para-el-congreso-internacional-eucaristico\/#article","isPartOf":{"@id":"https:\/\/www.iec2024.ec\/en\/aleteia-quito-esta-lista-para-el-congreso-internacional-eucaristico\/"},"author":{"name":"Secretario T\u00e9cnico","@id":"https:\/\/www.iec2024.ec\/en\/#\/schema\/person\/7dc46e27a804fe39ba34935ca5284fe2"},"headline":"Aleteia: Quito est\u00e1 lista para el Congreso Internacional Eucar\u00edstico","datePublished":"2024-08-31T16:42:33+00:00","dateModified":"2024-08-31T16:42:33+00:00","mainEntityOfPage":{"@id":"https:\/\/www.iec2024.ec\/en\/aleteia-quito-esta-lista-para-el-congreso-internacional-eucaristico\/"},"wordCount":138,"publisher":{"@id":"https:\/\/www.iec2024.ec\/en\/#organization"},"articleSection":["IEC in media"],"inLanguage":"en-US"},{"@type":"WebPage","@id":"https:\/\/www.iec2024.ec\/en\/aleteia-quito-esta-lista-para-el-congreso-internacional-eucaristico\/","url":"https:\/\/www.iec2024.ec\/en\/aleteia-quito-esta-lista-para-el-congreso-internacional-eucaristico\/","name":"Aleteia: Quito est\u00e1 lista para el Congreso Internacional Eucar\u00edstico - IEC 2024","isPartOf":{"@id":"https:\/\/www.iec2024.ec\/en\/#website"},"datePublished":"2024-08-31T16:42:33+00:00","dateModified":"2024-08-31T16:42:33+00:00","breadcrumb":{"@id":"https:\/\/www.iec2024.ec\/en\/aleteia-quito-esta-lista-para-el-congreso-internacional-eucaristico\/#breadcrumb"},"inLanguage":"en-US","potentialAction":[{"@type":"ReadAction","target":["https:\/\/www.iec2024.ec\/en\/aleteia-quito-esta-lista-para-el-congreso-internacional-eucaristico\/"]}]},{"@type":"BreadcrumbList","@id":"https:\/\/www.iec2024.ec\/en\/aleteia-quito-esta-lista-para-el-congreso-internacional-eucaristico\/#breadcrumb","itemListElement":[{"@type":"ListItem","position":1,"name":"Portada","item":"https:\/\/www.iec2024.ec\/en\/"},{"@type":"ListItem","position":2,"name":"Aleteia: Quito est\u00e1 lista para el Congreso Internacional Eucar\u00edstico"}]},{"@type":"WebSite","@id":"https:\/\/www.iec2024.ec\/en\/#website","url":"https:\/\/www.iec2024.ec\/en\/","name":"IEC 2024","description":"","publisher":{"@id":"https:\/\/www.iec2024.ec\/en\/#organization"},"potentialAction":[{"@type":"SearchAction","target":{"@type":"EntryPoint","urlTemplate":"https:\/\/www.iec2024.ec\/en\/?s={search_term_string}"},"query-input":"required name=search_term_string"}],"inLanguage":"en-US"},{"@type":"Organization","@id":"https:\/\/www.iec2024.ec\/en\/#organization","name":"IEC 2024","url":"https:\/\/www.iec2024.ec\/en\/","logo":{"@type":"ImageObject","inLanguage":"en-US","@id":"https:\/\/www.iec2024.ec\/en\/#\/schema\/logo\/image\/","url":"https:\/\/www.iec2024.ec\/wp-content\/uploads\/2024\/01\/cropped-logo-2024.png","contentUrl":"https:\/\/www.iec2024.ec\/wp-content\/uploads\/2024\/01\/cropped-logo-2024.png","width":1277,"height":332,"caption":"IEC 2024"},"image":{"@id":"https:\/\/www.iec2024.ec\/en\/#\/schema\/logo\/image\/"}},{"@type":"Person","@id":"https:\/\/www.iec2024.ec\/en\/#\/schema\/person\/7dc46e27a804fe39ba34935ca5284fe2","name":"Secretario T\u00e9cnico","image":{"@type":"ImageObject","inLanguage":"en-US","@id":"https:\/\/www.iec2024.ec\/en\/#\/schema\/person\/image\/","url":"https:\/\/secure.gravatar.com\/avatar\/67808a21710148ea0645bc85e43e21b6?s=96&d=mm&r=g","contentUrl":"https:\/\/secure.gravatar.com\/avatar\/67808a21710148ea0645bc85e43e21b6?s=96&d=mm&r=g","caption":"Secretario T\u00e9cnico"},"url":"https:\/\/www.iec2024.ec\/en\/author\/4dm1ns3cr3t4r10\/"}]}},"_links":{"self":[{"href":"https:\/\/www.iec2024.ec\/en\/wp-json\/wp\/v2\/posts\/24371"}],"collection":[{"href":"https:\/\/www.iec2024.ec\/en\/wp-json\/wp\/v2\/posts"}],"about":[{"href":"https:\/\/www.iec2024.ec\/en\/wp-json\/wp\/v2\/types\/post"}],"author":[{"embeddable":true,"href":"https:\/\/www.iec2024.ec\/en\/wp-json\/wp\/v2\/users\/2"}],"replies":[{"embeddable":true,"href":"https:\/\/www.iec2024.ec\/en\/wp-json\/wp\/v2\/comments?post=24371"}],"version-history":[{"count":0,"href":"https:\/\/www.iec2024.ec\/en\/wp-json\/wp\/v2\/posts\/24371\/revisions"}],"wp:featuredmedia":[{"embeddable":true,"href":"https:\/\/www.iec2024.ec\/en\/wp-json\/wp\/v2\/media\/24368"}],"wp:attachment":[{"href":"https:\/\/www.iec2024.ec\/en\/wp-json\/wp\/v2\/media?parent=24371"}],"wp:term":[{"taxonomy":"category","embeddable":true,"href":"https:\/\/www.iec2024.ec\/en\/wp-json\/wp\/v2\/categories?post=24371"},{"taxonomy":"post_tag","embeddable":true,"href":"https:\/\/www.iec2024.ec\/en\/wp-json\/wp\/v2\/tags?post=24371"}],"curies":[{"name":"wp","href":"https:\/\/api.w.org\/{rel}","templated":true}]}}