{"id":24384,"date":"2024-09-02T11:48:20","date_gmt":"2024-09-02T16:48:20","guid":{"rendered":"https:\/\/www.iec2024.ec\/el-universo-el-papa-francisco-no-vendra-al-congreso-eucaristico-internacional-en-quito-el-cardenal-baltazar-porras-sera-el-delegado-pontificio\/"},"modified":"2024-09-25T11:51:51","modified_gmt":"2024-09-25T16:51:51","slug":"el-universo-el-papa-francisco-no-vendra-al-congreso-eucaristico-internacional-en-quito-el-cardenal-baltazar-porras-sera-el-delegado-pontificio","status":"publish","type":"post","link":"https:\/\/www.iec2024.ec\/en\/el-universo-el-papa-francisco-no-vendra-al-congreso-eucaristico-internacional-en-quito-el-cardenal-baltazar-porras-sera-el-delegado-pontificio\/","title":{"rendered":"El Universo: El papa Francisco no vendr\u00e1 al Congreso Eucar\u00edstico Internacional en Quito: el cardenal Baltazar Porras ser\u00e1 el delegado pontificio"},"content":{"rendered":"<p class=\"prose-text\" data-mrf-recirculation=\"Links article\">Autoridades han confirmado que el papa Francisco no podr\u00e1 asistir al 53.\u00b0 Congreso Eucar\u00edstico Internacional (CEI) que se celebrar\u00e1 en Quito del 8 al 15 de septiembre. En su lugar, el cardenal Baltazar Porras, arzobispo em\u00e9rito de Caracas, ha sido designado como legado pontificio para presidir el evento.<\/p>\n<p class=\"prose-text\" data-mrf-recirculation=\"Links article\">Andr\u00e9s Carrascosa, nuncio apost\u00f3lico en Ecuador, explic\u00f3 que la ausencia del papa se debe a conflictos en su agenda de viajes. \u201cEl papa Francisco desde el comienzo le hizo mucha ilusi\u00f3n, era \u00e9l el que escogi\u00f3 Quito para esta celebraci\u00f3n\u201d, afirm\u00f3 Carrascosa.<\/p>\n<p data-mrf-recirculation=\"Links article\"><a href=\"https:\/\/www.eluniverso.com\/noticias\/ecuador\/papa-francisco-no-vendra-congreso-eucaristico-cardenal-baltazar-porras-delegado-nota\/\">Noticia completa: El Universo<\/a><\/p>\n","protected":false},"excerpt":{"rendered":"<p>Autoridades han confirmado que el papa Francisco no podr\u00e1 asistir al 53.\u00b0 Congreso Eucar\u00edstico Internacional (CEI) que se celebrar\u00e1 en Quito del 8 al 15 de septiembre. En su lugar, el cardenal Baltazar Porras, arzobispo em\u00e9rito de Caracas, ha sido designado como legado pontificio para presidir el evento. Andr\u00e9s Carrascosa, nuncio apost\u00f3lico en Ecuador, explic\u00f3 [&hellip;]<\/p>\n","protected":false},"author":2,"featured_media":24386,"comment_status":"closed","ping_status":"closed","sticky":false,"template":"","format":"standard","meta":{"footnotes":""},"categories":[120],"tags":[],"acf":[],"yoast_head":"<!-- This site is optimized with the Yoast SEO plugin v21.1 - https:\/\/yoast.com\/wordpress\/plugins\/seo\/ -->\n<title>El Universo: El papa Francisco no vendr\u00e1 al Congreso Eucar\u00edstico Internacional en Quito: el cardenal Baltazar Porras ser\u00e1 el delegado pontificio - IEC 2024<\/title>\n<meta name=\"robots\" content=\"index, follow, max-snippet:-1, max-image-preview:large, max-video-preview:-1\" \/>\n<link rel=\"canonical\" href=\"https:\/\/www.iec2024.ec\/en\/el-universo-el-papa-francisco-no-vendra-al-congreso-eucaristico-internacional-en-quito-el-cardenal-baltazar-porras-sera-el-delegado-pontificio\/\" \/>\n<meta property=\"og:locale\" content=\"en_US\" \/>\n<meta property=\"og:type\" content=\"article\" \/>\n<meta property=\"og:title\" content=\"El Universo: El papa Francisco no vendr\u00e1 al Congreso Eucar\u00edstico Internacional en Quito: el cardenal Baltazar Porras ser\u00e1 el delegado pontificio - IEC 2024\" \/>\n<meta property=\"og:description\" content=\"Autoridades han confirmado que el papa Francisco no podr\u00e1 asistir al 53.\u00b0 Congreso Eucar\u00edstico Internacional (CEI) que se celebrar\u00e1 en Quito del 8 al 15 de septiembre. En su lugar, el cardenal Baltazar Porras, arzobispo em\u00e9rito de Caracas, ha sido designado como legado pontificio para presidir el evento. Andr\u00e9s Carrascosa, nuncio apost\u00f3lico en Ecuador, explic\u00f3 [&hellip;]\" \/>\n<meta property=\"og:url\" content=\"https:\/\/www.iec2024.ec\/en\/el-universo-el-papa-francisco-no-vendra-al-congreso-eucaristico-internacional-en-quito-el-cardenal-baltazar-porras-sera-el-delegado-pontificio\/\" \/>\n<meta property=\"og:site_name\" content=\"IEC 2024\" \/>\n<meta property=\"article:published_time\" content=\"2024-09-02T16:48:20+00:00\" \/>\n<meta property=\"article:modified_time\" content=\"2024-09-25T16:51:51+00:00\" \/>\n<meta name=\"author\" content=\"Secretario T\u00e9cnico\" \/>\n<meta name=\"twitter:card\" content=\"summary_large_image\" \/>\n<meta name=\"twitter:image\" content=\"https:\/\/www.iec2024.ec\/wp-content\/uploads\/2024\/09\/CM2YPFG5Y5BFNEDSDNYZ2DWFIY.avif\" \/>\n<meta name=\"twitter:label1\" content=\"Written by\" \/>\n\t<meta name=\"twitter:data1\" content=\"Secretario T\u00e9cnico\" \/>\n<script type=\"application\/ld+json\" class=\"yoast-schema-graph\">{\"@context\":\"https:\/\/schema.org\",\"@graph\":[{\"@type\":\"Article\",\"@id\":\"https:\/\/www.iec2024.ec\/en\/el-universo-el-papa-francisco-no-vendra-al-congreso-eucaristico-internacional-en-quito-el-cardenal-baltazar-porras-sera-el-delegado-pontificio\/#article\",\"isPartOf\":{\"@id\":\"https:\/\/www.iec2024.ec\/en\/el-universo-el-papa-francisco-no-vendra-al-congreso-eucaristico-internacional-en-quito-el-cardenal-baltazar-porras-sera-el-delegado-pontificio\/\"},\"author\":{\"name\":\"Secretario T\u00e9cnico\",\"@id\":\"https:\/\/www.iec2024.ec\/en\/#\/schema\/person\/7dc46e27a804fe39ba34935ca5284fe2\"},\"headline\":\"El Universo: El papa Francisco no vendr\u00e1 al Congreso Eucar\u00edstico Internacional en Quito: el cardenal Baltazar Porras ser\u00e1 el delegado pontificio\",\"datePublished\":\"2024-09-02T16:48:20+00:00\",\"dateModified\":\"2024-09-25T16:51:51+00:00\",\"mainEntityOfPage\":{\"@id\":\"https:\/\/www.iec2024.ec\/en\/el-universo-el-papa-francisco-no-vendra-al-congreso-eucaristico-internacional-en-quito-el-cardenal-baltazar-porras-sera-el-delegado-pontificio\/\"},\"wordCount\":119,\"publisher\":{\"@id\":\"https:\/\/www.iec2024.ec\/en\/#organization\"},\"articleSection\":[\"IEC in media\"],\"inLanguage\":\"en-US\"},{\"@type\":\"WebPage\",\"@id\":\"https:\/\/www.iec2024.ec\/en\/el-universo-el-papa-francisco-no-vendra-al-congreso-eucaristico-internacional-en-quito-el-cardenal-baltazar-porras-sera-el-delegado-pontificio\/\",\"url\":\"https:\/\/www.iec2024.ec\/en\/el-universo-el-papa-francisco-no-vendra-al-congreso-eucaristico-internacional-en-quito-el-cardenal-baltazar-porras-sera-el-delegado-pontificio\/\",\"name\":\"El Universo: El papa Francisco no vendr\u00e1 al Congreso Eucar\u00edstico Internacional en Quito: el cardenal Baltazar Porras ser\u00e1 el delegado pontificio - IEC 2024\",\"isPartOf\":{\"@id\":\"https:\/\/www.iec2024.ec\/en\/#website\"},\"datePublished\":\"2024-09-02T16:48:20+00:00\",\"dateModified\":\"2024-09-25T16:51:51+00:00\",\"breadcrumb\":{\"@id\":\"https:\/\/www.iec2024.ec\/en\/el-universo-el-papa-francisco-no-vendra-al-congreso-eucaristico-internacional-en-quito-el-cardenal-baltazar-porras-sera-el-delegado-pontificio\/#breadcrumb\"},\"inLanguage\":\"en-US\",\"potentialAction\":[{\"@type\":\"ReadAction\",\"target\":[\"https:\/\/www.iec2024.ec\/en\/el-universo-el-papa-francisco-no-vendra-al-congreso-eucaristico-internacional-en-quito-el-cardenal-baltazar-porras-sera-el-delegado-pontificio\/\"]}]},{\"@type\":\"BreadcrumbList\",\"@id\":\"https:\/\/www.iec2024.ec\/en\/el-universo-el-papa-francisco-no-vendra-al-congreso-eucaristico-internacional-en-quito-el-cardenal-baltazar-porras-sera-el-delegado-pontificio\/#breadcrumb\",\"itemListElement\":[{\"@type\":\"ListItem\",\"position\":1,\"name\":\"Portada\",\"item\":\"https:\/\/www.iec2024.ec\/en\/\"},{\"@type\":\"ListItem\",\"position\":2,\"name\":\"El Universo: El papa Francisco no vendr\u00e1 al Congreso Eucar\u00edstico Internacional en Quito: el cardenal Baltazar Porras ser\u00e1 el delegado pontificio\"}]},{\"@type\":\"WebSite\",\"@id\":\"https:\/\/www.iec2024.ec\/en\/#website\",\"url\":\"https:\/\/www.iec2024.ec\/en\/\",\"name\":\"IEC 2024\",\"description\":\"\",\"publisher\":{\"@id\":\"https:\/\/www.iec2024.ec\/en\/#organization\"},\"potentialAction\":[{\"@type\":\"SearchAction\",\"target\":{\"@type\":\"EntryPoint\",\"urlTemplate\":\"https:\/\/www.iec2024.ec\/en\/?s={search_term_string}\"},\"query-input\":\"required name=search_term_string\"}],\"inLanguage\":\"en-US\"},{\"@type\":\"Organization\",\"@id\":\"https:\/\/www.iec2024.ec\/en\/#organization\",\"name\":\"IEC 2024\",\"url\":\"https:\/\/www.iec2024.ec\/en\/\",\"logo\":{\"@type\":\"ImageObject\",\"inLanguage\":\"en-US\",\"@id\":\"https:\/\/www.iec2024.ec\/en\/#\/schema\/logo\/image\/\",\"url\":\"https:\/\/www.iec2024.ec\/wp-content\/uploads\/2024\/01\/cropped-logo-2024.png\",\"contentUrl\":\"https:\/\/www.iec2024.ec\/wp-content\/uploads\/2024\/01\/cropped-logo-2024.png\",\"width\":1277,\"height\":332,\"caption\":\"IEC 2024\"},\"image\":{\"@id\":\"https:\/\/www.iec2024.ec\/en\/#\/schema\/logo\/image\/\"}},{\"@type\":\"Person\",\"@id\":\"https:\/\/www.iec2024.ec\/en\/#\/schema\/person\/7dc46e27a804fe39ba34935ca5284fe2\",\"name\":\"Secretario T\u00e9cnico\",\"image\":{\"@type\":\"ImageObject\",\"inLanguage\":\"en-US\",\"@id\":\"https:\/\/www.iec2024.ec\/en\/#\/schema\/person\/image\/\",\"url\":\"https:\/\/secure.gravatar.com\/avatar\/67808a21710148ea0645bc85e43e21b6?s=96&d=mm&r=g\",\"contentUrl\":\"https:\/\/secure.gravatar.com\/avatar\/67808a21710148ea0645bc85e43e21b6?s=96&d=mm&r=g\",\"caption\":\"Secretario T\u00e9cnico\"},\"url\":\"https:\/\/www.iec2024.ec\/en\/author\/4dm1ns3cr3t4r10\/\"}]}<\/script>\n<!-- \/ Yoast SEO plugin. -->","yoast_head_json":{"title":"El Universo: El papa Francisco no vendr\u00e1 al Congreso Eucar\u00edstico Internacional en Quito: el cardenal Baltazar Porras ser\u00e1 el delegado pontificio - IEC 2024","robots":{"index":"index","follow":"follow","max-snippet":"max-snippet:-1","max-image-preview":"max-image-preview:large","max-video-preview":"max-video-preview:-1"},"canonical":"https:\/\/www.iec2024.ec\/en\/el-universo-el-papa-francisco-no-vendra-al-congreso-eucaristico-internacional-en-quito-el-cardenal-baltazar-porras-sera-el-delegado-pontificio\/","og_locale":"en_US","og_type":"article","og_title":"El Universo: El papa Francisco no vendr\u00e1 al Congreso Eucar\u00edstico Internacional en Quito: el cardenal Baltazar Porras ser\u00e1 el delegado pontificio - IEC 2024","og_description":"Autoridades han confirmado que el papa Francisco no podr\u00e1 asistir al 53.\u00b0 Congreso Eucar\u00edstico Internacional (CEI) que se celebrar\u00e1 en Quito del 8 al 15 de septiembre. En su lugar, el cardenal Baltazar Porras, arzobispo em\u00e9rito de Caracas, ha sido designado como legado pontificio para presidir el evento. Andr\u00e9s Carrascosa, nuncio apost\u00f3lico en Ecuador, explic\u00f3 [&hellip;]","og_url":"https:\/\/www.iec2024.ec\/en\/el-universo-el-papa-francisco-no-vendra-al-congreso-eucaristico-internacional-en-quito-el-cardenal-baltazar-porras-sera-el-delegado-pontificio\/","og_site_name":"IEC 2024","article_published_time":"2024-09-02T16:48:20+00:00","article_modified_time":"2024-09-25T16:51:51+00:00","author":"Secretario T\u00e9cnico","twitter_card":"summary_large_image","twitter_image":"https:\/\/www.iec2024.ec\/wp-content\/uploads\/2024\/09\/CM2YPFG5Y5BFNEDSDNYZ2DWFIY.avif","twitter_misc":{"Written by":"Secretario T\u00e9cnico"},"schema":{"@context":"https:\/\/schema.org","@graph":[{"@type":"Article","@id":"https:\/\/www.iec2024.ec\/en\/el-universo-el-papa-francisco-no-vendra-al-congreso-eucaristico-internacional-en-quito-el-cardenal-baltazar-porras-sera-el-delegado-pontificio\/#article","isPartOf":{"@id":"https:\/\/www.iec2024.ec\/en\/el-universo-el-papa-francisco-no-vendra-al-congreso-eucaristico-internacional-en-quito-el-cardenal-baltazar-porras-sera-el-delegado-pontificio\/"},"author":{"name":"Secretario T\u00e9cnico","@id":"https:\/\/www.iec2024.ec\/en\/#\/schema\/person\/7dc46e27a804fe39ba34935ca5284fe2"},"headline":"El Universo: El papa Francisco no vendr\u00e1 al Congreso Eucar\u00edstico Internacional en Quito: el cardenal Baltazar Porras ser\u00e1 el delegado pontificio","datePublished":"2024-09-02T16:48:20+00:00","dateModified":"2024-09-25T16:51:51+00:00","mainEntityOfPage":{"@id":"https:\/\/www.iec2024.ec\/en\/el-universo-el-papa-francisco-no-vendra-al-congreso-eucaristico-internacional-en-quito-el-cardenal-baltazar-porras-sera-el-delegado-pontificio\/"},"wordCount":119,"publisher":{"@id":"https:\/\/www.iec2024.ec\/en\/#organization"},"articleSection":["IEC in media"],"inLanguage":"en-US"},{"@type":"WebPage","@id":"https:\/\/www.iec2024.ec\/en\/el-universo-el-papa-francisco-no-vendra-al-congreso-eucaristico-internacional-en-quito-el-cardenal-baltazar-porras-sera-el-delegado-pontificio\/","url":"https:\/\/www.iec2024.ec\/en\/el-universo-el-papa-francisco-no-vendra-al-congreso-eucaristico-internacional-en-quito-el-cardenal-baltazar-porras-sera-el-delegado-pontificio\/","name":"El Universo: El papa Francisco no vendr\u00e1 al Congreso Eucar\u00edstico Internacional en Quito: el cardenal Baltazar Porras ser\u00e1 el delegado pontificio - IEC 2024","isPartOf":{"@id":"https:\/\/www.iec2024.ec\/en\/#website"},"datePublished":"2024-09-02T16:48:20+00:00","dateModified":"2024-09-25T16:51:51+00:00","breadcrumb":{"@id":"https:\/\/www.iec2024.ec\/en\/el-universo-el-papa-francisco-no-vendra-al-congreso-eucaristico-internacional-en-quito-el-cardenal-baltazar-porras-sera-el-delegado-pontificio\/#breadcrumb"},"inLanguage":"en-US","potentialAction":[{"@type":"ReadAction","target":["https:\/\/www.iec2024.ec\/en\/el-universo-el-papa-francisco-no-vendra-al-congreso-eucaristico-internacional-en-quito-el-cardenal-baltazar-porras-sera-el-delegado-pontificio\/"]}]},{"@type":"BreadcrumbList","@id":"https:\/\/www.iec2024.ec\/en\/el-universo-el-papa-francisco-no-vendra-al-congreso-eucaristico-internacional-en-quito-el-cardenal-baltazar-porras-sera-el-delegado-pontificio\/#breadcrumb","itemListElement":[{"@type":"ListItem","position":1,"name":"Portada","item":"https:\/\/www.iec2024.ec\/en\/"},{"@type":"ListItem","position":2,"name":"El Universo: El papa Francisco no vendr\u00e1 al Congreso Eucar\u00edstico Internacional en Quito: el cardenal Baltazar Porras ser\u00e1 el delegado pontificio"}]},{"@type":"WebSite","@id":"https:\/\/www.iec2024.ec\/en\/#website","url":"https:\/\/www.iec2024.ec\/en\/","name":"IEC 2024","description":"","publisher":{"@id":"https:\/\/www.iec2024.ec\/en\/#organization"},"potentialAction":[{"@type":"SearchAction","target":{"@type":"EntryPoint","urlTemplate":"https:\/\/www.iec2024.ec\/en\/?s={search_term_string}"},"query-input":"required name=search_term_string"}],"inLanguage":"en-US"},{"@type":"Organization","@id":"https:\/\/www.iec2024.ec\/en\/#organization","name":"IEC 2024","url":"https:\/\/www.iec2024.ec\/en\/","logo":{"@type":"ImageObject","inLanguage":"en-US","@id":"https:\/\/www.iec2024.ec\/en\/#\/schema\/logo\/image\/","url":"https:\/\/www.iec2024.ec\/wp-content\/uploads\/2024\/01\/cropped-logo-2024.png","contentUrl":"https:\/\/www.iec2024.ec\/wp-content\/uploads\/2024\/01\/cropped-logo-2024.png","width":1277,"height":332,"caption":"IEC 2024"},"image":{"@id":"https:\/\/www.iec2024.ec\/en\/#\/schema\/logo\/image\/"}},{"@type":"Person","@id":"https:\/\/www.iec2024.ec\/en\/#\/schema\/person\/7dc46e27a804fe39ba34935ca5284fe2","name":"Secretario T\u00e9cnico","image":{"@type":"ImageObject","inLanguage":"en-US","@id":"https:\/\/www.iec2024.ec\/en\/#\/schema\/person\/image\/","url":"https:\/\/secure.gravatar.com\/avatar\/67808a21710148ea0645bc85e43e21b6?s=96&d=mm&r=g","contentUrl":"https:\/\/secure.gravatar.com\/avatar\/67808a21710148ea0645bc85e43e21b6?s=96&d=mm&r=g","caption":"Secretario T\u00e9cnico"},"url":"https:\/\/www.iec2024.ec\/en\/author\/4dm1ns3cr3t4r10\/"}]}},"_links":{"self":[{"href":"https:\/\/www.iec2024.ec\/en\/wp-json\/wp\/v2\/posts\/24384"}],"collection":[{"href":"https:\/\/www.iec2024.ec\/en\/wp-json\/wp\/v2\/posts"}],"about":[{"href":"https:\/\/www.iec2024.ec\/en\/wp-json\/wp\/v2\/types\/post"}],"author":[{"embeddable":true,"href":"https:\/\/www.iec2024.ec\/en\/wp-json\/wp\/v2\/users\/2"}],"replies":[{"embeddable":true,"href":"https:\/\/www.iec2024.ec\/en\/wp-json\/wp\/v2\/comments?post=24384"}],"version-history":[{"count":1,"href":"https:\/\/www.iec2024.ec\/en\/wp-json\/wp\/v2\/posts\/24384\/revisions"}],"predecessor-version":[{"id":24388,"href":"https:\/\/www.iec2024.ec\/en\/wp-json\/wp\/v2\/posts\/24384\/revisions\/24388"}],"wp:featuredmedia":[{"embeddable":true,"href":"https:\/\/www.iec2024.ec\/en\/wp-json\/wp\/v2\/media\/24386"}],"wp:attachment":[{"href":"https:\/\/www.iec2024.ec\/en\/wp-json\/wp\/v2\/media?parent=24384"}],"wp:term":[{"taxonomy":"category","embeddable":true,"href":"https:\/\/www.iec2024.ec\/en\/wp-json\/wp\/v2\/categories?post=24384"},{"taxonomy":"post_tag","embeddable":true,"href":"https:\/\/www.iec2024.ec\/en\/wp-json\/wp\/v2\/tags?post=24384"}],"curies":[{"name":"wp","href":"https:\/\/api.w.org\/{rel}","templated":true}]}}