{"id":3020,"date":"2023-09-12T13:07:46","date_gmt":"2023-09-12T18:07:46","guid":{"rendered":"https:\/\/www.iec2024.ec\/asamblea-plenaria-2023-preparacion-para-el-congreso-eucaristico-internacional\/"},"modified":"2023-09-12T23:12:53","modified_gmt":"2023-09-13T04:12:53","slug":"plenary-assembly-2023-preparation-for-the-international","status":"publish","type":"post","link":"https:\/\/www.iec2024.ec\/en\/plenary-assembly-2023-preparation-for-the-international\/","title":{"rendered":"Plenary Assembly 2023: Preparation for the International"},"content":{"rendered":"<p><b>Quito, 11 de septiembre de 2023.- <\/b><\/p>\n<p><span style=\"font-weight: 400;\">Delegados de las Conferencias Episcopales de los cinco continentes, as\u00ed como autoridades del Comit\u00e9 Pontificio para los Congresos Eucar\u00edsticos Internacionales se re\u00fanen a partir de hoy en Quito-Ecuador, en la Asamblea Plenaria 2023, para conocer los avances de lo que ser\u00e1 el 53\u00b0 Congreso Eucar\u00edstico Internacional, IEC 2024, encuentro en el cual Ecuador ser\u00e1 el pa\u00eds anfitri\u00f3n y cuyo lema es &#8220;Fraternidad para sanar el mundo&#8221;.\u00a0<\/span><\/p>\n<p><span style=\"font-weight: 400;\">Del 11 al 15 de septiembre, el Centro de Formaci\u00f3n Social \u201cBethania\u201d ubicado en el Valle de los Chillos ser\u00e1 el escenario en el cual se profundizar\u00e1 tem\u00e1ticas relacionadas con la Eucarist\u00eda y la necesidad de construir juntos, un mundo cada vez m\u00e1s fraterno.\u00a0<\/span><\/p>\n<p><span style=\"font-weight: 400;\">Las delegaciones est\u00e1n conformadas por 46 personas entre cardenales, obispos, sacerdotes y laicos provenientes de 34 pa\u00edses: Pap\u00faa-Nueva Guinea, Suiza, Italia, Jap\u00f3n, Paraguay, Polonia, Eslovenia, Hungr\u00eda, Canad\u00e1, Australia-Nueva Zelanda, Taiw\u00e1n, Togo, M\u00e9xico, Chile, Irlanda, Puerto Rico, Venezuela, Per\u00fa, Ruanda, Namibia, Colombia, Portugal, Espa\u00f1a, Turqu\u00eda, Francia, Uruguay, Guatemala, Estados Unidos, Filipinas, Korea, Panam\u00e1, Lesotho, Rep\u00fablica Checa y Rep\u00fablica Federal de Alemania.\u00a0<\/span><\/p>\n<p><span style=\"font-weight: 400;\">El encuentro cuenta adem\u00e1s con la presencia de los\u00a0 miembros del Comit\u00e9 Pontificio para los Congresos Eucar\u00edsticos Internacionales, el P. Corrado Maggioni y el P. Vittore Boccardi, Presidente y Secretario respectivamente. <\/span><span style=\"font-weight: 400;\">Por Ecuador estar\u00e1n presentes Mons. Luis Cabrera, ofm, Presidente de la Conferencia Episcopal Ecuatoriana, CEE y Arzobispo de Guayaquil; Monse\u00f1or Alfredo Jos\u00e9 Espinoza Mateus, sdb., Vicepresidente de la CEE, Arzobispo de Quito y Primado del Ecuador, Mons. David de la Torre, Secretario General de la CEE y el P. Juan Carlos Garz\u00f3n, Secretario General IEC 2024.<\/span><\/p>\n<p><span style=\"font-weight: 400;\">El programa de la Asamblea Plenaria incluye una serie de reuniones y actividades destacadas, entre las que consta una solemne\u00a0 Eucarist\u00eda en la Bas\u00edlica del Voto Nacional, prevista para el martes 12 de septiembre a las 18H00, all\u00ed se presentar\u00e1 el Evangeliario, s\u00edmbolo del IEC 2024, que recorrer\u00e1 las diferentes jurisdicciones eclesiales del pa\u00eds.<\/span><\/p>\n<p><span style=\"font-weight: 400;\">Durante esta semana se llevar\u00e1 a cabo la Ceremonia Declaratoria de Hu\u00e9spedes Ilustres de la ciudad de Quito, por parte de las autoridades locales, quienes entregar\u00e1n la Llave de la Ciudad. Asimismo se prev\u00e9 realizar visitas al\u00a0 Palacio de Carondelet y el Palacio Arzobispal.\u00a0\u00a0<\/span><\/p>\n<p><span style=\"font-weight: 400;\">Siga nuestras actualizaciones en las redes sociales para obtener informaci\u00f3n actualizada del Congreso.\u00a0<\/span><\/p>\n","protected":false},"excerpt":{"rendered":"<p>Eucharistic Congress Quito, September 11, 2023.- Delegates of the Episcopal Conferences of the five continents, as well as authorities of the Pontifical Committee for International Eucharistic Congresses meet starting today in Quito-Ecuador , in the 2023 Plenary Assembly, to learn about the progress of what will be the 53rd International Eucharistic Congress, IEC 2024.<\/p>\n","protected":false},"author":2,"featured_media":3025,"comment_status":"open","ping_status":"open","sticky":false,"template":"","format":"standard","meta":{"footnotes":""},"categories":[33],"tags":[],"acf":[],"yoast_head":"<!-- This site is optimized with the Yoast SEO plugin v21.1 - https:\/\/yoast.com\/wordpress\/plugins\/seo\/ -->\n<title>Plenary Assembly 2023: Preparation for the International - IEC 2024<\/title>\n<meta name=\"robots\" content=\"index, follow, max-snippet:-1, max-image-preview:large, max-video-preview:-1\" \/>\n<link rel=\"canonical\" href=\"https:\/\/www.iec2024.ec\/en\/plenary-assembly-2023-preparation-for-the-international\/\" \/>\n<meta property=\"og:locale\" content=\"en_US\" \/>\n<meta property=\"og:type\" content=\"article\" \/>\n<meta property=\"og:title\" content=\"Plenary Assembly 2023: Preparation for the International - IEC 2024\" \/>\n<meta property=\"og:description\" content=\"Eucharistic Congress Quito, September 11, 2023.- Delegates of the Episcopal Conferences of the five continents, as well as authorities of the Pontifical Committee for International Eucharistic Congresses meet starting today in Quito-Ecuador , in the 2023 Plenary Assembly, to learn about the progress of what will be the 53rd International Eucharistic Congress, IEC 2024.\" \/>\n<meta property=\"og:url\" content=\"https:\/\/www.iec2024.ec\/en\/plenary-assembly-2023-preparation-for-the-international\/\" \/>\n<meta property=\"og:site_name\" content=\"IEC 2024\" \/>\n<meta property=\"article:published_time\" content=\"2023-09-12T18:07:46+00:00\" \/>\n<meta property=\"article:modified_time\" content=\"2023-09-13T04:12:53+00:00\" \/>\n<meta property=\"og:image\" content=\"https:\/\/www.iec2024.ec\/wp-content\/uploads\/2023\/09\/3M4A9948-scaled.jpg\" \/>\n\t<meta property=\"og:image:width\" content=\"2560\" \/>\n\t<meta property=\"og:image:height\" content=\"1707\" \/>\n\t<meta property=\"og:image:type\" content=\"image\/jpeg\" \/>\n<meta name=\"author\" content=\"Secretario T\u00e9cnico\" \/>\n<meta name=\"twitter:card\" content=\"summary_large_image\" \/>\n<meta name=\"twitter:label1\" content=\"Written by\" \/>\n\t<meta name=\"twitter:data1\" content=\"Secretario T\u00e9cnico\" \/>\n\t<meta name=\"twitter:label2\" content=\"Est. reading time\" \/>\n\t<meta name=\"twitter:data2\" content=\"2 minutes\" \/>\n<script type=\"application\/ld+json\" class=\"yoast-schema-graph\">{\"@context\":\"https:\/\/schema.org\",\"@graph\":[{\"@type\":\"Article\",\"@id\":\"https:\/\/www.iec2024.ec\/en\/plenary-assembly-2023-preparation-for-the-international\/#article\",\"isPartOf\":{\"@id\":\"https:\/\/www.iec2024.ec\/en\/plenary-assembly-2023-preparation-for-the-international\/\"},\"author\":{\"name\":\"Secretario T\u00e9cnico\",\"@id\":\"https:\/\/www.iec2024.ec\/en\/#\/schema\/person\/7dc46e27a804fe39ba34935ca5284fe2\"},\"headline\":\"Plenary Assembly 2023: Preparation for the International\",\"datePublished\":\"2023-09-12T18:07:46+00:00\",\"dateModified\":\"2023-09-13T04:12:53+00:00\",\"mainEntityOfPage\":{\"@id\":\"https:\/\/www.iec2024.ec\/en\/plenary-assembly-2023-preparation-for-the-international\/\"},\"wordCount\":401,\"commentCount\":0,\"publisher\":{\"@id\":\"https:\/\/www.iec2024.ec\/en\/#organization\"},\"articleSection\":[\"News\"],\"inLanguage\":\"en-US\",\"potentialAction\":[{\"@type\":\"CommentAction\",\"name\":\"Comment\",\"target\":[\"https:\/\/www.iec2024.ec\/en\/plenary-assembly-2023-preparation-for-the-international\/#respond\"]}]},{\"@type\":\"WebPage\",\"@id\":\"https:\/\/www.iec2024.ec\/en\/plenary-assembly-2023-preparation-for-the-international\/\",\"url\":\"https:\/\/www.iec2024.ec\/en\/plenary-assembly-2023-preparation-for-the-international\/\",\"name\":\"Plenary Assembly 2023: Preparation for the International - IEC 2024\",\"isPartOf\":{\"@id\":\"https:\/\/www.iec2024.ec\/en\/#website\"},\"datePublished\":\"2023-09-12T18:07:46+00:00\",\"dateModified\":\"2023-09-13T04:12:53+00:00\",\"breadcrumb\":{\"@id\":\"https:\/\/www.iec2024.ec\/en\/plenary-assembly-2023-preparation-for-the-international\/#breadcrumb\"},\"inLanguage\":\"en-US\",\"potentialAction\":[{\"@type\":\"ReadAction\",\"target\":[\"https:\/\/www.iec2024.ec\/en\/plenary-assembly-2023-preparation-for-the-international\/\"]}]},{\"@type\":\"BreadcrumbList\",\"@id\":\"https:\/\/www.iec2024.ec\/en\/plenary-assembly-2023-preparation-for-the-international\/#breadcrumb\",\"itemListElement\":[{\"@type\":\"ListItem\",\"position\":1,\"name\":\"Portada\",\"item\":\"https:\/\/www.iec2024.ec\/en\/\"},{\"@type\":\"ListItem\",\"position\":2,\"name\":\"Plenary Assembly 2023: Preparation for the International\"}]},{\"@type\":\"WebSite\",\"@id\":\"https:\/\/www.iec2024.ec\/en\/#website\",\"url\":\"https:\/\/www.iec2024.ec\/en\/\",\"name\":\"IEC 2024\",\"description\":\"\",\"publisher\":{\"@id\":\"https:\/\/www.iec2024.ec\/en\/#organization\"},\"potentialAction\":[{\"@type\":\"SearchAction\",\"target\":{\"@type\":\"EntryPoint\",\"urlTemplate\":\"https:\/\/www.iec2024.ec\/en\/?s={search_term_string}\"},\"query-input\":\"required name=search_term_string\"}],\"inLanguage\":\"en-US\"},{\"@type\":\"Organization\",\"@id\":\"https:\/\/www.iec2024.ec\/en\/#organization\",\"name\":\"IEC 2024\",\"url\":\"https:\/\/www.iec2024.ec\/en\/\",\"logo\":{\"@type\":\"ImageObject\",\"inLanguage\":\"en-US\",\"@id\":\"https:\/\/www.iec2024.ec\/en\/#\/schema\/logo\/image\/\",\"url\":\"https:\/\/www.iec2024.ec\/wp-content\/uploads\/2024\/01\/cropped-logo-2024.png\",\"contentUrl\":\"https:\/\/www.iec2024.ec\/wp-content\/uploads\/2024\/01\/cropped-logo-2024.png\",\"width\":1277,\"height\":332,\"caption\":\"IEC 2024\"},\"image\":{\"@id\":\"https:\/\/www.iec2024.ec\/en\/#\/schema\/logo\/image\/\"}},{\"@type\":\"Person\",\"@id\":\"https:\/\/www.iec2024.ec\/en\/#\/schema\/person\/7dc46e27a804fe39ba34935ca5284fe2\",\"name\":\"Secretario T\u00e9cnico\",\"image\":{\"@type\":\"ImageObject\",\"inLanguage\":\"en-US\",\"@id\":\"https:\/\/www.iec2024.ec\/en\/#\/schema\/person\/image\/\",\"url\":\"https:\/\/secure.gravatar.com\/avatar\/67808a21710148ea0645bc85e43e21b6?s=96&d=mm&r=g\",\"contentUrl\":\"https:\/\/secure.gravatar.com\/avatar\/67808a21710148ea0645bc85e43e21b6?s=96&d=mm&r=g\",\"caption\":\"Secretario T\u00e9cnico\"},\"url\":\"https:\/\/www.iec2024.ec\/en\/author\/4dm1ns3cr3t4r10\/\"}]}<\/script>\n<!-- \/ Yoast SEO plugin. -->","yoast_head_json":{"title":"Plenary Assembly 2023: Preparation for the International - IEC 2024","robots":{"index":"index","follow":"follow","max-snippet":"max-snippet:-1","max-image-preview":"max-image-preview:large","max-video-preview":"max-video-preview:-1"},"canonical":"https:\/\/www.iec2024.ec\/en\/plenary-assembly-2023-preparation-for-the-international\/","og_locale":"en_US","og_type":"article","og_title":"Plenary Assembly 2023: Preparation for the International - IEC 2024","og_description":"Eucharistic Congress Quito, September 11, 2023.- Delegates of the Episcopal Conferences of the five continents, as well as authorities of the Pontifical Committee for International Eucharistic Congresses meet starting today in Quito-Ecuador , in the 2023 Plenary Assembly, to learn about the progress of what will be the 53rd International Eucharistic Congress, IEC 2024.","og_url":"https:\/\/www.iec2024.ec\/en\/plenary-assembly-2023-preparation-for-the-international\/","og_site_name":"IEC 2024","article_published_time":"2023-09-12T18:07:46+00:00","article_modified_time":"2023-09-13T04:12:53+00:00","og_image":[{"width":2560,"height":1707,"url":"https:\/\/www.iec2024.ec\/wp-content\/uploads\/2023\/09\/3M4A9948-scaled.jpg","type":"image\/jpeg"}],"author":"Secretario T\u00e9cnico","twitter_card":"summary_large_image","twitter_misc":{"Written by":"Secretario T\u00e9cnico","Est. reading time":"2 minutes"},"schema":{"@context":"https:\/\/schema.org","@graph":[{"@type":"Article","@id":"https:\/\/www.iec2024.ec\/en\/plenary-assembly-2023-preparation-for-the-international\/#article","isPartOf":{"@id":"https:\/\/www.iec2024.ec\/en\/plenary-assembly-2023-preparation-for-the-international\/"},"author":{"name":"Secretario T\u00e9cnico","@id":"https:\/\/www.iec2024.ec\/en\/#\/schema\/person\/7dc46e27a804fe39ba34935ca5284fe2"},"headline":"Plenary Assembly 2023: Preparation for the International","datePublished":"2023-09-12T18:07:46+00:00","dateModified":"2023-09-13T04:12:53+00:00","mainEntityOfPage":{"@id":"https:\/\/www.iec2024.ec\/en\/plenary-assembly-2023-preparation-for-the-international\/"},"wordCount":401,"commentCount":0,"publisher":{"@id":"https:\/\/www.iec2024.ec\/en\/#organization"},"articleSection":["News"],"inLanguage":"en-US","potentialAction":[{"@type":"CommentAction","name":"Comment","target":["https:\/\/www.iec2024.ec\/en\/plenary-assembly-2023-preparation-for-the-international\/#respond"]}]},{"@type":"WebPage","@id":"https:\/\/www.iec2024.ec\/en\/plenary-assembly-2023-preparation-for-the-international\/","url":"https:\/\/www.iec2024.ec\/en\/plenary-assembly-2023-preparation-for-the-international\/","name":"Plenary Assembly 2023: Preparation for the International - IEC 2024","isPartOf":{"@id":"https:\/\/www.iec2024.ec\/en\/#website"},"datePublished":"2023-09-12T18:07:46+00:00","dateModified":"2023-09-13T04:12:53+00:00","breadcrumb":{"@id":"https:\/\/www.iec2024.ec\/en\/plenary-assembly-2023-preparation-for-the-international\/#breadcrumb"},"inLanguage":"en-US","potentialAction":[{"@type":"ReadAction","target":["https:\/\/www.iec2024.ec\/en\/plenary-assembly-2023-preparation-for-the-international\/"]}]},{"@type":"BreadcrumbList","@id":"https:\/\/www.iec2024.ec\/en\/plenary-assembly-2023-preparation-for-the-international\/#breadcrumb","itemListElement":[{"@type":"ListItem","position":1,"name":"Portada","item":"https:\/\/www.iec2024.ec\/en\/"},{"@type":"ListItem","position":2,"name":"Plenary Assembly 2023: Preparation for the International"}]},{"@type":"WebSite","@id":"https:\/\/www.iec2024.ec\/en\/#website","url":"https:\/\/www.iec2024.ec\/en\/","name":"IEC 2024","description":"","publisher":{"@id":"https:\/\/www.iec2024.ec\/en\/#organization"},"potentialAction":[{"@type":"SearchAction","target":{"@type":"EntryPoint","urlTemplate":"https:\/\/www.iec2024.ec\/en\/?s={search_term_string}"},"query-input":"required name=search_term_string"}],"inLanguage":"en-US"},{"@type":"Organization","@id":"https:\/\/www.iec2024.ec\/en\/#organization","name":"IEC 2024","url":"https:\/\/www.iec2024.ec\/en\/","logo":{"@type":"ImageObject","inLanguage":"en-US","@id":"https:\/\/www.iec2024.ec\/en\/#\/schema\/logo\/image\/","url":"https:\/\/www.iec2024.ec\/wp-content\/uploads\/2024\/01\/cropped-logo-2024.png","contentUrl":"https:\/\/www.iec2024.ec\/wp-content\/uploads\/2024\/01\/cropped-logo-2024.png","width":1277,"height":332,"caption":"IEC 2024"},"image":{"@id":"https:\/\/www.iec2024.ec\/en\/#\/schema\/logo\/image\/"}},{"@type":"Person","@id":"https:\/\/www.iec2024.ec\/en\/#\/schema\/person\/7dc46e27a804fe39ba34935ca5284fe2","name":"Secretario T\u00e9cnico","image":{"@type":"ImageObject","inLanguage":"en-US","@id":"https:\/\/www.iec2024.ec\/en\/#\/schema\/person\/image\/","url":"https:\/\/secure.gravatar.com\/avatar\/67808a21710148ea0645bc85e43e21b6?s=96&d=mm&r=g","contentUrl":"https:\/\/secure.gravatar.com\/avatar\/67808a21710148ea0645bc85e43e21b6?s=96&d=mm&r=g","caption":"Secretario T\u00e9cnico"},"url":"https:\/\/www.iec2024.ec\/en\/author\/4dm1ns3cr3t4r10\/"}]}},"_links":{"self":[{"href":"https:\/\/www.iec2024.ec\/en\/wp-json\/wp\/v2\/posts\/3020"}],"collection":[{"href":"https:\/\/www.iec2024.ec\/en\/wp-json\/wp\/v2\/posts"}],"about":[{"href":"https:\/\/www.iec2024.ec\/en\/wp-json\/wp\/v2\/types\/post"}],"author":[{"embeddable":true,"href":"https:\/\/www.iec2024.ec\/en\/wp-json\/wp\/v2\/users\/2"}],"replies":[{"embeddable":true,"href":"https:\/\/www.iec2024.ec\/en\/wp-json\/wp\/v2\/comments?post=3020"}],"version-history":[{"count":2,"href":"https:\/\/www.iec2024.ec\/en\/wp-json\/wp\/v2\/posts\/3020\/revisions"}],"predecessor-version":[{"id":5824,"href":"https:\/\/www.iec2024.ec\/en\/wp-json\/wp\/v2\/posts\/3020\/revisions\/5824"}],"wp:featuredmedia":[{"embeddable":true,"href":"https:\/\/www.iec2024.ec\/en\/wp-json\/wp\/v2\/media\/3025"}],"wp:attachment":[{"href":"https:\/\/www.iec2024.ec\/en\/wp-json\/wp\/v2\/media?parent=3020"}],"wp:term":[{"taxonomy":"category","embeddable":true,"href":"https:\/\/www.iec2024.ec\/en\/wp-json\/wp\/v2\/categories?post=3020"},{"taxonomy":"post_tag","embeddable":true,"href":"https:\/\/www.iec2024.ec\/en\/wp-json\/wp\/v2\/tags?post=3020"}],"curies":[{"name":"wp","href":"https:\/\/api.w.org\/{rel}","templated":true}]}}