{"id":3048,"date":"2023-09-12T10:28:01","date_gmt":"2023-09-12T15:28:01","guid":{"rendered":"https:\/\/www.iec2024.ec\/inicio-la-asamblea-plenaria-del-pontificio-comite-para-los-congresos-eucaristicos-internacionales-en-preparacion-al-53-congreso-eucaristico-internacional-iec-2024\/"},"modified":"2023-09-12T23:17:16","modified_gmt":"2023-09-13T04:17:16","slug":"the-plenary-assembly-of-the-pontifical-committee-for-international-eucharistic-congresses-began-in-preparation-for-the-53rd-international-eucharistic-congress-iec-2024","status":"publish","type":"post","link":"https:\/\/www.iec2024.ec\/en\/the-plenary-assembly-of-the-pontifical-committee-for-international-eucharistic-congresses-began-in-preparation-for-the-53rd-international-eucharistic-congress-iec-2024\/","title":{"rendered":"\u201cPlenary Assembly of the Pontifical Committee for International Eucharistic Congresses\u201d began in preparation for the 53rd IEC 2024"},"content":{"rendered":"<p>En un ambiente de fraternidad inici\u00f3 oficialmente la \u201cAsamblea Plenaria del Pontificio Comit\u00e9 para los Congresos Eucar\u00edsticos Internacionales\u201d en preparaci\u00f3n al 53 Congreso Eucar\u00edstico Internacional (IEC 2024).<\/p>\n<p>A esta hora delegados de 34 Conferencias Episcolpales del mundo se re\u00fanen en Quito- Ecuador para informarse sobre los preparativos del encuentro m\u00e1s importante de la iglesia Cat\u00f3lica en el mundo.<\/p>\n<p>iEcuador ser\u00e1 la sede!<\/p>\n<p>Monse\u00f1or Alfredo Jos\u00e9 Espinoza Mateus, Arzobispo de Quito y Primado del Ecuador, sdb., manifest\u00f3 que el Congreso Eucar\u00edstico es un desaf\u00edo para la Arquidi\u00f3cesis de Quito y para el Ecuador, un pueblo que ama fervientemente a la Eucarist\u00eda, que pide la bendici\u00f3n y que manifiesta su amor a la Virgen Mar\u00eda.<\/p>\n<p>\u201cQueremos gritar que la fraternidad es el camino que debemos recorrer hoy\u201d, expres\u00f3.<\/p>\n<p>Por su parte, el P. Corrado Maggioni, presidente del Comit\u00e9 Pontificio para Congresos Eucar\u00edsticos Internacionales destac\u00f3 la gentileza de de los ecuatorianos, \u201ces un pa\u00eds maravilloso y amable\u201d, coment\u00f3 al tiempo que dio conocer si alegr\u00eda de volver a Quito.<\/p>\n","protected":false},"excerpt":{"rendered":"<p>En un ambiente de fraternidad inici\u00f3 oficialmente la \u201cAsamblea Plenaria del Pontificio Comit\u00e9 para los Congresos Eucar\u00edsticos Internacionales\u201d en preparaci\u00f3n al 53 Congreso Eucar\u00edstico Internacional (IEC 2024). A esta hora delegados de 34 Conferencias Episcolpales del mundo se re\u00fanen en Quito- Ecuador para informarse sobre los preparativos del encuentro m\u00e1s importante de la iglesia Cat\u00f3lica [&hellip;]<\/p>\n","protected":false},"author":2,"featured_media":3055,"comment_status":"open","ping_status":"open","sticky":false,"template":"","format":"standard","meta":{"footnotes":""},"categories":[33],"tags":[],"acf":[],"yoast_head":"<!-- This site is optimized with the Yoast SEO plugin v21.1 - https:\/\/yoast.com\/wordpress\/plugins\/seo\/ -->\n<title>\u201cPlenary Assembly of the Pontifical Committee for International Eucharistic Congresses\u201d began in preparation for the 53rd IEC 2024 - IEC 2024<\/title>\n<meta name=\"robots\" content=\"index, follow, max-snippet:-1, max-image-preview:large, max-video-preview:-1\" \/>\n<link rel=\"canonical\" href=\"https:\/\/www.iec2024.ec\/en\/the-plenary-assembly-of-the-pontifical-committee-for-international-eucharistic-congresses-began-in-preparation-for-the-53rd-international-eucharistic-congress-iec-2024\/\" \/>\n<meta property=\"og:locale\" content=\"en_US\" \/>\n<meta property=\"og:type\" content=\"article\" \/>\n<meta property=\"og:title\" content=\"\u201cPlenary Assembly of the Pontifical Committee for International Eucharistic Congresses\u201d began in preparation for the 53rd IEC 2024 - IEC 2024\" \/>\n<meta property=\"og:description\" content=\"En un ambiente de fraternidad inici\u00f3 oficialmente la \u201cAsamblea Plenaria del Pontificio Comit\u00e9 para los Congresos Eucar\u00edsticos Internacionales\u201d en preparaci\u00f3n al 53 Congreso Eucar\u00edstico Internacional (IEC 2024). A esta hora delegados de 34 Conferencias Episcolpales del mundo se re\u00fanen en Quito- Ecuador para informarse sobre los preparativos del encuentro m\u00e1s importante de la iglesia Cat\u00f3lica [&hellip;]\" \/>\n<meta property=\"og:url\" content=\"https:\/\/www.iec2024.ec\/en\/the-plenary-assembly-of-the-pontifical-committee-for-international-eucharistic-congresses-began-in-preparation-for-the-53rd-international-eucharistic-congress-iec-2024\/\" \/>\n<meta property=\"og:site_name\" content=\"IEC 2024\" \/>\n<meta property=\"article:published_time\" content=\"2023-09-12T15:28:01+00:00\" \/>\n<meta property=\"article:modified_time\" content=\"2023-09-13T04:17:16+00:00\" \/>\n<meta property=\"og:image\" content=\"https:\/\/www.iec2024.ec\/wp-content\/uploads\/2023\/09\/WhatsApp-Image-2023-09-12-at-09.29.13.jpeg\" \/>\n\t<meta property=\"og:image:width\" content=\"1600\" \/>\n\t<meta property=\"og:image:height\" content=\"1066\" \/>\n\t<meta property=\"og:image:type\" content=\"image\/jpeg\" \/>\n<meta name=\"author\" content=\"Secretario T\u00e9cnico\" \/>\n<meta name=\"twitter:card\" content=\"summary_large_image\" \/>\n<meta name=\"twitter:label1\" content=\"Written by\" \/>\n\t<meta name=\"twitter:data1\" content=\"Secretario T\u00e9cnico\" \/>\n\t<meta name=\"twitter:label2\" content=\"Est. reading time\" \/>\n\t<meta name=\"twitter:data2\" content=\"1 minute\" \/>\n<script type=\"application\/ld+json\" class=\"yoast-schema-graph\">{\"@context\":\"https:\/\/schema.org\",\"@graph\":[{\"@type\":\"Article\",\"@id\":\"https:\/\/www.iec2024.ec\/en\/the-plenary-assembly-of-the-pontifical-committee-for-international-eucharistic-congresses-began-in-preparation-for-the-53rd-international-eucharistic-congress-iec-2024\/#article\",\"isPartOf\":{\"@id\":\"https:\/\/www.iec2024.ec\/en\/the-plenary-assembly-of-the-pontifical-committee-for-international-eucharistic-congresses-began-in-preparation-for-the-53rd-international-eucharistic-congress-iec-2024\/\"},\"author\":{\"name\":\"Secretario T\u00e9cnico\",\"@id\":\"https:\/\/www.iec2024.ec\/en\/#\/schema\/person\/7dc46e27a804fe39ba34935ca5284fe2\"},\"headline\":\"\u201cPlenary Assembly of the Pontifical Committee for International Eucharistic Congresses\u201d began in preparation for the 53rd IEC 2024\",\"datePublished\":\"2023-09-12T15:28:01+00:00\",\"dateModified\":\"2023-09-13T04:17:16+00:00\",\"mainEntityOfPage\":{\"@id\":\"https:\/\/www.iec2024.ec\/en\/the-plenary-assembly-of-the-pontifical-committee-for-international-eucharistic-congresses-began-in-preparation-for-the-53rd-international-eucharistic-congress-iec-2024\/\"},\"wordCount\":196,\"commentCount\":0,\"publisher\":{\"@id\":\"https:\/\/www.iec2024.ec\/en\/#organization\"},\"articleSection\":[\"News\"],\"inLanguage\":\"en-US\",\"potentialAction\":[{\"@type\":\"CommentAction\",\"name\":\"Comment\",\"target\":[\"https:\/\/www.iec2024.ec\/en\/the-plenary-assembly-of-the-pontifical-committee-for-international-eucharistic-congresses-began-in-preparation-for-the-53rd-international-eucharistic-congress-iec-2024\/#respond\"]}]},{\"@type\":\"WebPage\",\"@id\":\"https:\/\/www.iec2024.ec\/en\/the-plenary-assembly-of-the-pontifical-committee-for-international-eucharistic-congresses-began-in-preparation-for-the-53rd-international-eucharistic-congress-iec-2024\/\",\"url\":\"https:\/\/www.iec2024.ec\/en\/the-plenary-assembly-of-the-pontifical-committee-for-international-eucharistic-congresses-began-in-preparation-for-the-53rd-international-eucharistic-congress-iec-2024\/\",\"name\":\"\u201cPlenary Assembly of the Pontifical Committee for International Eucharistic Congresses\u201d began in preparation for the 53rd IEC 2024 - IEC 2024\",\"isPartOf\":{\"@id\":\"https:\/\/www.iec2024.ec\/en\/#website\"},\"datePublished\":\"2023-09-12T15:28:01+00:00\",\"dateModified\":\"2023-09-13T04:17:16+00:00\",\"breadcrumb\":{\"@id\":\"https:\/\/www.iec2024.ec\/en\/the-plenary-assembly-of-the-pontifical-committee-for-international-eucharistic-congresses-began-in-preparation-for-the-53rd-international-eucharistic-congress-iec-2024\/#breadcrumb\"},\"inLanguage\":\"en-US\",\"potentialAction\":[{\"@type\":\"ReadAction\",\"target\":[\"https:\/\/www.iec2024.ec\/en\/the-plenary-assembly-of-the-pontifical-committee-for-international-eucharistic-congresses-began-in-preparation-for-the-53rd-international-eucharistic-congress-iec-2024\/\"]}]},{\"@type\":\"BreadcrumbList\",\"@id\":\"https:\/\/www.iec2024.ec\/en\/the-plenary-assembly-of-the-pontifical-committee-for-international-eucharistic-congresses-began-in-preparation-for-the-53rd-international-eucharistic-congress-iec-2024\/#breadcrumb\",\"itemListElement\":[{\"@type\":\"ListItem\",\"position\":1,\"name\":\"Portada\",\"item\":\"https:\/\/www.iec2024.ec\/en\/\"},{\"@type\":\"ListItem\",\"position\":2,\"name\":\"\u201cPlenary Assembly of the Pontifical Committee for International Eucharistic Congresses\u201d began in preparation for the 53rd IEC 2024\"}]},{\"@type\":\"WebSite\",\"@id\":\"https:\/\/www.iec2024.ec\/en\/#website\",\"url\":\"https:\/\/www.iec2024.ec\/en\/\",\"name\":\"IEC 2024\",\"description\":\"\",\"publisher\":{\"@id\":\"https:\/\/www.iec2024.ec\/en\/#organization\"},\"potentialAction\":[{\"@type\":\"SearchAction\",\"target\":{\"@type\":\"EntryPoint\",\"urlTemplate\":\"https:\/\/www.iec2024.ec\/en\/?s={search_term_string}\"},\"query-input\":\"required name=search_term_string\"}],\"inLanguage\":\"en-US\"},{\"@type\":\"Organization\",\"@id\":\"https:\/\/www.iec2024.ec\/en\/#organization\",\"name\":\"IEC 2024\",\"url\":\"https:\/\/www.iec2024.ec\/en\/\",\"logo\":{\"@type\":\"ImageObject\",\"inLanguage\":\"en-US\",\"@id\":\"https:\/\/www.iec2024.ec\/en\/#\/schema\/logo\/image\/\",\"url\":\"https:\/\/www.iec2024.ec\/wp-content\/uploads\/2024\/01\/cropped-logo-2024.png\",\"contentUrl\":\"https:\/\/www.iec2024.ec\/wp-content\/uploads\/2024\/01\/cropped-logo-2024.png\",\"width\":1277,\"height\":332,\"caption\":\"IEC 2024\"},\"image\":{\"@id\":\"https:\/\/www.iec2024.ec\/en\/#\/schema\/logo\/image\/\"}},{\"@type\":\"Person\",\"@id\":\"https:\/\/www.iec2024.ec\/en\/#\/schema\/person\/7dc46e27a804fe39ba34935ca5284fe2\",\"name\":\"Secretario T\u00e9cnico\",\"image\":{\"@type\":\"ImageObject\",\"inLanguage\":\"en-US\",\"@id\":\"https:\/\/www.iec2024.ec\/en\/#\/schema\/person\/image\/\",\"url\":\"https:\/\/secure.gravatar.com\/avatar\/67808a21710148ea0645bc85e43e21b6?s=96&d=mm&r=g\",\"contentUrl\":\"https:\/\/secure.gravatar.com\/avatar\/67808a21710148ea0645bc85e43e21b6?s=96&d=mm&r=g\",\"caption\":\"Secretario T\u00e9cnico\"},\"url\":\"https:\/\/www.iec2024.ec\/en\/author\/4dm1ns3cr3t4r10\/\"}]}<\/script>\n<!-- \/ Yoast SEO plugin. -->","yoast_head_json":{"title":"\u201cPlenary Assembly of the Pontifical Committee for International Eucharistic Congresses\u201d began in preparation for the 53rd IEC 2024 - IEC 2024","robots":{"index":"index","follow":"follow","max-snippet":"max-snippet:-1","max-image-preview":"max-image-preview:large","max-video-preview":"max-video-preview:-1"},"canonical":"https:\/\/www.iec2024.ec\/en\/the-plenary-assembly-of-the-pontifical-committee-for-international-eucharistic-congresses-began-in-preparation-for-the-53rd-international-eucharistic-congress-iec-2024\/","og_locale":"en_US","og_type":"article","og_title":"\u201cPlenary Assembly of the Pontifical Committee for International Eucharistic Congresses\u201d began in preparation for the 53rd IEC 2024 - IEC 2024","og_description":"En un ambiente de fraternidad inici\u00f3 oficialmente la \u201cAsamblea Plenaria del Pontificio Comit\u00e9 para los Congresos Eucar\u00edsticos Internacionales\u201d en preparaci\u00f3n al 53 Congreso Eucar\u00edstico Internacional (IEC 2024). A esta hora delegados de 34 Conferencias Episcolpales del mundo se re\u00fanen en Quito- Ecuador para informarse sobre los preparativos del encuentro m\u00e1s importante de la iglesia Cat\u00f3lica [&hellip;]","og_url":"https:\/\/www.iec2024.ec\/en\/the-plenary-assembly-of-the-pontifical-committee-for-international-eucharistic-congresses-began-in-preparation-for-the-53rd-international-eucharistic-congress-iec-2024\/","og_site_name":"IEC 2024","article_published_time":"2023-09-12T15:28:01+00:00","article_modified_time":"2023-09-13T04:17:16+00:00","og_image":[{"width":1600,"height":1066,"url":"https:\/\/www.iec2024.ec\/wp-content\/uploads\/2023\/09\/WhatsApp-Image-2023-09-12-at-09.29.13.jpeg","type":"image\/jpeg"}],"author":"Secretario T\u00e9cnico","twitter_card":"summary_large_image","twitter_misc":{"Written by":"Secretario T\u00e9cnico","Est. reading time":"1 minute"},"schema":{"@context":"https:\/\/schema.org","@graph":[{"@type":"Article","@id":"https:\/\/www.iec2024.ec\/en\/the-plenary-assembly-of-the-pontifical-committee-for-international-eucharistic-congresses-began-in-preparation-for-the-53rd-international-eucharistic-congress-iec-2024\/#article","isPartOf":{"@id":"https:\/\/www.iec2024.ec\/en\/the-plenary-assembly-of-the-pontifical-committee-for-international-eucharistic-congresses-began-in-preparation-for-the-53rd-international-eucharistic-congress-iec-2024\/"},"author":{"name":"Secretario T\u00e9cnico","@id":"https:\/\/www.iec2024.ec\/en\/#\/schema\/person\/7dc46e27a804fe39ba34935ca5284fe2"},"headline":"\u201cPlenary Assembly of the Pontifical Committee for International Eucharistic Congresses\u201d began in preparation for the 53rd IEC 2024","datePublished":"2023-09-12T15:28:01+00:00","dateModified":"2023-09-13T04:17:16+00:00","mainEntityOfPage":{"@id":"https:\/\/www.iec2024.ec\/en\/the-plenary-assembly-of-the-pontifical-committee-for-international-eucharistic-congresses-began-in-preparation-for-the-53rd-international-eucharistic-congress-iec-2024\/"},"wordCount":196,"commentCount":0,"publisher":{"@id":"https:\/\/www.iec2024.ec\/en\/#organization"},"articleSection":["News"],"inLanguage":"en-US","potentialAction":[{"@type":"CommentAction","name":"Comment","target":["https:\/\/www.iec2024.ec\/en\/the-plenary-assembly-of-the-pontifical-committee-for-international-eucharistic-congresses-began-in-preparation-for-the-53rd-international-eucharistic-congress-iec-2024\/#respond"]}]},{"@type":"WebPage","@id":"https:\/\/www.iec2024.ec\/en\/the-plenary-assembly-of-the-pontifical-committee-for-international-eucharistic-congresses-began-in-preparation-for-the-53rd-international-eucharistic-congress-iec-2024\/","url":"https:\/\/www.iec2024.ec\/en\/the-plenary-assembly-of-the-pontifical-committee-for-international-eucharistic-congresses-began-in-preparation-for-the-53rd-international-eucharistic-congress-iec-2024\/","name":"\u201cPlenary Assembly of the Pontifical Committee for International Eucharistic Congresses\u201d began in preparation for the 53rd IEC 2024 - IEC 2024","isPartOf":{"@id":"https:\/\/www.iec2024.ec\/en\/#website"},"datePublished":"2023-09-12T15:28:01+00:00","dateModified":"2023-09-13T04:17:16+00:00","breadcrumb":{"@id":"https:\/\/www.iec2024.ec\/en\/the-plenary-assembly-of-the-pontifical-committee-for-international-eucharistic-congresses-began-in-preparation-for-the-53rd-international-eucharistic-congress-iec-2024\/#breadcrumb"},"inLanguage":"en-US","potentialAction":[{"@type":"ReadAction","target":["https:\/\/www.iec2024.ec\/en\/the-plenary-assembly-of-the-pontifical-committee-for-international-eucharistic-congresses-began-in-preparation-for-the-53rd-international-eucharistic-congress-iec-2024\/"]}]},{"@type":"BreadcrumbList","@id":"https:\/\/www.iec2024.ec\/en\/the-plenary-assembly-of-the-pontifical-committee-for-international-eucharistic-congresses-began-in-preparation-for-the-53rd-international-eucharistic-congress-iec-2024\/#breadcrumb","itemListElement":[{"@type":"ListItem","position":1,"name":"Portada","item":"https:\/\/www.iec2024.ec\/en\/"},{"@type":"ListItem","position":2,"name":"\u201cPlenary Assembly of the Pontifical Committee for International Eucharistic Congresses\u201d began in preparation for the 53rd IEC 2024"}]},{"@type":"WebSite","@id":"https:\/\/www.iec2024.ec\/en\/#website","url":"https:\/\/www.iec2024.ec\/en\/","name":"IEC 2024","description":"","publisher":{"@id":"https:\/\/www.iec2024.ec\/en\/#organization"},"potentialAction":[{"@type":"SearchAction","target":{"@type":"EntryPoint","urlTemplate":"https:\/\/www.iec2024.ec\/en\/?s={search_term_string}"},"query-input":"required name=search_term_string"}],"inLanguage":"en-US"},{"@type":"Organization","@id":"https:\/\/www.iec2024.ec\/en\/#organization","name":"IEC 2024","url":"https:\/\/www.iec2024.ec\/en\/","logo":{"@type":"ImageObject","inLanguage":"en-US","@id":"https:\/\/www.iec2024.ec\/en\/#\/schema\/logo\/image\/","url":"https:\/\/www.iec2024.ec\/wp-content\/uploads\/2024\/01\/cropped-logo-2024.png","contentUrl":"https:\/\/www.iec2024.ec\/wp-content\/uploads\/2024\/01\/cropped-logo-2024.png","width":1277,"height":332,"caption":"IEC 2024"},"image":{"@id":"https:\/\/www.iec2024.ec\/en\/#\/schema\/logo\/image\/"}},{"@type":"Person","@id":"https:\/\/www.iec2024.ec\/en\/#\/schema\/person\/7dc46e27a804fe39ba34935ca5284fe2","name":"Secretario T\u00e9cnico","image":{"@type":"ImageObject","inLanguage":"en-US","@id":"https:\/\/www.iec2024.ec\/en\/#\/schema\/person\/image\/","url":"https:\/\/secure.gravatar.com\/avatar\/67808a21710148ea0645bc85e43e21b6?s=96&d=mm&r=g","contentUrl":"https:\/\/secure.gravatar.com\/avatar\/67808a21710148ea0645bc85e43e21b6?s=96&d=mm&r=g","caption":"Secretario T\u00e9cnico"},"url":"https:\/\/www.iec2024.ec\/en\/author\/4dm1ns3cr3t4r10\/"}]}},"_links":{"self":[{"href":"https:\/\/www.iec2024.ec\/en\/wp-json\/wp\/v2\/posts\/3048"}],"collection":[{"href":"https:\/\/www.iec2024.ec\/en\/wp-json\/wp\/v2\/posts"}],"about":[{"href":"https:\/\/www.iec2024.ec\/en\/wp-json\/wp\/v2\/types\/post"}],"author":[{"embeddable":true,"href":"https:\/\/www.iec2024.ec\/en\/wp-json\/wp\/v2\/users\/2"}],"replies":[{"embeddable":true,"href":"https:\/\/www.iec2024.ec\/en\/wp-json\/wp\/v2\/comments?post=3048"}],"version-history":[{"count":5,"href":"https:\/\/www.iec2024.ec\/en\/wp-json\/wp\/v2\/posts\/3048\/revisions"}],"predecessor-version":[{"id":5830,"href":"https:\/\/www.iec2024.ec\/en\/wp-json\/wp\/v2\/posts\/3048\/revisions\/5830"}],"wp:featuredmedia":[{"embeddable":true,"href":"https:\/\/www.iec2024.ec\/en\/wp-json\/wp\/v2\/media\/3055"}],"wp:attachment":[{"href":"https:\/\/www.iec2024.ec\/en\/wp-json\/wp\/v2\/media?parent=3048"}],"wp:term":[{"taxonomy":"category","embeddable":true,"href":"https:\/\/www.iec2024.ec\/en\/wp-json\/wp\/v2\/categories?post=3048"},{"taxonomy":"post_tag","embeddable":true,"href":"https:\/\/www.iec2024.ec\/en\/wp-json\/wp\/v2\/tags?post=3048"}],"curies":[{"name":"wp","href":"https:\/\/api.w.org\/{rel}","templated":true}]}}