{"id":3130,"date":"2023-08-29T16:57:53","date_gmt":"2023-08-29T21:57:53","guid":{"rendered":"https:\/\/www.iec2024.ec\/inicio-del-recorrido-del-simbolo-del-53-congreso-eucaristico-internacional\/"},"modified":"2024-05-13T15:05:23","modified_gmt":"2024-05-13T20:05:23","slug":"inicio-del-recorrido-del-simbolo-del-53-congreso-eucaristico-internacional","status":"publish","type":"post","link":"https:\/\/www.iec2024.ec\/en\/inicio-del-recorrido-del-simbolo-del-53-congreso-eucaristico-internacional\/","title":{"rendered":"Inicio del recorrido del s\u00edmbolo del 53\u00b0 Congreso Eucar\u00edstico Internacional"},"content":{"rendered":"<p>Este martes 29 de junio, comenz\u00f3 el recorrido del s\u00edmbolo del Congreso Eucar\u00edstico Internacional 2024. La Palabra de Dios, presente en el Evangeliario, es el s\u00edmbolo que ha empezado a recorrer por los monasterios de la Arquidi\u00f3cesis de Quito.<\/p>\n<p>La celebraci\u00f3n comenz\u00f3 con la Eucarist\u00eda en la Iglesia del Monasterio de la Inmaculada Concepci\u00f3n, fue presidida por Mons. Alfredo Jos\u00e9 Espinoza, sdb, Arzobispo de Quito. En su homil\u00eda enfatiz\u00f3 el llamado a la vida, a la fe y a ser constructores de fraternidad en nuestro mundo y ante todo en nuestro pa\u00eds.<\/p>\n<p>Por otro lado, recalc\u00f3 el tema del Congreso Eucar\u00edstico Internacional: \u201cFraternidad para sanar el mundo\u201d e invit\u00f3 a ser esos \u201cprofetas de fraternidad\u201d ya que estamos llamados, enviados y consagrados hacer de la fraternidad una realidad a pesar de todas las voces de violencia y de separaci\u00f3n.<\/p>\n<p>En la Eucarist\u00eda se cont\u00f3 con la presencia de las Madres Conceptas, personal de la curia diocesana y del Congreso Eucar\u00edstico, as\u00ed como tambi\u00e9n feligreses que acuden a las celebraciones en dicha Iglesia.<\/p>\n<p>Al finalizar la Eucar\u00edstica, el Padre Juan Carlos Garz\u00f3n, secretario del Congreso Eucar\u00edstico Internacional invit\u00f3 a seguir en oraci\u00f3n por los preparativos al IEC 2024.<\/p>\n","protected":false},"excerpt":{"rendered":"<p>Este martes 29 de junio, comenz\u00f3 el recorrido del s\u00edmbolo del Congreso Eucar\u00edstico Internacional 2024. La Palabra de Dios, presente en el Evangeliario, es el s\u00edmbolo que ha empezado a recorrer por los monasterios de la Arquidi\u00f3cesis de Quito. La celebraci\u00f3n comenz\u00f3 con la Eucarist\u00eda en la Iglesia del Monasterio de la Inmaculada Concepci\u00f3n, fue [&hellip;]<\/p>\n","protected":false},"author":2,"featured_media":3134,"comment_status":"open","ping_status":"open","sticky":false,"template":"","format":"standard","meta":{"footnotes":""},"categories":[33],"tags":[],"acf":[],"yoast_head":"<!-- This site is optimized with the Yoast SEO plugin v21.1 - https:\/\/yoast.com\/wordpress\/plugins\/seo\/ -->\n<title>Inicio del recorrido del s\u00edmbolo del 53\u00b0 Congreso Eucar\u00edstico Internacional - IEC 2024<\/title>\n<meta name=\"robots\" content=\"index, follow, max-snippet:-1, max-image-preview:large, max-video-preview:-1\" \/>\n<link rel=\"canonical\" href=\"https:\/\/www.iec2024.ec\/en\/inicio-del-recorrido-del-simbolo-del-53-congreso-eucaristico-internacional\/\" \/>\n<meta property=\"og:locale\" content=\"en_US\" \/>\n<meta property=\"og:type\" content=\"article\" \/>\n<meta property=\"og:title\" content=\"Inicio del recorrido del s\u00edmbolo del 53\u00b0 Congreso Eucar\u00edstico Internacional - IEC 2024\" \/>\n<meta property=\"og:description\" content=\"Este martes 29 de junio, comenz\u00f3 el recorrido del s\u00edmbolo del Congreso Eucar\u00edstico Internacional 2024. La Palabra de Dios, presente en el Evangeliario, es el s\u00edmbolo que ha empezado a recorrer por los monasterios de la Arquidi\u00f3cesis de Quito. La celebraci\u00f3n comenz\u00f3 con la Eucarist\u00eda en la Iglesia del Monasterio de la Inmaculada Concepci\u00f3n, fue [&hellip;]\" \/>\n<meta property=\"og:url\" content=\"https:\/\/www.iec2024.ec\/en\/inicio-del-recorrido-del-simbolo-del-53-congreso-eucaristico-internacional\/\" \/>\n<meta property=\"og:site_name\" content=\"IEC 2024\" \/>\n<meta property=\"article:published_time\" content=\"2023-08-29T21:57:53+00:00\" \/>\n<meta property=\"article:modified_time\" content=\"2024-05-13T20:05:23+00:00\" \/>\n<meta property=\"og:image\" content=\"https:\/\/www.iec2024.ec\/wp-content\/uploads\/2023\/08\/IMG_9700-scaled-1.jpg\" \/>\n\t<meta property=\"og:image:width\" content=\"2560\" \/>\n\t<meta property=\"og:image:height\" content=\"1707\" \/>\n\t<meta property=\"og:image:type\" content=\"image\/jpeg\" \/>\n<meta name=\"author\" content=\"Secretario T\u00e9cnico\" \/>\n<meta name=\"twitter:card\" content=\"summary_large_image\" \/>\n<meta name=\"twitter:label1\" content=\"Written by\" \/>\n\t<meta name=\"twitter:data1\" content=\"Secretario T\u00e9cnico\" \/>\n\t<meta name=\"twitter:label2\" content=\"Est. reading time\" \/>\n\t<meta name=\"twitter:data2\" content=\"1 minute\" \/>\n<script type=\"application\/ld+json\" class=\"yoast-schema-graph\">{\"@context\":\"https:\/\/schema.org\",\"@graph\":[{\"@type\":\"Article\",\"@id\":\"https:\/\/www.iec2024.ec\/en\/inicio-del-recorrido-del-simbolo-del-53-congreso-eucaristico-internacional\/#article\",\"isPartOf\":{\"@id\":\"https:\/\/www.iec2024.ec\/en\/inicio-del-recorrido-del-simbolo-del-53-congreso-eucaristico-internacional\/\"},\"author\":{\"name\":\"Secretario T\u00e9cnico\",\"@id\":\"https:\/\/www.iec2024.ec\/en\/#\/schema\/person\/7dc46e27a804fe39ba34935ca5284fe2\"},\"headline\":\"Inicio del recorrido del s\u00edmbolo del 53\u00b0 Congreso Eucar\u00edstico Internacional\",\"datePublished\":\"2023-08-29T21:57:53+00:00\",\"dateModified\":\"2024-05-13T20:05:23+00:00\",\"mainEntityOfPage\":{\"@id\":\"https:\/\/www.iec2024.ec\/en\/inicio-del-recorrido-del-simbolo-del-53-congreso-eucaristico-internacional\/\"},\"wordCount\":223,\"commentCount\":0,\"publisher\":{\"@id\":\"https:\/\/www.iec2024.ec\/en\/#organization\"},\"articleSection\":[\"News\"],\"inLanguage\":\"en-US\",\"potentialAction\":[{\"@type\":\"CommentAction\",\"name\":\"Comment\",\"target\":[\"https:\/\/www.iec2024.ec\/en\/inicio-del-recorrido-del-simbolo-del-53-congreso-eucaristico-internacional\/#respond\"]}]},{\"@type\":\"WebPage\",\"@id\":\"https:\/\/www.iec2024.ec\/en\/inicio-del-recorrido-del-simbolo-del-53-congreso-eucaristico-internacional\/\",\"url\":\"https:\/\/www.iec2024.ec\/en\/inicio-del-recorrido-del-simbolo-del-53-congreso-eucaristico-internacional\/\",\"name\":\"Inicio del recorrido del s\u00edmbolo del 53\u00b0 Congreso Eucar\u00edstico Internacional - IEC 2024\",\"isPartOf\":{\"@id\":\"https:\/\/www.iec2024.ec\/en\/#website\"},\"datePublished\":\"2023-08-29T21:57:53+00:00\",\"dateModified\":\"2024-05-13T20:05:23+00:00\",\"breadcrumb\":{\"@id\":\"https:\/\/www.iec2024.ec\/en\/inicio-del-recorrido-del-simbolo-del-53-congreso-eucaristico-internacional\/#breadcrumb\"},\"inLanguage\":\"en-US\",\"potentialAction\":[{\"@type\":\"ReadAction\",\"target\":[\"https:\/\/www.iec2024.ec\/en\/inicio-del-recorrido-del-simbolo-del-53-congreso-eucaristico-internacional\/\"]}]},{\"@type\":\"BreadcrumbList\",\"@id\":\"https:\/\/www.iec2024.ec\/en\/inicio-del-recorrido-del-simbolo-del-53-congreso-eucaristico-internacional\/#breadcrumb\",\"itemListElement\":[{\"@type\":\"ListItem\",\"position\":1,\"name\":\"Portada\",\"item\":\"https:\/\/www.iec2024.ec\/en\/\"},{\"@type\":\"ListItem\",\"position\":2,\"name\":\"Inicio del recorrido del s\u00edmbolo del 53\u00b0 Congreso Eucar\u00edstico Internacional\"}]},{\"@type\":\"WebSite\",\"@id\":\"https:\/\/www.iec2024.ec\/en\/#website\",\"url\":\"https:\/\/www.iec2024.ec\/en\/\",\"name\":\"IEC 2024\",\"description\":\"\",\"publisher\":{\"@id\":\"https:\/\/www.iec2024.ec\/en\/#organization\"},\"potentialAction\":[{\"@type\":\"SearchAction\",\"target\":{\"@type\":\"EntryPoint\",\"urlTemplate\":\"https:\/\/www.iec2024.ec\/en\/?s={search_term_string}\"},\"query-input\":\"required name=search_term_string\"}],\"inLanguage\":\"en-US\"},{\"@type\":\"Organization\",\"@id\":\"https:\/\/www.iec2024.ec\/en\/#organization\",\"name\":\"IEC 2024\",\"url\":\"https:\/\/www.iec2024.ec\/en\/\",\"logo\":{\"@type\":\"ImageObject\",\"inLanguage\":\"en-US\",\"@id\":\"https:\/\/www.iec2024.ec\/en\/#\/schema\/logo\/image\/\",\"url\":\"https:\/\/www.iec2024.ec\/wp-content\/uploads\/2024\/01\/cropped-logo-2024.png\",\"contentUrl\":\"https:\/\/www.iec2024.ec\/wp-content\/uploads\/2024\/01\/cropped-logo-2024.png\",\"width\":1277,\"height\":332,\"caption\":\"IEC 2024\"},\"image\":{\"@id\":\"https:\/\/www.iec2024.ec\/en\/#\/schema\/logo\/image\/\"}},{\"@type\":\"Person\",\"@id\":\"https:\/\/www.iec2024.ec\/en\/#\/schema\/person\/7dc46e27a804fe39ba34935ca5284fe2\",\"name\":\"Secretario T\u00e9cnico\",\"image\":{\"@type\":\"ImageObject\",\"inLanguage\":\"en-US\",\"@id\":\"https:\/\/www.iec2024.ec\/en\/#\/schema\/person\/image\/\",\"url\":\"https:\/\/secure.gravatar.com\/avatar\/67808a21710148ea0645bc85e43e21b6?s=96&d=mm&r=g\",\"contentUrl\":\"https:\/\/secure.gravatar.com\/avatar\/67808a21710148ea0645bc85e43e21b6?s=96&d=mm&r=g\",\"caption\":\"Secretario T\u00e9cnico\"},\"url\":\"https:\/\/www.iec2024.ec\/en\/author\/4dm1ns3cr3t4r10\/\"}]}<\/script>\n<!-- \/ Yoast SEO plugin. -->","yoast_head_json":{"title":"Inicio del recorrido del s\u00edmbolo del 53\u00b0 Congreso Eucar\u00edstico Internacional - IEC 2024","robots":{"index":"index","follow":"follow","max-snippet":"max-snippet:-1","max-image-preview":"max-image-preview:large","max-video-preview":"max-video-preview:-1"},"canonical":"https:\/\/www.iec2024.ec\/en\/inicio-del-recorrido-del-simbolo-del-53-congreso-eucaristico-internacional\/","og_locale":"en_US","og_type":"article","og_title":"Inicio del recorrido del s\u00edmbolo del 53\u00b0 Congreso Eucar\u00edstico Internacional - IEC 2024","og_description":"Este martes 29 de junio, comenz\u00f3 el recorrido del s\u00edmbolo del Congreso Eucar\u00edstico Internacional 2024. La Palabra de Dios, presente en el Evangeliario, es el s\u00edmbolo que ha empezado a recorrer por los monasterios de la Arquidi\u00f3cesis de Quito. La celebraci\u00f3n comenz\u00f3 con la Eucarist\u00eda en la Iglesia del Monasterio de la Inmaculada Concepci\u00f3n, fue [&hellip;]","og_url":"https:\/\/www.iec2024.ec\/en\/inicio-del-recorrido-del-simbolo-del-53-congreso-eucaristico-internacional\/","og_site_name":"IEC 2024","article_published_time":"2023-08-29T21:57:53+00:00","article_modified_time":"2024-05-13T20:05:23+00:00","og_image":[{"width":2560,"height":1707,"url":"https:\/\/www.iec2024.ec\/wp-content\/uploads\/2023\/08\/IMG_9700-scaled-1.jpg","type":"image\/jpeg"}],"author":"Secretario T\u00e9cnico","twitter_card":"summary_large_image","twitter_misc":{"Written by":"Secretario T\u00e9cnico","Est. reading time":"1 minute"},"schema":{"@context":"https:\/\/schema.org","@graph":[{"@type":"Article","@id":"https:\/\/www.iec2024.ec\/en\/inicio-del-recorrido-del-simbolo-del-53-congreso-eucaristico-internacional\/#article","isPartOf":{"@id":"https:\/\/www.iec2024.ec\/en\/inicio-del-recorrido-del-simbolo-del-53-congreso-eucaristico-internacional\/"},"author":{"name":"Secretario T\u00e9cnico","@id":"https:\/\/www.iec2024.ec\/en\/#\/schema\/person\/7dc46e27a804fe39ba34935ca5284fe2"},"headline":"Inicio del recorrido del s\u00edmbolo del 53\u00b0 Congreso Eucar\u00edstico Internacional","datePublished":"2023-08-29T21:57:53+00:00","dateModified":"2024-05-13T20:05:23+00:00","mainEntityOfPage":{"@id":"https:\/\/www.iec2024.ec\/en\/inicio-del-recorrido-del-simbolo-del-53-congreso-eucaristico-internacional\/"},"wordCount":223,"commentCount":0,"publisher":{"@id":"https:\/\/www.iec2024.ec\/en\/#organization"},"articleSection":["News"],"inLanguage":"en-US","potentialAction":[{"@type":"CommentAction","name":"Comment","target":["https:\/\/www.iec2024.ec\/en\/inicio-del-recorrido-del-simbolo-del-53-congreso-eucaristico-internacional\/#respond"]}]},{"@type":"WebPage","@id":"https:\/\/www.iec2024.ec\/en\/inicio-del-recorrido-del-simbolo-del-53-congreso-eucaristico-internacional\/","url":"https:\/\/www.iec2024.ec\/en\/inicio-del-recorrido-del-simbolo-del-53-congreso-eucaristico-internacional\/","name":"Inicio del recorrido del s\u00edmbolo del 53\u00b0 Congreso Eucar\u00edstico Internacional - IEC 2024","isPartOf":{"@id":"https:\/\/www.iec2024.ec\/en\/#website"},"datePublished":"2023-08-29T21:57:53+00:00","dateModified":"2024-05-13T20:05:23+00:00","breadcrumb":{"@id":"https:\/\/www.iec2024.ec\/en\/inicio-del-recorrido-del-simbolo-del-53-congreso-eucaristico-internacional\/#breadcrumb"},"inLanguage":"en-US","potentialAction":[{"@type":"ReadAction","target":["https:\/\/www.iec2024.ec\/en\/inicio-del-recorrido-del-simbolo-del-53-congreso-eucaristico-internacional\/"]}]},{"@type":"BreadcrumbList","@id":"https:\/\/www.iec2024.ec\/en\/inicio-del-recorrido-del-simbolo-del-53-congreso-eucaristico-internacional\/#breadcrumb","itemListElement":[{"@type":"ListItem","position":1,"name":"Portada","item":"https:\/\/www.iec2024.ec\/en\/"},{"@type":"ListItem","position":2,"name":"Inicio del recorrido del s\u00edmbolo del 53\u00b0 Congreso Eucar\u00edstico Internacional"}]},{"@type":"WebSite","@id":"https:\/\/www.iec2024.ec\/en\/#website","url":"https:\/\/www.iec2024.ec\/en\/","name":"IEC 2024","description":"","publisher":{"@id":"https:\/\/www.iec2024.ec\/en\/#organization"},"potentialAction":[{"@type":"SearchAction","target":{"@type":"EntryPoint","urlTemplate":"https:\/\/www.iec2024.ec\/en\/?s={search_term_string}"},"query-input":"required name=search_term_string"}],"inLanguage":"en-US"},{"@type":"Organization","@id":"https:\/\/www.iec2024.ec\/en\/#organization","name":"IEC 2024","url":"https:\/\/www.iec2024.ec\/en\/","logo":{"@type":"ImageObject","inLanguage":"en-US","@id":"https:\/\/www.iec2024.ec\/en\/#\/schema\/logo\/image\/","url":"https:\/\/www.iec2024.ec\/wp-content\/uploads\/2024\/01\/cropped-logo-2024.png","contentUrl":"https:\/\/www.iec2024.ec\/wp-content\/uploads\/2024\/01\/cropped-logo-2024.png","width":1277,"height":332,"caption":"IEC 2024"},"image":{"@id":"https:\/\/www.iec2024.ec\/en\/#\/schema\/logo\/image\/"}},{"@type":"Person","@id":"https:\/\/www.iec2024.ec\/en\/#\/schema\/person\/7dc46e27a804fe39ba34935ca5284fe2","name":"Secretario T\u00e9cnico","image":{"@type":"ImageObject","inLanguage":"en-US","@id":"https:\/\/www.iec2024.ec\/en\/#\/schema\/person\/image\/","url":"https:\/\/secure.gravatar.com\/avatar\/67808a21710148ea0645bc85e43e21b6?s=96&d=mm&r=g","contentUrl":"https:\/\/secure.gravatar.com\/avatar\/67808a21710148ea0645bc85e43e21b6?s=96&d=mm&r=g","caption":"Secretario T\u00e9cnico"},"url":"https:\/\/www.iec2024.ec\/en\/author\/4dm1ns3cr3t4r10\/"}]}},"_links":{"self":[{"href":"https:\/\/www.iec2024.ec\/en\/wp-json\/wp\/v2\/posts\/3130"}],"collection":[{"href":"https:\/\/www.iec2024.ec\/en\/wp-json\/wp\/v2\/posts"}],"about":[{"href":"https:\/\/www.iec2024.ec\/en\/wp-json\/wp\/v2\/types\/post"}],"author":[{"embeddable":true,"href":"https:\/\/www.iec2024.ec\/en\/wp-json\/wp\/v2\/users\/2"}],"replies":[{"embeddable":true,"href":"https:\/\/www.iec2024.ec\/en\/wp-json\/wp\/v2\/comments?post=3130"}],"version-history":[{"count":1,"href":"https:\/\/www.iec2024.ec\/en\/wp-json\/wp\/v2\/posts\/3130\/revisions"}],"predecessor-version":[{"id":5641,"href":"https:\/\/www.iec2024.ec\/en\/wp-json\/wp\/v2\/posts\/3130\/revisions\/5641"}],"wp:featuredmedia":[{"embeddable":true,"href":"https:\/\/www.iec2024.ec\/en\/wp-json\/wp\/v2\/media\/3134"}],"wp:attachment":[{"href":"https:\/\/www.iec2024.ec\/en\/wp-json\/wp\/v2\/media?parent=3130"}],"wp:term":[{"taxonomy":"category","embeddable":true,"href":"https:\/\/www.iec2024.ec\/en\/wp-json\/wp\/v2\/categories?post=3130"},{"taxonomy":"post_tag","embeddable":true,"href":"https:\/\/www.iec2024.ec\/en\/wp-json\/wp\/v2\/tags?post=3130"}],"curies":[{"name":"wp","href":"https:\/\/api.w.org\/{rel}","templated":true}]}}