{"id":3169,"date":"2023-08-07T18:07:24","date_gmt":"2023-08-07T23:07:24","guid":{"rendered":"https:\/\/www.iec2024.ec\/catequistas-franciscanos-formandose-en-torno-al-iec-congreso-eucaristico-internacional-2024\/"},"modified":"2024-05-15T16:17:22","modified_gmt":"2024-05-15T21:17:22","slug":"catequistas-franciscanos-formandose-en-torno-al-iec-congreso-eucaristico-internacional-2024","status":"publish","type":"post","link":"https:\/\/www.iec2024.ec\/en\/catequistas-franciscanos-formandose-en-torno-al-iec-congreso-eucaristico-internacional-2024\/","title":{"rendered":"Catequistas franciscanos form\u00e1ndose en torno al (IEC) Congreso Eucar\u00edstico Internacional 2024"},"content":{"rendered":"<p class=\"s3\"><span class=\"s4\"><span class=\"bumpedFont15\">El fin de semana pasado, en la ciudad de Azogues, se vivi\u00f3 un encuentro nacional de catequistas <\/span><\/span><span class=\"s4\"><span class=\"bumpedFont15\">F<\/span><\/span><span class=\"s4\"><span class=\"bumpedFont15\">ranciscanos con el tema: \u201cDel pesebre a la Cruz\u201d. En dicho encuentro, el Padre Livingston Olivares, tuvo la oportunidad de socializar sobre el Congreso Eucar\u00edstico Internacional que se desarrollar\u00e1 en Ecuador en el mes de septiembre del 2024. <\/span><\/span><\/p>\n<p class=\"s3\"><span class=\"s4\"><span class=\"bumpedFont15\">El Padre Livingston Olivares<\/span><\/span><span class=\"s4\"><span class=\"bumpedFont15\">, <\/span><\/span><span class=\"s4\"><span class=\"bumpedFont15\">presidente de la comisi\u00f3n de comunicaci\u00f3n, <\/span><\/span><span class=\"s4\"><span class=\"bumpedFont15\">coment<\/span><\/span><span class=\"s4\"><span class=\"bumpedFont15\">\u00f3<\/span><\/span><span class=\"s4\"><span class=\"bumpedFont15\"> sobre <\/span><\/span><span class=\"s4\"><span class=\"bumpedFont15\">por<\/span><\/span> <span class=\"s4\"><span class=\"bumpedFont15\">qu\u00e9<\/span><\/span><span class=\"s4\"><span class=\"bumpedFont15\"> el Papa Francisco eligi\u00f3 a Ecuador para celebrar el 53\u00b0 Congreso Eucar\u00edstico Internacional, adem\u00e1s se <\/span><\/span><span class=\"s4\"><span class=\"bumpedFont15\">rez\u00f3<\/span><\/span><span class=\"s4\"><span class=\"bumpedFont15\"> la oraci\u00f3n y se <\/span><\/span><span class=\"s4\"><span class=\"bumpedFont15\">cant\u00f3<\/span><\/span><span class=\"s4\"><span class=\"bumpedFont15\"> el himno. Posterior se <\/span><\/span><span class=\"s4\"><span class=\"bumpedFont15\">pas\u00f3<\/span><\/span><span class=\"s4\"><span class=\"bumpedFont15\">a exponer los avances del <\/span><\/span><span class=\"s4\"><span class=\"bumpedFont15\">IEC 2024. <\/span><\/span><\/p>\n<p class=\"s3\"><span class=\"s4\"><span class=\"bumpedFont15\">En el marco de esta exposici\u00f3n los catequistas se comprometieron a trabajar en conjunto y a orar como creyentes comprometidos, ya que es nuestro deber unirnos en un esp\u00edritu de dedicaci\u00f3n y fervor, comprometi\u00e9ndonos a trabajar incansablemente y elevar nuestras oraciones en apoyo a este evento trascendental. Este congreso representa una oportunidad \u00fanica para profundizar nuestra comprensi\u00f3n de la Eucarist\u00eda, el coraz\u00f3n mismo de nuestra\u00a0fe\u00a0cristiana.<\/span><\/span><\/p>\n","protected":false},"excerpt":{"rendered":"<p>El fin de semana pasado, en la ciudad de Azogues, se vivi\u00f3 un encuentro nacional de catequistas Franciscanos con el tema: \u201cDel pesebre a la Cruz\u201d. En dicho encuentro, el Padre Livingston Olivares, tuvo la oportunidad de socializar sobre el Congreso Eucar\u00edstico Internacional que se desarrollar\u00e1 en Ecuador en el mes de septiembre del 2024. [&hellip;]<\/p>\n","protected":false},"author":2,"featured_media":3174,"comment_status":"open","ping_status":"open","sticky":false,"template":"","format":"standard","meta":{"footnotes":""},"categories":[33],"tags":[],"acf":[],"yoast_head":"<!-- This site is optimized with the Yoast SEO plugin v21.1 - https:\/\/yoast.com\/wordpress\/plugins\/seo\/ -->\n<title>Catequistas franciscanos form\u00e1ndose en torno al (IEC) Congreso Eucar\u00edstico Internacional 2024 - IEC 2024<\/title>\n<meta name=\"robots\" content=\"index, follow, max-snippet:-1, max-image-preview:large, max-video-preview:-1\" \/>\n<link rel=\"canonical\" href=\"https:\/\/www.iec2024.ec\/en\/catequistas-franciscanos-formandose-en-torno-al-iec-congreso-eucaristico-internacional-2024\/\" \/>\n<meta property=\"og:locale\" content=\"en_US\" \/>\n<meta property=\"og:type\" content=\"article\" \/>\n<meta property=\"og:title\" content=\"Catequistas franciscanos form\u00e1ndose en torno al (IEC) Congreso Eucar\u00edstico Internacional 2024 - IEC 2024\" \/>\n<meta property=\"og:description\" content=\"El fin de semana pasado, en la ciudad de Azogues, se vivi\u00f3 un encuentro nacional de catequistas Franciscanos con el tema: \u201cDel pesebre a la Cruz\u201d. En dicho encuentro, el Padre Livingston Olivares, tuvo la oportunidad de socializar sobre el Congreso Eucar\u00edstico Internacional que se desarrollar\u00e1 en Ecuador en el mes de septiembre del 2024. [&hellip;]\" \/>\n<meta property=\"og:url\" content=\"https:\/\/www.iec2024.ec\/en\/catequistas-franciscanos-formandose-en-torno-al-iec-congreso-eucaristico-internacional-2024\/\" \/>\n<meta property=\"og:site_name\" content=\"IEC 2024\" \/>\n<meta property=\"article:published_time\" content=\"2023-08-07T23:07:24+00:00\" \/>\n<meta property=\"article:modified_time\" content=\"2024-05-15T21:17:22+00:00\" \/>\n<meta property=\"og:image\" content=\"https:\/\/www.iec2024.ec\/wp-content\/uploads\/2023\/08\/WhatsApp-Image-2023-08-07-at-17.45.01.jpeg\" \/>\n\t<meta property=\"og:image:width\" content=\"1600\" \/>\n\t<meta property=\"og:image:height\" content=\"1200\" \/>\n\t<meta property=\"og:image:type\" content=\"image\/jpeg\" \/>\n<meta name=\"author\" content=\"Secretario T\u00e9cnico\" \/>\n<meta name=\"twitter:card\" content=\"summary_large_image\" \/>\n<meta name=\"twitter:label1\" content=\"Written by\" \/>\n\t<meta name=\"twitter:data1\" content=\"Secretario T\u00e9cnico\" \/>\n\t<meta name=\"twitter:label2\" content=\"Est. reading time\" \/>\n\t<meta name=\"twitter:data2\" content=\"1 minute\" \/>\n<script type=\"application\/ld+json\" class=\"yoast-schema-graph\">{\"@context\":\"https:\/\/schema.org\",\"@graph\":[{\"@type\":\"Article\",\"@id\":\"https:\/\/www.iec2024.ec\/en\/catequistas-franciscanos-formandose-en-torno-al-iec-congreso-eucaristico-internacional-2024\/#article\",\"isPartOf\":{\"@id\":\"https:\/\/www.iec2024.ec\/en\/catequistas-franciscanos-formandose-en-torno-al-iec-congreso-eucaristico-internacional-2024\/\"},\"author\":{\"name\":\"Secretario T\u00e9cnico\",\"@id\":\"https:\/\/www.iec2024.ec\/en\/#\/schema\/person\/7dc46e27a804fe39ba34935ca5284fe2\"},\"headline\":\"Catequistas franciscanos form\u00e1ndose en torno al (IEC) Congreso Eucar\u00edstico Internacional 2024\",\"datePublished\":\"2023-08-07T23:07:24+00:00\",\"dateModified\":\"2024-05-15T21:17:22+00:00\",\"mainEntityOfPage\":{\"@id\":\"https:\/\/www.iec2024.ec\/en\/catequistas-franciscanos-formandose-en-torno-al-iec-congreso-eucaristico-internacional-2024\/\"},\"wordCount\":192,\"commentCount\":0,\"publisher\":{\"@id\":\"https:\/\/www.iec2024.ec\/en\/#organization\"},\"articleSection\":[\"News\"],\"inLanguage\":\"en-US\",\"potentialAction\":[{\"@type\":\"CommentAction\",\"name\":\"Comment\",\"target\":[\"https:\/\/www.iec2024.ec\/en\/catequistas-franciscanos-formandose-en-torno-al-iec-congreso-eucaristico-internacional-2024\/#respond\"]}]},{\"@type\":\"WebPage\",\"@id\":\"https:\/\/www.iec2024.ec\/en\/catequistas-franciscanos-formandose-en-torno-al-iec-congreso-eucaristico-internacional-2024\/\",\"url\":\"https:\/\/www.iec2024.ec\/en\/catequistas-franciscanos-formandose-en-torno-al-iec-congreso-eucaristico-internacional-2024\/\",\"name\":\"Catequistas franciscanos form\u00e1ndose en torno al (IEC) Congreso Eucar\u00edstico Internacional 2024 - IEC 2024\",\"isPartOf\":{\"@id\":\"https:\/\/www.iec2024.ec\/en\/#website\"},\"datePublished\":\"2023-08-07T23:07:24+00:00\",\"dateModified\":\"2024-05-15T21:17:22+00:00\",\"breadcrumb\":{\"@id\":\"https:\/\/www.iec2024.ec\/en\/catequistas-franciscanos-formandose-en-torno-al-iec-congreso-eucaristico-internacional-2024\/#breadcrumb\"},\"inLanguage\":\"en-US\",\"potentialAction\":[{\"@type\":\"ReadAction\",\"target\":[\"https:\/\/www.iec2024.ec\/en\/catequistas-franciscanos-formandose-en-torno-al-iec-congreso-eucaristico-internacional-2024\/\"]}]},{\"@type\":\"BreadcrumbList\",\"@id\":\"https:\/\/www.iec2024.ec\/en\/catequistas-franciscanos-formandose-en-torno-al-iec-congreso-eucaristico-internacional-2024\/#breadcrumb\",\"itemListElement\":[{\"@type\":\"ListItem\",\"position\":1,\"name\":\"Portada\",\"item\":\"https:\/\/www.iec2024.ec\/en\/\"},{\"@type\":\"ListItem\",\"position\":2,\"name\":\"Catequistas franciscanos form\u00e1ndose en torno al (IEC) Congreso Eucar\u00edstico Internacional 2024\"}]},{\"@type\":\"WebSite\",\"@id\":\"https:\/\/www.iec2024.ec\/en\/#website\",\"url\":\"https:\/\/www.iec2024.ec\/en\/\",\"name\":\"IEC 2024\",\"description\":\"\",\"publisher\":{\"@id\":\"https:\/\/www.iec2024.ec\/en\/#organization\"},\"potentialAction\":[{\"@type\":\"SearchAction\",\"target\":{\"@type\":\"EntryPoint\",\"urlTemplate\":\"https:\/\/www.iec2024.ec\/en\/?s={search_term_string}\"},\"query-input\":\"required name=search_term_string\"}],\"inLanguage\":\"en-US\"},{\"@type\":\"Organization\",\"@id\":\"https:\/\/www.iec2024.ec\/en\/#organization\",\"name\":\"IEC 2024\",\"url\":\"https:\/\/www.iec2024.ec\/en\/\",\"logo\":{\"@type\":\"ImageObject\",\"inLanguage\":\"en-US\",\"@id\":\"https:\/\/www.iec2024.ec\/en\/#\/schema\/logo\/image\/\",\"url\":\"https:\/\/www.iec2024.ec\/wp-content\/uploads\/2024\/01\/cropped-logo-2024.png\",\"contentUrl\":\"https:\/\/www.iec2024.ec\/wp-content\/uploads\/2024\/01\/cropped-logo-2024.png\",\"width\":1277,\"height\":332,\"caption\":\"IEC 2024\"},\"image\":{\"@id\":\"https:\/\/www.iec2024.ec\/en\/#\/schema\/logo\/image\/\"}},{\"@type\":\"Person\",\"@id\":\"https:\/\/www.iec2024.ec\/en\/#\/schema\/person\/7dc46e27a804fe39ba34935ca5284fe2\",\"name\":\"Secretario T\u00e9cnico\",\"image\":{\"@type\":\"ImageObject\",\"inLanguage\":\"en-US\",\"@id\":\"https:\/\/www.iec2024.ec\/en\/#\/schema\/person\/image\/\",\"url\":\"https:\/\/secure.gravatar.com\/avatar\/67808a21710148ea0645bc85e43e21b6?s=96&d=mm&r=g\",\"contentUrl\":\"https:\/\/secure.gravatar.com\/avatar\/67808a21710148ea0645bc85e43e21b6?s=96&d=mm&r=g\",\"caption\":\"Secretario T\u00e9cnico\"},\"url\":\"https:\/\/www.iec2024.ec\/en\/author\/4dm1ns3cr3t4r10\/\"}]}<\/script>\n<!-- \/ Yoast SEO plugin. -->","yoast_head_json":{"title":"Catequistas franciscanos form\u00e1ndose en torno al (IEC) Congreso Eucar\u00edstico Internacional 2024 - IEC 2024","robots":{"index":"index","follow":"follow","max-snippet":"max-snippet:-1","max-image-preview":"max-image-preview:large","max-video-preview":"max-video-preview:-1"},"canonical":"https:\/\/www.iec2024.ec\/en\/catequistas-franciscanos-formandose-en-torno-al-iec-congreso-eucaristico-internacional-2024\/","og_locale":"en_US","og_type":"article","og_title":"Catequistas franciscanos form\u00e1ndose en torno al (IEC) Congreso Eucar\u00edstico Internacional 2024 - IEC 2024","og_description":"El fin de semana pasado, en la ciudad de Azogues, se vivi\u00f3 un encuentro nacional de catequistas Franciscanos con el tema: \u201cDel pesebre a la Cruz\u201d. En dicho encuentro, el Padre Livingston Olivares, tuvo la oportunidad de socializar sobre el Congreso Eucar\u00edstico Internacional que se desarrollar\u00e1 en Ecuador en el mes de septiembre del 2024. [&hellip;]","og_url":"https:\/\/www.iec2024.ec\/en\/catequistas-franciscanos-formandose-en-torno-al-iec-congreso-eucaristico-internacional-2024\/","og_site_name":"IEC 2024","article_published_time":"2023-08-07T23:07:24+00:00","article_modified_time":"2024-05-15T21:17:22+00:00","og_image":[{"width":1600,"height":1200,"url":"https:\/\/www.iec2024.ec\/wp-content\/uploads\/2023\/08\/WhatsApp-Image-2023-08-07-at-17.45.01.jpeg","type":"image\/jpeg"}],"author":"Secretario T\u00e9cnico","twitter_card":"summary_large_image","twitter_misc":{"Written by":"Secretario T\u00e9cnico","Est. reading time":"1 minute"},"schema":{"@context":"https:\/\/schema.org","@graph":[{"@type":"Article","@id":"https:\/\/www.iec2024.ec\/en\/catequistas-franciscanos-formandose-en-torno-al-iec-congreso-eucaristico-internacional-2024\/#article","isPartOf":{"@id":"https:\/\/www.iec2024.ec\/en\/catequistas-franciscanos-formandose-en-torno-al-iec-congreso-eucaristico-internacional-2024\/"},"author":{"name":"Secretario T\u00e9cnico","@id":"https:\/\/www.iec2024.ec\/en\/#\/schema\/person\/7dc46e27a804fe39ba34935ca5284fe2"},"headline":"Catequistas franciscanos form\u00e1ndose en torno al (IEC) Congreso Eucar\u00edstico Internacional 2024","datePublished":"2023-08-07T23:07:24+00:00","dateModified":"2024-05-15T21:17:22+00:00","mainEntityOfPage":{"@id":"https:\/\/www.iec2024.ec\/en\/catequistas-franciscanos-formandose-en-torno-al-iec-congreso-eucaristico-internacional-2024\/"},"wordCount":192,"commentCount":0,"publisher":{"@id":"https:\/\/www.iec2024.ec\/en\/#organization"},"articleSection":["News"],"inLanguage":"en-US","potentialAction":[{"@type":"CommentAction","name":"Comment","target":["https:\/\/www.iec2024.ec\/en\/catequistas-franciscanos-formandose-en-torno-al-iec-congreso-eucaristico-internacional-2024\/#respond"]}]},{"@type":"WebPage","@id":"https:\/\/www.iec2024.ec\/en\/catequistas-franciscanos-formandose-en-torno-al-iec-congreso-eucaristico-internacional-2024\/","url":"https:\/\/www.iec2024.ec\/en\/catequistas-franciscanos-formandose-en-torno-al-iec-congreso-eucaristico-internacional-2024\/","name":"Catequistas franciscanos form\u00e1ndose en torno al (IEC) Congreso Eucar\u00edstico Internacional 2024 - IEC 2024","isPartOf":{"@id":"https:\/\/www.iec2024.ec\/en\/#website"},"datePublished":"2023-08-07T23:07:24+00:00","dateModified":"2024-05-15T21:17:22+00:00","breadcrumb":{"@id":"https:\/\/www.iec2024.ec\/en\/catequistas-franciscanos-formandose-en-torno-al-iec-congreso-eucaristico-internacional-2024\/#breadcrumb"},"inLanguage":"en-US","potentialAction":[{"@type":"ReadAction","target":["https:\/\/www.iec2024.ec\/en\/catequistas-franciscanos-formandose-en-torno-al-iec-congreso-eucaristico-internacional-2024\/"]}]},{"@type":"BreadcrumbList","@id":"https:\/\/www.iec2024.ec\/en\/catequistas-franciscanos-formandose-en-torno-al-iec-congreso-eucaristico-internacional-2024\/#breadcrumb","itemListElement":[{"@type":"ListItem","position":1,"name":"Portada","item":"https:\/\/www.iec2024.ec\/en\/"},{"@type":"ListItem","position":2,"name":"Catequistas franciscanos form\u00e1ndose en torno al (IEC) Congreso Eucar\u00edstico Internacional 2024"}]},{"@type":"WebSite","@id":"https:\/\/www.iec2024.ec\/en\/#website","url":"https:\/\/www.iec2024.ec\/en\/","name":"IEC 2024","description":"","publisher":{"@id":"https:\/\/www.iec2024.ec\/en\/#organization"},"potentialAction":[{"@type":"SearchAction","target":{"@type":"EntryPoint","urlTemplate":"https:\/\/www.iec2024.ec\/en\/?s={search_term_string}"},"query-input":"required name=search_term_string"}],"inLanguage":"en-US"},{"@type":"Organization","@id":"https:\/\/www.iec2024.ec\/en\/#organization","name":"IEC 2024","url":"https:\/\/www.iec2024.ec\/en\/","logo":{"@type":"ImageObject","inLanguage":"en-US","@id":"https:\/\/www.iec2024.ec\/en\/#\/schema\/logo\/image\/","url":"https:\/\/www.iec2024.ec\/wp-content\/uploads\/2024\/01\/cropped-logo-2024.png","contentUrl":"https:\/\/www.iec2024.ec\/wp-content\/uploads\/2024\/01\/cropped-logo-2024.png","width":1277,"height":332,"caption":"IEC 2024"},"image":{"@id":"https:\/\/www.iec2024.ec\/en\/#\/schema\/logo\/image\/"}},{"@type":"Person","@id":"https:\/\/www.iec2024.ec\/en\/#\/schema\/person\/7dc46e27a804fe39ba34935ca5284fe2","name":"Secretario T\u00e9cnico","image":{"@type":"ImageObject","inLanguage":"en-US","@id":"https:\/\/www.iec2024.ec\/en\/#\/schema\/person\/image\/","url":"https:\/\/secure.gravatar.com\/avatar\/67808a21710148ea0645bc85e43e21b6?s=96&d=mm&r=g","contentUrl":"https:\/\/secure.gravatar.com\/avatar\/67808a21710148ea0645bc85e43e21b6?s=96&d=mm&r=g","caption":"Secretario T\u00e9cnico"},"url":"https:\/\/www.iec2024.ec\/en\/author\/4dm1ns3cr3t4r10\/"}]}},"_links":{"self":[{"href":"https:\/\/www.iec2024.ec\/en\/wp-json\/wp\/v2\/posts\/3169"}],"collection":[{"href":"https:\/\/www.iec2024.ec\/en\/wp-json\/wp\/v2\/posts"}],"about":[{"href":"https:\/\/www.iec2024.ec\/en\/wp-json\/wp\/v2\/types\/post"}],"author":[{"embeddable":true,"href":"https:\/\/www.iec2024.ec\/en\/wp-json\/wp\/v2\/users\/2"}],"replies":[{"embeddable":true,"href":"https:\/\/www.iec2024.ec\/en\/wp-json\/wp\/v2\/comments?post=3169"}],"version-history":[{"count":1,"href":"https:\/\/www.iec2024.ec\/en\/wp-json\/wp\/v2\/posts\/3169\/revisions"}],"predecessor-version":[{"id":5645,"href":"https:\/\/www.iec2024.ec\/en\/wp-json\/wp\/v2\/posts\/3169\/revisions\/5645"}],"wp:featuredmedia":[{"embeddable":true,"href":"https:\/\/www.iec2024.ec\/en\/wp-json\/wp\/v2\/media\/3174"}],"wp:attachment":[{"href":"https:\/\/www.iec2024.ec\/en\/wp-json\/wp\/v2\/media?parent=3169"}],"wp:term":[{"taxonomy":"category","embeddable":true,"href":"https:\/\/www.iec2024.ec\/en\/wp-json\/wp\/v2\/categories?post=3169"},{"taxonomy":"post_tag","embeddable":true,"href":"https:\/\/www.iec2024.ec\/en\/wp-json\/wp\/v2\/tags?post=3169"}],"curies":[{"name":"wp","href":"https:\/\/api.w.org\/{rel}","templated":true}]}}