{"id":3183,"date":"2023-08-02T12:01:01","date_gmt":"2023-08-02T17:01:01","guid":{"rendered":"https:\/\/www.iec2024.ec\/movimiento-lazos-de-amor-mariano-se-une-en-el-camino-hacia-el-iec-2024\/"},"modified":"2024-05-17T14:48:09","modified_gmt":"2024-05-17T19:48:09","slug":"movimiento-lazos-de-amor-mariano-se-une-en-el-camino-hacia-el-iec-2024","status":"publish","type":"post","link":"https:\/\/www.iec2024.ec\/en\/movimiento-lazos-de-amor-mariano-se-une-en-el-camino-hacia-el-iec-2024\/","title":{"rendered":"Movimiento Lazos de Amor Mariano se une en el camino hacia el IEC 2024"},"content":{"rendered":"<p><strong>31 de julio de 2023\/ Autora: Mar\u00eda Jos\u00e9 Casco M.\u00a0<\/strong><\/p>\n<p>Este 27 de julio, en el programa radial 17 &#8220;Fraternidad para sanar el mundo&#8221;, Gerardo Gal\u00e1rraga, Consejero Provincial del Movimiento Lazos de Amor Mariano, inform\u00f3 acerca de su carisma de este movimiento y su participaci\u00f3n en el IEC 2024.<\/p>\n<ul>\n<li>Fundado en Colombia en 1999, Lazos de Amor Mariano ha expandido su presencia en 22 pa\u00edses; est\u00e1 en Ecuador desde el a\u00f1o 2005.<\/li>\n<li>Los tres pilares fundamentales del Movimiento son el amor a la Eucarist\u00eda, la devoci\u00f3n a la Sant\u00edsima Virgen Mar\u00eda y la obediencia al Santo Padre.<\/li>\n<li>Parte fundamental de la comunidad son los retiros espirituales y de conversi\u00f3n, as\u00ed como diversas actividades pastorales. Estos retiros no est\u00e1n limitados a un grupo espec\u00edfico, ya que Lazos de Amor Mariano ha recibido con gratitud a j\u00f3venes, adultos y personas de todas las edades, adapt\u00e1ndose a las necesidades de cada individuo para brindarles la oportunidad de acercarse a Dios y experimentar un cambio de vida. La Eucarist\u00eda ocupa un lugar central, y el retiro es un momento especial para la oraci\u00f3n y la comuni\u00f3n con Jes\u00fas.<\/li>\n<li>Durante la entrevista, se resalt\u00f3 que el retiro no es simplemente una parte del Movimiento, sino que abarca mucho m\u00e1s, siendo el primer paso para aquellos que se sienten llamados a ser misioneros de Lazos de Amor Mariano. Para convertirse en miembro activo de la comunidad, se lleva a cabo un proceso de admisi\u00f3n, donde la vocaci\u00f3n y el deseo de servir son elementos esenciales.<\/li>\n<li>Asimismo, la devoci\u00f3n al Santo Rosario ocupa un papel importante dentro de la espiritualidad de la comunidad. El Rosario se considera una herramienta esencial para unirse a la Virgen Mar\u00eda y acercarse a Cristo, recordando que Jes\u00fas vino al mundo por medio de la Madre.<\/li>\n<li>Promueven la consagraci\u00f3n a Jes\u00fas por Mar\u00eda, siguiendo el <a href=\"https:\/\/www.parroquiacorpuschristi.org\/2023\/02\/17\/consagracion-a-jesus-por-maria-y-en-maria-segun-el-metodo-de-san-luis-maria-grignon-de-montfort\/\">m\u00e9todo de San Luis De Montfort. <\/a>Su objetivo es renovar los compromisos bautismales de cada individuo a fin de fortalecer la fe y vivir de una manera coherente las actividades de Iglesia, y de la vida diaria.<\/li>\n<li>En el programa radial se destac\u00f3 que el Movimiento Lazos de Amor Mariano se ha convertido en un faro de espiritualidad y evangelizaci\u00f3n en el mundo, buscando, como se mencion\u00f3 en l\u00edneas anteriores, un encuentro con Dios a trav\u00e9s de la consagraci\u00f3n a Jes\u00fas por Mar\u00eda y promoviendo una profunda renovaci\u00f3n y conversi\u00f3n en la vida de sus miembros. Su acompa\u00f1amiento y participaci\u00f3n en el IEC 2024 ser\u00e1 de gran ayuda para promover la fe, el amor y la fraternidad.<\/li>\n<\/ul>\n<p>Recuerda sintonizar nuestro programa &#8220;Fraternidad para sanar el mundo&#8221; todos los jueves a las 09:00, en el \u00e1mbito nacional por Radio Mar\u00eda, y tambi\u00e9n a trav\u00e9s de la p\u00e1gina web oficial del IEC 2024:<a href=\"https:\/\/www.iec2024.ec\/en\/\"> https:\/\/www.iec2024.ec\/<\/a>. Retransmite Radio Cat\u00f3lica Tulc\u00e1n 88.5 FM y\u00a0 la web<a href=\"http:\/\/www.radiocatolocatulcan.com\/\"> www.radiocatolocatulcan.com<\/a><\/p>\n<p>Adem\u00e1s, te invitamos a seguirnos en nuestras redes sociales @IEC2024Quito, donde encontrar\u00e1s interesantes noticias sobre este gran encuentro eclesial. \u00a1Gracias por acompa\u00f1arnos en el camino hacia el 53\u00b0 Congreso Eucar\u00edstico Internacional (IEC 2024), que se realizar\u00e1 del 8 al 15 de septiembre de 2024!<\/p>\n","protected":false},"excerpt":{"rendered":"<p>31 de julio de 2023\/ Autora: Mar\u00eda Jos\u00e9 Casco M.\u00a0 Este 27 de julio, en el programa radial 17 &#8220;Fraternidad para sanar el mundo&#8221;, Gerardo Gal\u00e1rraga, Consejero Provincial del Movimiento Lazos de Amor Mariano, inform\u00f3 acerca de su carisma de este movimiento y su participaci\u00f3n en el IEC 2024. Fundado en Colombia en 1999, Lazos [&hellip;]<\/p>\n","protected":false},"author":2,"featured_media":3188,"comment_status":"open","ping_status":"open","sticky":false,"template":"","format":"standard","meta":{"footnotes":""},"categories":[33],"tags":[],"acf":[],"yoast_head":"<!-- This site is optimized with the Yoast SEO plugin v21.1 - https:\/\/yoast.com\/wordpress\/plugins\/seo\/ -->\n<title>Movimiento Lazos de Amor Mariano se une en el camino hacia el IEC 2024 - IEC 2024<\/title>\n<meta name=\"robots\" content=\"index, follow, max-snippet:-1, max-image-preview:large, max-video-preview:-1\" \/>\n<link rel=\"canonical\" href=\"https:\/\/www.iec2024.ec\/en\/movimiento-lazos-de-amor-mariano-se-une-en-el-camino-hacia-el-iec-2024\/\" \/>\n<meta property=\"og:locale\" content=\"en_US\" \/>\n<meta property=\"og:type\" content=\"article\" \/>\n<meta property=\"og:title\" content=\"Movimiento Lazos de Amor Mariano se une en el camino hacia el IEC 2024 - IEC 2024\" \/>\n<meta property=\"og:description\" content=\"31 de julio de 2023\/ Autora: Mar\u00eda Jos\u00e9 Casco M.\u00a0 Este 27 de julio, en el programa radial 17 &#8220;Fraternidad para sanar el mundo&#8221;, Gerardo Gal\u00e1rraga, Consejero Provincial del Movimiento Lazos de Amor Mariano, inform\u00f3 acerca de su carisma de este movimiento y su participaci\u00f3n en el IEC 2024. Fundado en Colombia en 1999, Lazos [&hellip;]\" \/>\n<meta property=\"og:url\" content=\"https:\/\/www.iec2024.ec\/en\/movimiento-lazos-de-amor-mariano-se-une-en-el-camino-hacia-el-iec-2024\/\" \/>\n<meta property=\"og:site_name\" content=\"IEC 2024\" \/>\n<meta property=\"article:published_time\" content=\"2023-08-02T17:01:01+00:00\" \/>\n<meta property=\"article:modified_time\" content=\"2024-05-17T19:48:09+00:00\" \/>\n<meta property=\"og:image\" content=\"https:\/\/www.iec2024.ec\/wp-content\/uploads\/2023\/08\/WhatsApp-Image-2023-08-02-at-11.56.37.jpeg\" \/>\n\t<meta property=\"og:image:width\" content=\"1024\" \/>\n\t<meta property=\"og:image:height\" content=\"682\" \/>\n\t<meta property=\"og:image:type\" content=\"image\/jpeg\" \/>\n<meta name=\"author\" content=\"Secretario T\u00e9cnico\" \/>\n<meta name=\"twitter:card\" content=\"summary_large_image\" \/>\n<meta name=\"twitter:label1\" content=\"Written by\" \/>\n\t<meta name=\"twitter:data1\" content=\"Secretario T\u00e9cnico\" \/>\n\t<meta name=\"twitter:label2\" content=\"Est. reading time\" \/>\n\t<meta name=\"twitter:data2\" content=\"3 minutes\" \/>\n<script type=\"application\/ld+json\" class=\"yoast-schema-graph\">{\"@context\":\"https:\/\/schema.org\",\"@graph\":[{\"@type\":\"Article\",\"@id\":\"https:\/\/www.iec2024.ec\/en\/movimiento-lazos-de-amor-mariano-se-une-en-el-camino-hacia-el-iec-2024\/#article\",\"isPartOf\":{\"@id\":\"https:\/\/www.iec2024.ec\/en\/movimiento-lazos-de-amor-mariano-se-une-en-el-camino-hacia-el-iec-2024\/\"},\"author\":{\"name\":\"Secretario T\u00e9cnico\",\"@id\":\"https:\/\/www.iec2024.ec\/en\/#\/schema\/person\/7dc46e27a804fe39ba34935ca5284fe2\"},\"headline\":\"Movimiento Lazos de Amor Mariano se une en el camino hacia el IEC 2024\",\"datePublished\":\"2023-08-02T17:01:01+00:00\",\"dateModified\":\"2024-05-17T19:48:09+00:00\",\"mainEntityOfPage\":{\"@id\":\"https:\/\/www.iec2024.ec\/en\/movimiento-lazos-de-amor-mariano-se-une-en-el-camino-hacia-el-iec-2024\/\"},\"wordCount\":559,\"commentCount\":0,\"publisher\":{\"@id\":\"https:\/\/www.iec2024.ec\/en\/#organization\"},\"articleSection\":[\"News\"],\"inLanguage\":\"en-US\",\"potentialAction\":[{\"@type\":\"CommentAction\",\"name\":\"Comment\",\"target\":[\"https:\/\/www.iec2024.ec\/en\/movimiento-lazos-de-amor-mariano-se-une-en-el-camino-hacia-el-iec-2024\/#respond\"]}]},{\"@type\":\"WebPage\",\"@id\":\"https:\/\/www.iec2024.ec\/en\/movimiento-lazos-de-amor-mariano-se-une-en-el-camino-hacia-el-iec-2024\/\",\"url\":\"https:\/\/www.iec2024.ec\/en\/movimiento-lazos-de-amor-mariano-se-une-en-el-camino-hacia-el-iec-2024\/\",\"name\":\"Movimiento Lazos de Amor Mariano se une en el camino hacia el IEC 2024 - IEC 2024\",\"isPartOf\":{\"@id\":\"https:\/\/www.iec2024.ec\/en\/#website\"},\"datePublished\":\"2023-08-02T17:01:01+00:00\",\"dateModified\":\"2024-05-17T19:48:09+00:00\",\"breadcrumb\":{\"@id\":\"https:\/\/www.iec2024.ec\/en\/movimiento-lazos-de-amor-mariano-se-une-en-el-camino-hacia-el-iec-2024\/#breadcrumb\"},\"inLanguage\":\"en-US\",\"potentialAction\":[{\"@type\":\"ReadAction\",\"target\":[\"https:\/\/www.iec2024.ec\/en\/movimiento-lazos-de-amor-mariano-se-une-en-el-camino-hacia-el-iec-2024\/\"]}]},{\"@type\":\"BreadcrumbList\",\"@id\":\"https:\/\/www.iec2024.ec\/en\/movimiento-lazos-de-amor-mariano-se-une-en-el-camino-hacia-el-iec-2024\/#breadcrumb\",\"itemListElement\":[{\"@type\":\"ListItem\",\"position\":1,\"name\":\"Portada\",\"item\":\"https:\/\/www.iec2024.ec\/en\/\"},{\"@type\":\"ListItem\",\"position\":2,\"name\":\"Movimiento Lazos de Amor Mariano se une en el camino hacia el IEC 2024\"}]},{\"@type\":\"WebSite\",\"@id\":\"https:\/\/www.iec2024.ec\/en\/#website\",\"url\":\"https:\/\/www.iec2024.ec\/en\/\",\"name\":\"IEC 2024\",\"description\":\"\",\"publisher\":{\"@id\":\"https:\/\/www.iec2024.ec\/en\/#organization\"},\"potentialAction\":[{\"@type\":\"SearchAction\",\"target\":{\"@type\":\"EntryPoint\",\"urlTemplate\":\"https:\/\/www.iec2024.ec\/en\/?s={search_term_string}\"},\"query-input\":\"required name=search_term_string\"}],\"inLanguage\":\"en-US\"},{\"@type\":\"Organization\",\"@id\":\"https:\/\/www.iec2024.ec\/en\/#organization\",\"name\":\"IEC 2024\",\"url\":\"https:\/\/www.iec2024.ec\/en\/\",\"logo\":{\"@type\":\"ImageObject\",\"inLanguage\":\"en-US\",\"@id\":\"https:\/\/www.iec2024.ec\/en\/#\/schema\/logo\/image\/\",\"url\":\"https:\/\/www.iec2024.ec\/wp-content\/uploads\/2024\/01\/cropped-logo-2024.png\",\"contentUrl\":\"https:\/\/www.iec2024.ec\/wp-content\/uploads\/2024\/01\/cropped-logo-2024.png\",\"width\":1277,\"height\":332,\"caption\":\"IEC 2024\"},\"image\":{\"@id\":\"https:\/\/www.iec2024.ec\/en\/#\/schema\/logo\/image\/\"}},{\"@type\":\"Person\",\"@id\":\"https:\/\/www.iec2024.ec\/en\/#\/schema\/person\/7dc46e27a804fe39ba34935ca5284fe2\",\"name\":\"Secretario T\u00e9cnico\",\"image\":{\"@type\":\"ImageObject\",\"inLanguage\":\"en-US\",\"@id\":\"https:\/\/www.iec2024.ec\/en\/#\/schema\/person\/image\/\",\"url\":\"https:\/\/secure.gravatar.com\/avatar\/67808a21710148ea0645bc85e43e21b6?s=96&d=mm&r=g\",\"contentUrl\":\"https:\/\/secure.gravatar.com\/avatar\/67808a21710148ea0645bc85e43e21b6?s=96&d=mm&r=g\",\"caption\":\"Secretario T\u00e9cnico\"},\"url\":\"https:\/\/www.iec2024.ec\/en\/author\/4dm1ns3cr3t4r10\/\"}]}<\/script>\n<!-- \/ Yoast SEO plugin. -->","yoast_head_json":{"title":"Movimiento Lazos de Amor Mariano se une en el camino hacia el IEC 2024 - IEC 2024","robots":{"index":"index","follow":"follow","max-snippet":"max-snippet:-1","max-image-preview":"max-image-preview:large","max-video-preview":"max-video-preview:-1"},"canonical":"https:\/\/www.iec2024.ec\/en\/movimiento-lazos-de-amor-mariano-se-une-en-el-camino-hacia-el-iec-2024\/","og_locale":"en_US","og_type":"article","og_title":"Movimiento Lazos de Amor Mariano se une en el camino hacia el IEC 2024 - IEC 2024","og_description":"31 de julio de 2023\/ Autora: Mar\u00eda Jos\u00e9 Casco M.\u00a0 Este 27 de julio, en el programa radial 17 &#8220;Fraternidad para sanar el mundo&#8221;, Gerardo Gal\u00e1rraga, Consejero Provincial del Movimiento Lazos de Amor Mariano, inform\u00f3 acerca de su carisma de este movimiento y su participaci\u00f3n en el IEC 2024. Fundado en Colombia en 1999, Lazos [&hellip;]","og_url":"https:\/\/www.iec2024.ec\/en\/movimiento-lazos-de-amor-mariano-se-une-en-el-camino-hacia-el-iec-2024\/","og_site_name":"IEC 2024","article_published_time":"2023-08-02T17:01:01+00:00","article_modified_time":"2024-05-17T19:48:09+00:00","og_image":[{"width":1024,"height":682,"url":"https:\/\/www.iec2024.ec\/wp-content\/uploads\/2023\/08\/WhatsApp-Image-2023-08-02-at-11.56.37.jpeg","type":"image\/jpeg"}],"author":"Secretario T\u00e9cnico","twitter_card":"summary_large_image","twitter_misc":{"Written by":"Secretario T\u00e9cnico","Est. reading time":"3 minutes"},"schema":{"@context":"https:\/\/schema.org","@graph":[{"@type":"Article","@id":"https:\/\/www.iec2024.ec\/en\/movimiento-lazos-de-amor-mariano-se-une-en-el-camino-hacia-el-iec-2024\/#article","isPartOf":{"@id":"https:\/\/www.iec2024.ec\/en\/movimiento-lazos-de-amor-mariano-se-une-en-el-camino-hacia-el-iec-2024\/"},"author":{"name":"Secretario T\u00e9cnico","@id":"https:\/\/www.iec2024.ec\/en\/#\/schema\/person\/7dc46e27a804fe39ba34935ca5284fe2"},"headline":"Movimiento Lazos de Amor Mariano se une en el camino hacia el IEC 2024","datePublished":"2023-08-02T17:01:01+00:00","dateModified":"2024-05-17T19:48:09+00:00","mainEntityOfPage":{"@id":"https:\/\/www.iec2024.ec\/en\/movimiento-lazos-de-amor-mariano-se-une-en-el-camino-hacia-el-iec-2024\/"},"wordCount":559,"commentCount":0,"publisher":{"@id":"https:\/\/www.iec2024.ec\/en\/#organization"},"articleSection":["News"],"inLanguage":"en-US","potentialAction":[{"@type":"CommentAction","name":"Comment","target":["https:\/\/www.iec2024.ec\/en\/movimiento-lazos-de-amor-mariano-se-une-en-el-camino-hacia-el-iec-2024\/#respond"]}]},{"@type":"WebPage","@id":"https:\/\/www.iec2024.ec\/en\/movimiento-lazos-de-amor-mariano-se-une-en-el-camino-hacia-el-iec-2024\/","url":"https:\/\/www.iec2024.ec\/en\/movimiento-lazos-de-amor-mariano-se-une-en-el-camino-hacia-el-iec-2024\/","name":"Movimiento Lazos de Amor Mariano se une en el camino hacia el IEC 2024 - IEC 2024","isPartOf":{"@id":"https:\/\/www.iec2024.ec\/en\/#website"},"datePublished":"2023-08-02T17:01:01+00:00","dateModified":"2024-05-17T19:48:09+00:00","breadcrumb":{"@id":"https:\/\/www.iec2024.ec\/en\/movimiento-lazos-de-amor-mariano-se-une-en-el-camino-hacia-el-iec-2024\/#breadcrumb"},"inLanguage":"en-US","potentialAction":[{"@type":"ReadAction","target":["https:\/\/www.iec2024.ec\/en\/movimiento-lazos-de-amor-mariano-se-une-en-el-camino-hacia-el-iec-2024\/"]}]},{"@type":"BreadcrumbList","@id":"https:\/\/www.iec2024.ec\/en\/movimiento-lazos-de-amor-mariano-se-une-en-el-camino-hacia-el-iec-2024\/#breadcrumb","itemListElement":[{"@type":"ListItem","position":1,"name":"Portada","item":"https:\/\/www.iec2024.ec\/en\/"},{"@type":"ListItem","position":2,"name":"Movimiento Lazos de Amor Mariano se une en el camino hacia el IEC 2024"}]},{"@type":"WebSite","@id":"https:\/\/www.iec2024.ec\/en\/#website","url":"https:\/\/www.iec2024.ec\/en\/","name":"IEC 2024","description":"","publisher":{"@id":"https:\/\/www.iec2024.ec\/en\/#organization"},"potentialAction":[{"@type":"SearchAction","target":{"@type":"EntryPoint","urlTemplate":"https:\/\/www.iec2024.ec\/en\/?s={search_term_string}"},"query-input":"required name=search_term_string"}],"inLanguage":"en-US"},{"@type":"Organization","@id":"https:\/\/www.iec2024.ec\/en\/#organization","name":"IEC 2024","url":"https:\/\/www.iec2024.ec\/en\/","logo":{"@type":"ImageObject","inLanguage":"en-US","@id":"https:\/\/www.iec2024.ec\/en\/#\/schema\/logo\/image\/","url":"https:\/\/www.iec2024.ec\/wp-content\/uploads\/2024\/01\/cropped-logo-2024.png","contentUrl":"https:\/\/www.iec2024.ec\/wp-content\/uploads\/2024\/01\/cropped-logo-2024.png","width":1277,"height":332,"caption":"IEC 2024"},"image":{"@id":"https:\/\/www.iec2024.ec\/en\/#\/schema\/logo\/image\/"}},{"@type":"Person","@id":"https:\/\/www.iec2024.ec\/en\/#\/schema\/person\/7dc46e27a804fe39ba34935ca5284fe2","name":"Secretario T\u00e9cnico","image":{"@type":"ImageObject","inLanguage":"en-US","@id":"https:\/\/www.iec2024.ec\/en\/#\/schema\/person\/image\/","url":"https:\/\/secure.gravatar.com\/avatar\/67808a21710148ea0645bc85e43e21b6?s=96&d=mm&r=g","contentUrl":"https:\/\/secure.gravatar.com\/avatar\/67808a21710148ea0645bc85e43e21b6?s=96&d=mm&r=g","caption":"Secretario T\u00e9cnico"},"url":"https:\/\/www.iec2024.ec\/en\/author\/4dm1ns3cr3t4r10\/"}]}},"_links":{"self":[{"href":"https:\/\/www.iec2024.ec\/en\/wp-json\/wp\/v2\/posts\/3183"}],"collection":[{"href":"https:\/\/www.iec2024.ec\/en\/wp-json\/wp\/v2\/posts"}],"about":[{"href":"https:\/\/www.iec2024.ec\/en\/wp-json\/wp\/v2\/types\/post"}],"author":[{"embeddable":true,"href":"https:\/\/www.iec2024.ec\/en\/wp-json\/wp\/v2\/users\/2"}],"replies":[{"embeddable":true,"href":"https:\/\/www.iec2024.ec\/en\/wp-json\/wp\/v2\/comments?post=3183"}],"version-history":[{"count":1,"href":"https:\/\/www.iec2024.ec\/en\/wp-json\/wp\/v2\/posts\/3183\/revisions"}],"predecessor-version":[{"id":5647,"href":"https:\/\/www.iec2024.ec\/en\/wp-json\/wp\/v2\/posts\/3183\/revisions\/5647"}],"wp:featuredmedia":[{"embeddable":true,"href":"https:\/\/www.iec2024.ec\/en\/wp-json\/wp\/v2\/media\/3188"}],"wp:attachment":[{"href":"https:\/\/www.iec2024.ec\/en\/wp-json\/wp\/v2\/media?parent=3183"}],"wp:term":[{"taxonomy":"category","embeddable":true,"href":"https:\/\/www.iec2024.ec\/en\/wp-json\/wp\/v2\/categories?post=3183"},{"taxonomy":"post_tag","embeddable":true,"href":"https:\/\/www.iec2024.ec\/en\/wp-json\/wp\/v2\/tags?post=3183"}],"curies":[{"name":"wp","href":"https:\/\/api.w.org\/{rel}","templated":true}]}}