{"id":3197,"date":"2023-07-26T10:25:07","date_gmt":"2023-07-26T15:25:07","guid":{"rendered":"https:\/\/www.iec2024.ec\/sacerdocio-y-fraternidad\/"},"modified":"2024-05-17T14:48:48","modified_gmt":"2024-05-17T19:48:48","slug":"sacerdocio-y-fraternidad","status":"publish","type":"post","link":"https:\/\/www.iec2024.ec\/en\/sacerdocio-y-fraternidad\/","title":{"rendered":"Red Pastoral de Doctrina de la Conferencia Episcopal Ecuatoriana camino al IEC 2024"},"content":{"rendered":"<p style=\"text-align: right;\"><span style=\"font-weight: 400;\">20 de julio de 2023\/Autora Mar\u00eda Jos\u00e9 Casco<\/span><\/p>\n<p><span style=\"font-weight: 400;\">En el programa radial n\u00famero 16 &#8220;Fraternidad para Sanar el Mundo&#8221;, realizado el 20 de julio, se cont\u00f3 con la participaci\u00f3n del P. Enrique Uma\u00f1a, Secretario Ejecutivo de la Red Pastoral de Doctrina de la Conferencia Episcopal Ecuatoriana. Durante el encuentro, se discutieron las conclusiones del VIII Encuentro Nacional de Sacerdotes, titulado &#8220;Eucarist\u00eda, Camino de Fraternidad Sacerdotal&#8221;. El evento <\/span><span style=\"font-weight: 400;\">se realiz\u00f3 en la ciudad de Guayaquil del 10 al 13 de julio. <\/span><span style=\"font-weight: 400;\">A continuaci\u00f3n, detallamos las principales conclusiones:\u00a0<\/span><\/p>\n<ul>\n<li style=\"font-weight: 400;\" aria-level=\"1\"><span style=\"font-weight: 400;\">El P. Enrique Uma\u00f1a explic\u00f3 que el evento se desarroll\u00f3 gracias a la colaboraci\u00f3n de diversas jurisdicciones eclesi\u00e1sticas. Participaron alrededor de 470 sacerdotes de manera permanente durante los tres d\u00edas del encuentro y con la presencia del <\/span><span style=\"font-weight: 400;\">S.E. Lazzaro Cardenal You Heung-sik, Prefecto del Dicasterio para el Clero<\/span><span style=\"font-weight: 400;\">, se lleg\u00f3 a contar con cerca de 520 sacerdotes.<\/span><\/li>\n<li style=\"font-weight: 400;\" aria-level=\"1\"><span style=\"font-weight: 400;\">El <\/span><span style=\"font-weight: 400;\">S.E. Lazzaro Cardenal You Heung-sik <\/span><span style=\"font-weight: 400;\">comparti\u00f3 su mensaje durante los encuentros, invitando a los sacerdotes a ser felices en medio de las dificultades y heridas inherentes a su ministerio. Tambi\u00e9n alent\u00f3 a los seminaristas a seguir tres principios fundamentales en su vida: la ley del amor, el Evangelio de Jesucristo y seguir al Se\u00f1or Jesucristo como disc\u00edpulos y misioneros.<\/span><\/li>\n<li style=\"font-weight: 400;\" aria-level=\"1\"><span style=\"font-weight: 400;\">El programa resalt\u00f3 la importancia de la fraternidad entre sacerdotes y la necesidad de sanar las heridas que pueden surgir en el ejercicio de su ministerio. El Cardenal enfatiz\u00f3 que la humildad es una virtud fundamental para vivir la fe plenamente y ser sacerdotes como Jes\u00fas.\u00a0<\/span><\/li>\n<li style=\"font-weight: 400;\" aria-level=\"1\"><span style=\"font-weight: 400;\">Se abordaron cuatro heridas frecuentes en la vida sacerdotal: la sobrecarga de trabajo, la soledad y el individualismo, la propia fragilidad y las tensiones del cambio en la iglesia y el mundo.\u00a0<\/span><\/li>\n<li style=\"font-weight: 400;\" aria-level=\"1\"><span style=\"font-weight: 400;\">Destac\u00f3 la importancia de la humildad y la confianza en Dios para sanar estas heridas y vivir la vocaci\u00f3n sacerdotal con plenitud y felicidad.<\/span><\/li>\n<li style=\"font-weight: 400;\" aria-level=\"1\"><span style=\"font-weight: 400;\">El Padre Uma\u00f1a comparti\u00f3 su experiencia vocacional y c\u00f3mo el llamado al sacerdocio surgi\u00f3 en un retiro a los 18 a\u00f1os. Reconoci\u00f3 sus limitaciones, pero tambi\u00e9n comparti\u00f3 su alegr\u00eda al sentir que Jes\u00fas lo eligi\u00f3 a pesar de sus debilidades y lo acompa\u00f1a en su misi\u00f3n.<\/span><\/li>\n<li style=\"font-weight: 400;\" aria-level=\"1\"><span style=\"font-weight: 400;\">En otro tema, se mencion\u00f3 la preparaci\u00f3n para la Semana B\u00edblica que se celebrar\u00e1 en septiembre, y se preparar\u00e1 un subsidio titulado &#8220;Jes\u00fas, Pan vivo&#8221; para conmemorar el mes de la Biblia.<\/span><\/li>\n<\/ul>\n<p><span style=\"font-weight: 400;\">Recuerda sintonizar nuestro programa &#8220;Fraternidad para sanar el mundo&#8221; todos los jueves a las 09:00, en el \u00e1mbito nacional por Radio Mar\u00eda, y tambi\u00e9n a trav\u00e9s de la p\u00e1gina web oficial del IEC 2024:<\/span><a href=\"https:\/\/www.iec2024.ec\/en\/\"><span style=\"font-weight: 400;\"> https:\/\/www.iec2024.ec\/<\/span><\/a><span style=\"font-weight: 400;\">. Retransmite Radio Cat\u00f3lica Tulc\u00e1n 88.5 FM y\u00a0 la web<\/span><a href=\"http:\/\/www.radiocatolocatulcan.com\/\"><span style=\"font-weight: 400;\"> www.radiocatolocatulcan.com<\/span><\/a><\/p>\n<p><span style=\"font-weight: 400;\">Adem\u00e1s, te invitamos a seguirnos en nuestras redes sociales @IEC2024Quito, donde encontrar\u00e1s interesantes noticias sobre este gran encuentro eclesial.<\/span><\/p>\n<p><span style=\"font-weight: 400;\">\u00a1Gracias por acompa\u00f1arnos en el camino hacia el 53\u00b0 Congreso Eucar\u00edstico Internacional (IEC 2024), que se realizar\u00e1 del 8 al 15 de septiembre de 2024!<\/span><\/p>\n","protected":false},"excerpt":{"rendered":"<p>20 de julio de 2023\/Autora Mar\u00eda Jos\u00e9 Casco En el programa radial n\u00famero 16 &#8220;Fraternidad para Sanar el Mundo&#8221;, realizado el 20 de julio, se cont\u00f3 con la participaci\u00f3n del P. Enrique Uma\u00f1a, Secretario Ejecutivo de la Red Pastoral de Doctrina de la Conferencia Episcopal Ecuatoriana. Durante el encuentro, se discutieron las conclusiones del VIII [&hellip;]<\/p>\n","protected":false},"author":2,"featured_media":3202,"comment_status":"open","ping_status":"open","sticky":false,"template":"","format":"standard","meta":{"footnotes":""},"categories":[33],"tags":[],"acf":[],"yoast_head":"<!-- This site is optimized with the Yoast SEO plugin v21.1 - https:\/\/yoast.com\/wordpress\/plugins\/seo\/ -->\n<title>Red Pastoral de Doctrina de la Conferencia Episcopal Ecuatoriana camino al IEC 2024 - IEC 2024<\/title>\n<meta name=\"robots\" content=\"index, follow, max-snippet:-1, max-image-preview:large, max-video-preview:-1\" \/>\n<link rel=\"canonical\" href=\"https:\/\/www.iec2024.ec\/en\/sacerdocio-y-fraternidad\/\" \/>\n<meta property=\"og:locale\" content=\"en_US\" \/>\n<meta property=\"og:type\" content=\"article\" \/>\n<meta property=\"og:title\" content=\"Red Pastoral de Doctrina de la Conferencia Episcopal Ecuatoriana camino al IEC 2024 - IEC 2024\" \/>\n<meta property=\"og:description\" content=\"20 de julio de 2023\/Autora Mar\u00eda Jos\u00e9 Casco En el programa radial n\u00famero 16 &#8220;Fraternidad para Sanar el Mundo&#8221;, realizado el 20 de julio, se cont\u00f3 con la participaci\u00f3n del P. Enrique Uma\u00f1a, Secretario Ejecutivo de la Red Pastoral de Doctrina de la Conferencia Episcopal Ecuatoriana. Durante el encuentro, se discutieron las conclusiones del VIII [&hellip;]\" \/>\n<meta property=\"og:url\" content=\"https:\/\/www.iec2024.ec\/en\/sacerdocio-y-fraternidad\/\" \/>\n<meta property=\"og:site_name\" content=\"IEC 2024\" \/>\n<meta property=\"article:published_time\" content=\"2023-07-26T15:25:07+00:00\" \/>\n<meta property=\"article:modified_time\" content=\"2024-05-17T19:48:48+00:00\" \/>\n<meta property=\"og:image\" content=\"https:\/\/www.iec2024.ec\/wp-content\/uploads\/2023\/08\/IMG_7321-scaled-1.jpg\" \/>\n\t<meta property=\"og:image:width\" content=\"2560\" \/>\n\t<meta property=\"og:image:height\" content=\"1707\" \/>\n\t<meta property=\"og:image:type\" content=\"image\/jpeg\" \/>\n<meta name=\"author\" content=\"Secretario T\u00e9cnico\" \/>\n<meta name=\"twitter:card\" content=\"summary_large_image\" \/>\n<meta name=\"twitter:label1\" content=\"Written by\" \/>\n\t<meta name=\"twitter:data1\" content=\"Secretario T\u00e9cnico\" \/>\n\t<meta name=\"twitter:label2\" content=\"Est. reading time\" \/>\n\t<meta name=\"twitter:data2\" content=\"3 minutes\" \/>\n<script type=\"application\/ld+json\" class=\"yoast-schema-graph\">{\"@context\":\"https:\/\/schema.org\",\"@graph\":[{\"@type\":\"Article\",\"@id\":\"https:\/\/www.iec2024.ec\/en\/sacerdocio-y-fraternidad\/#article\",\"isPartOf\":{\"@id\":\"https:\/\/www.iec2024.ec\/en\/sacerdocio-y-fraternidad\/\"},\"author\":{\"name\":\"Secretario T\u00e9cnico\",\"@id\":\"https:\/\/www.iec2024.ec\/en\/#\/schema\/person\/7dc46e27a804fe39ba34935ca5284fe2\"},\"headline\":\"Red Pastoral de Doctrina de la Conferencia Episcopal Ecuatoriana camino al IEC 2024\",\"datePublished\":\"2023-07-26T15:25:07+00:00\",\"dateModified\":\"2024-05-17T19:48:48+00:00\",\"mainEntityOfPage\":{\"@id\":\"https:\/\/www.iec2024.ec\/en\/sacerdocio-y-fraternidad\/\"},\"wordCount\":512,\"commentCount\":0,\"publisher\":{\"@id\":\"https:\/\/www.iec2024.ec\/en\/#organization\"},\"articleSection\":[\"News\"],\"inLanguage\":\"en-US\",\"potentialAction\":[{\"@type\":\"CommentAction\",\"name\":\"Comment\",\"target\":[\"https:\/\/www.iec2024.ec\/en\/sacerdocio-y-fraternidad\/#respond\"]}]},{\"@type\":\"WebPage\",\"@id\":\"https:\/\/www.iec2024.ec\/en\/sacerdocio-y-fraternidad\/\",\"url\":\"https:\/\/www.iec2024.ec\/en\/sacerdocio-y-fraternidad\/\",\"name\":\"Red Pastoral de Doctrina de la Conferencia Episcopal Ecuatoriana camino al IEC 2024 - IEC 2024\",\"isPartOf\":{\"@id\":\"https:\/\/www.iec2024.ec\/en\/#website\"},\"datePublished\":\"2023-07-26T15:25:07+00:00\",\"dateModified\":\"2024-05-17T19:48:48+00:00\",\"breadcrumb\":{\"@id\":\"https:\/\/www.iec2024.ec\/en\/sacerdocio-y-fraternidad\/#breadcrumb\"},\"inLanguage\":\"en-US\",\"potentialAction\":[{\"@type\":\"ReadAction\",\"target\":[\"https:\/\/www.iec2024.ec\/en\/sacerdocio-y-fraternidad\/\"]}]},{\"@type\":\"BreadcrumbList\",\"@id\":\"https:\/\/www.iec2024.ec\/en\/sacerdocio-y-fraternidad\/#breadcrumb\",\"itemListElement\":[{\"@type\":\"ListItem\",\"position\":1,\"name\":\"Portada\",\"item\":\"https:\/\/www.iec2024.ec\/en\/\"},{\"@type\":\"ListItem\",\"position\":2,\"name\":\"Red Pastoral de Doctrina de la Conferencia Episcopal Ecuatoriana camino al IEC 2024\"}]},{\"@type\":\"WebSite\",\"@id\":\"https:\/\/www.iec2024.ec\/en\/#website\",\"url\":\"https:\/\/www.iec2024.ec\/en\/\",\"name\":\"IEC 2024\",\"description\":\"\",\"publisher\":{\"@id\":\"https:\/\/www.iec2024.ec\/en\/#organization\"},\"potentialAction\":[{\"@type\":\"SearchAction\",\"target\":{\"@type\":\"EntryPoint\",\"urlTemplate\":\"https:\/\/www.iec2024.ec\/en\/?s={search_term_string}\"},\"query-input\":\"required name=search_term_string\"}],\"inLanguage\":\"en-US\"},{\"@type\":\"Organization\",\"@id\":\"https:\/\/www.iec2024.ec\/en\/#organization\",\"name\":\"IEC 2024\",\"url\":\"https:\/\/www.iec2024.ec\/en\/\",\"logo\":{\"@type\":\"ImageObject\",\"inLanguage\":\"en-US\",\"@id\":\"https:\/\/www.iec2024.ec\/en\/#\/schema\/logo\/image\/\",\"url\":\"https:\/\/www.iec2024.ec\/wp-content\/uploads\/2024\/01\/cropped-logo-2024.png\",\"contentUrl\":\"https:\/\/www.iec2024.ec\/wp-content\/uploads\/2024\/01\/cropped-logo-2024.png\",\"width\":1277,\"height\":332,\"caption\":\"IEC 2024\"},\"image\":{\"@id\":\"https:\/\/www.iec2024.ec\/en\/#\/schema\/logo\/image\/\"}},{\"@type\":\"Person\",\"@id\":\"https:\/\/www.iec2024.ec\/en\/#\/schema\/person\/7dc46e27a804fe39ba34935ca5284fe2\",\"name\":\"Secretario T\u00e9cnico\",\"image\":{\"@type\":\"ImageObject\",\"inLanguage\":\"en-US\",\"@id\":\"https:\/\/www.iec2024.ec\/en\/#\/schema\/person\/image\/\",\"url\":\"https:\/\/secure.gravatar.com\/avatar\/67808a21710148ea0645bc85e43e21b6?s=96&d=mm&r=g\",\"contentUrl\":\"https:\/\/secure.gravatar.com\/avatar\/67808a21710148ea0645bc85e43e21b6?s=96&d=mm&r=g\",\"caption\":\"Secretario T\u00e9cnico\"},\"url\":\"https:\/\/www.iec2024.ec\/en\/author\/4dm1ns3cr3t4r10\/\"}]}<\/script>\n<!-- \/ Yoast SEO plugin. -->","yoast_head_json":{"title":"Red Pastoral de Doctrina de la Conferencia Episcopal Ecuatoriana camino al IEC 2024 - IEC 2024","robots":{"index":"index","follow":"follow","max-snippet":"max-snippet:-1","max-image-preview":"max-image-preview:large","max-video-preview":"max-video-preview:-1"},"canonical":"https:\/\/www.iec2024.ec\/en\/sacerdocio-y-fraternidad\/","og_locale":"en_US","og_type":"article","og_title":"Red Pastoral de Doctrina de la Conferencia Episcopal Ecuatoriana camino al IEC 2024 - IEC 2024","og_description":"20 de julio de 2023\/Autora Mar\u00eda Jos\u00e9 Casco En el programa radial n\u00famero 16 &#8220;Fraternidad para Sanar el Mundo&#8221;, realizado el 20 de julio, se cont\u00f3 con la participaci\u00f3n del P. Enrique Uma\u00f1a, Secretario Ejecutivo de la Red Pastoral de Doctrina de la Conferencia Episcopal Ecuatoriana. Durante el encuentro, se discutieron las conclusiones del VIII [&hellip;]","og_url":"https:\/\/www.iec2024.ec\/en\/sacerdocio-y-fraternidad\/","og_site_name":"IEC 2024","article_published_time":"2023-07-26T15:25:07+00:00","article_modified_time":"2024-05-17T19:48:48+00:00","og_image":[{"width":2560,"height":1707,"url":"https:\/\/www.iec2024.ec\/wp-content\/uploads\/2023\/08\/IMG_7321-scaled-1.jpg","type":"image\/jpeg"}],"author":"Secretario T\u00e9cnico","twitter_card":"summary_large_image","twitter_misc":{"Written by":"Secretario T\u00e9cnico","Est. reading time":"3 minutes"},"schema":{"@context":"https:\/\/schema.org","@graph":[{"@type":"Article","@id":"https:\/\/www.iec2024.ec\/en\/sacerdocio-y-fraternidad\/#article","isPartOf":{"@id":"https:\/\/www.iec2024.ec\/en\/sacerdocio-y-fraternidad\/"},"author":{"name":"Secretario T\u00e9cnico","@id":"https:\/\/www.iec2024.ec\/en\/#\/schema\/person\/7dc46e27a804fe39ba34935ca5284fe2"},"headline":"Red Pastoral de Doctrina de la Conferencia Episcopal Ecuatoriana camino al IEC 2024","datePublished":"2023-07-26T15:25:07+00:00","dateModified":"2024-05-17T19:48:48+00:00","mainEntityOfPage":{"@id":"https:\/\/www.iec2024.ec\/en\/sacerdocio-y-fraternidad\/"},"wordCount":512,"commentCount":0,"publisher":{"@id":"https:\/\/www.iec2024.ec\/en\/#organization"},"articleSection":["News"],"inLanguage":"en-US","potentialAction":[{"@type":"CommentAction","name":"Comment","target":["https:\/\/www.iec2024.ec\/en\/sacerdocio-y-fraternidad\/#respond"]}]},{"@type":"WebPage","@id":"https:\/\/www.iec2024.ec\/en\/sacerdocio-y-fraternidad\/","url":"https:\/\/www.iec2024.ec\/en\/sacerdocio-y-fraternidad\/","name":"Red Pastoral de Doctrina de la Conferencia Episcopal Ecuatoriana camino al IEC 2024 - IEC 2024","isPartOf":{"@id":"https:\/\/www.iec2024.ec\/en\/#website"},"datePublished":"2023-07-26T15:25:07+00:00","dateModified":"2024-05-17T19:48:48+00:00","breadcrumb":{"@id":"https:\/\/www.iec2024.ec\/en\/sacerdocio-y-fraternidad\/#breadcrumb"},"inLanguage":"en-US","potentialAction":[{"@type":"ReadAction","target":["https:\/\/www.iec2024.ec\/en\/sacerdocio-y-fraternidad\/"]}]},{"@type":"BreadcrumbList","@id":"https:\/\/www.iec2024.ec\/en\/sacerdocio-y-fraternidad\/#breadcrumb","itemListElement":[{"@type":"ListItem","position":1,"name":"Portada","item":"https:\/\/www.iec2024.ec\/en\/"},{"@type":"ListItem","position":2,"name":"Red Pastoral de Doctrina de la Conferencia Episcopal Ecuatoriana camino al IEC 2024"}]},{"@type":"WebSite","@id":"https:\/\/www.iec2024.ec\/en\/#website","url":"https:\/\/www.iec2024.ec\/en\/","name":"IEC 2024","description":"","publisher":{"@id":"https:\/\/www.iec2024.ec\/en\/#organization"},"potentialAction":[{"@type":"SearchAction","target":{"@type":"EntryPoint","urlTemplate":"https:\/\/www.iec2024.ec\/en\/?s={search_term_string}"},"query-input":"required name=search_term_string"}],"inLanguage":"en-US"},{"@type":"Organization","@id":"https:\/\/www.iec2024.ec\/en\/#organization","name":"IEC 2024","url":"https:\/\/www.iec2024.ec\/en\/","logo":{"@type":"ImageObject","inLanguage":"en-US","@id":"https:\/\/www.iec2024.ec\/en\/#\/schema\/logo\/image\/","url":"https:\/\/www.iec2024.ec\/wp-content\/uploads\/2024\/01\/cropped-logo-2024.png","contentUrl":"https:\/\/www.iec2024.ec\/wp-content\/uploads\/2024\/01\/cropped-logo-2024.png","width":1277,"height":332,"caption":"IEC 2024"},"image":{"@id":"https:\/\/www.iec2024.ec\/en\/#\/schema\/logo\/image\/"}},{"@type":"Person","@id":"https:\/\/www.iec2024.ec\/en\/#\/schema\/person\/7dc46e27a804fe39ba34935ca5284fe2","name":"Secretario T\u00e9cnico","image":{"@type":"ImageObject","inLanguage":"en-US","@id":"https:\/\/www.iec2024.ec\/en\/#\/schema\/person\/image\/","url":"https:\/\/secure.gravatar.com\/avatar\/67808a21710148ea0645bc85e43e21b6?s=96&d=mm&r=g","contentUrl":"https:\/\/secure.gravatar.com\/avatar\/67808a21710148ea0645bc85e43e21b6?s=96&d=mm&r=g","caption":"Secretario T\u00e9cnico"},"url":"https:\/\/www.iec2024.ec\/en\/author\/4dm1ns3cr3t4r10\/"}]}},"_links":{"self":[{"href":"https:\/\/www.iec2024.ec\/en\/wp-json\/wp\/v2\/posts\/3197"}],"collection":[{"href":"https:\/\/www.iec2024.ec\/en\/wp-json\/wp\/v2\/posts"}],"about":[{"href":"https:\/\/www.iec2024.ec\/en\/wp-json\/wp\/v2\/types\/post"}],"author":[{"embeddable":true,"href":"https:\/\/www.iec2024.ec\/en\/wp-json\/wp\/v2\/users\/2"}],"replies":[{"embeddable":true,"href":"https:\/\/www.iec2024.ec\/en\/wp-json\/wp\/v2\/comments?post=3197"}],"version-history":[{"count":1,"href":"https:\/\/www.iec2024.ec\/en\/wp-json\/wp\/v2\/posts\/3197\/revisions"}],"predecessor-version":[{"id":5649,"href":"https:\/\/www.iec2024.ec\/en\/wp-json\/wp\/v2\/posts\/3197\/revisions\/5649"}],"wp:featuredmedia":[{"embeddable":true,"href":"https:\/\/www.iec2024.ec\/en\/wp-json\/wp\/v2\/media\/3202"}],"wp:attachment":[{"href":"https:\/\/www.iec2024.ec\/en\/wp-json\/wp\/v2\/media?parent=3197"}],"wp:term":[{"taxonomy":"category","embeddable":true,"href":"https:\/\/www.iec2024.ec\/en\/wp-json\/wp\/v2\/categories?post=3197"},{"taxonomy":"post_tag","embeddable":true,"href":"https:\/\/www.iec2024.ec\/en\/wp-json\/wp\/v2\/tags?post=3197"}],"curies":[{"name":"wp","href":"https:\/\/api.w.org\/{rel}","templated":true}]}}