{"id":5225,"date":"2023-07-05T12:49:03","date_gmt":"2023-07-05T17:49:03","guid":{"rendered":"https:\/\/www.iec2024.ec\/quito-sede-del-primer-congreso-eucaristico-nacional-del-mundo-ano-1886\/"},"modified":"2024-03-04T12:11:05","modified_gmt":"2024-03-04T17:11:05","slug":"quito-sede-del-primer-congreso-eucaristico-nacional-del-mundo-ano-1886","status":"publish","type":"post","link":"https:\/\/www.iec2024.ec\/en\/quito-sede-del-primer-congreso-eucaristico-nacional-del-mundo-ano-1886\/","title":{"rendered":"Quito, sede del Primer Congreso Eucar\u00edstico Nacional del Mundo en el a\u00f1o 1886"},"content":{"rendered":"<p>Los objetivos de los Congresos Eucar\u00edsticos son manifestar, acrecentar y propagar la vida cat\u00f3lica en todo el mundo por medio del culto de la Eucarist\u00eda. Aqu\u00ed no podemos dejar en el olvido, ya que ser\u00eda una ofensa a nuestra historia que el I Congreso Eucar\u00edstico Nacional del Ecuador se efectu\u00f3 en la capital en 1886.<\/p>\n<p>Este tuvo como objeto celebrar el segundo centenario del establecimiento del culto p\u00fablico del Sagrado Coraz\u00f3n de Jes\u00fas, bajo el patrocinio del Coraz\u00f3n Inmaculado de Mar\u00eda, del patriarca Sr. San Jos\u00e9 y de Santa Rosa de Lima, la cual celebraba el tercer centenario tambi\u00e9n ese a\u00f1o que tuvo lugar del 21 de junio al 8 de julio de 1886.<\/p>\n<p>Entre sus finalidades fueron: Dar al Sagrado Coraz\u00f3n de Jes\u00fas, en nombre de toda la Rep\u00fablica, un culto p\u00fablico y social de amor y de reparaci\u00f3n. Y organizar en toda la Rep\u00fablica la recolecci\u00f3n de fondos, y los dem\u00e1s trabajos conducentes a la pronta construcci\u00f3n de la Bas\u00edlica del Sagrado Coraz\u00f3n, decretada por la Asamblea Nacional en 29 de febrero de 1884.<\/p>\n<h5>PREVIA AL CONGRESO EUCAR\u00cdSTICO<\/h5>\n<p>Todo se inici\u00f3 con la formaci\u00f3n de una Junta Promotora emprendida por el Arzobispo Ord\u00f3\u00f1ez, cuya misi\u00f3n era la de colaborar en los trabajos preparatorios del Congreso. Enseguida se lanz\u00f3 la invitaci\u00f3n que se realiz\u00f3 formalmente el 2 de abril de dicho a\u00f1o, dando a conocer las finalidades de la misma. Se eligi\u00f3 a 8 diputados por cada Di\u00f3cesis para el Congreso (Cuenca, Guayaquil, Riobamba, Loja, Ibarra y Portoviejo).<\/p>\n<p>Lleg\u00f3 el mes por excelencia y tradici\u00f3n dedicado al Sagrado Coraz\u00f3n de Jes\u00fas. El 11 de junio se dio principio en la iglesia Catedral a la novena del centenario, en la ma\u00f1ana celebraba la misa alguno de los Obispos presentes en Quito. Durante las mismas se rezaban las oraciones de la novena Al Divino coraz\u00f3n de Jesucristo, especialmente redactada por la Rep\u00fablica del Ecuador.<\/p>\n<p>Por la tarde despu\u00e9s del rezo del santo rosario seguido del canto de las letan\u00edas lauretanas, ten\u00eda lugar las pl\u00e1ticas que fueron dadas por el sacerdote Jesuita Manuel Proa\u00f1o, todas sobre el tema de la reaparici\u00f3n por el Sant\u00edsimo Coraz\u00f3n de Jes\u00fas. Por \u00faltimo se pon\u00eda de manifiesto la majestad y el Se\u00f1or Obispo Gonz\u00e1lez de Ibarra daba con ella la bendici\u00f3n al gent\u00edo que llenaba las espaciosas naves del templo.<\/p>\n<p>Para el 14 de junio con la gran mayor\u00eda de diputados para el evento, en el gran sal\u00f3n de actos del Colegio Nacional San Gabriel, se hizo una sencilla alocuci\u00f3n por parte del Arzobispo de Quito en donde destac\u00f3 el objeto del Congreso Eucar\u00edstico y el esp\u00edritu que deb\u00eda animarlo.<\/p>\n<p>Adem\u00e1s se formaron 4 comisiones generales para el estudio de los proyectos del programa. En esta misma sesi\u00f3n el Padre Julio Mar\u00eda Matovelle present\u00f3 dos proyectos. El uno relativo a mandar al Pont\u00edfice la adhesi\u00f3n expl\u00edcita del Congreso, y copia de todos sus acuerdos implorando su bendici\u00f3n apost\u00f3lica. Y el otro encaminado a que el Ecuador contribuya como es debido a la celebraci\u00f3n del jubileo sacerdotal de su Santidad Le\u00f3n XIII.<\/p>\n<p>El radiante d\u00eda se abre rompiendo el silencio matinal con salvas de artiller\u00eda, una alarma en la cual los congregados en la vieja ciudad de Quito despertaban aquel memorable 21 de junio de 1886. La Catedral abri\u00f3 sus puertas para recibir la Santa Comuni\u00f3n. Pan de vida del que se alimentaron todos, sin distinci\u00f3n de clases o condici\u00f3n social.<\/p>\n<p>A la hora programada dio inicio el Santo Sacrificio, la comuni\u00f3n reparadora arranc\u00f3 muchas l\u00e1grimas de perd\u00f3n e implorando favores a pesar de reconocer su humana fragilidad, lo depositaban en las manos del Rey del Universo de los cuales se hizo el c\u00e1lculo que <strong>10 mil corazones se convirtieron en sagrarios <\/strong>vivos en aquella ceremonia.<\/p>\n<p>Ya en el colegio San Gabriel estaban presentes el Presidente de la Rep\u00fablica, Don Jos\u00e9 Mar\u00eda Pl\u00e1cido Caama\u00f1o acompa\u00f1ado de sus ministros de Estado. Como tambi\u00e9n las autoridades civiles locales y autoridades delegadas provinciales. Siendo poco antes de las 12 el Delegado Apost\u00f3lico enton\u00f3 el Himno al Esp\u00edritu Santo, y al concluirlas el disparo de las salvas, eran el anuncio a la capital de la instalaci\u00f3n del Primer Congreso Eucar\u00edstico Ecuatoriano. Terminados los discursos el Excmo. Se\u00f1or Delegado Apost\u00f3lico expuso solemnemente, el Sant\u00edsimo Sacramento a la adoraci\u00f3n p\u00fablica en el altar mayor.<\/p>\n<p>Una de las manifestaciones piadosas del Congreso Eucar\u00edstico fue la procesi\u00f3n p\u00fablica y social del Sant\u00edsimo Sacramento. Por feliz coincidencia, tres d\u00edas despu\u00e9s del Centenario, es decir, el 24 de junio cay\u00f3 la propia festividad del Corpus Christi. Poco despu\u00e9s de las doce sali\u00f3 la procesi\u00f3n, el trayecto tendr\u00eda la extensi\u00f3n de 14 cuadras, esto quiere decir alrededor de 1200 metros, realizada en el casco colonial de Quito.<\/p>\n<p>La procesi\u00f3n dur\u00f3 como dos horas y tuvo remate en la Plaza Mayor, con la ceremonia m\u00e1s sublime y conmovedora que puede imaginarse. Llegado al altar construido bajo el arco del atrio de la Catedral, el Arzobispo, ascendiendo a un estrado, bendijo con la Hostia Sagrada al numeroso concurso de pueblo all\u00ed reunido, y que palpitaba lleno de fe y amor, como si fuera el mismo coraz\u00f3n de la Rep\u00fablica.<\/p>\n<h5>SEGUNDA SESI\u00d3N SOLEMNE DEL CONGRESO<\/h5>\n<p>El viernes 2 de julio, celebrase en la Iglesia Metropolitana la fiesta propia del Sant\u00edsimo Coraz\u00f3n de Jes\u00fas, con asistencia de los altos Poderes del Estado y todos los funcionarios p\u00fablicos, por tener dicha fiesta el car\u00e1cter de c\u00edvica desde la Consagraci\u00f3n de la Rep\u00fablica en 1873.<\/p>\n<p>En este d\u00eda los actos civiles y religiosos eran hermosos e imponentes, es as\u00ed como lo califica el joven cronista P\u00f3lit Lasso. Estuvo expuesto el Sant\u00edsimo hasta el anochecer, siendo visitado por innumerable gent\u00edo de todas las clases sociales. Antes de darse la solemne bendici\u00f3n con la que se clausur\u00f3 este hermos\u00edsimo d\u00eda, pronunci\u00f3 un tierno y adecuado Paneg\u00edrico el Se\u00f1or Obispo de Ibarra, Dr. D. Pedro Rafael Gonz\u00e1lez y Calisto.<\/p>\n<h5>CLAUSURA DEL I CONGRESO EUCAR\u00cdSTICO NACIONAL<\/h5>\n<p>Por la ma\u00f1ana del jueves 8 de julio, d\u00eda destinado para la clausura del Congreso Eucar\u00edstico, se celebr\u00f3 en la Iglesia Metropolitana la solemne misa en honor de Santa Rosa de Lima, cuyo segundo centenario se propon\u00eda conmemorar igualmente el Congreso.<\/p>\n<p>A las once del d\u00eda volvi\u00f3 a reunirse el Congreso Eucar\u00edstico con la misma solemnidad que en las dos sesiones anteriores, para celebrar la de clausura bajo el patrocinio de Santa Rosa de Lima, cuya efigie se hab\u00eda colocado en sitio prominente del altar principal. Se leyeron los \u00faltimos acuerdos del Congreso, para continuar con una ceremonia de juramento al Coraz\u00f3n de Jes\u00fas de los diputados, la cual al finalizar el coro de la Catedral enton\u00f3 el solemne canto del Te Deum, despu\u00e9s del cual el Delegado Apost\u00f3lico dio la bendici\u00f3n a los concurrentes con el Sant\u00edsimo Sacramento y de esta manera clausur\u00f3 el primer Congreso Eucar\u00edstico del Ecuador.<\/p>\n<p>Hasta una pr\u00f3xima entrega para seguir conociendo los Congresos Eucar\u00edsticos Nacionales.<\/p>\n<p><strong>Por: Vicente Garc\u00eda<\/strong><\/p>\n<p><strong>FUENTES<\/strong><\/p>\n<ul>\n<li>Mlle Tamisier in The Sentinel of the Blessed Sacrament (Nueva York, julio de 1911)<\/li>\n<li>VAUDON, L&#8217;\u0152uvre des Congr\u00e8s Eucharistiques (Paris y Montreal,1910)<\/li>\n<li>L&#8217;Id\u00e9al (Paris, 1910).<\/li>\n<li>Vatican News<\/li>\n<li>Invitaci\u00f3n a todos los cat\u00f3licos ecuatorianos para el Congreso Eucar\u00edstico<\/li>\n<li>Revista del Coraz\u00f3n de Jes\u00fas<\/li>\n<\/ul>\n","protected":false},"excerpt":{"rendered":"<p>Los objetivos de los Congresos Eucar\u00edsticos son manifestar, acrecentar y propagar la vida cat\u00f3lica en todo el mundo por medio del culto de la Eucarist\u00eda. Aqu\u00ed no podemos dejar en el olvido, ya que ser\u00eda una ofensa a nuestra historia que el I Congreso Eucar\u00edstico Nacional del Ecuador se efectu\u00f3 en la capital en 1886. [&hellip;]<\/p>\n","protected":false},"author":2,"featured_media":5105,"comment_status":"open","ping_status":"open","sticky":false,"template":"","format":"standard","meta":{"footnotes":""},"categories":[33],"tags":[],"acf":[],"yoast_head":"<!-- This site is optimized with the Yoast SEO plugin v21.1 - https:\/\/yoast.com\/wordpress\/plugins\/seo\/ -->\n<title>Quito, sede del Primer Congreso Eucar\u00edstico Nacional del Mundo en el a\u00f1o 1886 - IEC 2024<\/title>\n<meta name=\"robots\" content=\"index, follow, max-snippet:-1, max-image-preview:large, max-video-preview:-1\" \/>\n<link rel=\"canonical\" href=\"https:\/\/www.iec2024.ec\/en\/quito-sede-del-primer-congreso-eucaristico-nacional-del-mundo-ano-1886\/\" \/>\n<meta property=\"og:locale\" content=\"en_US\" \/>\n<meta property=\"og:type\" content=\"article\" \/>\n<meta property=\"og:title\" content=\"Quito, sede del Primer Congreso Eucar\u00edstico Nacional del Mundo en el a\u00f1o 1886 - IEC 2024\" \/>\n<meta property=\"og:description\" content=\"Los objetivos de los Congresos Eucar\u00edsticos son manifestar, acrecentar y propagar la vida cat\u00f3lica en todo el mundo por medio del culto de la Eucarist\u00eda. Aqu\u00ed no podemos dejar en el olvido, ya que ser\u00eda una ofensa a nuestra historia que el I Congreso Eucar\u00edstico Nacional del Ecuador se efectu\u00f3 en la capital en 1886. [&hellip;]\" \/>\n<meta property=\"og:url\" content=\"https:\/\/www.iec2024.ec\/en\/quito-sede-del-primer-congreso-eucaristico-nacional-del-mundo-ano-1886\/\" \/>\n<meta property=\"og:site_name\" content=\"IEC 2024\" \/>\n<meta property=\"article:published_time\" content=\"2023-07-05T17:49:03+00:00\" \/>\n<meta property=\"article:modified_time\" content=\"2024-03-04T17:11:05+00:00\" \/>\n<meta property=\"og:image\" content=\"https:\/\/www.iec2024.ec\/wp-content\/uploads\/2023\/08\/basilica-voto-nacional-quito-ecuador.jpg\" \/>\n\t<meta property=\"og:image:width\" content=\"960\" \/>\n\t<meta property=\"og:image:height\" content=\"640\" \/>\n\t<meta property=\"og:image:type\" content=\"image\/jpeg\" \/>\n<meta name=\"author\" content=\"Secretario T\u00e9cnico\" \/>\n<meta name=\"twitter:card\" content=\"summary_large_image\" \/>\n<meta name=\"twitter:label1\" content=\"Written by\" \/>\n\t<meta name=\"twitter:data1\" content=\"Secretario T\u00e9cnico\" \/>\n\t<meta name=\"twitter:label2\" content=\"Est. reading time\" \/>\n\t<meta name=\"twitter:data2\" content=\"7 minutes\" \/>\n<script type=\"application\/ld+json\" class=\"yoast-schema-graph\">{\"@context\":\"https:\/\/schema.org\",\"@graph\":[{\"@type\":\"Article\",\"@id\":\"https:\/\/www.iec2024.ec\/en\/quito-sede-del-primer-congreso-eucaristico-nacional-del-mundo-ano-1886\/#article\",\"isPartOf\":{\"@id\":\"https:\/\/www.iec2024.ec\/en\/quito-sede-del-primer-congreso-eucaristico-nacional-del-mundo-ano-1886\/\"},\"author\":{\"name\":\"Secretario T\u00e9cnico\",\"@id\":\"https:\/\/www.iec2024.ec\/en\/#\/schema\/person\/7dc46e27a804fe39ba34935ca5284fe2\"},\"headline\":\"Quito, sede del Primer Congreso Eucar\u00edstico Nacional del Mundo en el a\u00f1o 1886\",\"datePublished\":\"2023-07-05T17:49:03+00:00\",\"dateModified\":\"2024-03-04T17:11:05+00:00\",\"mainEntityOfPage\":{\"@id\":\"https:\/\/www.iec2024.ec\/en\/quito-sede-del-primer-congreso-eucaristico-nacional-del-mundo-ano-1886\/\"},\"wordCount\":1325,\"commentCount\":0,\"publisher\":{\"@id\":\"https:\/\/www.iec2024.ec\/en\/#organization\"},\"articleSection\":[\"News\"],\"inLanguage\":\"en-US\",\"potentialAction\":[{\"@type\":\"CommentAction\",\"name\":\"Comment\",\"target\":[\"https:\/\/www.iec2024.ec\/en\/quito-sede-del-primer-congreso-eucaristico-nacional-del-mundo-ano-1886\/#respond\"]}]},{\"@type\":\"WebPage\",\"@id\":\"https:\/\/www.iec2024.ec\/en\/quito-sede-del-primer-congreso-eucaristico-nacional-del-mundo-ano-1886\/\",\"url\":\"https:\/\/www.iec2024.ec\/en\/quito-sede-del-primer-congreso-eucaristico-nacional-del-mundo-ano-1886\/\",\"name\":\"Quito, sede del Primer Congreso Eucar\u00edstico Nacional del Mundo en el a\u00f1o 1886 - IEC 2024\",\"isPartOf\":{\"@id\":\"https:\/\/www.iec2024.ec\/en\/#website\"},\"datePublished\":\"2023-07-05T17:49:03+00:00\",\"dateModified\":\"2024-03-04T17:11:05+00:00\",\"breadcrumb\":{\"@id\":\"https:\/\/www.iec2024.ec\/en\/quito-sede-del-primer-congreso-eucaristico-nacional-del-mundo-ano-1886\/#breadcrumb\"},\"inLanguage\":\"en-US\",\"potentialAction\":[{\"@type\":\"ReadAction\",\"target\":[\"https:\/\/www.iec2024.ec\/en\/quito-sede-del-primer-congreso-eucaristico-nacional-del-mundo-ano-1886\/\"]}]},{\"@type\":\"BreadcrumbList\",\"@id\":\"https:\/\/www.iec2024.ec\/en\/quito-sede-del-primer-congreso-eucaristico-nacional-del-mundo-ano-1886\/#breadcrumb\",\"itemListElement\":[{\"@type\":\"ListItem\",\"position\":1,\"name\":\"Portada\",\"item\":\"https:\/\/www.iec2024.ec\/en\/\"},{\"@type\":\"ListItem\",\"position\":2,\"name\":\"Quito, sede del Primer Congreso Eucar\u00edstico Nacional del Mundo en el a\u00f1o 1886\"}]},{\"@type\":\"WebSite\",\"@id\":\"https:\/\/www.iec2024.ec\/en\/#website\",\"url\":\"https:\/\/www.iec2024.ec\/en\/\",\"name\":\"IEC 2024\",\"description\":\"\",\"publisher\":{\"@id\":\"https:\/\/www.iec2024.ec\/en\/#organization\"},\"potentialAction\":[{\"@type\":\"SearchAction\",\"target\":{\"@type\":\"EntryPoint\",\"urlTemplate\":\"https:\/\/www.iec2024.ec\/en\/?s={search_term_string}\"},\"query-input\":\"required name=search_term_string\"}],\"inLanguage\":\"en-US\"},{\"@type\":\"Organization\",\"@id\":\"https:\/\/www.iec2024.ec\/en\/#organization\",\"name\":\"IEC 2024\",\"url\":\"https:\/\/www.iec2024.ec\/en\/\",\"logo\":{\"@type\":\"ImageObject\",\"inLanguage\":\"en-US\",\"@id\":\"https:\/\/www.iec2024.ec\/en\/#\/schema\/logo\/image\/\",\"url\":\"https:\/\/www.iec2024.ec\/wp-content\/uploads\/2024\/01\/cropped-logo-2024.png\",\"contentUrl\":\"https:\/\/www.iec2024.ec\/wp-content\/uploads\/2024\/01\/cropped-logo-2024.png\",\"width\":1277,\"height\":332,\"caption\":\"IEC 2024\"},\"image\":{\"@id\":\"https:\/\/www.iec2024.ec\/en\/#\/schema\/logo\/image\/\"}},{\"@type\":\"Person\",\"@id\":\"https:\/\/www.iec2024.ec\/en\/#\/schema\/person\/7dc46e27a804fe39ba34935ca5284fe2\",\"name\":\"Secretario T\u00e9cnico\",\"image\":{\"@type\":\"ImageObject\",\"inLanguage\":\"en-US\",\"@id\":\"https:\/\/www.iec2024.ec\/en\/#\/schema\/person\/image\/\",\"url\":\"https:\/\/secure.gravatar.com\/avatar\/67808a21710148ea0645bc85e43e21b6?s=96&d=mm&r=g\",\"contentUrl\":\"https:\/\/secure.gravatar.com\/avatar\/67808a21710148ea0645bc85e43e21b6?s=96&d=mm&r=g\",\"caption\":\"Secretario T\u00e9cnico\"},\"url\":\"https:\/\/www.iec2024.ec\/en\/author\/4dm1ns3cr3t4r10\/\"}]}<\/script>\n<!-- \/ Yoast SEO plugin. -->","yoast_head_json":{"title":"Quito, sede del Primer Congreso Eucar\u00edstico Nacional del Mundo en el a\u00f1o 1886 - IEC 2024","robots":{"index":"index","follow":"follow","max-snippet":"max-snippet:-1","max-image-preview":"max-image-preview:large","max-video-preview":"max-video-preview:-1"},"canonical":"https:\/\/www.iec2024.ec\/en\/quito-sede-del-primer-congreso-eucaristico-nacional-del-mundo-ano-1886\/","og_locale":"en_US","og_type":"article","og_title":"Quito, sede del Primer Congreso Eucar\u00edstico Nacional del Mundo en el a\u00f1o 1886 - IEC 2024","og_description":"Los objetivos de los Congresos Eucar\u00edsticos son manifestar, acrecentar y propagar la vida cat\u00f3lica en todo el mundo por medio del culto de la Eucarist\u00eda. Aqu\u00ed no podemos dejar en el olvido, ya que ser\u00eda una ofensa a nuestra historia que el I Congreso Eucar\u00edstico Nacional del Ecuador se efectu\u00f3 en la capital en 1886. [&hellip;]","og_url":"https:\/\/www.iec2024.ec\/en\/quito-sede-del-primer-congreso-eucaristico-nacional-del-mundo-ano-1886\/","og_site_name":"IEC 2024","article_published_time":"2023-07-05T17:49:03+00:00","article_modified_time":"2024-03-04T17:11:05+00:00","og_image":[{"width":960,"height":640,"url":"https:\/\/www.iec2024.ec\/wp-content\/uploads\/2023\/08\/basilica-voto-nacional-quito-ecuador.jpg","type":"image\/jpeg"}],"author":"Secretario T\u00e9cnico","twitter_card":"summary_large_image","twitter_misc":{"Written by":"Secretario T\u00e9cnico","Est. reading time":"7 minutes"},"schema":{"@context":"https:\/\/schema.org","@graph":[{"@type":"Article","@id":"https:\/\/www.iec2024.ec\/en\/quito-sede-del-primer-congreso-eucaristico-nacional-del-mundo-ano-1886\/#article","isPartOf":{"@id":"https:\/\/www.iec2024.ec\/en\/quito-sede-del-primer-congreso-eucaristico-nacional-del-mundo-ano-1886\/"},"author":{"name":"Secretario T\u00e9cnico","@id":"https:\/\/www.iec2024.ec\/en\/#\/schema\/person\/7dc46e27a804fe39ba34935ca5284fe2"},"headline":"Quito, sede del Primer Congreso Eucar\u00edstico Nacional del Mundo en el a\u00f1o 1886","datePublished":"2023-07-05T17:49:03+00:00","dateModified":"2024-03-04T17:11:05+00:00","mainEntityOfPage":{"@id":"https:\/\/www.iec2024.ec\/en\/quito-sede-del-primer-congreso-eucaristico-nacional-del-mundo-ano-1886\/"},"wordCount":1325,"commentCount":0,"publisher":{"@id":"https:\/\/www.iec2024.ec\/en\/#organization"},"articleSection":["News"],"inLanguage":"en-US","potentialAction":[{"@type":"CommentAction","name":"Comment","target":["https:\/\/www.iec2024.ec\/en\/quito-sede-del-primer-congreso-eucaristico-nacional-del-mundo-ano-1886\/#respond"]}]},{"@type":"WebPage","@id":"https:\/\/www.iec2024.ec\/en\/quito-sede-del-primer-congreso-eucaristico-nacional-del-mundo-ano-1886\/","url":"https:\/\/www.iec2024.ec\/en\/quito-sede-del-primer-congreso-eucaristico-nacional-del-mundo-ano-1886\/","name":"Quito, sede del Primer Congreso Eucar\u00edstico Nacional del Mundo en el a\u00f1o 1886 - IEC 2024","isPartOf":{"@id":"https:\/\/www.iec2024.ec\/en\/#website"},"datePublished":"2023-07-05T17:49:03+00:00","dateModified":"2024-03-04T17:11:05+00:00","breadcrumb":{"@id":"https:\/\/www.iec2024.ec\/en\/quito-sede-del-primer-congreso-eucaristico-nacional-del-mundo-ano-1886\/#breadcrumb"},"inLanguage":"en-US","potentialAction":[{"@type":"ReadAction","target":["https:\/\/www.iec2024.ec\/en\/quito-sede-del-primer-congreso-eucaristico-nacional-del-mundo-ano-1886\/"]}]},{"@type":"BreadcrumbList","@id":"https:\/\/www.iec2024.ec\/en\/quito-sede-del-primer-congreso-eucaristico-nacional-del-mundo-ano-1886\/#breadcrumb","itemListElement":[{"@type":"ListItem","position":1,"name":"Portada","item":"https:\/\/www.iec2024.ec\/en\/"},{"@type":"ListItem","position":2,"name":"Quito, sede del Primer Congreso Eucar\u00edstico Nacional del Mundo en el a\u00f1o 1886"}]},{"@type":"WebSite","@id":"https:\/\/www.iec2024.ec\/en\/#website","url":"https:\/\/www.iec2024.ec\/en\/","name":"IEC 2024","description":"","publisher":{"@id":"https:\/\/www.iec2024.ec\/en\/#organization"},"potentialAction":[{"@type":"SearchAction","target":{"@type":"EntryPoint","urlTemplate":"https:\/\/www.iec2024.ec\/en\/?s={search_term_string}"},"query-input":"required name=search_term_string"}],"inLanguage":"en-US"},{"@type":"Organization","@id":"https:\/\/www.iec2024.ec\/en\/#organization","name":"IEC 2024","url":"https:\/\/www.iec2024.ec\/en\/","logo":{"@type":"ImageObject","inLanguage":"en-US","@id":"https:\/\/www.iec2024.ec\/en\/#\/schema\/logo\/image\/","url":"https:\/\/www.iec2024.ec\/wp-content\/uploads\/2024\/01\/cropped-logo-2024.png","contentUrl":"https:\/\/www.iec2024.ec\/wp-content\/uploads\/2024\/01\/cropped-logo-2024.png","width":1277,"height":332,"caption":"IEC 2024"},"image":{"@id":"https:\/\/www.iec2024.ec\/en\/#\/schema\/logo\/image\/"}},{"@type":"Person","@id":"https:\/\/www.iec2024.ec\/en\/#\/schema\/person\/7dc46e27a804fe39ba34935ca5284fe2","name":"Secretario T\u00e9cnico","image":{"@type":"ImageObject","inLanguage":"en-US","@id":"https:\/\/www.iec2024.ec\/en\/#\/schema\/person\/image\/","url":"https:\/\/secure.gravatar.com\/avatar\/67808a21710148ea0645bc85e43e21b6?s=96&d=mm&r=g","contentUrl":"https:\/\/secure.gravatar.com\/avatar\/67808a21710148ea0645bc85e43e21b6?s=96&d=mm&r=g","caption":"Secretario T\u00e9cnico"},"url":"https:\/\/www.iec2024.ec\/en\/author\/4dm1ns3cr3t4r10\/"}]}},"_links":{"self":[{"href":"https:\/\/www.iec2024.ec\/en\/wp-json\/wp\/v2\/posts\/5225"}],"collection":[{"href":"https:\/\/www.iec2024.ec\/en\/wp-json\/wp\/v2\/posts"}],"about":[{"href":"https:\/\/www.iec2024.ec\/en\/wp-json\/wp\/v2\/types\/post"}],"author":[{"embeddable":true,"href":"https:\/\/www.iec2024.ec\/en\/wp-json\/wp\/v2\/users\/2"}],"replies":[{"embeddable":true,"href":"https:\/\/www.iec2024.ec\/en\/wp-json\/wp\/v2\/comments?post=5225"}],"version-history":[{"count":2,"href":"https:\/\/www.iec2024.ec\/en\/wp-json\/wp\/v2\/posts\/5225\/revisions"}],"predecessor-version":[{"id":12755,"href":"https:\/\/www.iec2024.ec\/en\/wp-json\/wp\/v2\/posts\/5225\/revisions\/12755"}],"wp:featuredmedia":[{"embeddable":true,"href":"https:\/\/www.iec2024.ec\/en\/wp-json\/wp\/v2\/media\/5105"}],"wp:attachment":[{"href":"https:\/\/www.iec2024.ec\/en\/wp-json\/wp\/v2\/media?parent=5225"}],"wp:term":[{"taxonomy":"category","embeddable":true,"href":"https:\/\/www.iec2024.ec\/en\/wp-json\/wp\/v2\/categories?post=5225"},{"taxonomy":"post_tag","embeddable":true,"href":"https:\/\/www.iec2024.ec\/en\/wp-json\/wp\/v2\/tags?post=5225"}],"curies":[{"name":"wp","href":"https:\/\/api.w.org\/{rel}","templated":true}]}}