{"id":5255,"date":"2023-06-26T15:58:57","date_gmt":"2023-06-26T20:58:57","guid":{"rendered":"https:\/\/www.iec2024.ec\/ecuador-pais-consagrado-al-inmaculado-corazon-de-maria\/"},"modified":"2024-05-17T14:41:47","modified_gmt":"2024-05-17T19:41:47","slug":"ecuador-pais-consagrado-al-inmaculado-corazon-de-maria","status":"publish","type":"post","link":"https:\/\/www.iec2024.ec\/en\/ecuador-pais-consagrado-al-inmaculado-corazon-de-maria\/","title":{"rendered":"Ecuador, pa\u00eds consagrado al Inmaculado Coraz\u00f3n de Mar\u00eda"},"content":{"rendered":"<p><span style=\"font-weight: 400;\">En el doceavo programa radial, realizado el 22 de junio de 2023, junto con la Hna. M\u00f3nica Elizabeth Urrutia Villalba, Superiora General de la Congregaci\u00f3n de Religiosas Oblatas de los Corazones Sant\u00edsimos de Jes\u00fas y Mar\u00eda, recordamos la Consagraci\u00f3n del Ecuador al Inmaculado Coraz\u00f3n de Mar\u00eda.<\/span><\/p>\n<ul>\n<li><span style=\"font-weight: 400;\"> \u00a0 <\/span><span style=\"font-weight: 400;\">La Hna. M\u00f3nica Urrutia afirm\u00f3 que es importante tener un v\u00ednculo con Mar\u00eda, madre de Jes\u00fas, que camina junto a nosotros y nos conduce a \u00c9l. \u201cEl silencio de Mar\u00eda permite generar espacios para escuchar la voz de Dios, para poder ir de la contemplaci\u00f3n a la acci\u00f3n\u201d.<\/span><\/li>\n<li><span style=\"font-weight: 400;\"> \u00a0 \u00a0 <\/span><span style=\"font-weight: 400;\">Se\u00f1al\u00f3 la necesidad de tener claro el papel de la Virgen Mar\u00eda en el pa\u00eds, puesto que, Ecuador en 1874 fue el primer pa\u00eds en el mundo en consagrarse al Sagrado Coraz\u00f3n de Jes\u00fas y, posteriormente, al Inmaculado Coraz\u00f3n de Mar\u00eda.<\/span><\/li>\n<li><span style=\"font-weight: 400;\"> \u00a0 \u00a0 <\/span><span style=\"font-weight: 400;\">Afirm\u00f3 la importancia que tuvo el Padre Julio Mar\u00eda Matovelle, fundador de los Oblatos, como gestor de este proceso. Explic\u00f3 que en su calidad de Senador de la Rep\u00fablica consigui\u00f3 que el pa\u00eds renovar\u00e1 la consagraci\u00f3n realizada al Sagrado Coraz\u00f3n de Jes\u00fas. Creando a su vez el proyecto de consagraci\u00f3n del Ecuador al Inmaculado Coraz\u00f3n de Mar\u00eda, con la participaci\u00f3n de todos los poderes del Estado y la posterior construcci\u00f3n del monumento de la Sant\u00edsima Virgen Mar\u00eda, en la cima del Panecillo de Quito.<\/span><\/li>\n<li><span style=\"font-weight: 400;\"> \u00a0 <\/span><span style=\"font-weight: 400;\">Sostuvo que en la actual situaci\u00f3n social y pol\u00edtica del pa\u00eds y del mundo se necesita volver los ojos a Dios y Mar\u00eda para encontrar las respuestas requeridas en cuanto a las calamidades que se presentan.\u00a0<\/span><\/li>\n<li><span style=\"font-weight: 400;\"> \u00a0 <\/span><span style=\"font-weight: 400;\">En su calidad de Superiora General de la Congregaci\u00f3n de Religiosas Oblatas de \u00a0 los Corazones Sant\u00edsimos de Jes\u00fas y Mar\u00eda, recalc\u00f3 que desde la pastoral realizan labores de atenci\u00f3n a los migrantes, ayuda parroquial y educaci\u00f3n, cuyo objetivo es que las personas abran sus corazones a Dios.<\/span><\/li>\n<\/ul>\n<p><span style=\"font-weight: 400;\">Durante el programa, record\u00f3 la importancia de la devoci\u00f3n al Inmaculado Coraz\u00f3n de Mar\u00eda. Se\u00f1al\u00f3 que es indispensable aprender a servir a los dem\u00e1s, procurando que los mandamientos queden sellados en cada uno de nuestros corazones.<\/span><\/p>\n<p><span style=\"font-weight: 400;\">Recuerda que puedes escucharnos en el \u00e1mbito nacional, cada jueves, a las 09h00, y a trav\u00e9s de la p\u00e1gina web oficial<\/span> <span style=\"color: #3366ff;\"><a style=\"color: #3366ff;\" href=\"https:\/\/www.iec2024.ec\/en\/\"><span style=\"font-weight: 400;\">https:\/\/www.iec2024.ec\/<\/span><\/a><\/span><span style=\"font-weight: 400;\">, y seguirnos en nuestras redes sociales <\/span><b>@IEC2024Quito<\/b><span style=\"font-weight: 400;\"> donde tambi\u00e9n encontrar\u00e1s m\u00e1s noticias de este gran encuentro eclesial.<\/span><\/p>\n<p><span style=\"font-weight: 400;\">\u00a1Gracias por sintonizar \u201cFraternidad para sanar el mundo\u201d! El programa radial que nos invita a preparar el coraz\u00f3n camino al Congreso Eucar\u00edstico Internacional (IEC 2024).<\/span><\/p>\n","protected":false},"excerpt":{"rendered":"<p>En el doceavo programa radial, realizado el 22 de junio de 2023, junto con la Hna. M\u00f3nica Elizabeth Urrutia Villalba, Superiora General de la Congregaci\u00f3n de Religiosas Oblatas de los Corazones Sant\u00edsimos de Jes\u00fas y Mar\u00eda, recordamos la Consagraci\u00f3n del Ecuador al Inmaculado Coraz\u00f3n de Mar\u00eda. \u00a0 La Hna. M\u00f3nica Urrutia afirm\u00f3 que es importante [&hellip;]<\/p>\n","protected":false},"author":2,"featured_media":5095,"comment_status":"open","ping_status":"open","sticky":false,"template":"","format":"standard","meta":{"footnotes":""},"categories":[33],"tags":[],"acf":[],"yoast_head":"<!-- This site is optimized with the Yoast SEO plugin v21.1 - https:\/\/yoast.com\/wordpress\/plugins\/seo\/ -->\n<title>Ecuador, pa\u00eds consagrado al Inmaculado Coraz\u00f3n de Mar\u00eda - IEC 2024<\/title>\n<meta name=\"robots\" content=\"index, follow, max-snippet:-1, max-image-preview:large, max-video-preview:-1\" \/>\n<link rel=\"canonical\" href=\"https:\/\/www.iec2024.ec\/en\/ecuador-pais-consagrado-al-inmaculado-corazon-de-maria\/\" \/>\n<meta property=\"og:locale\" content=\"en_US\" \/>\n<meta property=\"og:type\" content=\"article\" \/>\n<meta property=\"og:title\" content=\"Ecuador, pa\u00eds consagrado al Inmaculado Coraz\u00f3n de Mar\u00eda - IEC 2024\" \/>\n<meta property=\"og:description\" content=\"En el doceavo programa radial, realizado el 22 de junio de 2023, junto con la Hna. M\u00f3nica Elizabeth Urrutia Villalba, Superiora General de la Congregaci\u00f3n de Religiosas Oblatas de los Corazones Sant\u00edsimos de Jes\u00fas y Mar\u00eda, recordamos la Consagraci\u00f3n del Ecuador al Inmaculado Coraz\u00f3n de Mar\u00eda. \u00a0 La Hna. M\u00f3nica Urrutia afirm\u00f3 que es importante [&hellip;]\" \/>\n<meta property=\"og:url\" content=\"https:\/\/www.iec2024.ec\/en\/ecuador-pais-consagrado-al-inmaculado-corazon-de-maria\/\" \/>\n<meta property=\"og:site_name\" content=\"IEC 2024\" \/>\n<meta property=\"article:published_time\" content=\"2023-06-26T20:58:57+00:00\" \/>\n<meta property=\"article:modified_time\" content=\"2024-05-17T19:41:47+00:00\" \/>\n<meta property=\"og:image\" content=\"https:\/\/www.iec2024.ec\/wp-content\/uploads\/2023\/08\/WhatsApp-Image-2023-06-22-at-09.18.53.jpeg\" \/>\n\t<meta property=\"og:image:width\" content=\"1599\" \/>\n\t<meta property=\"og:image:height\" content=\"1066\" \/>\n\t<meta property=\"og:image:type\" content=\"image\/jpeg\" \/>\n<meta name=\"author\" content=\"Secretario T\u00e9cnico\" \/>\n<meta name=\"twitter:card\" content=\"summary_large_image\" \/>\n<meta name=\"twitter:label1\" content=\"Written by\" \/>\n\t<meta name=\"twitter:data1\" content=\"Secretario T\u00e9cnico\" \/>\n\t<meta name=\"twitter:label2\" content=\"Est. reading time\" \/>\n\t<meta name=\"twitter:data2\" content=\"2 minutes\" \/>\n<script type=\"application\/ld+json\" class=\"yoast-schema-graph\">{\"@context\":\"https:\/\/schema.org\",\"@graph\":[{\"@type\":\"Article\",\"@id\":\"https:\/\/www.iec2024.ec\/en\/ecuador-pais-consagrado-al-inmaculado-corazon-de-maria\/#article\",\"isPartOf\":{\"@id\":\"https:\/\/www.iec2024.ec\/en\/ecuador-pais-consagrado-al-inmaculado-corazon-de-maria\/\"},\"author\":{\"name\":\"Secretario T\u00e9cnico\",\"@id\":\"https:\/\/www.iec2024.ec\/en\/#\/schema\/person\/7dc46e27a804fe39ba34935ca5284fe2\"},\"headline\":\"Ecuador, pa\u00eds consagrado al Inmaculado Coraz\u00f3n de Mar\u00eda\",\"datePublished\":\"2023-06-26T20:58:57+00:00\",\"dateModified\":\"2024-05-17T19:41:47+00:00\",\"mainEntityOfPage\":{\"@id\":\"https:\/\/www.iec2024.ec\/en\/ecuador-pais-consagrado-al-inmaculado-corazon-de-maria\/\"},\"wordCount\":471,\"commentCount\":0,\"publisher\":{\"@id\":\"https:\/\/www.iec2024.ec\/en\/#organization\"},\"articleSection\":[\"News\"],\"inLanguage\":\"en-US\",\"potentialAction\":[{\"@type\":\"CommentAction\",\"name\":\"Comment\",\"target\":[\"https:\/\/www.iec2024.ec\/en\/ecuador-pais-consagrado-al-inmaculado-corazon-de-maria\/#respond\"]}]},{\"@type\":\"WebPage\",\"@id\":\"https:\/\/www.iec2024.ec\/en\/ecuador-pais-consagrado-al-inmaculado-corazon-de-maria\/\",\"url\":\"https:\/\/www.iec2024.ec\/en\/ecuador-pais-consagrado-al-inmaculado-corazon-de-maria\/\",\"name\":\"Ecuador, pa\u00eds consagrado al Inmaculado Coraz\u00f3n de Mar\u00eda - IEC 2024\",\"isPartOf\":{\"@id\":\"https:\/\/www.iec2024.ec\/en\/#website\"},\"datePublished\":\"2023-06-26T20:58:57+00:00\",\"dateModified\":\"2024-05-17T19:41:47+00:00\",\"breadcrumb\":{\"@id\":\"https:\/\/www.iec2024.ec\/en\/ecuador-pais-consagrado-al-inmaculado-corazon-de-maria\/#breadcrumb\"},\"inLanguage\":\"en-US\",\"potentialAction\":[{\"@type\":\"ReadAction\",\"target\":[\"https:\/\/www.iec2024.ec\/en\/ecuador-pais-consagrado-al-inmaculado-corazon-de-maria\/\"]}]},{\"@type\":\"BreadcrumbList\",\"@id\":\"https:\/\/www.iec2024.ec\/en\/ecuador-pais-consagrado-al-inmaculado-corazon-de-maria\/#breadcrumb\",\"itemListElement\":[{\"@type\":\"ListItem\",\"position\":1,\"name\":\"Portada\",\"item\":\"https:\/\/www.iec2024.ec\/en\/\"},{\"@type\":\"ListItem\",\"position\":2,\"name\":\"Ecuador, pa\u00eds consagrado al Inmaculado Coraz\u00f3n de Mar\u00eda\"}]},{\"@type\":\"WebSite\",\"@id\":\"https:\/\/www.iec2024.ec\/en\/#website\",\"url\":\"https:\/\/www.iec2024.ec\/en\/\",\"name\":\"IEC 2024\",\"description\":\"\",\"publisher\":{\"@id\":\"https:\/\/www.iec2024.ec\/en\/#organization\"},\"potentialAction\":[{\"@type\":\"SearchAction\",\"target\":{\"@type\":\"EntryPoint\",\"urlTemplate\":\"https:\/\/www.iec2024.ec\/en\/?s={search_term_string}\"},\"query-input\":\"required name=search_term_string\"}],\"inLanguage\":\"en-US\"},{\"@type\":\"Organization\",\"@id\":\"https:\/\/www.iec2024.ec\/en\/#organization\",\"name\":\"IEC 2024\",\"url\":\"https:\/\/www.iec2024.ec\/en\/\",\"logo\":{\"@type\":\"ImageObject\",\"inLanguage\":\"en-US\",\"@id\":\"https:\/\/www.iec2024.ec\/en\/#\/schema\/logo\/image\/\",\"url\":\"https:\/\/www.iec2024.ec\/wp-content\/uploads\/2024\/01\/cropped-logo-2024.png\",\"contentUrl\":\"https:\/\/www.iec2024.ec\/wp-content\/uploads\/2024\/01\/cropped-logo-2024.png\",\"width\":1277,\"height\":332,\"caption\":\"IEC 2024\"},\"image\":{\"@id\":\"https:\/\/www.iec2024.ec\/en\/#\/schema\/logo\/image\/\"}},{\"@type\":\"Person\",\"@id\":\"https:\/\/www.iec2024.ec\/en\/#\/schema\/person\/7dc46e27a804fe39ba34935ca5284fe2\",\"name\":\"Secretario T\u00e9cnico\",\"image\":{\"@type\":\"ImageObject\",\"inLanguage\":\"en-US\",\"@id\":\"https:\/\/www.iec2024.ec\/en\/#\/schema\/person\/image\/\",\"url\":\"https:\/\/secure.gravatar.com\/avatar\/67808a21710148ea0645bc85e43e21b6?s=96&d=mm&r=g\",\"contentUrl\":\"https:\/\/secure.gravatar.com\/avatar\/67808a21710148ea0645bc85e43e21b6?s=96&d=mm&r=g\",\"caption\":\"Secretario T\u00e9cnico\"},\"url\":\"https:\/\/www.iec2024.ec\/en\/author\/4dm1ns3cr3t4r10\/\"}]}<\/script>\n<!-- \/ Yoast SEO plugin. -->","yoast_head_json":{"title":"Ecuador, pa\u00eds consagrado al Inmaculado Coraz\u00f3n de Mar\u00eda - IEC 2024","robots":{"index":"index","follow":"follow","max-snippet":"max-snippet:-1","max-image-preview":"max-image-preview:large","max-video-preview":"max-video-preview:-1"},"canonical":"https:\/\/www.iec2024.ec\/en\/ecuador-pais-consagrado-al-inmaculado-corazon-de-maria\/","og_locale":"en_US","og_type":"article","og_title":"Ecuador, pa\u00eds consagrado al Inmaculado Coraz\u00f3n de Mar\u00eda - IEC 2024","og_description":"En el doceavo programa radial, realizado el 22 de junio de 2023, junto con la Hna. M\u00f3nica Elizabeth Urrutia Villalba, Superiora General de la Congregaci\u00f3n de Religiosas Oblatas de los Corazones Sant\u00edsimos de Jes\u00fas y Mar\u00eda, recordamos la Consagraci\u00f3n del Ecuador al Inmaculado Coraz\u00f3n de Mar\u00eda. \u00a0 La Hna. M\u00f3nica Urrutia afirm\u00f3 que es importante [&hellip;]","og_url":"https:\/\/www.iec2024.ec\/en\/ecuador-pais-consagrado-al-inmaculado-corazon-de-maria\/","og_site_name":"IEC 2024","article_published_time":"2023-06-26T20:58:57+00:00","article_modified_time":"2024-05-17T19:41:47+00:00","og_image":[{"width":1599,"height":1066,"url":"https:\/\/www.iec2024.ec\/wp-content\/uploads\/2023\/08\/WhatsApp-Image-2023-06-22-at-09.18.53.jpeg","type":"image\/jpeg"}],"author":"Secretario T\u00e9cnico","twitter_card":"summary_large_image","twitter_misc":{"Written by":"Secretario T\u00e9cnico","Est. reading time":"2 minutes"},"schema":{"@context":"https:\/\/schema.org","@graph":[{"@type":"Article","@id":"https:\/\/www.iec2024.ec\/en\/ecuador-pais-consagrado-al-inmaculado-corazon-de-maria\/#article","isPartOf":{"@id":"https:\/\/www.iec2024.ec\/en\/ecuador-pais-consagrado-al-inmaculado-corazon-de-maria\/"},"author":{"name":"Secretario T\u00e9cnico","@id":"https:\/\/www.iec2024.ec\/en\/#\/schema\/person\/7dc46e27a804fe39ba34935ca5284fe2"},"headline":"Ecuador, pa\u00eds consagrado al Inmaculado Coraz\u00f3n de Mar\u00eda","datePublished":"2023-06-26T20:58:57+00:00","dateModified":"2024-05-17T19:41:47+00:00","mainEntityOfPage":{"@id":"https:\/\/www.iec2024.ec\/en\/ecuador-pais-consagrado-al-inmaculado-corazon-de-maria\/"},"wordCount":471,"commentCount":0,"publisher":{"@id":"https:\/\/www.iec2024.ec\/en\/#organization"},"articleSection":["News"],"inLanguage":"en-US","potentialAction":[{"@type":"CommentAction","name":"Comment","target":["https:\/\/www.iec2024.ec\/en\/ecuador-pais-consagrado-al-inmaculado-corazon-de-maria\/#respond"]}]},{"@type":"WebPage","@id":"https:\/\/www.iec2024.ec\/en\/ecuador-pais-consagrado-al-inmaculado-corazon-de-maria\/","url":"https:\/\/www.iec2024.ec\/en\/ecuador-pais-consagrado-al-inmaculado-corazon-de-maria\/","name":"Ecuador, pa\u00eds consagrado al Inmaculado Coraz\u00f3n de Mar\u00eda - IEC 2024","isPartOf":{"@id":"https:\/\/www.iec2024.ec\/en\/#website"},"datePublished":"2023-06-26T20:58:57+00:00","dateModified":"2024-05-17T19:41:47+00:00","breadcrumb":{"@id":"https:\/\/www.iec2024.ec\/en\/ecuador-pais-consagrado-al-inmaculado-corazon-de-maria\/#breadcrumb"},"inLanguage":"en-US","potentialAction":[{"@type":"ReadAction","target":["https:\/\/www.iec2024.ec\/en\/ecuador-pais-consagrado-al-inmaculado-corazon-de-maria\/"]}]},{"@type":"BreadcrumbList","@id":"https:\/\/www.iec2024.ec\/en\/ecuador-pais-consagrado-al-inmaculado-corazon-de-maria\/#breadcrumb","itemListElement":[{"@type":"ListItem","position":1,"name":"Portada","item":"https:\/\/www.iec2024.ec\/en\/"},{"@type":"ListItem","position":2,"name":"Ecuador, pa\u00eds consagrado al Inmaculado Coraz\u00f3n de Mar\u00eda"}]},{"@type":"WebSite","@id":"https:\/\/www.iec2024.ec\/en\/#website","url":"https:\/\/www.iec2024.ec\/en\/","name":"IEC 2024","description":"","publisher":{"@id":"https:\/\/www.iec2024.ec\/en\/#organization"},"potentialAction":[{"@type":"SearchAction","target":{"@type":"EntryPoint","urlTemplate":"https:\/\/www.iec2024.ec\/en\/?s={search_term_string}"},"query-input":"required name=search_term_string"}],"inLanguage":"en-US"},{"@type":"Organization","@id":"https:\/\/www.iec2024.ec\/en\/#organization","name":"IEC 2024","url":"https:\/\/www.iec2024.ec\/en\/","logo":{"@type":"ImageObject","inLanguage":"en-US","@id":"https:\/\/www.iec2024.ec\/en\/#\/schema\/logo\/image\/","url":"https:\/\/www.iec2024.ec\/wp-content\/uploads\/2024\/01\/cropped-logo-2024.png","contentUrl":"https:\/\/www.iec2024.ec\/wp-content\/uploads\/2024\/01\/cropped-logo-2024.png","width":1277,"height":332,"caption":"IEC 2024"},"image":{"@id":"https:\/\/www.iec2024.ec\/en\/#\/schema\/logo\/image\/"}},{"@type":"Person","@id":"https:\/\/www.iec2024.ec\/en\/#\/schema\/person\/7dc46e27a804fe39ba34935ca5284fe2","name":"Secretario T\u00e9cnico","image":{"@type":"ImageObject","inLanguage":"en-US","@id":"https:\/\/www.iec2024.ec\/en\/#\/schema\/person\/image\/","url":"https:\/\/secure.gravatar.com\/avatar\/67808a21710148ea0645bc85e43e21b6?s=96&d=mm&r=g","contentUrl":"https:\/\/secure.gravatar.com\/avatar\/67808a21710148ea0645bc85e43e21b6?s=96&d=mm&r=g","caption":"Secretario T\u00e9cnico"},"url":"https:\/\/www.iec2024.ec\/en\/author\/4dm1ns3cr3t4r10\/"}]}},"_links":{"self":[{"href":"https:\/\/www.iec2024.ec\/en\/wp-json\/wp\/v2\/posts\/5255"}],"collection":[{"href":"https:\/\/www.iec2024.ec\/en\/wp-json\/wp\/v2\/posts"}],"about":[{"href":"https:\/\/www.iec2024.ec\/en\/wp-json\/wp\/v2\/types\/post"}],"author":[{"embeddable":true,"href":"https:\/\/www.iec2024.ec\/en\/wp-json\/wp\/v2\/users\/2"}],"replies":[{"embeddable":true,"href":"https:\/\/www.iec2024.ec\/en\/wp-json\/wp\/v2\/comments?post=5255"}],"version-history":[{"count":1,"href":"https:\/\/www.iec2024.ec\/en\/wp-json\/wp\/v2\/posts\/5255\/revisions"}],"predecessor-version":[{"id":5667,"href":"https:\/\/www.iec2024.ec\/en\/wp-json\/wp\/v2\/posts\/5255\/revisions\/5667"}],"wp:featuredmedia":[{"embeddable":true,"href":"https:\/\/www.iec2024.ec\/en\/wp-json\/wp\/v2\/media\/5095"}],"wp:attachment":[{"href":"https:\/\/www.iec2024.ec\/en\/wp-json\/wp\/v2\/media?parent=5255"}],"wp:term":[{"taxonomy":"category","embeddable":true,"href":"https:\/\/www.iec2024.ec\/en\/wp-json\/wp\/v2\/categories?post=5255"},{"taxonomy":"post_tag","embeddable":true,"href":"https:\/\/www.iec2024.ec\/en\/wp-json\/wp\/v2\/tags?post=5255"}],"curies":[{"name":"wp","href":"https:\/\/api.w.org\/{rel}","templated":true}]}}