{"id":5257,"date":"2023-06-26T12:20:17","date_gmt":"2023-06-26T17:20:17","guid":{"rendered":"https:\/\/www.iec2024.ec\/descubre-la-importancia-de-la-fraternidad-en-el-53-congreso-eucaristico-internacional\/"},"modified":"2024-05-17T14:42:29","modified_gmt":"2024-05-17T19:42:29","slug":"descubre-la-importancia-de-la-fraternidad-en-el-53-congreso-eucaristico-internacional","status":"publish","type":"post","link":"https:\/\/www.iec2024.ec\/en\/descubre-la-importancia-de-la-fraternidad-en-el-53-congreso-eucaristico-internacional\/","title":{"rendered":"Descubre la importancia de la fraternidad en el 53\u00b0 Congreso Eucar\u00edstico Internacional"},"content":{"rendered":"<p><b>El P. Juan Carlos Garz\u00f3n, Secretario General del IEC 2024, se refiri\u00f3 al profundo significado del tema elegido por el Papa Francisco<\/b><\/p>\n<p><span style=\"font-weight: 400;\">Este 22 de junio, en la entrevista con e<span style=\"color: #0000ff;\">l<\/span><\/span><span style=\"color: #0000ff;\"><a style=\"color: #0000ff;\" href=\"https:\/\/fb.watch\/lkFwGFTzJk\/?mibextid=NnVzG8\"><span style=\"font-weight: 400;\"> medio online Comunidad Pentecost\u00e9s RCC<\/span><\/a><\/span><span style=\"font-weight: 400;\"><span style=\"color: #0000ff;\">,<\/span> el P. Juan Carlos Garz\u00f3n, Secretario General del 53\u00b0 Congreso Eucar\u00edstico Internacional (IEC 2024), analiz\u00f3, entre otros temas, el lema oficial para este encuentro: <\/span><b>&#8220;Fraternidad para sanar el mundo&#8221;<\/b><span style=\"font-weight: 400;\">, cuyo significado encierra la esencia de un Congreso que busca promover la unidad en medio de los desaf\u00edos actuales.<\/span><\/p>\n<p><span style=\"font-weight: 400;\">El lema del IEC 2024 no fue elegido al azar. El P. Juan Carlos Garz\u00f3n comparti\u00f3 que esta iniciativa surgi\u00f3 a ra\u00edz de una solicitud desde Roma. Como Congreso organizador se deb\u00eda presentar al Papa Francisco tres temas, y la Comisi\u00f3n Teol\u00f3gica, liderada por Monse\u00f1or David de la Torre, ss.cc<\/span><span style=\"font-weight: 400;\">, <\/span><span style=\"font-weight: 400;\">se dedic\u00f3 a trabajar en ellos. Entre los temas propuestos se encontraban: &#8220;El pan que se parte y se comparte&#8221; y &#8220;Dar la vida para hacer pan&#8221;, pero fue el tercero, &#8220;Fraternidad para sanar las heridas del mundo&#8221;, el que captur\u00f3 la atenci\u00f3n del Santo Padre y fue elegido como lema principal.<\/span><\/p>\n<p><span style=\"font-weight: 400;\">El P. Juan Carlos Garz\u00f3n comparti\u00f3 el proceso de selecci\u00f3n y c\u00f3mo se abrevi\u00f3 el tema para mayor impacto. De esta manera, se determin\u00f3 que &#8220;Fraternidad para sanar el mundo&#8221;<\/span><b>, <\/b><span style=\"font-weight: 400;\">es una expresi\u00f3n poderosa que resume la importancia de la fraternidad en el proceso de sanaci\u00f3n de las heridas que aquejan a la humanidad. \u201cEs precioso, y en base al tema se trabaja todo\u201d, indic\u00f3.<\/span><\/p>\n<p><span style=\"font-weight: 400;\">Dijo que se encuentra respaldado por el vers\u00edculo b\u00edblico:<\/span><b> &#8220;Todos ustedes son hermanos&#8221; (Mateo 23,8)<\/b><span style=\"font-weight: 400;\">, y que, adem\u00e1s, tiene concordancia con la <\/span><a href=\"https:\/\/www.vaticannews.va\/es\/papa\/news\/2020-10\/sintesis-larga-carta-enciclica-fratelli-tutti.html\"><span style=\"font-weight: 400;\"><span style=\"color: #0000ff;\">Enc\u00edclica<\/span> &#8220;Fratelli Tutti&#8221;<\/span><\/a><span style=\"font-weight: 400;\">, del Santo Padre Francisco, relacionada con la fraternidad y la amistad social.\u00a0<\/span><\/p>\n<p><span style=\"font-weight: 400;\">El P. Juan Carlos Garz\u00f3n tambi\u00e9n afirm\u00f3 que el pr\u00f3ximo Congreso Eucar\u00edstico Internacional, a desarrollarse en Ecuador del 8 al 15 de septiembre de 2024, es para todas las personas de buena voluntad. \u201cEl Congreso se abrir\u00e1 con una misa, en donde 5.000 ni\u00f1os har\u00e1n su Primera Comuni\u00f3n. Ser\u00e1 el domingo (8 de junio) en fiesta mariana. Es decir, Mar\u00eda estar\u00e1 presente\u201d, recalc\u00f3.<\/span><\/p>\n<p><span style=\"font-weight: 400;\">Asimismo, acot\u00f3 que el Congreso se realizar\u00e1 en el <\/span><a href=\"https:\/\/www.iec2024.ec\/en\/ecuador-prepara-logistica-para-el-53-congreso-eucaristico-internacional\/\"><span style=\"font-weight: 400;\">Centro de Convenciones Metropolitano de Quito<\/span><\/a><span style=\"font-weight: 400;\"> donde se espera a las delegaciones de todo el mundo. \u201cPresencialmente estar\u00e1n entre 5.000 a 6.000 personas, y como la virtualidad es parte de nuestra vida, se abrir\u00e1 la se\u00f1al para que participen en los distintos lugares del mundo\u201d, inform\u00f3.<\/span><\/p>\n<p><span style=\"font-weight: 400;\">El P. Juan Carlos Garz\u00f3n destac\u00f3 que<\/span><b> los Congresos Eucar\u00edsticos Internacionales tienen un rostro propio<\/b><span style=\"font-weight: 400;\">, \u201ces decir, los Congresos tienen que ver con la realidad que vive el mundo. La finalidad de un Congreso, es precisamente esta\u201d.<\/span><\/p>\n<p><span style=\"font-weight: 400;\">En conclusi\u00f3n, el tema del encuentro <\/span><b>\u00abFraternidad para sanar el mundo\u00bb<\/b><span style=\"font-weight: 400;\"> busca <\/span><b><i>manifestar la fecundidad de la Eucarist\u00eda para la evangelizaci\u00f3n y la renovaci\u00f3n de la fe en el continente latinoamericano<\/i><\/b><b>.<\/b><\/p>\n<p><span style=\"font-weight: 400;\">Conoce m\u00e1s de este Congreso en nuestras redes sociales <\/span><b>@IEC2024Quito<\/b><\/p>\n<p><span style=\"font-weight: 400;\">Por: Mar\u00eda Jos\u00e9 Casco<\/span><\/p>\n","protected":false},"excerpt":{"rendered":"<p>El P. Juan Carlos Garz\u00f3n, Secretario General del IEC 2024, se refiri\u00f3 al profundo significado del tema elegido por el Papa Francisco Este 22 de junio, en la entrevista con el medio online Comunidad Pentecost\u00e9s RCC, el P. Juan Carlos Garz\u00f3n, Secretario General del 53\u00b0 Congreso Eucar\u00edstico Internacional (IEC 2024), analiz\u00f3, entre otros temas, el [&hellip;]<\/p>\n","protected":false},"author":2,"featured_media":5093,"comment_status":"open","ping_status":"open","sticky":false,"template":"","format":"standard","meta":{"footnotes":""},"categories":[33],"tags":[],"acf":[],"yoast_head":"<!-- This site is optimized with the Yoast SEO plugin v21.1 - https:\/\/yoast.com\/wordpress\/plugins\/seo\/ -->\n<title>Descubre la importancia de la fraternidad en el 53\u00b0 Congreso Eucar\u00edstico Internacional - IEC 2024<\/title>\n<meta name=\"robots\" content=\"index, follow, max-snippet:-1, max-image-preview:large, max-video-preview:-1\" \/>\n<link rel=\"canonical\" href=\"https:\/\/www.iec2024.ec\/en\/descubre-la-importancia-de-la-fraternidad-en-el-53-congreso-eucaristico-internacional\/\" \/>\n<meta property=\"og:locale\" content=\"en_US\" \/>\n<meta property=\"og:type\" content=\"article\" \/>\n<meta property=\"og:title\" content=\"Descubre la importancia de la fraternidad en el 53\u00b0 Congreso Eucar\u00edstico Internacional - IEC 2024\" \/>\n<meta property=\"og:description\" content=\"El P. Juan Carlos Garz\u00f3n, Secretario General del IEC 2024, se refiri\u00f3 al profundo significado del tema elegido por el Papa Francisco Este 22 de junio, en la entrevista con el medio online Comunidad Pentecost\u00e9s RCC, el P. Juan Carlos Garz\u00f3n, Secretario General del 53\u00b0 Congreso Eucar\u00edstico Internacional (IEC 2024), analiz\u00f3, entre otros temas, el [&hellip;]\" \/>\n<meta property=\"og:url\" content=\"https:\/\/www.iec2024.ec\/en\/descubre-la-importancia-de-la-fraternidad-en-el-53-congreso-eucaristico-internacional\/\" \/>\n<meta property=\"og:site_name\" content=\"IEC 2024\" \/>\n<meta property=\"article:published_time\" content=\"2023-06-26T17:20:17+00:00\" \/>\n<meta property=\"article:modified_time\" content=\"2024-05-17T19:42:29+00:00\" \/>\n<meta property=\"og:image\" content=\"https:\/\/www.iec2024.ec\/wp-content\/uploads\/2023\/08\/descarga.jpg\" \/>\n\t<meta property=\"og:image:width\" content=\"1024\" \/>\n\t<meta property=\"og:image:height\" content=\"576\" \/>\n\t<meta property=\"og:image:type\" content=\"image\/jpeg\" \/>\n<meta name=\"author\" content=\"Secretario T\u00e9cnico\" \/>\n<meta name=\"twitter:card\" content=\"summary_large_image\" \/>\n<meta name=\"twitter:label1\" content=\"Written by\" \/>\n\t<meta name=\"twitter:data1\" content=\"Secretario T\u00e9cnico\" \/>\n\t<meta name=\"twitter:label2\" content=\"Est. reading time\" \/>\n\t<meta name=\"twitter:data2\" content=\"3 minutes\" \/>\n<script type=\"application\/ld+json\" class=\"yoast-schema-graph\">{\"@context\":\"https:\/\/schema.org\",\"@graph\":[{\"@type\":\"Article\",\"@id\":\"https:\/\/www.iec2024.ec\/en\/descubre-la-importancia-de-la-fraternidad-en-el-53-congreso-eucaristico-internacional\/#article\",\"isPartOf\":{\"@id\":\"https:\/\/www.iec2024.ec\/en\/descubre-la-importancia-de-la-fraternidad-en-el-53-congreso-eucaristico-internacional\/\"},\"author\":{\"name\":\"Secretario T\u00e9cnico\",\"@id\":\"https:\/\/www.iec2024.ec\/en\/#\/schema\/person\/7dc46e27a804fe39ba34935ca5284fe2\"},\"headline\":\"Descubre la importancia de la fraternidad en el 53\u00b0 Congreso Eucar\u00edstico Internacional\",\"datePublished\":\"2023-06-26T17:20:17+00:00\",\"dateModified\":\"2024-05-17T19:42:29+00:00\",\"mainEntityOfPage\":{\"@id\":\"https:\/\/www.iec2024.ec\/en\/descubre-la-importancia-de-la-fraternidad-en-el-53-congreso-eucaristico-internacional\/\"},\"wordCount\":528,\"commentCount\":0,\"publisher\":{\"@id\":\"https:\/\/www.iec2024.ec\/en\/#organization\"},\"articleSection\":[\"News\"],\"inLanguage\":\"en-US\",\"potentialAction\":[{\"@type\":\"CommentAction\",\"name\":\"Comment\",\"target\":[\"https:\/\/www.iec2024.ec\/en\/descubre-la-importancia-de-la-fraternidad-en-el-53-congreso-eucaristico-internacional\/#respond\"]}]},{\"@type\":\"WebPage\",\"@id\":\"https:\/\/www.iec2024.ec\/en\/descubre-la-importancia-de-la-fraternidad-en-el-53-congreso-eucaristico-internacional\/\",\"url\":\"https:\/\/www.iec2024.ec\/en\/descubre-la-importancia-de-la-fraternidad-en-el-53-congreso-eucaristico-internacional\/\",\"name\":\"Descubre la importancia de la fraternidad en el 53\u00b0 Congreso Eucar\u00edstico Internacional - IEC 2024\",\"isPartOf\":{\"@id\":\"https:\/\/www.iec2024.ec\/en\/#website\"},\"datePublished\":\"2023-06-26T17:20:17+00:00\",\"dateModified\":\"2024-05-17T19:42:29+00:00\",\"breadcrumb\":{\"@id\":\"https:\/\/www.iec2024.ec\/en\/descubre-la-importancia-de-la-fraternidad-en-el-53-congreso-eucaristico-internacional\/#breadcrumb\"},\"inLanguage\":\"en-US\",\"potentialAction\":[{\"@type\":\"ReadAction\",\"target\":[\"https:\/\/www.iec2024.ec\/en\/descubre-la-importancia-de-la-fraternidad-en-el-53-congreso-eucaristico-internacional\/\"]}]},{\"@type\":\"BreadcrumbList\",\"@id\":\"https:\/\/www.iec2024.ec\/en\/descubre-la-importancia-de-la-fraternidad-en-el-53-congreso-eucaristico-internacional\/#breadcrumb\",\"itemListElement\":[{\"@type\":\"ListItem\",\"position\":1,\"name\":\"Portada\",\"item\":\"https:\/\/www.iec2024.ec\/en\/\"},{\"@type\":\"ListItem\",\"position\":2,\"name\":\"Descubre la importancia de la fraternidad en el 53\u00b0 Congreso Eucar\u00edstico Internacional\"}]},{\"@type\":\"WebSite\",\"@id\":\"https:\/\/www.iec2024.ec\/en\/#website\",\"url\":\"https:\/\/www.iec2024.ec\/en\/\",\"name\":\"IEC 2024\",\"description\":\"\",\"publisher\":{\"@id\":\"https:\/\/www.iec2024.ec\/en\/#organization\"},\"potentialAction\":[{\"@type\":\"SearchAction\",\"target\":{\"@type\":\"EntryPoint\",\"urlTemplate\":\"https:\/\/www.iec2024.ec\/en\/?s={search_term_string}\"},\"query-input\":\"required name=search_term_string\"}],\"inLanguage\":\"en-US\"},{\"@type\":\"Organization\",\"@id\":\"https:\/\/www.iec2024.ec\/en\/#organization\",\"name\":\"IEC 2024\",\"url\":\"https:\/\/www.iec2024.ec\/en\/\",\"logo\":{\"@type\":\"ImageObject\",\"inLanguage\":\"en-US\",\"@id\":\"https:\/\/www.iec2024.ec\/en\/#\/schema\/logo\/image\/\",\"url\":\"https:\/\/www.iec2024.ec\/wp-content\/uploads\/2024\/01\/cropped-logo-2024.png\",\"contentUrl\":\"https:\/\/www.iec2024.ec\/wp-content\/uploads\/2024\/01\/cropped-logo-2024.png\",\"width\":1277,\"height\":332,\"caption\":\"IEC 2024\"},\"image\":{\"@id\":\"https:\/\/www.iec2024.ec\/en\/#\/schema\/logo\/image\/\"}},{\"@type\":\"Person\",\"@id\":\"https:\/\/www.iec2024.ec\/en\/#\/schema\/person\/7dc46e27a804fe39ba34935ca5284fe2\",\"name\":\"Secretario T\u00e9cnico\",\"image\":{\"@type\":\"ImageObject\",\"inLanguage\":\"en-US\",\"@id\":\"https:\/\/www.iec2024.ec\/en\/#\/schema\/person\/image\/\",\"url\":\"https:\/\/secure.gravatar.com\/avatar\/67808a21710148ea0645bc85e43e21b6?s=96&d=mm&r=g\",\"contentUrl\":\"https:\/\/secure.gravatar.com\/avatar\/67808a21710148ea0645bc85e43e21b6?s=96&d=mm&r=g\",\"caption\":\"Secretario T\u00e9cnico\"},\"url\":\"https:\/\/www.iec2024.ec\/en\/author\/4dm1ns3cr3t4r10\/\"}]}<\/script>\n<!-- \/ Yoast SEO plugin. -->","yoast_head_json":{"title":"Descubre la importancia de la fraternidad en el 53\u00b0 Congreso Eucar\u00edstico Internacional - IEC 2024","robots":{"index":"index","follow":"follow","max-snippet":"max-snippet:-1","max-image-preview":"max-image-preview:large","max-video-preview":"max-video-preview:-1"},"canonical":"https:\/\/www.iec2024.ec\/en\/descubre-la-importancia-de-la-fraternidad-en-el-53-congreso-eucaristico-internacional\/","og_locale":"en_US","og_type":"article","og_title":"Descubre la importancia de la fraternidad en el 53\u00b0 Congreso Eucar\u00edstico Internacional - IEC 2024","og_description":"El P. Juan Carlos Garz\u00f3n, Secretario General del IEC 2024, se refiri\u00f3 al profundo significado del tema elegido por el Papa Francisco Este 22 de junio, en la entrevista con el medio online Comunidad Pentecost\u00e9s RCC, el P. Juan Carlos Garz\u00f3n, Secretario General del 53\u00b0 Congreso Eucar\u00edstico Internacional (IEC 2024), analiz\u00f3, entre otros temas, el [&hellip;]","og_url":"https:\/\/www.iec2024.ec\/en\/descubre-la-importancia-de-la-fraternidad-en-el-53-congreso-eucaristico-internacional\/","og_site_name":"IEC 2024","article_published_time":"2023-06-26T17:20:17+00:00","article_modified_time":"2024-05-17T19:42:29+00:00","og_image":[{"width":1024,"height":576,"url":"https:\/\/www.iec2024.ec\/wp-content\/uploads\/2023\/08\/descarga.jpg","type":"image\/jpeg"}],"author":"Secretario T\u00e9cnico","twitter_card":"summary_large_image","twitter_misc":{"Written by":"Secretario T\u00e9cnico","Est. reading time":"3 minutes"},"schema":{"@context":"https:\/\/schema.org","@graph":[{"@type":"Article","@id":"https:\/\/www.iec2024.ec\/en\/descubre-la-importancia-de-la-fraternidad-en-el-53-congreso-eucaristico-internacional\/#article","isPartOf":{"@id":"https:\/\/www.iec2024.ec\/en\/descubre-la-importancia-de-la-fraternidad-en-el-53-congreso-eucaristico-internacional\/"},"author":{"name":"Secretario T\u00e9cnico","@id":"https:\/\/www.iec2024.ec\/en\/#\/schema\/person\/7dc46e27a804fe39ba34935ca5284fe2"},"headline":"Descubre la importancia de la fraternidad en el 53\u00b0 Congreso Eucar\u00edstico Internacional","datePublished":"2023-06-26T17:20:17+00:00","dateModified":"2024-05-17T19:42:29+00:00","mainEntityOfPage":{"@id":"https:\/\/www.iec2024.ec\/en\/descubre-la-importancia-de-la-fraternidad-en-el-53-congreso-eucaristico-internacional\/"},"wordCount":528,"commentCount":0,"publisher":{"@id":"https:\/\/www.iec2024.ec\/en\/#organization"},"articleSection":["News"],"inLanguage":"en-US","potentialAction":[{"@type":"CommentAction","name":"Comment","target":["https:\/\/www.iec2024.ec\/en\/descubre-la-importancia-de-la-fraternidad-en-el-53-congreso-eucaristico-internacional\/#respond"]}]},{"@type":"WebPage","@id":"https:\/\/www.iec2024.ec\/en\/descubre-la-importancia-de-la-fraternidad-en-el-53-congreso-eucaristico-internacional\/","url":"https:\/\/www.iec2024.ec\/en\/descubre-la-importancia-de-la-fraternidad-en-el-53-congreso-eucaristico-internacional\/","name":"Descubre la importancia de la fraternidad en el 53\u00b0 Congreso Eucar\u00edstico Internacional - IEC 2024","isPartOf":{"@id":"https:\/\/www.iec2024.ec\/en\/#website"},"datePublished":"2023-06-26T17:20:17+00:00","dateModified":"2024-05-17T19:42:29+00:00","breadcrumb":{"@id":"https:\/\/www.iec2024.ec\/en\/descubre-la-importancia-de-la-fraternidad-en-el-53-congreso-eucaristico-internacional\/#breadcrumb"},"inLanguage":"en-US","potentialAction":[{"@type":"ReadAction","target":["https:\/\/www.iec2024.ec\/en\/descubre-la-importancia-de-la-fraternidad-en-el-53-congreso-eucaristico-internacional\/"]}]},{"@type":"BreadcrumbList","@id":"https:\/\/www.iec2024.ec\/en\/descubre-la-importancia-de-la-fraternidad-en-el-53-congreso-eucaristico-internacional\/#breadcrumb","itemListElement":[{"@type":"ListItem","position":1,"name":"Portada","item":"https:\/\/www.iec2024.ec\/en\/"},{"@type":"ListItem","position":2,"name":"Descubre la importancia de la fraternidad en el 53\u00b0 Congreso Eucar\u00edstico Internacional"}]},{"@type":"WebSite","@id":"https:\/\/www.iec2024.ec\/en\/#website","url":"https:\/\/www.iec2024.ec\/en\/","name":"IEC 2024","description":"","publisher":{"@id":"https:\/\/www.iec2024.ec\/en\/#organization"},"potentialAction":[{"@type":"SearchAction","target":{"@type":"EntryPoint","urlTemplate":"https:\/\/www.iec2024.ec\/en\/?s={search_term_string}"},"query-input":"required name=search_term_string"}],"inLanguage":"en-US"},{"@type":"Organization","@id":"https:\/\/www.iec2024.ec\/en\/#organization","name":"IEC 2024","url":"https:\/\/www.iec2024.ec\/en\/","logo":{"@type":"ImageObject","inLanguage":"en-US","@id":"https:\/\/www.iec2024.ec\/en\/#\/schema\/logo\/image\/","url":"https:\/\/www.iec2024.ec\/wp-content\/uploads\/2024\/01\/cropped-logo-2024.png","contentUrl":"https:\/\/www.iec2024.ec\/wp-content\/uploads\/2024\/01\/cropped-logo-2024.png","width":1277,"height":332,"caption":"IEC 2024"},"image":{"@id":"https:\/\/www.iec2024.ec\/en\/#\/schema\/logo\/image\/"}},{"@type":"Person","@id":"https:\/\/www.iec2024.ec\/en\/#\/schema\/person\/7dc46e27a804fe39ba34935ca5284fe2","name":"Secretario T\u00e9cnico","image":{"@type":"ImageObject","inLanguage":"en-US","@id":"https:\/\/www.iec2024.ec\/en\/#\/schema\/person\/image\/","url":"https:\/\/secure.gravatar.com\/avatar\/67808a21710148ea0645bc85e43e21b6?s=96&d=mm&r=g","contentUrl":"https:\/\/secure.gravatar.com\/avatar\/67808a21710148ea0645bc85e43e21b6?s=96&d=mm&r=g","caption":"Secretario T\u00e9cnico"},"url":"https:\/\/www.iec2024.ec\/en\/author\/4dm1ns3cr3t4r10\/"}]}},"_links":{"self":[{"href":"https:\/\/www.iec2024.ec\/en\/wp-json\/wp\/v2\/posts\/5257"}],"collection":[{"href":"https:\/\/www.iec2024.ec\/en\/wp-json\/wp\/v2\/posts"}],"about":[{"href":"https:\/\/www.iec2024.ec\/en\/wp-json\/wp\/v2\/types\/post"}],"author":[{"embeddable":true,"href":"https:\/\/www.iec2024.ec\/en\/wp-json\/wp\/v2\/users\/2"}],"replies":[{"embeddable":true,"href":"https:\/\/www.iec2024.ec\/en\/wp-json\/wp\/v2\/comments?post=5257"}],"version-history":[{"count":1,"href":"https:\/\/www.iec2024.ec\/en\/wp-json\/wp\/v2\/posts\/5257\/revisions"}],"predecessor-version":[{"id":5669,"href":"https:\/\/www.iec2024.ec\/en\/wp-json\/wp\/v2\/posts\/5257\/revisions\/5669"}],"wp:featuredmedia":[{"embeddable":true,"href":"https:\/\/www.iec2024.ec\/en\/wp-json\/wp\/v2\/media\/5093"}],"wp:attachment":[{"href":"https:\/\/www.iec2024.ec\/en\/wp-json\/wp\/v2\/media?parent=5257"}],"wp:term":[{"taxonomy":"category","embeddable":true,"href":"https:\/\/www.iec2024.ec\/en\/wp-json\/wp\/v2\/categories?post=5257"},{"taxonomy":"post_tag","embeddable":true,"href":"https:\/\/www.iec2024.ec\/en\/wp-json\/wp\/v2\/tags?post=5257"}],"curies":[{"name":"wp","href":"https:\/\/api.w.org\/{rel}","templated":true}]}}