{"id":5261,"date":"2023-06-22T12:23:39","date_gmt":"2023-06-22T17:23:39","guid":{"rendered":"https:\/\/www.iec2024.ec\/el-ecuador-pais-oficialmente-consagrado-al-inmaculado-corazon-de-maria\/"},"modified":"2024-03-04T12:14:13","modified_gmt":"2024-03-04T17:14:13","slug":"el-ecuador-pais-oficialmente-consagrado-al-inmaculado-corazon-de-maria","status":"publish","type":"post","link":"https:\/\/www.iec2024.ec\/en\/el-ecuador-pais-oficialmente-consagrado-al-inmaculado-corazon-de-maria\/","title":{"rendered":"Ecuador, pa\u00eds oficialmente consagrado al Inmaculado Coraz\u00f3n de Mar\u00eda"},"content":{"rendered":"<p>San Lucas, el evangelista de la infancia de Jes\u00fas, es el que se refiere expresamente al Coraz\u00f3n de la Sma. Virgen Mar\u00eda. En el nacimiento de Jes\u00fas en Bel\u00e9n, cuando los pastores acuden presurosos al pesebre para ver al reci\u00e9n nacido Mes\u00edas, Cristo el Se\u00f1or, encontraron a Mar\u00eda, a Jos\u00e9 y al Ni\u00f1o acostado en el pesebre. Al verlo, los pastores dieron a conocer lo que les hab\u00edan dicho los \u00e1ngeles acerca de aquel ni\u00f1o. &#8220;Todos los que lo oyeron se maravillaban de<br \/>\nlo que los pastores les dec\u00edan, Mar\u00eda, por su parte, guardaba todas estas cosas y las meditaba en su coraz\u00f3n&#8221; (Lc 2,19).<\/p>\n<p>De estos pasajes del Evangelio podemos deducir que el Coraz\u00f3n de Mar\u00eda es aquel n\u00facleo \u00edntimo de su personalidad, de su alma y de su esp\u00edritu en el que medita y reflexiona en la Palabra de Dios y en los acontecimientos salv\u00edficos. El Coraz\u00f3n de Mar\u00eda es aquel recinto misterioso de su persona en el cual se cultivan los sentimientos m\u00e1s nobles como el del amor, de la ternura, de la abnegaci\u00f3n y generosidad.<\/p>\n<p>El Coraz\u00f3n de Mar\u00eda significa tambi\u00e9n el alma de la Sma. Virgen que fue preparada por Dios para ser digna morada del Esp\u00edritu Santo. Y puesto que el alma de Mar\u00eda fue preservada de todo pecado desde el primer instante de su existencia y fue colmada de la plenitud de la santidad y de la gracia, con raz\u00f3n se le da al Coraz\u00f3n de Mar\u00eda los calificativos de Pur\u00edsimoo Inmaculado.<\/p>\n<p>Al Inmaculado Coraz\u00f3n de Mar\u00eda fue consagrada oficialmente nuestra Patria ecuatoriana hace m\u00e1s de cien a\u00f1os y esa consagraci\u00f3n fue como una ratificaci\u00f3n y complementaci\u00f3n de la consagraci\u00f3n del Ecuador al Sagrado Coraz\u00f3n de Jes\u00fas, realizada algunos a\u00f1os antes, el 25 de marzo de 1874.<\/p>\n<p>La consagraci\u00f3n del Ecuador al Inmaculado Coraz\u00f3n de Mar\u00eda se realiz\u00f3 en un proceso que consta de los siguientes actos: El 10 de julio de 1892 se realiz\u00f3 en la ciudad de Quito un acto solemne de car\u00e1cter religioso y civil. Hacia las once de la ma\u00f1ana sali\u00f3 de la Catedral Metropolitana, en direcci\u00f3n a la colina de San Juan, en donde actualmente est\u00e1 edificada la Bas\u00edlica del Voto Nacional, una grandiosa y solemne procesi\u00f3n.<\/p>\n<p>En ella iban formados en hileras los alumnos de las escuelas y colegios, los fieles miembros de las asociaciones piadosas, los seminaristas, el clero, el cabildo metropolitano, los obispos del Ecuador y sus representantes, presididos por el Arzobispo de Quito, llmo. Jos\u00e9 Ignacio Ord\u00f3\u00f1ez, el Presidente de la Rep\u00fablica, Dr. Luis Cordero, los presidentes de las c\u00e1maras del Senado y de diputados y dem\u00e1s magistrados civiles.<\/p>\n<p>De este lugar se llevaron a cabo las ceremonias de la colocaci\u00f3n de la llegada, la procesi\u00f3n a la colina donde se construy\u00f3 la Bas\u00edlica, en este lugar se llevaron a cabo las ceremonias de la colocaci\u00f3n de la primera piedra de la construcci\u00f3n de la Bas\u00edlica del Voto Nacional y de la Consagraci\u00f3n del Ecuador al Coraz\u00f3n Inmaculado de Mar\u00eda.<\/p>\n<p>Del texto del acta de consagraci\u00f3n al Coraz\u00f3n Inmaculado de Mar\u00eda se deduce que esta consagraci\u00f3n tiene el sentido de una ratificaci\u00f3n y complementaci\u00f3n de la consagraci\u00f3n del Ecuador al Sagrado Coraz\u00f3n de Jes\u00fas, consagraci\u00f3n que se hab\u00eda realizado en marzo de 1874. Por eso, en dicha acta se dec\u00eda:<\/p>\n<p><em>&#8220;Oh Coraz\u00f3n Inmaculado de Mar\u00eda, en Ti, como en un limp\u00edsimo altar, depositamos este humilde don (de la consagraci\u00f3n al Coraz\u00f3n de Jes\u00fas), confiando que por tu mediaci\u00f3n poderosa, ser\u00e1 nuestra pobre ofrenda bondadosamente aceptada por el Se\u00f1or. Coraz\u00f3n Sacrat\u00edsimo de Jes\u00fas, conserva inc\u00f3lume a la Rep\u00fablica del<\/em><br \/>\n<em>Ecuador. Coraz\u00f3n Inmaculado de Mar\u00eda, ruega a Jes\u00fas por nuestra Rep\u00fablica prot\u00e9gela y<\/em><br \/>\n<em>defi\u00e9ndela\u201d.<\/em><\/p>\n<p>Este mismo sentido de la consagraci\u00f3n al Inmaculado Coraz\u00f3n de Mar\u00eda fue explicado por los prelados del Ecuador en una carta colectiva del 9 de julio de 1892:<em> &#8220;Para hacer eficaz y pr\u00e1ctica la Consagraci\u00f3n de nuestra Rep\u00fablica al Coraz\u00f3n Divino de Jes\u00fas, esindispensable que la misma Rep\u00fablica se consagre tambi\u00e9n al Coraz\u00f3n Pur\u00edsimo e Inmaculado de Mar\u00eda&#8221;.<\/em><\/p>\n<p><em>Adem\u00e1s la consagraci\u00f3n del Ecuador al Coraz\u00f3n Inmaculado de Mar\u00eda ten\u00eda el significado de un ofrecimiento a Jesucristo del don de la construcci\u00f3n de la Bas\u00edlica del Voto Nacional, que se iniciaba en esa fecha con la colocaci\u00f3n de la primera piedra, y se hac\u00eda ese ofrecimiento por la eficaz mediaci\u00f3n de Mar\u00eda. &#8220;Principiamos hoy a construir un templo (la Bas\u00edlica) en honor del Salvador -dec\u00edan los prelados- necesario es que ofrezcamos este don<\/em><br \/>\n<em>a Jesucristo nuestro Se\u00f1or por medio de Mar\u00eda&#8221;.<\/em><\/p>\n<p>En fin, la consagraci\u00f3n del Ecuador al Inmaculado Coraz\u00f3n de Mar\u00eda era un reconocimiento oficial y solemne que hac\u00eda el Ecuador de la Madre del Redentor por Patrona, Protectora y Abogada especial de nuestro pueblo. Expresamente declararon los prelados del Ecuador:<\/p>\n<p><em>&#8220;En esta virtud, como Pastores que somos de esta Iglesia, consagramos solemne e irrevocablemente la Rep\u00fablica del Ecuador al Coraz\u00f3n Pur\u00edsimo e Inmaculado de Mar\u00eda; oblig\u00e1ndonos a reconocer desde hoy a la Madre Divina del Redentor por Patrona, Protectora y Abogada especial de nuestro pueblo, y nuestra intercesora eficaz ante el trono <\/em><em>de misericordias&#8221;.<\/em><\/p>\n<p>Para perpetua recordaci\u00f3n de esta consagraci\u00f3n del Ecuador al Coraz\u00f3n Inmaculado de Mar\u00eda se determin\u00f3 construir en el \u00e1bside de la Bas\u00edlica del Voto Nacional una suntuosa capilla dedicada en nombre de toda la Rep\u00fablica, al Pur\u00edsimo Coraz\u00f3n de Mar\u00eda. Esta capilla fue consagrada el 12 de diciembre de 1909, y es la parte de la Bas\u00edlica que ha estado desde entonces abierta al culto p\u00fablico con el servicio de los Misioneros Oblatos de los Sant\u00edsimos Corazones de Jes\u00fas y de Mar\u00eda, quienes han sido tambi\u00e9n los eficaces ejecutores del Voto Nacional con la construcci\u00f3n de la Bas\u00edlica.<\/p>\n<p>La consagraci\u00f3n del Ecuador al Inmaculado Coraz\u00f3n de Mar\u00eda fue ratificada oficialmente por el Congreso Nacional, mediante decreto legislativo del 5 de agosto de 1892. En aquel decreto se dec\u00eda: <em>&#8220;La legislatura, por su parte, consagra tambi\u00e9n el Ecuador al Coraz\u00f3n Inmaculado de Mar\u00eda y reconoce a la augusta Madre de Dios por excelsa Reina, amant\u00edsima Madre y especial protectora de la Rep\u00fablica&#8221;.<\/em><\/p>\n<p>El Congreso compromet\u00eda al Poder Ejecutivo a solicitar de la Santa Sede, de acuerdo con los ilustr\u00edsimos Prelados, que el Coraz\u00f3n Inmaculado de Mar\u00eda fuese declarado, despu\u00e9s del Divino de Jes\u00fas, Patr\u00f3n principal de esta Rep\u00fablica.<br \/>\nEn fin, el Congreso Nacional decret\u00f3 la erecci\u00f3n, en la cima del Panecillo, de una estatua de bronce de la Sant\u00edsima. Virgen con esta inscripci\u00f3n en el pedestal: <em>&#8220;El Ecuador a la Madre de Dios, Augusta Reina, Amabil\u00edsima Madre y Soberana Protectora de esta Rep\u00fablica&#8221;<\/em><\/p>\n<p>Por la decidida y eficaz actuaci\u00f3n del Rvdo. P. Rigoberto Correa y de la Congregaci\u00f3n de Oblatos se dio cumplimiento al decreto legislativo, cuando se erigi\u00f3 en la cima del Panecillo la estatua de la Sma. Virgen Mar\u00eda en la advocaci\u00f3n de la &#8220;Virgen de Quito&#8221; o &#8220;Inmaculada de Legarda&#8221;. El pueblo cat\u00f3lico de Quito se congreg\u00f3 multitudinariamente en el Panecillo, cuando en marzo de 1976, se inaugur\u00f3 este monumento que recuerda perpetuamente la consagraci\u00f3n del Ecuador al Inmaculado Coraz\u00f3n de Mar\u00eda.<\/p>\n<p>La Santa Sede ratific\u00f3, con su autoridad suprema, esta consagraci\u00f3n de nuestra Patria al Inmaculado Coraz\u00f3n de Mar\u00eda, cuando Su Santidad el Papa Le\u00f3n XIII, mediante decreto de la Sagrada Congregaci\u00f3n de Ritos, del 4 de marzo de 1895, se dign\u00f3 constituir y declarar a la Madre de Dios Mar\u00eda, en el t\u00edtulo de su Coraz\u00f3n Pur\u00edsimo, principal Patrona ante Dios, de toda la Rep\u00fablica del Ecuador, con todos los privilegios y honores que por derecho competen<br \/>\na los Patronos principales de cada lugar.<\/p>\n<p>En el calendario lit\u00fargico propio del Ecuador, celebramos la solemnidad del Inmaculado Coraz\u00f3n de Mar\u00eda, Patrona principal del Ecuador, el s\u00e1bado posterior al II domingo de Pentecost\u00e9s.<\/p>\n<p>Sagrado Coraz\u00f3n de Mar\u00eda, sed la salvaci\u00f3n del alma m\u00eda.<\/p>\n<p style=\"text-align: right;\">\u00a0Por Vicente Garc\u00eda<\/p>\n","protected":false},"excerpt":{"rendered":"<p>San Lucas, el evangelista de la infancia de Jes\u00fas, es el que se refiere expresamente al Coraz\u00f3n de la Sma. Virgen Mar\u00eda. En el nacimiento de Jes\u00fas en Bel\u00e9n, cuando los pastores acuden presurosos al pesebre para ver al reci\u00e9n nacido Mes\u00edas, Cristo el Se\u00f1or, encontraron a Mar\u00eda, a Jos\u00e9 y al Ni\u00f1o acostado en [&hellip;]<\/p>\n","protected":false},"author":2,"featured_media":5083,"comment_status":"open","ping_status":"open","sticky":false,"template":"","format":"standard","meta":{"footnotes":""},"categories":[33],"tags":[],"acf":[],"yoast_head":"<!-- This site is optimized with the Yoast SEO plugin v21.1 - https:\/\/yoast.com\/wordpress\/plugins\/seo\/ -->\n<title>Ecuador, pa\u00eds oficialmente consagrado al Inmaculado Coraz\u00f3n de Mar\u00eda - IEC 2024<\/title>\n<meta name=\"robots\" content=\"index, follow, max-snippet:-1, max-image-preview:large, max-video-preview:-1\" \/>\n<link rel=\"canonical\" href=\"https:\/\/www.iec2024.ec\/en\/el-ecuador-pais-oficialmente-consagrado-al-inmaculado-corazon-de-maria\/\" \/>\n<meta property=\"og:locale\" content=\"en_US\" \/>\n<meta property=\"og:type\" content=\"article\" \/>\n<meta property=\"og:title\" content=\"Ecuador, pa\u00eds oficialmente consagrado al Inmaculado Coraz\u00f3n de Mar\u00eda - IEC 2024\" \/>\n<meta property=\"og:description\" content=\"San Lucas, el evangelista de la infancia de Jes\u00fas, es el que se refiere expresamente al Coraz\u00f3n de la Sma. Virgen Mar\u00eda. En el nacimiento de Jes\u00fas en Bel\u00e9n, cuando los pastores acuden presurosos al pesebre para ver al reci\u00e9n nacido Mes\u00edas, Cristo el Se\u00f1or, encontraron a Mar\u00eda, a Jos\u00e9 y al Ni\u00f1o acostado en [&hellip;]\" \/>\n<meta property=\"og:url\" content=\"https:\/\/www.iec2024.ec\/en\/el-ecuador-pais-oficialmente-consagrado-al-inmaculado-corazon-de-maria\/\" \/>\n<meta property=\"og:site_name\" content=\"IEC 2024\" \/>\n<meta property=\"article:published_time\" content=\"2023-06-22T17:23:39+00:00\" \/>\n<meta property=\"article:modified_time\" content=\"2024-03-04T17:14:13+00:00\" \/>\n<meta property=\"og:image\" content=\"https:\/\/www.iec2024.ec\/wp-content\/uploads\/2023\/08\/WhatsApp-Image-2023-06-22-at-12.19.16-e1687454967306.jpeg\" \/>\n\t<meta property=\"og:image:width\" content=\"1072\" \/>\n\t<meta property=\"og:image:height\" content=\"852\" \/>\n\t<meta property=\"og:image:type\" content=\"image\/jpeg\" \/>\n<meta name=\"author\" content=\"Secretario T\u00e9cnico\" \/>\n<meta name=\"twitter:card\" content=\"summary_large_image\" \/>\n<meta name=\"twitter:label1\" content=\"Written by\" \/>\n\t<meta name=\"twitter:data1\" content=\"Secretario T\u00e9cnico\" \/>\n\t<meta name=\"twitter:label2\" content=\"Est. reading time\" \/>\n\t<meta name=\"twitter:data2\" content=\"7 minutes\" \/>\n<script type=\"application\/ld+json\" class=\"yoast-schema-graph\">{\"@context\":\"https:\/\/schema.org\",\"@graph\":[{\"@type\":\"Article\",\"@id\":\"https:\/\/www.iec2024.ec\/en\/el-ecuador-pais-oficialmente-consagrado-al-inmaculado-corazon-de-maria\/#article\",\"isPartOf\":{\"@id\":\"https:\/\/www.iec2024.ec\/en\/el-ecuador-pais-oficialmente-consagrado-al-inmaculado-corazon-de-maria\/\"},\"author\":{\"name\":\"Secretario T\u00e9cnico\",\"@id\":\"https:\/\/www.iec2024.ec\/en\/#\/schema\/person\/7dc46e27a804fe39ba34935ca5284fe2\"},\"headline\":\"Ecuador, pa\u00eds oficialmente consagrado al Inmaculado Coraz\u00f3n de Mar\u00eda\",\"datePublished\":\"2023-06-22T17:23:39+00:00\",\"dateModified\":\"2024-03-04T17:14:13+00:00\",\"mainEntityOfPage\":{\"@id\":\"https:\/\/www.iec2024.ec\/en\/el-ecuador-pais-oficialmente-consagrado-al-inmaculado-corazon-de-maria\/\"},\"wordCount\":1488,\"commentCount\":0,\"publisher\":{\"@id\":\"https:\/\/www.iec2024.ec\/en\/#organization\"},\"articleSection\":[\"News\"],\"inLanguage\":\"en-US\",\"potentialAction\":[{\"@type\":\"CommentAction\",\"name\":\"Comment\",\"target\":[\"https:\/\/www.iec2024.ec\/en\/el-ecuador-pais-oficialmente-consagrado-al-inmaculado-corazon-de-maria\/#respond\"]}]},{\"@type\":\"WebPage\",\"@id\":\"https:\/\/www.iec2024.ec\/en\/el-ecuador-pais-oficialmente-consagrado-al-inmaculado-corazon-de-maria\/\",\"url\":\"https:\/\/www.iec2024.ec\/en\/el-ecuador-pais-oficialmente-consagrado-al-inmaculado-corazon-de-maria\/\",\"name\":\"Ecuador, pa\u00eds oficialmente consagrado al Inmaculado Coraz\u00f3n de Mar\u00eda - IEC 2024\",\"isPartOf\":{\"@id\":\"https:\/\/www.iec2024.ec\/en\/#website\"},\"datePublished\":\"2023-06-22T17:23:39+00:00\",\"dateModified\":\"2024-03-04T17:14:13+00:00\",\"breadcrumb\":{\"@id\":\"https:\/\/www.iec2024.ec\/en\/el-ecuador-pais-oficialmente-consagrado-al-inmaculado-corazon-de-maria\/#breadcrumb\"},\"inLanguage\":\"en-US\",\"potentialAction\":[{\"@type\":\"ReadAction\",\"target\":[\"https:\/\/www.iec2024.ec\/en\/el-ecuador-pais-oficialmente-consagrado-al-inmaculado-corazon-de-maria\/\"]}]},{\"@type\":\"BreadcrumbList\",\"@id\":\"https:\/\/www.iec2024.ec\/en\/el-ecuador-pais-oficialmente-consagrado-al-inmaculado-corazon-de-maria\/#breadcrumb\",\"itemListElement\":[{\"@type\":\"ListItem\",\"position\":1,\"name\":\"Portada\",\"item\":\"https:\/\/www.iec2024.ec\/en\/\"},{\"@type\":\"ListItem\",\"position\":2,\"name\":\"Ecuador, pa\u00eds oficialmente consagrado al Inmaculado Coraz\u00f3n de Mar\u00eda\"}]},{\"@type\":\"WebSite\",\"@id\":\"https:\/\/www.iec2024.ec\/en\/#website\",\"url\":\"https:\/\/www.iec2024.ec\/en\/\",\"name\":\"IEC 2024\",\"description\":\"\",\"publisher\":{\"@id\":\"https:\/\/www.iec2024.ec\/en\/#organization\"},\"potentialAction\":[{\"@type\":\"SearchAction\",\"target\":{\"@type\":\"EntryPoint\",\"urlTemplate\":\"https:\/\/www.iec2024.ec\/en\/?s={search_term_string}\"},\"query-input\":\"required name=search_term_string\"}],\"inLanguage\":\"en-US\"},{\"@type\":\"Organization\",\"@id\":\"https:\/\/www.iec2024.ec\/en\/#organization\",\"name\":\"IEC 2024\",\"url\":\"https:\/\/www.iec2024.ec\/en\/\",\"logo\":{\"@type\":\"ImageObject\",\"inLanguage\":\"en-US\",\"@id\":\"https:\/\/www.iec2024.ec\/en\/#\/schema\/logo\/image\/\",\"url\":\"https:\/\/www.iec2024.ec\/wp-content\/uploads\/2024\/01\/cropped-logo-2024.png\",\"contentUrl\":\"https:\/\/www.iec2024.ec\/wp-content\/uploads\/2024\/01\/cropped-logo-2024.png\",\"width\":1277,\"height\":332,\"caption\":\"IEC 2024\"},\"image\":{\"@id\":\"https:\/\/www.iec2024.ec\/en\/#\/schema\/logo\/image\/\"}},{\"@type\":\"Person\",\"@id\":\"https:\/\/www.iec2024.ec\/en\/#\/schema\/person\/7dc46e27a804fe39ba34935ca5284fe2\",\"name\":\"Secretario T\u00e9cnico\",\"image\":{\"@type\":\"ImageObject\",\"inLanguage\":\"en-US\",\"@id\":\"https:\/\/www.iec2024.ec\/en\/#\/schema\/person\/image\/\",\"url\":\"https:\/\/secure.gravatar.com\/avatar\/67808a21710148ea0645bc85e43e21b6?s=96&d=mm&r=g\",\"contentUrl\":\"https:\/\/secure.gravatar.com\/avatar\/67808a21710148ea0645bc85e43e21b6?s=96&d=mm&r=g\",\"caption\":\"Secretario T\u00e9cnico\"},\"url\":\"https:\/\/www.iec2024.ec\/en\/author\/4dm1ns3cr3t4r10\/\"}]}<\/script>\n<!-- \/ Yoast SEO plugin. -->","yoast_head_json":{"title":"Ecuador, pa\u00eds oficialmente consagrado al Inmaculado Coraz\u00f3n de Mar\u00eda - IEC 2024","robots":{"index":"index","follow":"follow","max-snippet":"max-snippet:-1","max-image-preview":"max-image-preview:large","max-video-preview":"max-video-preview:-1"},"canonical":"https:\/\/www.iec2024.ec\/en\/el-ecuador-pais-oficialmente-consagrado-al-inmaculado-corazon-de-maria\/","og_locale":"en_US","og_type":"article","og_title":"Ecuador, pa\u00eds oficialmente consagrado al Inmaculado Coraz\u00f3n de Mar\u00eda - IEC 2024","og_description":"San Lucas, el evangelista de la infancia de Jes\u00fas, es el que se refiere expresamente al Coraz\u00f3n de la Sma. Virgen Mar\u00eda. En el nacimiento de Jes\u00fas en Bel\u00e9n, cuando los pastores acuden presurosos al pesebre para ver al reci\u00e9n nacido Mes\u00edas, Cristo el Se\u00f1or, encontraron a Mar\u00eda, a Jos\u00e9 y al Ni\u00f1o acostado en [&hellip;]","og_url":"https:\/\/www.iec2024.ec\/en\/el-ecuador-pais-oficialmente-consagrado-al-inmaculado-corazon-de-maria\/","og_site_name":"IEC 2024","article_published_time":"2023-06-22T17:23:39+00:00","article_modified_time":"2024-03-04T17:14:13+00:00","og_image":[{"width":1072,"height":852,"url":"https:\/\/www.iec2024.ec\/wp-content\/uploads\/2023\/08\/WhatsApp-Image-2023-06-22-at-12.19.16-e1687454967306.jpeg","type":"image\/jpeg"}],"author":"Secretario T\u00e9cnico","twitter_card":"summary_large_image","twitter_misc":{"Written by":"Secretario T\u00e9cnico","Est. reading time":"7 minutes"},"schema":{"@context":"https:\/\/schema.org","@graph":[{"@type":"Article","@id":"https:\/\/www.iec2024.ec\/en\/el-ecuador-pais-oficialmente-consagrado-al-inmaculado-corazon-de-maria\/#article","isPartOf":{"@id":"https:\/\/www.iec2024.ec\/en\/el-ecuador-pais-oficialmente-consagrado-al-inmaculado-corazon-de-maria\/"},"author":{"name":"Secretario T\u00e9cnico","@id":"https:\/\/www.iec2024.ec\/en\/#\/schema\/person\/7dc46e27a804fe39ba34935ca5284fe2"},"headline":"Ecuador, pa\u00eds oficialmente consagrado al Inmaculado Coraz\u00f3n de Mar\u00eda","datePublished":"2023-06-22T17:23:39+00:00","dateModified":"2024-03-04T17:14:13+00:00","mainEntityOfPage":{"@id":"https:\/\/www.iec2024.ec\/en\/el-ecuador-pais-oficialmente-consagrado-al-inmaculado-corazon-de-maria\/"},"wordCount":1488,"commentCount":0,"publisher":{"@id":"https:\/\/www.iec2024.ec\/en\/#organization"},"articleSection":["News"],"inLanguage":"en-US","potentialAction":[{"@type":"CommentAction","name":"Comment","target":["https:\/\/www.iec2024.ec\/en\/el-ecuador-pais-oficialmente-consagrado-al-inmaculado-corazon-de-maria\/#respond"]}]},{"@type":"WebPage","@id":"https:\/\/www.iec2024.ec\/en\/el-ecuador-pais-oficialmente-consagrado-al-inmaculado-corazon-de-maria\/","url":"https:\/\/www.iec2024.ec\/en\/el-ecuador-pais-oficialmente-consagrado-al-inmaculado-corazon-de-maria\/","name":"Ecuador, pa\u00eds oficialmente consagrado al Inmaculado Coraz\u00f3n de Mar\u00eda - IEC 2024","isPartOf":{"@id":"https:\/\/www.iec2024.ec\/en\/#website"},"datePublished":"2023-06-22T17:23:39+00:00","dateModified":"2024-03-04T17:14:13+00:00","breadcrumb":{"@id":"https:\/\/www.iec2024.ec\/en\/el-ecuador-pais-oficialmente-consagrado-al-inmaculado-corazon-de-maria\/#breadcrumb"},"inLanguage":"en-US","potentialAction":[{"@type":"ReadAction","target":["https:\/\/www.iec2024.ec\/en\/el-ecuador-pais-oficialmente-consagrado-al-inmaculado-corazon-de-maria\/"]}]},{"@type":"BreadcrumbList","@id":"https:\/\/www.iec2024.ec\/en\/el-ecuador-pais-oficialmente-consagrado-al-inmaculado-corazon-de-maria\/#breadcrumb","itemListElement":[{"@type":"ListItem","position":1,"name":"Portada","item":"https:\/\/www.iec2024.ec\/en\/"},{"@type":"ListItem","position":2,"name":"Ecuador, pa\u00eds oficialmente consagrado al Inmaculado Coraz\u00f3n de Mar\u00eda"}]},{"@type":"WebSite","@id":"https:\/\/www.iec2024.ec\/en\/#website","url":"https:\/\/www.iec2024.ec\/en\/","name":"IEC 2024","description":"","publisher":{"@id":"https:\/\/www.iec2024.ec\/en\/#organization"},"potentialAction":[{"@type":"SearchAction","target":{"@type":"EntryPoint","urlTemplate":"https:\/\/www.iec2024.ec\/en\/?s={search_term_string}"},"query-input":"required name=search_term_string"}],"inLanguage":"en-US"},{"@type":"Organization","@id":"https:\/\/www.iec2024.ec\/en\/#organization","name":"IEC 2024","url":"https:\/\/www.iec2024.ec\/en\/","logo":{"@type":"ImageObject","inLanguage":"en-US","@id":"https:\/\/www.iec2024.ec\/en\/#\/schema\/logo\/image\/","url":"https:\/\/www.iec2024.ec\/wp-content\/uploads\/2024\/01\/cropped-logo-2024.png","contentUrl":"https:\/\/www.iec2024.ec\/wp-content\/uploads\/2024\/01\/cropped-logo-2024.png","width":1277,"height":332,"caption":"IEC 2024"},"image":{"@id":"https:\/\/www.iec2024.ec\/en\/#\/schema\/logo\/image\/"}},{"@type":"Person","@id":"https:\/\/www.iec2024.ec\/en\/#\/schema\/person\/7dc46e27a804fe39ba34935ca5284fe2","name":"Secretario T\u00e9cnico","image":{"@type":"ImageObject","inLanguage":"en-US","@id":"https:\/\/www.iec2024.ec\/en\/#\/schema\/person\/image\/","url":"https:\/\/secure.gravatar.com\/avatar\/67808a21710148ea0645bc85e43e21b6?s=96&d=mm&r=g","contentUrl":"https:\/\/secure.gravatar.com\/avatar\/67808a21710148ea0645bc85e43e21b6?s=96&d=mm&r=g","caption":"Secretario T\u00e9cnico"},"url":"https:\/\/www.iec2024.ec\/en\/author\/4dm1ns3cr3t4r10\/"}]}},"_links":{"self":[{"href":"https:\/\/www.iec2024.ec\/en\/wp-json\/wp\/v2\/posts\/5261"}],"collection":[{"href":"https:\/\/www.iec2024.ec\/en\/wp-json\/wp\/v2\/posts"}],"about":[{"href":"https:\/\/www.iec2024.ec\/en\/wp-json\/wp\/v2\/types\/post"}],"author":[{"embeddable":true,"href":"https:\/\/www.iec2024.ec\/en\/wp-json\/wp\/v2\/users\/2"}],"replies":[{"embeddable":true,"href":"https:\/\/www.iec2024.ec\/en\/wp-json\/wp\/v2\/comments?post=5261"}],"version-history":[{"count":3,"href":"https:\/\/www.iec2024.ec\/en\/wp-json\/wp\/v2\/posts\/5261\/revisions"}],"predecessor-version":[{"id":12762,"href":"https:\/\/www.iec2024.ec\/en\/wp-json\/wp\/v2\/posts\/5261\/revisions\/12762"}],"wp:featuredmedia":[{"embeddable":true,"href":"https:\/\/www.iec2024.ec\/en\/wp-json\/wp\/v2\/media\/5083"}],"wp:attachment":[{"href":"https:\/\/www.iec2024.ec\/en\/wp-json\/wp\/v2\/media?parent=5261"}],"wp:term":[{"taxonomy":"category","embeddable":true,"href":"https:\/\/www.iec2024.ec\/en\/wp-json\/wp\/v2\/categories?post=5261"},{"taxonomy":"post_tag","embeddable":true,"href":"https:\/\/www.iec2024.ec\/en\/wp-json\/wp\/v2\/tags?post=5261"}],"curies":[{"name":"wp","href":"https:\/\/api.w.org\/{rel}","templated":true}]}}