{"id":5279,"date":"2023-06-08T11:50:12","date_gmt":"2023-06-08T16:50:12","guid":{"rendered":"https:\/\/www.iec2024.ec\/arquidiocesis-de-cuenca-se-suma-al-53-congreso-eucaristico-internacional\/"},"modified":"2023-09-12T22:22:54","modified_gmt":"2023-09-13T03:22:54","slug":"archdiocese-of-cuenca-joins-the-53rd-international-eucharistic-congress","status":"publish","type":"post","link":"https:\/\/www.iec2024.ec\/en\/archdiocese-of-cuenca-joins-the-53rd-international-eucharistic-congress\/","title":{"rendered":"Archdiocese of Cuenca joins the 53rd International Eucharistic Congress."},"content":{"rendered":"<p>Tras recibir la invitaci\u00f3n de Monse\u00f1or Marcos P\u00e9rez, Arzobispo de la Arquidi\u00f3cesis de Cuenca, el P. Juan Carlos Garz\u00f3n, Secretario General del IEC 2024 particip\u00f3 este 7 de junio en la Asamblea Plenaria del Clero, que tuvo lugar en el Seminario Mayor &#8220;San Le\u00f3n Magno&#8221;, donde inform\u00f3 sobre los avances en la organizaci\u00f3n del Congreso.<\/p>\n<p>Durante este encuentro, dio a conocer la historia de los Congresos Eucar\u00edsticos Internacionales, himno , oraci\u00f3n y logo oficiales del IEC 2024; adem\u00e1s, realiz\u00f3 la presentaci\u00f3n de las catequesis eucar\u00edsticas tituladas &#8220;\u00bfC\u00f3mo vivimos la santa misa?&#8221; como parte de los materiales preparatorios.<\/p>\n<p>La Arquidi\u00f3cesis de Cuenca ha incluido en su Plan Pastoral Anual el tema del IEC2024: \u201cFraternidad para sanar el mundo\u201d. Durante estos d\u00edas celebra, con la debida reverencia, la solemnidad del Corpus Cristi.<\/p>\n","protected":false},"excerpt":{"rendered":"<p>Tras recibir la invitaci\u00f3n de Monse\u00f1or Marcos P\u00e9rez, Arzobispo de la Arquidi\u00f3cesis de Cuenca, el P. Juan Carlos Garz\u00f3n, Secretario General del IEC 2024 particip\u00f3 este 7 de junio en la Asamblea Plenaria del Clero, que tuvo lugar en el Seminario Mayor &#8220;San Le\u00f3n Magno&#8221;, donde inform\u00f3 sobre los avances en la organizaci\u00f3n del Congreso. [&hellip;]<\/p>\n","protected":false},"author":2,"featured_media":5049,"comment_status":"open","ping_status":"open","sticky":false,"template":"","format":"standard","meta":{"footnotes":""},"categories":[33],"tags":[],"acf":[],"yoast_head":"<!-- This site is optimized with the Yoast SEO plugin v21.1 - https:\/\/yoast.com\/wordpress\/plugins\/seo\/ -->\n<title>Archdiocese of Cuenca joins the 53rd International Eucharistic Congress. - IEC 2024<\/title>\n<meta name=\"robots\" content=\"index, follow, max-snippet:-1, max-image-preview:large, max-video-preview:-1\" \/>\n<link rel=\"canonical\" href=\"https:\/\/www.iec2024.ec\/en\/archdiocese-of-cuenca-joins-the-53rd-international-eucharistic-congress\/\" \/>\n<meta property=\"og:locale\" content=\"en_US\" \/>\n<meta property=\"og:type\" content=\"article\" \/>\n<meta property=\"og:title\" content=\"Archdiocese of Cuenca joins the 53rd International Eucharistic Congress. - IEC 2024\" \/>\n<meta property=\"og:description\" content=\"Tras recibir la invitaci\u00f3n de Monse\u00f1or Marcos P\u00e9rez, Arzobispo de la Arquidi\u00f3cesis de Cuenca, el P. Juan Carlos Garz\u00f3n, Secretario General del IEC 2024 particip\u00f3 este 7 de junio en la Asamblea Plenaria del Clero, que tuvo lugar en el Seminario Mayor &#8220;San Le\u00f3n Magno&#8221;, donde inform\u00f3 sobre los avances en la organizaci\u00f3n del Congreso. [&hellip;]\" \/>\n<meta property=\"og:url\" content=\"https:\/\/www.iec2024.ec\/en\/archdiocese-of-cuenca-joins-the-53rd-international-eucharistic-congress\/\" \/>\n<meta property=\"og:site_name\" content=\"IEC 2024\" \/>\n<meta property=\"article:published_time\" content=\"2023-06-08T16:50:12+00:00\" \/>\n<meta property=\"article:modified_time\" content=\"2023-09-13T03:22:54+00:00\" \/>\n<meta property=\"og:image\" content=\"https:\/\/www.iec2024.ec\/wp-content\/uploads\/2023\/08\/1a52d852-c113-4d37-ac7e-b2ebf204dfae.jpg\" \/>\n\t<meta property=\"og:image:width\" content=\"1024\" \/>\n\t<meta property=\"og:image:height\" content=\"768\" \/>\n\t<meta property=\"og:image:type\" content=\"image\/jpeg\" \/>\n<meta name=\"author\" content=\"Secretario T\u00e9cnico\" \/>\n<meta name=\"twitter:card\" content=\"summary_large_image\" \/>\n<meta name=\"twitter:label1\" content=\"Written by\" \/>\n\t<meta name=\"twitter:data1\" content=\"Secretario T\u00e9cnico\" \/>\n\t<meta name=\"twitter:label2\" content=\"Est. reading time\" \/>\n\t<meta name=\"twitter:data2\" content=\"1 minute\" \/>\n<script type=\"application\/ld+json\" class=\"yoast-schema-graph\">{\"@context\":\"https:\/\/schema.org\",\"@graph\":[{\"@type\":\"Article\",\"@id\":\"https:\/\/www.iec2024.ec\/en\/archdiocese-of-cuenca-joins-the-53rd-international-eucharistic-congress\/#article\",\"isPartOf\":{\"@id\":\"https:\/\/www.iec2024.ec\/en\/archdiocese-of-cuenca-joins-the-53rd-international-eucharistic-congress\/\"},\"author\":{\"name\":\"Secretario T\u00e9cnico\",\"@id\":\"https:\/\/www.iec2024.ec\/en\/#\/schema\/person\/7dc46e27a804fe39ba34935ca5284fe2\"},\"headline\":\"Archdiocese of Cuenca joins the 53rd International Eucharistic Congress.\",\"datePublished\":\"2023-06-08T16:50:12+00:00\",\"dateModified\":\"2023-09-13T03:22:54+00:00\",\"mainEntityOfPage\":{\"@id\":\"https:\/\/www.iec2024.ec\/en\/archdiocese-of-cuenca-joins-the-53rd-international-eucharistic-congress\/\"},\"wordCount\":150,\"commentCount\":0,\"publisher\":{\"@id\":\"https:\/\/www.iec2024.ec\/en\/#organization\"},\"articleSection\":[\"News\"],\"inLanguage\":\"en-US\",\"potentialAction\":[{\"@type\":\"CommentAction\",\"name\":\"Comment\",\"target\":[\"https:\/\/www.iec2024.ec\/en\/archdiocese-of-cuenca-joins-the-53rd-international-eucharistic-congress\/#respond\"]}]},{\"@type\":\"WebPage\",\"@id\":\"https:\/\/www.iec2024.ec\/en\/archdiocese-of-cuenca-joins-the-53rd-international-eucharistic-congress\/\",\"url\":\"https:\/\/www.iec2024.ec\/en\/archdiocese-of-cuenca-joins-the-53rd-international-eucharistic-congress\/\",\"name\":\"Archdiocese of Cuenca joins the 53rd International Eucharistic Congress. - IEC 2024\",\"isPartOf\":{\"@id\":\"https:\/\/www.iec2024.ec\/en\/#website\"},\"datePublished\":\"2023-06-08T16:50:12+00:00\",\"dateModified\":\"2023-09-13T03:22:54+00:00\",\"breadcrumb\":{\"@id\":\"https:\/\/www.iec2024.ec\/en\/archdiocese-of-cuenca-joins-the-53rd-international-eucharistic-congress\/#breadcrumb\"},\"inLanguage\":\"en-US\",\"potentialAction\":[{\"@type\":\"ReadAction\",\"target\":[\"https:\/\/www.iec2024.ec\/en\/archdiocese-of-cuenca-joins-the-53rd-international-eucharistic-congress\/\"]}]},{\"@type\":\"BreadcrumbList\",\"@id\":\"https:\/\/www.iec2024.ec\/en\/archdiocese-of-cuenca-joins-the-53rd-international-eucharistic-congress\/#breadcrumb\",\"itemListElement\":[{\"@type\":\"ListItem\",\"position\":1,\"name\":\"Portada\",\"item\":\"https:\/\/www.iec2024.ec\/en\/\"},{\"@type\":\"ListItem\",\"position\":2,\"name\":\"Archdiocese of Cuenca joins the 53rd International Eucharistic Congress.\"}]},{\"@type\":\"WebSite\",\"@id\":\"https:\/\/www.iec2024.ec\/en\/#website\",\"url\":\"https:\/\/www.iec2024.ec\/en\/\",\"name\":\"IEC 2024\",\"description\":\"\",\"publisher\":{\"@id\":\"https:\/\/www.iec2024.ec\/en\/#organization\"},\"potentialAction\":[{\"@type\":\"SearchAction\",\"target\":{\"@type\":\"EntryPoint\",\"urlTemplate\":\"https:\/\/www.iec2024.ec\/en\/?s={search_term_string}\"},\"query-input\":\"required name=search_term_string\"}],\"inLanguage\":\"en-US\"},{\"@type\":\"Organization\",\"@id\":\"https:\/\/www.iec2024.ec\/en\/#organization\",\"name\":\"IEC 2024\",\"url\":\"https:\/\/www.iec2024.ec\/en\/\",\"logo\":{\"@type\":\"ImageObject\",\"inLanguage\":\"en-US\",\"@id\":\"https:\/\/www.iec2024.ec\/en\/#\/schema\/logo\/image\/\",\"url\":\"https:\/\/www.iec2024.ec\/wp-content\/uploads\/2024\/01\/cropped-logo-2024.png\",\"contentUrl\":\"https:\/\/www.iec2024.ec\/wp-content\/uploads\/2024\/01\/cropped-logo-2024.png\",\"width\":1277,\"height\":332,\"caption\":\"IEC 2024\"},\"image\":{\"@id\":\"https:\/\/www.iec2024.ec\/en\/#\/schema\/logo\/image\/\"}},{\"@type\":\"Person\",\"@id\":\"https:\/\/www.iec2024.ec\/en\/#\/schema\/person\/7dc46e27a804fe39ba34935ca5284fe2\",\"name\":\"Secretario T\u00e9cnico\",\"image\":{\"@type\":\"ImageObject\",\"inLanguage\":\"en-US\",\"@id\":\"https:\/\/www.iec2024.ec\/en\/#\/schema\/person\/image\/\",\"url\":\"https:\/\/secure.gravatar.com\/avatar\/67808a21710148ea0645bc85e43e21b6?s=96&d=mm&r=g\",\"contentUrl\":\"https:\/\/secure.gravatar.com\/avatar\/67808a21710148ea0645bc85e43e21b6?s=96&d=mm&r=g\",\"caption\":\"Secretario T\u00e9cnico\"},\"url\":\"https:\/\/www.iec2024.ec\/en\/author\/4dm1ns3cr3t4r10\/\"}]}<\/script>\n<!-- \/ Yoast SEO plugin. -->","yoast_head_json":{"title":"Archdiocese of Cuenca joins the 53rd International Eucharistic Congress. - IEC 2024","robots":{"index":"index","follow":"follow","max-snippet":"max-snippet:-1","max-image-preview":"max-image-preview:large","max-video-preview":"max-video-preview:-1"},"canonical":"https:\/\/www.iec2024.ec\/en\/archdiocese-of-cuenca-joins-the-53rd-international-eucharistic-congress\/","og_locale":"en_US","og_type":"article","og_title":"Archdiocese of Cuenca joins the 53rd International Eucharistic Congress. - IEC 2024","og_description":"Tras recibir la invitaci\u00f3n de Monse\u00f1or Marcos P\u00e9rez, Arzobispo de la Arquidi\u00f3cesis de Cuenca, el P. Juan Carlos Garz\u00f3n, Secretario General del IEC 2024 particip\u00f3 este 7 de junio en la Asamblea Plenaria del Clero, que tuvo lugar en el Seminario Mayor &#8220;San Le\u00f3n Magno&#8221;, donde inform\u00f3 sobre los avances en la organizaci\u00f3n del Congreso. [&hellip;]","og_url":"https:\/\/www.iec2024.ec\/en\/archdiocese-of-cuenca-joins-the-53rd-international-eucharistic-congress\/","og_site_name":"IEC 2024","article_published_time":"2023-06-08T16:50:12+00:00","article_modified_time":"2023-09-13T03:22:54+00:00","og_image":[{"width":1024,"height":768,"url":"https:\/\/www.iec2024.ec\/wp-content\/uploads\/2023\/08\/1a52d852-c113-4d37-ac7e-b2ebf204dfae.jpg","type":"image\/jpeg"}],"author":"Secretario T\u00e9cnico","twitter_card":"summary_large_image","twitter_misc":{"Written by":"Secretario T\u00e9cnico","Est. reading time":"1 minute"},"schema":{"@context":"https:\/\/schema.org","@graph":[{"@type":"Article","@id":"https:\/\/www.iec2024.ec\/en\/archdiocese-of-cuenca-joins-the-53rd-international-eucharistic-congress\/#article","isPartOf":{"@id":"https:\/\/www.iec2024.ec\/en\/archdiocese-of-cuenca-joins-the-53rd-international-eucharistic-congress\/"},"author":{"name":"Secretario T\u00e9cnico","@id":"https:\/\/www.iec2024.ec\/en\/#\/schema\/person\/7dc46e27a804fe39ba34935ca5284fe2"},"headline":"Archdiocese of Cuenca joins the 53rd International Eucharistic Congress.","datePublished":"2023-06-08T16:50:12+00:00","dateModified":"2023-09-13T03:22:54+00:00","mainEntityOfPage":{"@id":"https:\/\/www.iec2024.ec\/en\/archdiocese-of-cuenca-joins-the-53rd-international-eucharistic-congress\/"},"wordCount":150,"commentCount":0,"publisher":{"@id":"https:\/\/www.iec2024.ec\/en\/#organization"},"articleSection":["News"],"inLanguage":"en-US","potentialAction":[{"@type":"CommentAction","name":"Comment","target":["https:\/\/www.iec2024.ec\/en\/archdiocese-of-cuenca-joins-the-53rd-international-eucharistic-congress\/#respond"]}]},{"@type":"WebPage","@id":"https:\/\/www.iec2024.ec\/en\/archdiocese-of-cuenca-joins-the-53rd-international-eucharistic-congress\/","url":"https:\/\/www.iec2024.ec\/en\/archdiocese-of-cuenca-joins-the-53rd-international-eucharistic-congress\/","name":"Archdiocese of Cuenca joins the 53rd International Eucharistic Congress. - IEC 2024","isPartOf":{"@id":"https:\/\/www.iec2024.ec\/en\/#website"},"datePublished":"2023-06-08T16:50:12+00:00","dateModified":"2023-09-13T03:22:54+00:00","breadcrumb":{"@id":"https:\/\/www.iec2024.ec\/en\/archdiocese-of-cuenca-joins-the-53rd-international-eucharistic-congress\/#breadcrumb"},"inLanguage":"en-US","potentialAction":[{"@type":"ReadAction","target":["https:\/\/www.iec2024.ec\/en\/archdiocese-of-cuenca-joins-the-53rd-international-eucharistic-congress\/"]}]},{"@type":"BreadcrumbList","@id":"https:\/\/www.iec2024.ec\/en\/archdiocese-of-cuenca-joins-the-53rd-international-eucharistic-congress\/#breadcrumb","itemListElement":[{"@type":"ListItem","position":1,"name":"Portada","item":"https:\/\/www.iec2024.ec\/en\/"},{"@type":"ListItem","position":2,"name":"Archdiocese of Cuenca joins the 53rd International Eucharistic Congress."}]},{"@type":"WebSite","@id":"https:\/\/www.iec2024.ec\/en\/#website","url":"https:\/\/www.iec2024.ec\/en\/","name":"IEC 2024","description":"","publisher":{"@id":"https:\/\/www.iec2024.ec\/en\/#organization"},"potentialAction":[{"@type":"SearchAction","target":{"@type":"EntryPoint","urlTemplate":"https:\/\/www.iec2024.ec\/en\/?s={search_term_string}"},"query-input":"required name=search_term_string"}],"inLanguage":"en-US"},{"@type":"Organization","@id":"https:\/\/www.iec2024.ec\/en\/#organization","name":"IEC 2024","url":"https:\/\/www.iec2024.ec\/en\/","logo":{"@type":"ImageObject","inLanguage":"en-US","@id":"https:\/\/www.iec2024.ec\/en\/#\/schema\/logo\/image\/","url":"https:\/\/www.iec2024.ec\/wp-content\/uploads\/2024\/01\/cropped-logo-2024.png","contentUrl":"https:\/\/www.iec2024.ec\/wp-content\/uploads\/2024\/01\/cropped-logo-2024.png","width":1277,"height":332,"caption":"IEC 2024"},"image":{"@id":"https:\/\/www.iec2024.ec\/en\/#\/schema\/logo\/image\/"}},{"@type":"Person","@id":"https:\/\/www.iec2024.ec\/en\/#\/schema\/person\/7dc46e27a804fe39ba34935ca5284fe2","name":"Secretario T\u00e9cnico","image":{"@type":"ImageObject","inLanguage":"en-US","@id":"https:\/\/www.iec2024.ec\/en\/#\/schema\/person\/image\/","url":"https:\/\/secure.gravatar.com\/avatar\/67808a21710148ea0645bc85e43e21b6?s=96&d=mm&r=g","contentUrl":"https:\/\/secure.gravatar.com\/avatar\/67808a21710148ea0645bc85e43e21b6?s=96&d=mm&r=g","caption":"Secretario T\u00e9cnico"},"url":"https:\/\/www.iec2024.ec\/en\/author\/4dm1ns3cr3t4r10\/"}]}},"_links":{"self":[{"href":"https:\/\/www.iec2024.ec\/en\/wp-json\/wp\/v2\/posts\/5279"}],"collection":[{"href":"https:\/\/www.iec2024.ec\/en\/wp-json\/wp\/v2\/posts"}],"about":[{"href":"https:\/\/www.iec2024.ec\/en\/wp-json\/wp\/v2\/types\/post"}],"author":[{"embeddable":true,"href":"https:\/\/www.iec2024.ec\/en\/wp-json\/wp\/v2\/users\/2"}],"replies":[{"embeddable":true,"href":"https:\/\/www.iec2024.ec\/en\/wp-json\/wp\/v2\/comments?post=5279"}],"version-history":[{"count":3,"href":"https:\/\/www.iec2024.ec\/en\/wp-json\/wp\/v2\/posts\/5279\/revisions"}],"predecessor-version":[{"id":5819,"href":"https:\/\/www.iec2024.ec\/en\/wp-json\/wp\/v2\/posts\/5279\/revisions\/5819"}],"wp:featuredmedia":[{"embeddable":true,"href":"https:\/\/www.iec2024.ec\/en\/wp-json\/wp\/v2\/media\/5049"}],"wp:attachment":[{"href":"https:\/\/www.iec2024.ec\/en\/wp-json\/wp\/v2\/media?parent=5279"}],"wp:term":[{"taxonomy":"category","embeddable":true,"href":"https:\/\/www.iec2024.ec\/en\/wp-json\/wp\/v2\/categories?post=5279"},{"taxonomy":"post_tag","embeddable":true,"href":"https:\/\/www.iec2024.ec\/en\/wp-json\/wp\/v2\/tags?post=5279"}],"curies":[{"name":"wp","href":"https:\/\/api.w.org\/{rel}","templated":true}]}}