{"id":5299,"date":"2023-05-24T10:06:12","date_gmt":"2023-05-24T15:06:12","guid":{"rendered":"https:\/\/www.iec2024.ec\/congreso-eucaristico-obispo-de-quito-cristo-nos-llama-a-ser-agentes-de-fraternidad\/"},"modified":"2024-05-17T10:58:24","modified_gmt":"2024-05-17T15:58:24","slug":"congreso-eucaristico-obispo-de-quito-cristo-nos-llama-a-ser-agentes-de-fraternidad","status":"publish","type":"post","link":"https:\/\/www.iec2024.ec\/en\/congreso-eucaristico-obispo-de-quito-cristo-nos-llama-a-ser-agentes-de-fraternidad\/","title":{"rendered":"Entrevista de Vatican News a Monse\u00f1or Alfredo Espinoza, Arzobispo de Quito y Primado del Ecuador."},"content":{"rendered":"<h4 class=\"article__title\">Fuente: <span style=\"color: #000080;\"><a style=\"color: #000080;\" href=\"https:\/\/www.vaticannews.va\/es\/vaticano\/news\/2023-05\/congreso-eucaristico-internacional-obispo-quito-ecuador-entrevis.html\">Vatican News\u00a0<\/a><\/span><br \/>\nCongreso Eucar\u00edstico. Obispo de Quito: Cristo nos llama a ser agentes de fraternidad<\/h4>\n<p class=\"article__title\">La ma\u00f1ana de este 24 de mayo, se realiz\u00f3 en la Oficina de Prensa de la Santa Sede el encuentro de los periodistas con los encargados de la organizaci\u00f3n del 53 Congreso Eucar\u00edstico Internacional. Monse\u00f1or Alfredo Espinoza, Arzobispo de Quito: \u201cCelebrar el Congreso en Ecuador es profundizar nuestra fe y profundizar el compromiso de ser cristiano en este tiempo\u201d.<\/p>\n<p>\u201cEl lema de este Congreso nos llama y nos compromete a asumir nuestro papel, no podemos ser indiferentes, no podemos vivir una cultura de la indiferencia, tenemos que comprometernos desde la Eucarist\u00eda, saber que estamos llamados a ser esos agentes de fraternidad, ese tender puente para buscar juntos soluciones y caminos\u201d, lo dijo Monse\u00f1or Alfredo Jos\u00e9 Espinoza Mateus, S.D.B., Arzobispo de Quito, Ecuador, al presentar el 53 Congreso Eucar\u00edstico Internacional (IEC 2024), que tendr\u00e1 lugar en la ciudad ecuatoriana de Quito, del 8 al 15 de septiembre de 2024.<\/p>\n<p>Noticia completa: <span style=\"color: #000080;\"><strong><a style=\"color: #000080;\" href=\"https:\/\/www.vaticannews.va\/es\/vaticano\/news\/2023-05\/congreso-eucaristico-internacional-obispo-quito-ecuador-entrevis.html\">Vatican News\u00a0<\/a><\/strong><\/span><\/p>\n","protected":false},"excerpt":{"rendered":"<p>Fuente: Vatican News\u00a0 Congreso Eucar\u00edstico. Obispo de Quito: Cristo nos llama a ser agentes de fraternidad La ma\u00f1ana de este 24 de mayo, se realiz\u00f3 en la Oficina de Prensa de la Santa Sede el encuentro de los periodistas con los encargados de la organizaci\u00f3n del 53 Congreso Eucar\u00edstico Internacional. Monse\u00f1or Alfredo Espinoza, Arzobispo de [&hellip;]<\/p>\n","protected":false},"author":2,"featured_media":4649,"comment_status":"open","ping_status":"open","sticky":false,"template":"","format":"standard","meta":{"footnotes":""},"categories":[120],"tags":[],"acf":[],"yoast_head":"<!-- This site is optimized with the Yoast SEO plugin v21.1 - https:\/\/yoast.com\/wordpress\/plugins\/seo\/ -->\n<title>Entrevista de Vatican News a Monse\u00f1or Alfredo Espinoza, Arzobispo de Quito y Primado del Ecuador. - IEC 2024<\/title>\n<meta name=\"robots\" content=\"index, follow, max-snippet:-1, max-image-preview:large, max-video-preview:-1\" \/>\n<link rel=\"canonical\" href=\"https:\/\/www.iec2024.ec\/en\/congreso-eucaristico-obispo-de-quito-cristo-nos-llama-a-ser-agentes-de-fraternidad\/\" \/>\n<meta property=\"og:locale\" content=\"en_US\" \/>\n<meta property=\"og:type\" content=\"article\" \/>\n<meta property=\"og:title\" content=\"Entrevista de Vatican News a Monse\u00f1or Alfredo Espinoza, Arzobispo de Quito y Primado del Ecuador. - IEC 2024\" \/>\n<meta property=\"og:description\" content=\"Fuente: Vatican News\u00a0 Congreso Eucar\u00edstico. Obispo de Quito: Cristo nos llama a ser agentes de fraternidad La ma\u00f1ana de este 24 de mayo, se realiz\u00f3 en la Oficina de Prensa de la Santa Sede el encuentro de los periodistas con los encargados de la organizaci\u00f3n del 53 Congreso Eucar\u00edstico Internacional. Monse\u00f1or Alfredo Espinoza, Arzobispo de [&hellip;]\" \/>\n<meta property=\"og:url\" content=\"https:\/\/www.iec2024.ec\/en\/congreso-eucaristico-obispo-de-quito-cristo-nos-llama-a-ser-agentes-de-fraternidad\/\" \/>\n<meta property=\"og:site_name\" content=\"IEC 2024\" \/>\n<meta property=\"article:published_time\" content=\"2023-05-24T15:06:12+00:00\" \/>\n<meta property=\"article:modified_time\" content=\"2024-05-17T15:58:24+00:00\" \/>\n<meta property=\"og:image\" content=\"https:\/\/www.iec2024.ec\/wp-content\/uploads\/2023\/08\/cq5dam.thumbnail.cropped.1500.844-e1684942734138.jpeg\" \/>\n\t<meta property=\"og:image:width\" content=\"1500\" \/>\n\t<meta property=\"og:image:height\" content=\"675\" \/>\n\t<meta property=\"og:image:type\" content=\"image\/jpeg\" \/>\n<meta name=\"author\" content=\"Secretario T\u00e9cnico\" \/>\n<meta name=\"twitter:card\" content=\"summary_large_image\" \/>\n<meta name=\"twitter:label1\" content=\"Written by\" \/>\n\t<meta name=\"twitter:data1\" content=\"Secretario T\u00e9cnico\" \/>\n\t<meta name=\"twitter:label2\" content=\"Est. reading time\" \/>\n\t<meta name=\"twitter:data2\" content=\"1 minute\" \/>\n<script type=\"application\/ld+json\" class=\"yoast-schema-graph\">{\"@context\":\"https:\/\/schema.org\",\"@graph\":[{\"@type\":\"Article\",\"@id\":\"https:\/\/www.iec2024.ec\/en\/congreso-eucaristico-obispo-de-quito-cristo-nos-llama-a-ser-agentes-de-fraternidad\/#article\",\"isPartOf\":{\"@id\":\"https:\/\/www.iec2024.ec\/en\/congreso-eucaristico-obispo-de-quito-cristo-nos-llama-a-ser-agentes-de-fraternidad\/\"},\"author\":{\"name\":\"Secretario T\u00e9cnico\",\"@id\":\"https:\/\/www.iec2024.ec\/en\/#\/schema\/person\/7dc46e27a804fe39ba34935ca5284fe2\"},\"headline\":\"Entrevista de Vatican News a Monse\u00f1or Alfredo Espinoza, Arzobispo de Quito y Primado del Ecuador.\",\"datePublished\":\"2023-05-24T15:06:12+00:00\",\"dateModified\":\"2024-05-17T15:58:24+00:00\",\"mainEntityOfPage\":{\"@id\":\"https:\/\/www.iec2024.ec\/en\/congreso-eucaristico-obispo-de-quito-cristo-nos-llama-a-ser-agentes-de-fraternidad\/\"},\"wordCount\":187,\"commentCount\":0,\"publisher\":{\"@id\":\"https:\/\/www.iec2024.ec\/en\/#organization\"},\"articleSection\":[\"IEC in media\"],\"inLanguage\":\"en-US\",\"potentialAction\":[{\"@type\":\"CommentAction\",\"name\":\"Comment\",\"target\":[\"https:\/\/www.iec2024.ec\/en\/congreso-eucaristico-obispo-de-quito-cristo-nos-llama-a-ser-agentes-de-fraternidad\/#respond\"]}]},{\"@type\":\"WebPage\",\"@id\":\"https:\/\/www.iec2024.ec\/en\/congreso-eucaristico-obispo-de-quito-cristo-nos-llama-a-ser-agentes-de-fraternidad\/\",\"url\":\"https:\/\/www.iec2024.ec\/en\/congreso-eucaristico-obispo-de-quito-cristo-nos-llama-a-ser-agentes-de-fraternidad\/\",\"name\":\"Entrevista de Vatican News a Monse\u00f1or Alfredo Espinoza, Arzobispo de Quito y Primado del Ecuador. - IEC 2024\",\"isPartOf\":{\"@id\":\"https:\/\/www.iec2024.ec\/en\/#website\"},\"datePublished\":\"2023-05-24T15:06:12+00:00\",\"dateModified\":\"2024-05-17T15:58:24+00:00\",\"breadcrumb\":{\"@id\":\"https:\/\/www.iec2024.ec\/en\/congreso-eucaristico-obispo-de-quito-cristo-nos-llama-a-ser-agentes-de-fraternidad\/#breadcrumb\"},\"inLanguage\":\"en-US\",\"potentialAction\":[{\"@type\":\"ReadAction\",\"target\":[\"https:\/\/www.iec2024.ec\/en\/congreso-eucaristico-obispo-de-quito-cristo-nos-llama-a-ser-agentes-de-fraternidad\/\"]}]},{\"@type\":\"BreadcrumbList\",\"@id\":\"https:\/\/www.iec2024.ec\/en\/congreso-eucaristico-obispo-de-quito-cristo-nos-llama-a-ser-agentes-de-fraternidad\/#breadcrumb\",\"itemListElement\":[{\"@type\":\"ListItem\",\"position\":1,\"name\":\"Portada\",\"item\":\"https:\/\/www.iec2024.ec\/en\/\"},{\"@type\":\"ListItem\",\"position\":2,\"name\":\"Entrevista de Vatican News a Monse\u00f1or Alfredo Espinoza, Arzobispo de Quito y Primado del Ecuador.\"}]},{\"@type\":\"WebSite\",\"@id\":\"https:\/\/www.iec2024.ec\/en\/#website\",\"url\":\"https:\/\/www.iec2024.ec\/en\/\",\"name\":\"IEC 2024\",\"description\":\"\",\"publisher\":{\"@id\":\"https:\/\/www.iec2024.ec\/en\/#organization\"},\"potentialAction\":[{\"@type\":\"SearchAction\",\"target\":{\"@type\":\"EntryPoint\",\"urlTemplate\":\"https:\/\/www.iec2024.ec\/en\/?s={search_term_string}\"},\"query-input\":\"required name=search_term_string\"}],\"inLanguage\":\"en-US\"},{\"@type\":\"Organization\",\"@id\":\"https:\/\/www.iec2024.ec\/en\/#organization\",\"name\":\"IEC 2024\",\"url\":\"https:\/\/www.iec2024.ec\/en\/\",\"logo\":{\"@type\":\"ImageObject\",\"inLanguage\":\"en-US\",\"@id\":\"https:\/\/www.iec2024.ec\/en\/#\/schema\/logo\/image\/\",\"url\":\"https:\/\/www.iec2024.ec\/wp-content\/uploads\/2024\/01\/cropped-logo-2024.png\",\"contentUrl\":\"https:\/\/www.iec2024.ec\/wp-content\/uploads\/2024\/01\/cropped-logo-2024.png\",\"width\":1277,\"height\":332,\"caption\":\"IEC 2024\"},\"image\":{\"@id\":\"https:\/\/www.iec2024.ec\/en\/#\/schema\/logo\/image\/\"}},{\"@type\":\"Person\",\"@id\":\"https:\/\/www.iec2024.ec\/en\/#\/schema\/person\/7dc46e27a804fe39ba34935ca5284fe2\",\"name\":\"Secretario T\u00e9cnico\",\"image\":{\"@type\":\"ImageObject\",\"inLanguage\":\"en-US\",\"@id\":\"https:\/\/www.iec2024.ec\/en\/#\/schema\/person\/image\/\",\"url\":\"https:\/\/secure.gravatar.com\/avatar\/67808a21710148ea0645bc85e43e21b6?s=96&d=mm&r=g\",\"contentUrl\":\"https:\/\/secure.gravatar.com\/avatar\/67808a21710148ea0645bc85e43e21b6?s=96&d=mm&r=g\",\"caption\":\"Secretario T\u00e9cnico\"},\"url\":\"https:\/\/www.iec2024.ec\/en\/author\/4dm1ns3cr3t4r10\/\"}]}<\/script>\n<!-- \/ Yoast SEO plugin. -->","yoast_head_json":{"title":"Entrevista de Vatican News a Monse\u00f1or Alfredo Espinoza, Arzobispo de Quito y Primado del Ecuador. - IEC 2024","robots":{"index":"index","follow":"follow","max-snippet":"max-snippet:-1","max-image-preview":"max-image-preview:large","max-video-preview":"max-video-preview:-1"},"canonical":"https:\/\/www.iec2024.ec\/en\/congreso-eucaristico-obispo-de-quito-cristo-nos-llama-a-ser-agentes-de-fraternidad\/","og_locale":"en_US","og_type":"article","og_title":"Entrevista de Vatican News a Monse\u00f1or Alfredo Espinoza, Arzobispo de Quito y Primado del Ecuador. - IEC 2024","og_description":"Fuente: Vatican News\u00a0 Congreso Eucar\u00edstico. Obispo de Quito: Cristo nos llama a ser agentes de fraternidad La ma\u00f1ana de este 24 de mayo, se realiz\u00f3 en la Oficina de Prensa de la Santa Sede el encuentro de los periodistas con los encargados de la organizaci\u00f3n del 53 Congreso Eucar\u00edstico Internacional. Monse\u00f1or Alfredo Espinoza, Arzobispo de [&hellip;]","og_url":"https:\/\/www.iec2024.ec\/en\/congreso-eucaristico-obispo-de-quito-cristo-nos-llama-a-ser-agentes-de-fraternidad\/","og_site_name":"IEC 2024","article_published_time":"2023-05-24T15:06:12+00:00","article_modified_time":"2024-05-17T15:58:24+00:00","og_image":[{"width":1500,"height":675,"url":"https:\/\/www.iec2024.ec\/wp-content\/uploads\/2023\/08\/cq5dam.thumbnail.cropped.1500.844-e1684942734138.jpeg","type":"image\/jpeg"}],"author":"Secretario T\u00e9cnico","twitter_card":"summary_large_image","twitter_misc":{"Written by":"Secretario T\u00e9cnico","Est. reading time":"1 minute"},"schema":{"@context":"https:\/\/schema.org","@graph":[{"@type":"Article","@id":"https:\/\/www.iec2024.ec\/en\/congreso-eucaristico-obispo-de-quito-cristo-nos-llama-a-ser-agentes-de-fraternidad\/#article","isPartOf":{"@id":"https:\/\/www.iec2024.ec\/en\/congreso-eucaristico-obispo-de-quito-cristo-nos-llama-a-ser-agentes-de-fraternidad\/"},"author":{"name":"Secretario T\u00e9cnico","@id":"https:\/\/www.iec2024.ec\/en\/#\/schema\/person\/7dc46e27a804fe39ba34935ca5284fe2"},"headline":"Entrevista de Vatican News a Monse\u00f1or Alfredo Espinoza, Arzobispo de Quito y Primado del Ecuador.","datePublished":"2023-05-24T15:06:12+00:00","dateModified":"2024-05-17T15:58:24+00:00","mainEntityOfPage":{"@id":"https:\/\/www.iec2024.ec\/en\/congreso-eucaristico-obispo-de-quito-cristo-nos-llama-a-ser-agentes-de-fraternidad\/"},"wordCount":187,"commentCount":0,"publisher":{"@id":"https:\/\/www.iec2024.ec\/en\/#organization"},"articleSection":["IEC in media"],"inLanguage":"en-US","potentialAction":[{"@type":"CommentAction","name":"Comment","target":["https:\/\/www.iec2024.ec\/en\/congreso-eucaristico-obispo-de-quito-cristo-nos-llama-a-ser-agentes-de-fraternidad\/#respond"]}]},{"@type":"WebPage","@id":"https:\/\/www.iec2024.ec\/en\/congreso-eucaristico-obispo-de-quito-cristo-nos-llama-a-ser-agentes-de-fraternidad\/","url":"https:\/\/www.iec2024.ec\/en\/congreso-eucaristico-obispo-de-quito-cristo-nos-llama-a-ser-agentes-de-fraternidad\/","name":"Entrevista de Vatican News a Monse\u00f1or Alfredo Espinoza, Arzobispo de Quito y Primado del Ecuador. - IEC 2024","isPartOf":{"@id":"https:\/\/www.iec2024.ec\/en\/#website"},"datePublished":"2023-05-24T15:06:12+00:00","dateModified":"2024-05-17T15:58:24+00:00","breadcrumb":{"@id":"https:\/\/www.iec2024.ec\/en\/congreso-eucaristico-obispo-de-quito-cristo-nos-llama-a-ser-agentes-de-fraternidad\/#breadcrumb"},"inLanguage":"en-US","potentialAction":[{"@type":"ReadAction","target":["https:\/\/www.iec2024.ec\/en\/congreso-eucaristico-obispo-de-quito-cristo-nos-llama-a-ser-agentes-de-fraternidad\/"]}]},{"@type":"BreadcrumbList","@id":"https:\/\/www.iec2024.ec\/en\/congreso-eucaristico-obispo-de-quito-cristo-nos-llama-a-ser-agentes-de-fraternidad\/#breadcrumb","itemListElement":[{"@type":"ListItem","position":1,"name":"Portada","item":"https:\/\/www.iec2024.ec\/en\/"},{"@type":"ListItem","position":2,"name":"Entrevista de Vatican News a Monse\u00f1or Alfredo Espinoza, Arzobispo de Quito y Primado del Ecuador."}]},{"@type":"WebSite","@id":"https:\/\/www.iec2024.ec\/en\/#website","url":"https:\/\/www.iec2024.ec\/en\/","name":"IEC 2024","description":"","publisher":{"@id":"https:\/\/www.iec2024.ec\/en\/#organization"},"potentialAction":[{"@type":"SearchAction","target":{"@type":"EntryPoint","urlTemplate":"https:\/\/www.iec2024.ec\/en\/?s={search_term_string}"},"query-input":"required name=search_term_string"}],"inLanguage":"en-US"},{"@type":"Organization","@id":"https:\/\/www.iec2024.ec\/en\/#organization","name":"IEC 2024","url":"https:\/\/www.iec2024.ec\/en\/","logo":{"@type":"ImageObject","inLanguage":"en-US","@id":"https:\/\/www.iec2024.ec\/en\/#\/schema\/logo\/image\/","url":"https:\/\/www.iec2024.ec\/wp-content\/uploads\/2024\/01\/cropped-logo-2024.png","contentUrl":"https:\/\/www.iec2024.ec\/wp-content\/uploads\/2024\/01\/cropped-logo-2024.png","width":1277,"height":332,"caption":"IEC 2024"},"image":{"@id":"https:\/\/www.iec2024.ec\/en\/#\/schema\/logo\/image\/"}},{"@type":"Person","@id":"https:\/\/www.iec2024.ec\/en\/#\/schema\/person\/7dc46e27a804fe39ba34935ca5284fe2","name":"Secretario T\u00e9cnico","image":{"@type":"ImageObject","inLanguage":"en-US","@id":"https:\/\/www.iec2024.ec\/en\/#\/schema\/person\/image\/","url":"https:\/\/secure.gravatar.com\/avatar\/67808a21710148ea0645bc85e43e21b6?s=96&d=mm&r=g","contentUrl":"https:\/\/secure.gravatar.com\/avatar\/67808a21710148ea0645bc85e43e21b6?s=96&d=mm&r=g","caption":"Secretario T\u00e9cnico"},"url":"https:\/\/www.iec2024.ec\/en\/author\/4dm1ns3cr3t4r10\/"}]}},"_links":{"self":[{"href":"https:\/\/www.iec2024.ec\/en\/wp-json\/wp\/v2\/posts\/5299"}],"collection":[{"href":"https:\/\/www.iec2024.ec\/en\/wp-json\/wp\/v2\/posts"}],"about":[{"href":"https:\/\/www.iec2024.ec\/en\/wp-json\/wp\/v2\/types\/post"}],"author":[{"embeddable":true,"href":"https:\/\/www.iec2024.ec\/en\/wp-json\/wp\/v2\/users\/2"}],"replies":[{"embeddable":true,"href":"https:\/\/www.iec2024.ec\/en\/wp-json\/wp\/v2\/comments?post=5299"}],"version-history":[{"count":2,"href":"https:\/\/www.iec2024.ec\/en\/wp-json\/wp\/v2\/posts\/5299\/revisions"}],"predecessor-version":[{"id":16242,"href":"https:\/\/www.iec2024.ec\/en\/wp-json\/wp\/v2\/posts\/5299\/revisions\/16242"}],"wp:featuredmedia":[{"embeddable":true,"href":"https:\/\/www.iec2024.ec\/en\/wp-json\/wp\/v2\/media\/4649"}],"wp:attachment":[{"href":"https:\/\/www.iec2024.ec\/en\/wp-json\/wp\/v2\/media?parent=5299"}],"wp:term":[{"taxonomy":"category","embeddable":true,"href":"https:\/\/www.iec2024.ec\/en\/wp-json\/wp\/v2\/categories?post=5299"},{"taxonomy":"post_tag","embeddable":true,"href":"https:\/\/www.iec2024.ec\/en\/wp-json\/wp\/v2\/tags?post=5299"}],"curies":[{"name":"wp","href":"https:\/\/api.w.org\/{rel}","templated":true}]}}