{"id":5321,"date":"2023-05-04T17:59:16","date_gmt":"2023-05-04T22:59:16","guid":{"rendered":"https:\/\/www.iec2024.ec\/como-aportar-para-sanar-las-heridas-del-mundo\/"},"modified":"2024-05-17T10:00:48","modified_gmt":"2024-05-17T15:00:48","slug":"como-aportar-para-sanar-las-heridas-del-mundo","status":"publish","type":"post","link":"https:\/\/www.iec2024.ec\/en\/como-aportar-para-sanar-las-heridas-del-mundo\/","title":{"rendered":"\u00bfC\u00f3mo aportar para sanar las heridas del mundo?"},"content":{"rendered":"<p><strong>Te invito a leer dos entrevistas exclusivas realizadas por el P. Livingston Olivares, presidente de la Comisi\u00f3n de Comunicaci\u00f3n del IEC 2024, a prop\u00f3sito de su visita a Roma. En esta lectura podr\u00e1s conocer la importancia de la Eucarist\u00eda en la vida de los cat\u00f3licos, y mucho m\u00e1s.<\/strong><\/p>\n<p>El P. Livingston Olivares, presidente de la Comisi\u00f3n de Comunicaci\u00f3n del 53\u00b0 Congreso Eucar\u00edstico Internacional (<a href=\"https:\/\/www.facebook.com\/hashtag\/iec2024?__eep__=6&amp;__cft__%5b0%5d=AZWJMKsGbxxxMt0tG5ET1XlVNHhCP1u5nV9RgyC4yPvgPDT6d8RhwkOeK3OyE0iaAEAeKnVL__1vKGu8-cy5V3VrQWmw9R34N4v80nnn5t5SiZwtJ20mOyrtU2Be3sFPjD5yo5IwnD2nTl9ZFooQV_56tBp89q0_NHGgG9mg1fJfMquq91coQ3pTNxp4Pu5kYzYxiQ7fuypGtjImFNHC-gB9&amp;__tn__=*NK-R\">IEC 2024<\/a>), se encuentra en Italia, Roma, hasta este viernes 5 de mayo del 2023, para informar sobre los avances de la organizaci\u00f3n de este evento eclesial, a desarrollarse en Ecuador en el 2024.<\/p>\n<p>A prop\u00f3sito de su visita, mantuvo di\u00e1logos con Juan Narbona, profesor de Comunicaci\u00f3n Digital de la Pontificia Universidad de la Santa Cruz-Roma y organizador del 13\u00b0 Seminario para las oficinas de prensa de la Iglesia; y con Ary Waldir Ramos, periodista acreditado en la Oficina de Prensa de la Santa Sede, corresponsal desde Roma y el Vaticano, quienes compartieron sus experiencias sobre la Eucarist\u00eda para sanar las heridas del mundo y la importancia de la comunicaci\u00f3n en el 53\u00b0 Congreso Eucar\u00edstico Internacional.<\/p>\n<p><strong>\u201cEscuchar es el primer modo de curar\u201d<\/strong><\/p>\n<p>Juan Narbona, profesor de Comunicaci\u00f3n Digital de la Pontificia Universidad de la Santa Cruz-Roma y organizador del 13\u00b0 Seminario para las oficinas de prensa de la Iglesia, nos habla de la importancia de la Eucarist\u00eda para san<strong>a<\/strong>r las heridas del mundo.<\/p>\n<p>El Papa Francisco sostiene que la fraternidad, <strong>la solidaridad y la reconciliaci\u00f3n son importantes para curar las heridas del mundo <\/strong>y construir una sociedad m\u00e1s justa y pac\u00edfica.<\/p>\n<p>En este contexto, Juan Narbona, profesor de Comunicaci\u00f3n Digital de la Pontificia Universidad de la Santa Cruz-Roma, afirma que <strong>escuchar es el primer modo de curar a una persona que est\u00e1 sufriendo<\/strong> y que necesita sacar fuera cualquier dolor que lleva dentro.<\/p>\n<p>Explica que no basta poner la oreja, \u201csaber escuchar curando es algo que tenemos que aprender al mismo tiempo. \u00bfD\u00f3nde lo aprendemos? En la Eucarist\u00eda, porque all\u00ed Cristo nos escucha\u201d, afirma.<\/p>\n<p>Adem\u00e1s, se refiri\u00f3 sobre el impacto que tendr\u00e1 el pr\u00f3ximo Congreso Eucar\u00edstico Internacional-Quito 2024 a nivel mundial. Indic\u00f3 que <strong>es importante poner en el centro lo m\u00e1s importante que tenemos: Jesucristo.<\/strong> \u201cPor lo tanto, es imprescindible no hablar de nosotros, sino hablar de la Eucarist\u00eda, y hacer que la gente mire de nuevo a Cristo para sanar todas las heridas que cada uno de nosotros llevamos dentro y tambi\u00e9n como pa\u00eds y como mundo\u201d.<\/p>\n<p><strong>\u201cUn comunicador cat\u00f3lico que no trabaje por la fraternidad desmiente su misi\u00f3n\u201d<\/strong><\/p>\n<p><strong>Ary Waldir Ramos, periodista acreditado en la Oficina de Prensa de la Santa Sede, corresponsal desde Roma y el Vaticano, nos da su punto de vista sobre la importancia de la comunicaci\u00f3n en el 53 Congreso Eucar\u00edstico Internacional a realizarse en Ecuador, del 8 al 15 de septiembre del 2024.<\/strong><\/p>\n<p>Desde Roma, el periodista Ary Waldir Ramos, desea \u00e9xitos al trabajo que realizan los comunicadores para difundir el evento eclesial y el lema propuesto por el Papa Francisco \u201cFraternidad para sanar el mundo\u201d.<\/p>\n<p>Indica que un Congreso Eucar\u00edstico es un evento important\u00edsimo para un comunicador cat\u00f3lico, precisamente, porque el centro es la Eucarist\u00eda. \u201cY sin la Eucarist\u00eda, pues precisamente nosotros no podemos llamarnos comunicadores cat\u00f3licos\u201d.<\/p>\n<p>Adem\u00e1s, explica que esto se debe a que Dios nos ha dado a su hijo, que a trav\u00e9s de los sacramentos, nos ayuda a alimentarnos y alimentar el mensaje, un mensaje de esperanza, de amor, de ternura, de paz. \u201cYo creo que un comunicador cat\u00f3lico que no trabaje por la fraternidad y para que la comunicaci\u00f3n sea comuni\u00f3n, pues desmiente su misi\u00f3n\u201d.<\/p>\n","protected":false},"excerpt":{"rendered":"<p>Te invito a leer dos entrevistas exclusivas realizadas por el P. Livingston Olivares, presidente de la Comisi\u00f3n de Comunicaci\u00f3n del IEC 2024, a prop\u00f3sito de su visita a Roma. En esta lectura podr\u00e1s conocer la importancia de la Eucarist\u00eda en la vida de los cat\u00f3licos, y mucho m\u00e1s. El P. Livingston Olivares, presidente de la [&hellip;]<\/p>\n","protected":false},"author":2,"featured_media":4935,"comment_status":"open","ping_status":"open","sticky":false,"template":"","format":"standard","meta":{"footnotes":""},"categories":[33],"tags":[],"acf":[],"yoast_head":"<!-- This site is optimized with the Yoast SEO plugin v21.1 - https:\/\/yoast.com\/wordpress\/plugins\/seo\/ -->\n<title>\u00bfC\u00f3mo aportar para sanar las heridas del mundo? - IEC 2024<\/title>\n<meta name=\"robots\" content=\"index, follow, max-snippet:-1, max-image-preview:large, max-video-preview:-1\" \/>\n<link rel=\"canonical\" href=\"https:\/\/www.iec2024.ec\/en\/como-aportar-para-sanar-las-heridas-del-mundo\/\" \/>\n<meta property=\"og:locale\" content=\"en_US\" \/>\n<meta property=\"og:type\" content=\"article\" \/>\n<meta property=\"og:title\" content=\"\u00bfC\u00f3mo aportar para sanar las heridas del mundo? - IEC 2024\" \/>\n<meta property=\"og:description\" content=\"Te invito a leer dos entrevistas exclusivas realizadas por el P. Livingston Olivares, presidente de la Comisi\u00f3n de Comunicaci\u00f3n del IEC 2024, a prop\u00f3sito de su visita a Roma. En esta lectura podr\u00e1s conocer la importancia de la Eucarist\u00eda en la vida de los cat\u00f3licos, y mucho m\u00e1s. El P. Livingston Olivares, presidente de la [&hellip;]\" \/>\n<meta property=\"og:url\" content=\"https:\/\/www.iec2024.ec\/en\/como-aportar-para-sanar-las-heridas-del-mundo\/\" \/>\n<meta property=\"og:site_name\" content=\"IEC 2024\" \/>\n<meta property=\"article:published_time\" content=\"2023-05-04T22:59:16+00:00\" \/>\n<meta property=\"article:modified_time\" content=\"2024-05-17T15:00:48+00:00\" \/>\n<meta property=\"og:image\" content=\"https:\/\/www.iec2024.ec\/wp-content\/uploads\/2023\/08\/WhatsApp-Image-2023-05-04-at-17.58.45-e1683241202100.jpeg\" \/>\n\t<meta property=\"og:image:width\" content=\"1392\" \/>\n\t<meta property=\"og:image:height\" content=\"848\" \/>\n\t<meta property=\"og:image:type\" content=\"image\/jpeg\" \/>\n<meta name=\"author\" content=\"Secretario T\u00e9cnico\" \/>\n<meta name=\"twitter:card\" content=\"summary_large_image\" \/>\n<meta name=\"twitter:label1\" content=\"Written by\" \/>\n\t<meta name=\"twitter:data1\" content=\"Secretario T\u00e9cnico\" \/>\n\t<meta name=\"twitter:label2\" content=\"Est. reading time\" \/>\n\t<meta name=\"twitter:data2\" content=\"3 minutes\" \/>\n<script type=\"application\/ld+json\" class=\"yoast-schema-graph\">{\"@context\":\"https:\/\/schema.org\",\"@graph\":[{\"@type\":\"Article\",\"@id\":\"https:\/\/www.iec2024.ec\/en\/como-aportar-para-sanar-las-heridas-del-mundo\/#article\",\"isPartOf\":{\"@id\":\"https:\/\/www.iec2024.ec\/en\/como-aportar-para-sanar-las-heridas-del-mundo\/\"},\"author\":{\"name\":\"Secretario T\u00e9cnico\",\"@id\":\"https:\/\/www.iec2024.ec\/en\/#\/schema\/person\/7dc46e27a804fe39ba34935ca5284fe2\"},\"headline\":\"\u00bfC\u00f3mo aportar para sanar las heridas del mundo?\",\"datePublished\":\"2023-05-04T22:59:16+00:00\",\"dateModified\":\"2024-05-17T15:00:48+00:00\",\"mainEntityOfPage\":{\"@id\":\"https:\/\/www.iec2024.ec\/en\/como-aportar-para-sanar-las-heridas-del-mundo\/\"},\"wordCount\":634,\"commentCount\":0,\"publisher\":{\"@id\":\"https:\/\/www.iec2024.ec\/en\/#organization\"},\"articleSection\":[\"News\"],\"inLanguage\":\"en-US\",\"potentialAction\":[{\"@type\":\"CommentAction\",\"name\":\"Comment\",\"target\":[\"https:\/\/www.iec2024.ec\/en\/como-aportar-para-sanar-las-heridas-del-mundo\/#respond\"]}]},{\"@type\":\"WebPage\",\"@id\":\"https:\/\/www.iec2024.ec\/en\/como-aportar-para-sanar-las-heridas-del-mundo\/\",\"url\":\"https:\/\/www.iec2024.ec\/en\/como-aportar-para-sanar-las-heridas-del-mundo\/\",\"name\":\"\u00bfC\u00f3mo aportar para sanar las heridas del mundo? - IEC 2024\",\"isPartOf\":{\"@id\":\"https:\/\/www.iec2024.ec\/en\/#website\"},\"datePublished\":\"2023-05-04T22:59:16+00:00\",\"dateModified\":\"2024-05-17T15:00:48+00:00\",\"breadcrumb\":{\"@id\":\"https:\/\/www.iec2024.ec\/en\/como-aportar-para-sanar-las-heridas-del-mundo\/#breadcrumb\"},\"inLanguage\":\"en-US\",\"potentialAction\":[{\"@type\":\"ReadAction\",\"target\":[\"https:\/\/www.iec2024.ec\/en\/como-aportar-para-sanar-las-heridas-del-mundo\/\"]}]},{\"@type\":\"BreadcrumbList\",\"@id\":\"https:\/\/www.iec2024.ec\/en\/como-aportar-para-sanar-las-heridas-del-mundo\/#breadcrumb\",\"itemListElement\":[{\"@type\":\"ListItem\",\"position\":1,\"name\":\"Portada\",\"item\":\"https:\/\/www.iec2024.ec\/en\/\"},{\"@type\":\"ListItem\",\"position\":2,\"name\":\"\u00bfC\u00f3mo aportar para sanar las heridas del mundo?\"}]},{\"@type\":\"WebSite\",\"@id\":\"https:\/\/www.iec2024.ec\/en\/#website\",\"url\":\"https:\/\/www.iec2024.ec\/en\/\",\"name\":\"IEC 2024\",\"description\":\"\",\"publisher\":{\"@id\":\"https:\/\/www.iec2024.ec\/en\/#organization\"},\"potentialAction\":[{\"@type\":\"SearchAction\",\"target\":{\"@type\":\"EntryPoint\",\"urlTemplate\":\"https:\/\/www.iec2024.ec\/en\/?s={search_term_string}\"},\"query-input\":\"required name=search_term_string\"}],\"inLanguage\":\"en-US\"},{\"@type\":\"Organization\",\"@id\":\"https:\/\/www.iec2024.ec\/en\/#organization\",\"name\":\"IEC 2024\",\"url\":\"https:\/\/www.iec2024.ec\/en\/\",\"logo\":{\"@type\":\"ImageObject\",\"inLanguage\":\"en-US\",\"@id\":\"https:\/\/www.iec2024.ec\/en\/#\/schema\/logo\/image\/\",\"url\":\"https:\/\/www.iec2024.ec\/wp-content\/uploads\/2024\/01\/cropped-logo-2024.png\",\"contentUrl\":\"https:\/\/www.iec2024.ec\/wp-content\/uploads\/2024\/01\/cropped-logo-2024.png\",\"width\":1277,\"height\":332,\"caption\":\"IEC 2024\"},\"image\":{\"@id\":\"https:\/\/www.iec2024.ec\/en\/#\/schema\/logo\/image\/\"}},{\"@type\":\"Person\",\"@id\":\"https:\/\/www.iec2024.ec\/en\/#\/schema\/person\/7dc46e27a804fe39ba34935ca5284fe2\",\"name\":\"Secretario T\u00e9cnico\",\"image\":{\"@type\":\"ImageObject\",\"inLanguage\":\"en-US\",\"@id\":\"https:\/\/www.iec2024.ec\/en\/#\/schema\/person\/image\/\",\"url\":\"https:\/\/secure.gravatar.com\/avatar\/67808a21710148ea0645bc85e43e21b6?s=96&d=mm&r=g\",\"contentUrl\":\"https:\/\/secure.gravatar.com\/avatar\/67808a21710148ea0645bc85e43e21b6?s=96&d=mm&r=g\",\"caption\":\"Secretario T\u00e9cnico\"},\"url\":\"https:\/\/www.iec2024.ec\/en\/author\/4dm1ns3cr3t4r10\/\"}]}<\/script>\n<!-- \/ Yoast SEO plugin. -->","yoast_head_json":{"title":"\u00bfC\u00f3mo aportar para sanar las heridas del mundo? - IEC 2024","robots":{"index":"index","follow":"follow","max-snippet":"max-snippet:-1","max-image-preview":"max-image-preview:large","max-video-preview":"max-video-preview:-1"},"canonical":"https:\/\/www.iec2024.ec\/en\/como-aportar-para-sanar-las-heridas-del-mundo\/","og_locale":"en_US","og_type":"article","og_title":"\u00bfC\u00f3mo aportar para sanar las heridas del mundo? - IEC 2024","og_description":"Te invito a leer dos entrevistas exclusivas realizadas por el P. Livingston Olivares, presidente de la Comisi\u00f3n de Comunicaci\u00f3n del IEC 2024, a prop\u00f3sito de su visita a Roma. En esta lectura podr\u00e1s conocer la importancia de la Eucarist\u00eda en la vida de los cat\u00f3licos, y mucho m\u00e1s. El P. Livingston Olivares, presidente de la [&hellip;]","og_url":"https:\/\/www.iec2024.ec\/en\/como-aportar-para-sanar-las-heridas-del-mundo\/","og_site_name":"IEC 2024","article_published_time":"2023-05-04T22:59:16+00:00","article_modified_time":"2024-05-17T15:00:48+00:00","og_image":[{"width":1392,"height":848,"url":"https:\/\/www.iec2024.ec\/wp-content\/uploads\/2023\/08\/WhatsApp-Image-2023-05-04-at-17.58.45-e1683241202100.jpeg","type":"image\/jpeg"}],"author":"Secretario T\u00e9cnico","twitter_card":"summary_large_image","twitter_misc":{"Written by":"Secretario T\u00e9cnico","Est. reading time":"3 minutes"},"schema":{"@context":"https:\/\/schema.org","@graph":[{"@type":"Article","@id":"https:\/\/www.iec2024.ec\/en\/como-aportar-para-sanar-las-heridas-del-mundo\/#article","isPartOf":{"@id":"https:\/\/www.iec2024.ec\/en\/como-aportar-para-sanar-las-heridas-del-mundo\/"},"author":{"name":"Secretario T\u00e9cnico","@id":"https:\/\/www.iec2024.ec\/en\/#\/schema\/person\/7dc46e27a804fe39ba34935ca5284fe2"},"headline":"\u00bfC\u00f3mo aportar para sanar las heridas del mundo?","datePublished":"2023-05-04T22:59:16+00:00","dateModified":"2024-05-17T15:00:48+00:00","mainEntityOfPage":{"@id":"https:\/\/www.iec2024.ec\/en\/como-aportar-para-sanar-las-heridas-del-mundo\/"},"wordCount":634,"commentCount":0,"publisher":{"@id":"https:\/\/www.iec2024.ec\/en\/#organization"},"articleSection":["News"],"inLanguage":"en-US","potentialAction":[{"@type":"CommentAction","name":"Comment","target":["https:\/\/www.iec2024.ec\/en\/como-aportar-para-sanar-las-heridas-del-mundo\/#respond"]}]},{"@type":"WebPage","@id":"https:\/\/www.iec2024.ec\/en\/como-aportar-para-sanar-las-heridas-del-mundo\/","url":"https:\/\/www.iec2024.ec\/en\/como-aportar-para-sanar-las-heridas-del-mundo\/","name":"\u00bfC\u00f3mo aportar para sanar las heridas del mundo? - IEC 2024","isPartOf":{"@id":"https:\/\/www.iec2024.ec\/en\/#website"},"datePublished":"2023-05-04T22:59:16+00:00","dateModified":"2024-05-17T15:00:48+00:00","breadcrumb":{"@id":"https:\/\/www.iec2024.ec\/en\/como-aportar-para-sanar-las-heridas-del-mundo\/#breadcrumb"},"inLanguage":"en-US","potentialAction":[{"@type":"ReadAction","target":["https:\/\/www.iec2024.ec\/en\/como-aportar-para-sanar-las-heridas-del-mundo\/"]}]},{"@type":"BreadcrumbList","@id":"https:\/\/www.iec2024.ec\/en\/como-aportar-para-sanar-las-heridas-del-mundo\/#breadcrumb","itemListElement":[{"@type":"ListItem","position":1,"name":"Portada","item":"https:\/\/www.iec2024.ec\/en\/"},{"@type":"ListItem","position":2,"name":"\u00bfC\u00f3mo aportar para sanar las heridas del mundo?"}]},{"@type":"WebSite","@id":"https:\/\/www.iec2024.ec\/en\/#website","url":"https:\/\/www.iec2024.ec\/en\/","name":"IEC 2024","description":"","publisher":{"@id":"https:\/\/www.iec2024.ec\/en\/#organization"},"potentialAction":[{"@type":"SearchAction","target":{"@type":"EntryPoint","urlTemplate":"https:\/\/www.iec2024.ec\/en\/?s={search_term_string}"},"query-input":"required name=search_term_string"}],"inLanguage":"en-US"},{"@type":"Organization","@id":"https:\/\/www.iec2024.ec\/en\/#organization","name":"IEC 2024","url":"https:\/\/www.iec2024.ec\/en\/","logo":{"@type":"ImageObject","inLanguage":"en-US","@id":"https:\/\/www.iec2024.ec\/en\/#\/schema\/logo\/image\/","url":"https:\/\/www.iec2024.ec\/wp-content\/uploads\/2024\/01\/cropped-logo-2024.png","contentUrl":"https:\/\/www.iec2024.ec\/wp-content\/uploads\/2024\/01\/cropped-logo-2024.png","width":1277,"height":332,"caption":"IEC 2024"},"image":{"@id":"https:\/\/www.iec2024.ec\/en\/#\/schema\/logo\/image\/"}},{"@type":"Person","@id":"https:\/\/www.iec2024.ec\/en\/#\/schema\/person\/7dc46e27a804fe39ba34935ca5284fe2","name":"Secretario T\u00e9cnico","image":{"@type":"ImageObject","inLanguage":"en-US","@id":"https:\/\/www.iec2024.ec\/en\/#\/schema\/person\/image\/","url":"https:\/\/secure.gravatar.com\/avatar\/67808a21710148ea0645bc85e43e21b6?s=96&d=mm&r=g","contentUrl":"https:\/\/secure.gravatar.com\/avatar\/67808a21710148ea0645bc85e43e21b6?s=96&d=mm&r=g","caption":"Secretario T\u00e9cnico"},"url":"https:\/\/www.iec2024.ec\/en\/author\/4dm1ns3cr3t4r10\/"}]}},"_links":{"self":[{"href":"https:\/\/www.iec2024.ec\/en\/wp-json\/wp\/v2\/posts\/5321"}],"collection":[{"href":"https:\/\/www.iec2024.ec\/en\/wp-json\/wp\/v2\/posts"}],"about":[{"href":"https:\/\/www.iec2024.ec\/en\/wp-json\/wp\/v2\/types\/post"}],"author":[{"embeddable":true,"href":"https:\/\/www.iec2024.ec\/en\/wp-json\/wp\/v2\/users\/2"}],"replies":[{"embeddable":true,"href":"https:\/\/www.iec2024.ec\/en\/wp-json\/wp\/v2\/comments?post=5321"}],"version-history":[{"count":1,"href":"https:\/\/www.iec2024.ec\/en\/wp-json\/wp\/v2\/posts\/5321\/revisions"}],"predecessor-version":[{"id":5731,"href":"https:\/\/www.iec2024.ec\/en\/wp-json\/wp\/v2\/posts\/5321\/revisions\/5731"}],"wp:featuredmedia":[{"embeddable":true,"href":"https:\/\/www.iec2024.ec\/en\/wp-json\/wp\/v2\/media\/4935"}],"wp:attachment":[{"href":"https:\/\/www.iec2024.ec\/en\/wp-json\/wp\/v2\/media?parent=5321"}],"wp:term":[{"taxonomy":"category","embeddable":true,"href":"https:\/\/www.iec2024.ec\/en\/wp-json\/wp\/v2\/categories?post=5321"},{"taxonomy":"post_tag","embeddable":true,"href":"https:\/\/www.iec2024.ec\/en\/wp-json\/wp\/v2\/tags?post=5321"}],"curies":[{"name":"wp","href":"https:\/\/api.w.org\/{rel}","templated":true}]}}