{"id":5331,"date":"2023-04-24T16:52:30","date_gmt":"2023-04-24T21:52:30","guid":{"rendered":"https:\/\/www.iec2024.ec\/ecuador-prepara-logistica-para-el-53-congreso-eucaristico-internacional\/"},"modified":"2024-05-16T15:11:49","modified_gmt":"2024-05-16T20:11:49","slug":"ecuador-prepara-logistica-para-el-53-congreso-eucaristico-internacional","status":"publish","type":"post","link":"https:\/\/www.iec2024.ec\/en\/ecuador-prepara-logistica-para-el-53-congreso-eucaristico-internacional\/","title":{"rendered":"Ecuador prepara log\u00edstica para el 53\u00b0 Congreso Eucar\u00edstico Internacional"},"content":{"rendered":"<p>En el cuarto programa \u201cFraternidad para sanar el mundo\u201d dialogamos con Ver\u00f3nica Sevilla, presidenta de la Comisi\u00f3n Log\u00edstica del IEC 2024, quien comparti\u00f3 valiosa informaci\u00f3n en torno a la organizaci\u00f3n de este gran encuentro eclesial que se llevar\u00e1 a cabo en Quito &#8211; Ecuador del 8 al 15 de septiembre de 2024.<\/p>\n<ul>\n<li>En septiembre de 2023, se realizar\u00e1 una Asamblea Plenaria que convocar\u00e1 a delegados de las Conferencias Episcopales del mundo. En esta reuni\u00f3n que se realizar\u00e1 un a\u00f1o antes del IEC 2024 se socializar\u00e1 el tema, la agenda y m\u00e1s detalles del Congreso.<\/li>\n<li>A partir de septiembre de 2023, se abrir\u00e1 el proceso de inscripci\u00f3n para voluntarios y participantes a trav\u00e9s de la p\u00e1gina web <a href=\"http:\/\/www.iec2024.ec\">iec2024.ec<\/a><strong>.<\/strong><\/li>\n<li>Se inform\u00f3 que, del 5 al 7 de septiembre del 2024, se realizar\u00e1 un Simposio Teol\u00f3gico para profundizar el tema elegido por el Papa Francisco: \u201cFraternidad para sanar el mundo\u201d. El encuentro se desarrollar\u00e1 en la Pontificia Universidad Cat\u00f3lica del Ecuador y reunir\u00e1 a te\u00f3logos, religiosos y laicos del mundo entero.<\/li>\n<li>El IEC 2024 se desarrollar\u00e1 en el Centro de Convenciones Metropolitano de Quito, del 8 al 15 de septiembre de 2024. El primer d\u00eda, durante la misa inaugural 5000 ni\u00f1os y ni\u00f1as realizar\u00e1n su Primera Comuni\u00f3n.<\/li>\n<li>Se dio a conocer que est\u00e1 prevista una procesi\u00f3n eucar\u00edstica en las calles del centro hist\u00f3rico de Quito, que iniciar\u00e1 en la Bas\u00edlica del Voto Nacional y finalizar\u00e1 en la Plaza de San Francisco.<\/li>\n<li>Existe la colaboraci\u00f3n del gobierno nacional y seccional para la organizaci\u00f3n, estrategia de log\u00edstica y seguridad\u00a0del Congreso, que acoger\u00e1 a p\u00fablico nacional e internacional.<\/li>\n<\/ul>\n<p>Ver\u00f3nica Sevilla, presidenta de la Comisi\u00f3n de Log\u00edstica del IEC 2024, indic\u00f3 que, si se confirma la llegada del Papa Francisco para la misa de clausura, se tomar\u00e1n las medidas necesarias \u201ccontamos con la experiencia de la visita del Santo Padre en 2015\u201d, expres\u00f3. \u00a0Adem\u00e1s, se\u00f1al\u00f3 que este evento ser\u00e1 muy importante para el Ecuador, pues desde el punto de vista eclesial y tur\u00edstico.<\/p>\n<p>Recuerda que puedes escucharnos a nivel pa\u00eds, cada jueves, a las 09h00, y a trav\u00e9s de nuestra p\u00e1gina web oficial\u00a0 <a href=\"https:\/\/www.iec2024.ec\/en\/\">https:\/\/www.iec2024.ec\/<\/a>, donde tambi\u00e9n encontrar\u00e1s m\u00e1s noticias de este gran encuentro eclesial. Gracias por ser parte de \u201cFraternidad para sanar el mundo\u201d.<\/p>\n","protected":false},"excerpt":{"rendered":"<p>En el cuarto programa \u201cFraternidad para sanar el mundo\u201d dialogamos con Ver\u00f3nica Sevilla, presidenta de la Comisi\u00f3n Log\u00edstica del IEC 2024, quien comparti\u00f3 valiosa informaci\u00f3n en torno a la organizaci\u00f3n de este gran encuentro eclesial que se llevar\u00e1 a cabo en Quito &#8211; Ecuador del 8 al 15 de septiembre de 2024. En septiembre de [&hellip;]<\/p>\n","protected":false},"author":2,"featured_media":4917,"comment_status":"open","ping_status":"open","sticky":false,"template":"","format":"standard","meta":{"footnotes":""},"categories":[33],"tags":[],"acf":[],"yoast_head":"<!-- This site is optimized with the Yoast SEO plugin v21.1 - https:\/\/yoast.com\/wordpress\/plugins\/seo\/ -->\n<title>Ecuador prepara log\u00edstica para el 53\u00b0 Congreso Eucar\u00edstico Internacional - IEC 2024<\/title>\n<meta name=\"robots\" content=\"index, follow, max-snippet:-1, max-image-preview:large, max-video-preview:-1\" \/>\n<link rel=\"canonical\" href=\"https:\/\/www.iec2024.ec\/en\/ecuador-prepara-logistica-para-el-53-congreso-eucaristico-internacional\/\" \/>\n<meta property=\"og:locale\" content=\"en_US\" \/>\n<meta property=\"og:type\" content=\"article\" \/>\n<meta property=\"og:title\" content=\"Ecuador prepara log\u00edstica para el 53\u00b0 Congreso Eucar\u00edstico Internacional - IEC 2024\" \/>\n<meta property=\"og:description\" content=\"En el cuarto programa \u201cFraternidad para sanar el mundo\u201d dialogamos con Ver\u00f3nica Sevilla, presidenta de la Comisi\u00f3n Log\u00edstica del IEC 2024, quien comparti\u00f3 valiosa informaci\u00f3n en torno a la organizaci\u00f3n de este gran encuentro eclesial que se llevar\u00e1 a cabo en Quito &#8211; Ecuador del 8 al 15 de septiembre de 2024. En septiembre de [&hellip;]\" \/>\n<meta property=\"og:url\" content=\"https:\/\/www.iec2024.ec\/en\/ecuador-prepara-logistica-para-el-53-congreso-eucaristico-internacional\/\" \/>\n<meta property=\"og:site_name\" content=\"IEC 2024\" \/>\n<meta property=\"article:published_time\" content=\"2023-04-24T21:52:30+00:00\" \/>\n<meta property=\"article:modified_time\" content=\"2024-05-16T20:11:49+00:00\" \/>\n<meta property=\"og:image\" content=\"https:\/\/www.iec2024.ec\/wp-content\/uploads\/2023\/08\/IMG_8048-scaled-e1682452343652.jpg\" \/>\n\t<meta property=\"og:image:width\" content=\"2560\" \/>\n\t<meta property=\"og:image:height\" content=\"1452\" \/>\n\t<meta property=\"og:image:type\" content=\"image\/jpeg\" \/>\n<meta name=\"author\" content=\"Secretario T\u00e9cnico\" \/>\n<meta name=\"twitter:card\" content=\"summary_large_image\" \/>\n<meta name=\"twitter:label1\" content=\"Written by\" \/>\n\t<meta name=\"twitter:data1\" content=\"Secretario T\u00e9cnico\" \/>\n\t<meta name=\"twitter:label2\" content=\"Est. reading time\" \/>\n\t<meta name=\"twitter:data2\" content=\"2 minutes\" \/>\n<script type=\"application\/ld+json\" class=\"yoast-schema-graph\">{\"@context\":\"https:\/\/schema.org\",\"@graph\":[{\"@type\":\"Article\",\"@id\":\"https:\/\/www.iec2024.ec\/en\/ecuador-prepara-logistica-para-el-53-congreso-eucaristico-internacional\/#article\",\"isPartOf\":{\"@id\":\"https:\/\/www.iec2024.ec\/en\/ecuador-prepara-logistica-para-el-53-congreso-eucaristico-internacional\/\"},\"author\":{\"name\":\"Secretario T\u00e9cnico\",\"@id\":\"https:\/\/www.iec2024.ec\/en\/#\/schema\/person\/7dc46e27a804fe39ba34935ca5284fe2\"},\"headline\":\"Ecuador prepara log\u00edstica para el 53\u00b0 Congreso Eucar\u00edstico Internacional\",\"datePublished\":\"2023-04-24T21:52:30+00:00\",\"dateModified\":\"2024-05-16T20:11:49+00:00\",\"mainEntityOfPage\":{\"@id\":\"https:\/\/www.iec2024.ec\/en\/ecuador-prepara-logistica-para-el-53-congreso-eucaristico-internacional\/\"},\"wordCount\":405,\"commentCount\":0,\"publisher\":{\"@id\":\"https:\/\/www.iec2024.ec\/en\/#organization\"},\"articleSection\":[\"News\"],\"inLanguage\":\"en-US\",\"potentialAction\":[{\"@type\":\"CommentAction\",\"name\":\"Comment\",\"target\":[\"https:\/\/www.iec2024.ec\/en\/ecuador-prepara-logistica-para-el-53-congreso-eucaristico-internacional\/#respond\"]}]},{\"@type\":\"WebPage\",\"@id\":\"https:\/\/www.iec2024.ec\/en\/ecuador-prepara-logistica-para-el-53-congreso-eucaristico-internacional\/\",\"url\":\"https:\/\/www.iec2024.ec\/en\/ecuador-prepara-logistica-para-el-53-congreso-eucaristico-internacional\/\",\"name\":\"Ecuador prepara log\u00edstica para el 53\u00b0 Congreso Eucar\u00edstico Internacional - IEC 2024\",\"isPartOf\":{\"@id\":\"https:\/\/www.iec2024.ec\/en\/#website\"},\"datePublished\":\"2023-04-24T21:52:30+00:00\",\"dateModified\":\"2024-05-16T20:11:49+00:00\",\"breadcrumb\":{\"@id\":\"https:\/\/www.iec2024.ec\/en\/ecuador-prepara-logistica-para-el-53-congreso-eucaristico-internacional\/#breadcrumb\"},\"inLanguage\":\"en-US\",\"potentialAction\":[{\"@type\":\"ReadAction\",\"target\":[\"https:\/\/www.iec2024.ec\/en\/ecuador-prepara-logistica-para-el-53-congreso-eucaristico-internacional\/\"]}]},{\"@type\":\"BreadcrumbList\",\"@id\":\"https:\/\/www.iec2024.ec\/en\/ecuador-prepara-logistica-para-el-53-congreso-eucaristico-internacional\/#breadcrumb\",\"itemListElement\":[{\"@type\":\"ListItem\",\"position\":1,\"name\":\"Portada\",\"item\":\"https:\/\/www.iec2024.ec\/en\/\"},{\"@type\":\"ListItem\",\"position\":2,\"name\":\"Ecuador prepara log\u00edstica para el 53\u00b0 Congreso Eucar\u00edstico Internacional\"}]},{\"@type\":\"WebSite\",\"@id\":\"https:\/\/www.iec2024.ec\/en\/#website\",\"url\":\"https:\/\/www.iec2024.ec\/en\/\",\"name\":\"IEC 2024\",\"description\":\"\",\"publisher\":{\"@id\":\"https:\/\/www.iec2024.ec\/en\/#organization\"},\"potentialAction\":[{\"@type\":\"SearchAction\",\"target\":{\"@type\":\"EntryPoint\",\"urlTemplate\":\"https:\/\/www.iec2024.ec\/en\/?s={search_term_string}\"},\"query-input\":\"required name=search_term_string\"}],\"inLanguage\":\"en-US\"},{\"@type\":\"Organization\",\"@id\":\"https:\/\/www.iec2024.ec\/en\/#organization\",\"name\":\"IEC 2024\",\"url\":\"https:\/\/www.iec2024.ec\/en\/\",\"logo\":{\"@type\":\"ImageObject\",\"inLanguage\":\"en-US\",\"@id\":\"https:\/\/www.iec2024.ec\/en\/#\/schema\/logo\/image\/\",\"url\":\"https:\/\/www.iec2024.ec\/wp-content\/uploads\/2024\/01\/cropped-logo-2024.png\",\"contentUrl\":\"https:\/\/www.iec2024.ec\/wp-content\/uploads\/2024\/01\/cropped-logo-2024.png\",\"width\":1277,\"height\":332,\"caption\":\"IEC 2024\"},\"image\":{\"@id\":\"https:\/\/www.iec2024.ec\/en\/#\/schema\/logo\/image\/\"}},{\"@type\":\"Person\",\"@id\":\"https:\/\/www.iec2024.ec\/en\/#\/schema\/person\/7dc46e27a804fe39ba34935ca5284fe2\",\"name\":\"Secretario T\u00e9cnico\",\"image\":{\"@type\":\"ImageObject\",\"inLanguage\":\"en-US\",\"@id\":\"https:\/\/www.iec2024.ec\/en\/#\/schema\/person\/image\/\",\"url\":\"https:\/\/secure.gravatar.com\/avatar\/67808a21710148ea0645bc85e43e21b6?s=96&d=mm&r=g\",\"contentUrl\":\"https:\/\/secure.gravatar.com\/avatar\/67808a21710148ea0645bc85e43e21b6?s=96&d=mm&r=g\",\"caption\":\"Secretario T\u00e9cnico\"},\"url\":\"https:\/\/www.iec2024.ec\/en\/author\/4dm1ns3cr3t4r10\/\"}]}<\/script>\n<!-- \/ Yoast SEO plugin. -->","yoast_head_json":{"title":"Ecuador prepara log\u00edstica para el 53\u00b0 Congreso Eucar\u00edstico Internacional - IEC 2024","robots":{"index":"index","follow":"follow","max-snippet":"max-snippet:-1","max-image-preview":"max-image-preview:large","max-video-preview":"max-video-preview:-1"},"canonical":"https:\/\/www.iec2024.ec\/en\/ecuador-prepara-logistica-para-el-53-congreso-eucaristico-internacional\/","og_locale":"en_US","og_type":"article","og_title":"Ecuador prepara log\u00edstica para el 53\u00b0 Congreso Eucar\u00edstico Internacional - IEC 2024","og_description":"En el cuarto programa \u201cFraternidad para sanar el mundo\u201d dialogamos con Ver\u00f3nica Sevilla, presidenta de la Comisi\u00f3n Log\u00edstica del IEC 2024, quien comparti\u00f3 valiosa informaci\u00f3n en torno a la organizaci\u00f3n de este gran encuentro eclesial que se llevar\u00e1 a cabo en Quito &#8211; Ecuador del 8 al 15 de septiembre de 2024. En septiembre de [&hellip;]","og_url":"https:\/\/www.iec2024.ec\/en\/ecuador-prepara-logistica-para-el-53-congreso-eucaristico-internacional\/","og_site_name":"IEC 2024","article_published_time":"2023-04-24T21:52:30+00:00","article_modified_time":"2024-05-16T20:11:49+00:00","og_image":[{"width":2560,"height":1452,"url":"https:\/\/www.iec2024.ec\/wp-content\/uploads\/2023\/08\/IMG_8048-scaled-e1682452343652.jpg","type":"image\/jpeg"}],"author":"Secretario T\u00e9cnico","twitter_card":"summary_large_image","twitter_misc":{"Written by":"Secretario T\u00e9cnico","Est. reading time":"2 minutes"},"schema":{"@context":"https:\/\/schema.org","@graph":[{"@type":"Article","@id":"https:\/\/www.iec2024.ec\/en\/ecuador-prepara-logistica-para-el-53-congreso-eucaristico-internacional\/#article","isPartOf":{"@id":"https:\/\/www.iec2024.ec\/en\/ecuador-prepara-logistica-para-el-53-congreso-eucaristico-internacional\/"},"author":{"name":"Secretario T\u00e9cnico","@id":"https:\/\/www.iec2024.ec\/en\/#\/schema\/person\/7dc46e27a804fe39ba34935ca5284fe2"},"headline":"Ecuador prepara log\u00edstica para el 53\u00b0 Congreso Eucar\u00edstico Internacional","datePublished":"2023-04-24T21:52:30+00:00","dateModified":"2024-05-16T20:11:49+00:00","mainEntityOfPage":{"@id":"https:\/\/www.iec2024.ec\/en\/ecuador-prepara-logistica-para-el-53-congreso-eucaristico-internacional\/"},"wordCount":405,"commentCount":0,"publisher":{"@id":"https:\/\/www.iec2024.ec\/en\/#organization"},"articleSection":["News"],"inLanguage":"en-US","potentialAction":[{"@type":"CommentAction","name":"Comment","target":["https:\/\/www.iec2024.ec\/en\/ecuador-prepara-logistica-para-el-53-congreso-eucaristico-internacional\/#respond"]}]},{"@type":"WebPage","@id":"https:\/\/www.iec2024.ec\/en\/ecuador-prepara-logistica-para-el-53-congreso-eucaristico-internacional\/","url":"https:\/\/www.iec2024.ec\/en\/ecuador-prepara-logistica-para-el-53-congreso-eucaristico-internacional\/","name":"Ecuador prepara log\u00edstica para el 53\u00b0 Congreso Eucar\u00edstico Internacional - IEC 2024","isPartOf":{"@id":"https:\/\/www.iec2024.ec\/en\/#website"},"datePublished":"2023-04-24T21:52:30+00:00","dateModified":"2024-05-16T20:11:49+00:00","breadcrumb":{"@id":"https:\/\/www.iec2024.ec\/en\/ecuador-prepara-logistica-para-el-53-congreso-eucaristico-internacional\/#breadcrumb"},"inLanguage":"en-US","potentialAction":[{"@type":"ReadAction","target":["https:\/\/www.iec2024.ec\/en\/ecuador-prepara-logistica-para-el-53-congreso-eucaristico-internacional\/"]}]},{"@type":"BreadcrumbList","@id":"https:\/\/www.iec2024.ec\/en\/ecuador-prepara-logistica-para-el-53-congreso-eucaristico-internacional\/#breadcrumb","itemListElement":[{"@type":"ListItem","position":1,"name":"Portada","item":"https:\/\/www.iec2024.ec\/en\/"},{"@type":"ListItem","position":2,"name":"Ecuador prepara log\u00edstica para el 53\u00b0 Congreso Eucar\u00edstico Internacional"}]},{"@type":"WebSite","@id":"https:\/\/www.iec2024.ec\/en\/#website","url":"https:\/\/www.iec2024.ec\/en\/","name":"IEC 2024","description":"","publisher":{"@id":"https:\/\/www.iec2024.ec\/en\/#organization"},"potentialAction":[{"@type":"SearchAction","target":{"@type":"EntryPoint","urlTemplate":"https:\/\/www.iec2024.ec\/en\/?s={search_term_string}"},"query-input":"required name=search_term_string"}],"inLanguage":"en-US"},{"@type":"Organization","@id":"https:\/\/www.iec2024.ec\/en\/#organization","name":"IEC 2024","url":"https:\/\/www.iec2024.ec\/en\/","logo":{"@type":"ImageObject","inLanguage":"en-US","@id":"https:\/\/www.iec2024.ec\/en\/#\/schema\/logo\/image\/","url":"https:\/\/www.iec2024.ec\/wp-content\/uploads\/2024\/01\/cropped-logo-2024.png","contentUrl":"https:\/\/www.iec2024.ec\/wp-content\/uploads\/2024\/01\/cropped-logo-2024.png","width":1277,"height":332,"caption":"IEC 2024"},"image":{"@id":"https:\/\/www.iec2024.ec\/en\/#\/schema\/logo\/image\/"}},{"@type":"Person","@id":"https:\/\/www.iec2024.ec\/en\/#\/schema\/person\/7dc46e27a804fe39ba34935ca5284fe2","name":"Secretario T\u00e9cnico","image":{"@type":"ImageObject","inLanguage":"en-US","@id":"https:\/\/www.iec2024.ec\/en\/#\/schema\/person\/image\/","url":"https:\/\/secure.gravatar.com\/avatar\/67808a21710148ea0645bc85e43e21b6?s=96&d=mm&r=g","contentUrl":"https:\/\/secure.gravatar.com\/avatar\/67808a21710148ea0645bc85e43e21b6?s=96&d=mm&r=g","caption":"Secretario T\u00e9cnico"},"url":"https:\/\/www.iec2024.ec\/en\/author\/4dm1ns3cr3t4r10\/"}]}},"_links":{"self":[{"href":"https:\/\/www.iec2024.ec\/en\/wp-json\/wp\/v2\/posts\/5331"}],"collection":[{"href":"https:\/\/www.iec2024.ec\/en\/wp-json\/wp\/v2\/posts"}],"about":[{"href":"https:\/\/www.iec2024.ec\/en\/wp-json\/wp\/v2\/types\/post"}],"author":[{"embeddable":true,"href":"https:\/\/www.iec2024.ec\/en\/wp-json\/wp\/v2\/users\/2"}],"replies":[{"embeddable":true,"href":"https:\/\/www.iec2024.ec\/en\/wp-json\/wp\/v2\/comments?post=5331"}],"version-history":[{"count":1,"href":"https:\/\/www.iec2024.ec\/en\/wp-json\/wp\/v2\/posts\/5331\/revisions"}],"predecessor-version":[{"id":5741,"href":"https:\/\/www.iec2024.ec\/en\/wp-json\/wp\/v2\/posts\/5331\/revisions\/5741"}],"wp:featuredmedia":[{"embeddable":true,"href":"https:\/\/www.iec2024.ec\/en\/wp-json\/wp\/v2\/media\/4917"}],"wp:attachment":[{"href":"https:\/\/www.iec2024.ec\/en\/wp-json\/wp\/v2\/media?parent=5331"}],"wp:term":[{"taxonomy":"category","embeddable":true,"href":"https:\/\/www.iec2024.ec\/en\/wp-json\/wp\/v2\/categories?post=5331"},{"taxonomy":"post_tag","embeddable":true,"href":"https:\/\/www.iec2024.ec\/en\/wp-json\/wp\/v2\/tags?post=5331"}],"curies":[{"name":"wp","href":"https:\/\/api.w.org\/{rel}","templated":true}]}}