{"id":5333,"date":"2023-04-17T15:44:38","date_gmt":"2023-04-17T20:44:38","guid":{"rendered":"https:\/\/www.iec2024.ec\/en-tiempos-dificiles-el-papa-francisco-propone-que-la-fraternidad-contribuira-para-sanar-al-mundo\/"},"modified":"2024-05-16T14:59:17","modified_gmt":"2024-05-16T19:59:17","slug":"en-tiempos-dificiles-el-papa-francisco-propone-que-la-fraternidad-contribuira-para-sanar-al-mundo","status":"publish","type":"post","link":"https:\/\/www.iec2024.ec\/en\/en-tiempos-dificiles-el-papa-francisco-propone-que-la-fraternidad-contribuira-para-sanar-al-mundo\/","title":{"rendered":"En tiempos dif\u00edciles, el Papa Francisco propone que la Fraternidad contribuir\u00e1 para sanar al mundo."},"content":{"rendered":"<p><span style=\"font-weight: 400;\">Este lunes, 17 de abril, el P. Corrado Maggioni, smm, presidente del Comit\u00e9 Pontificio para los Congresos Eucar\u00edsticos Internacionales, en entrevista en Gamatv, se refiri\u00f3 a la preparaci\u00f3n del pr\u00f3ximo Congreso Eucar\u00edstico Internacional (IEC 2024), que se realizar\u00e1 del 8 al 15 de septiembre del 2024 en la ciudad de Quito.\u00a0\u00a0<\/span><\/p>\n<p><span style=\"font-weight: 400;\">Al referirse a este gran evento eclesial que reunir\u00e1 a miles de fieles cat\u00f3licos de varios pa\u00edses, el P. Maggioni manifest\u00f3 que la Eucarist\u00eda, es una celebraci\u00f3n de la Iglesia Cat\u00f3lica en la cual Cristo se hace presente. \u201cEl evento del Congreso Eucar\u00edstico Internacional tiene la intenci\u00f3n de convocar alrededor del Misterio Eucar\u00edstico a todos los creyentes que viven en varios pa\u00edses\u201d.<\/span><\/p>\n<p><span style=\"font-weight: 400;\">Sobre los preparativos del evento, el delegado del Vaticano afirm\u00f3 que el peso m\u00e1s grande est\u00e1 en la Iglesia Cat\u00f3lica del Ecuador, la Conferencia Episcopal Ecuatoriana, y de las distintas comisiones\u00a0 log\u00edstica, lit\u00fargica, comunicaci\u00f3n, entre otras,\u00a0 para dar lo mejor de s\u00ed y contribuir en la organizaci\u00f3n del Congreso.<\/span><\/p>\n<p><span style=\"font-weight: 400;\">En este sentido, tambi\u00e9n se refiri\u00f3 a la Asamblea Plenaria prevista para el 11 al 15 de septiembre del 2023 en Quito, donde se espera la asistencia de autoridades eclesiales de distintos pa\u00edses de todo el mundo. Indic\u00f3 que la organizaci\u00f3n comprende varios momentos y procesos, por lo que en el mes de septiembre pr\u00f3ximo \u201cser\u00e1 (un trabajo) m\u00e1s intenso\u201d.<\/span><\/p>\n<p><span style=\"font-weight: 400;\">Al preguntarle sobre la salud del Papa Francisco, quien hace unas semanas present\u00f3 algunos problemas de salud, el P. Maggioni, inform\u00f3 que se encuentra bien por lo que pudo celebrar la Pascua en Roma. \u201cLas actividades del Papa fueron normales, entonces, est\u00e1 bien\u201d, indic\u00f3.<\/span><\/p>\n<p><span style=\"font-weight: 400;\">Si bien a\u00fan no se ha confirmado oficialmente la asistencia del Santo Padre para este encuentro, el P. Maggioni afirm\u00f3 que se espera que se encuentre presente para la misa de clausura del IEC 2024.\u00a0<\/span><\/p>\n<p><span style=\"font-weight: 400;\">Antes de finalizar, el P. Maggioni record\u00f3 la afirmaci\u00f3n que hizo el Papa Francisco en el contexto de la pandemia de COVID-19 donde se\u00f1al\u00f3 que \u201cno podemos salvarnos solos\u201d. Afirm\u00f3 que es un criterio que vale en todas las situaciones que atraviesa cada pa\u00eds (dividido por conflictos, desigualdades y problemas sociales).\u00a0<\/span><\/p>\n<p><span style=\"font-weight: 400;\">Es por ello, que el Santo Padre escogi\u00f3 el tema \u201cFraternidad para sanar el mundo\u201d para este pr\u00f3ximo Congreso, puesto que \u201cnadie de nosotros vino a salvarse solo, Cristo vino para darnos una mano, Cristo nos salva y nos involucra a cada uno de nosotros en esta sanaci\u00f3n del coraz\u00f3n\u201d.<\/span><\/p>\n","protected":false},"excerpt":{"rendered":"<p>Este lunes, 17 de abril, el P. Corrado Maggioni, smm, presidente del Comit\u00e9 Pontificio para los Congresos Eucar\u00edsticos Internacionales, en entrevista en Gamatv, se refiri\u00f3 a la preparaci\u00f3n del pr\u00f3ximo Congreso Eucar\u00edstico Internacional (IEC 2024), que se realizar\u00e1 del 8 al 15 de septiembre del 2024 en la ciudad de Quito.\u00a0\u00a0 Al referirse a este [&hellip;]<\/p>\n","protected":false},"author":2,"featured_media":4907,"comment_status":"open","ping_status":"open","sticky":false,"template":"","format":"standard","meta":{"footnotes":""},"categories":[33],"tags":[],"acf":[],"yoast_head":"<!-- This site is optimized with the Yoast SEO plugin v21.1 - https:\/\/yoast.com\/wordpress\/plugins\/seo\/ -->\n<title>En tiempos dif\u00edciles, el Papa Francisco propone que la Fraternidad contribuir\u00e1 para sanar al mundo. - IEC 2024<\/title>\n<meta name=\"robots\" content=\"index, follow, max-snippet:-1, max-image-preview:large, max-video-preview:-1\" \/>\n<link rel=\"canonical\" href=\"https:\/\/www.iec2024.ec\/en\/en-tiempos-dificiles-el-papa-francisco-propone-que-la-fraternidad-contribuira-para-sanar-al-mundo\/\" \/>\n<meta property=\"og:locale\" content=\"en_US\" \/>\n<meta property=\"og:type\" content=\"article\" \/>\n<meta property=\"og:title\" content=\"En tiempos dif\u00edciles, el Papa Francisco propone que la Fraternidad contribuir\u00e1 para sanar al mundo. - IEC 2024\" \/>\n<meta property=\"og:description\" content=\"Este lunes, 17 de abril, el P. Corrado Maggioni, smm, presidente del Comit\u00e9 Pontificio para los Congresos Eucar\u00edsticos Internacionales, en entrevista en Gamatv, se refiri\u00f3 a la preparaci\u00f3n del pr\u00f3ximo Congreso Eucar\u00edstico Internacional (IEC 2024), que se realizar\u00e1 del 8 al 15 de septiembre del 2024 en la ciudad de Quito.\u00a0\u00a0 Al referirse a este [&hellip;]\" \/>\n<meta property=\"og:url\" content=\"https:\/\/www.iec2024.ec\/en\/en-tiempos-dificiles-el-papa-francisco-propone-que-la-fraternidad-contribuira-para-sanar-al-mundo\/\" \/>\n<meta property=\"og:site_name\" content=\"IEC 2024\" \/>\n<meta property=\"article:published_time\" content=\"2023-04-17T20:44:38+00:00\" \/>\n<meta property=\"article:modified_time\" content=\"2024-05-16T19:59:17+00:00\" \/>\n<meta property=\"og:image\" content=\"https:\/\/www.iec2024.ec\/wp-content\/uploads\/2023\/08\/IMG_7406-scaled-e1681764529664.jpg\" \/>\n\t<meta property=\"og:image:width\" content=\"2560\" \/>\n\t<meta property=\"og:image:height\" content=\"1171\" \/>\n\t<meta property=\"og:image:type\" content=\"image\/jpeg\" \/>\n<meta name=\"author\" content=\"Secretario T\u00e9cnico\" \/>\n<meta name=\"twitter:card\" content=\"summary_large_image\" \/>\n<meta name=\"twitter:label1\" content=\"Written by\" \/>\n\t<meta name=\"twitter:data1\" content=\"Secretario T\u00e9cnico\" \/>\n\t<meta name=\"twitter:label2\" content=\"Est. reading time\" \/>\n\t<meta name=\"twitter:data2\" content=\"2 minutes\" \/>\n<script type=\"application\/ld+json\" class=\"yoast-schema-graph\">{\"@context\":\"https:\/\/schema.org\",\"@graph\":[{\"@type\":\"Article\",\"@id\":\"https:\/\/www.iec2024.ec\/en\/en-tiempos-dificiles-el-papa-francisco-propone-que-la-fraternidad-contribuira-para-sanar-al-mundo\/#article\",\"isPartOf\":{\"@id\":\"https:\/\/www.iec2024.ec\/en\/en-tiempos-dificiles-el-papa-francisco-propone-que-la-fraternidad-contribuira-para-sanar-al-mundo\/\"},\"author\":{\"name\":\"Secretario T\u00e9cnico\",\"@id\":\"https:\/\/www.iec2024.ec\/en\/#\/schema\/person\/7dc46e27a804fe39ba34935ca5284fe2\"},\"headline\":\"En tiempos dif\u00edciles, el Papa Francisco propone que la Fraternidad contribuir\u00e1 para sanar al mundo.\",\"datePublished\":\"2023-04-17T20:44:38+00:00\",\"dateModified\":\"2024-05-16T19:59:17+00:00\",\"mainEntityOfPage\":{\"@id\":\"https:\/\/www.iec2024.ec\/en\/en-tiempos-dificiles-el-papa-francisco-propone-que-la-fraternidad-contribuira-para-sanar-al-mundo\/\"},\"wordCount\":440,\"commentCount\":0,\"publisher\":{\"@id\":\"https:\/\/www.iec2024.ec\/en\/#organization\"},\"articleSection\":[\"News\"],\"inLanguage\":\"en-US\",\"potentialAction\":[{\"@type\":\"CommentAction\",\"name\":\"Comment\",\"target\":[\"https:\/\/www.iec2024.ec\/en\/en-tiempos-dificiles-el-papa-francisco-propone-que-la-fraternidad-contribuira-para-sanar-al-mundo\/#respond\"]}]},{\"@type\":\"WebPage\",\"@id\":\"https:\/\/www.iec2024.ec\/en\/en-tiempos-dificiles-el-papa-francisco-propone-que-la-fraternidad-contribuira-para-sanar-al-mundo\/\",\"url\":\"https:\/\/www.iec2024.ec\/en\/en-tiempos-dificiles-el-papa-francisco-propone-que-la-fraternidad-contribuira-para-sanar-al-mundo\/\",\"name\":\"En tiempos dif\u00edciles, el Papa Francisco propone que la Fraternidad contribuir\u00e1 para sanar al mundo. - IEC 2024\",\"isPartOf\":{\"@id\":\"https:\/\/www.iec2024.ec\/en\/#website\"},\"datePublished\":\"2023-04-17T20:44:38+00:00\",\"dateModified\":\"2024-05-16T19:59:17+00:00\",\"breadcrumb\":{\"@id\":\"https:\/\/www.iec2024.ec\/en\/en-tiempos-dificiles-el-papa-francisco-propone-que-la-fraternidad-contribuira-para-sanar-al-mundo\/#breadcrumb\"},\"inLanguage\":\"en-US\",\"potentialAction\":[{\"@type\":\"ReadAction\",\"target\":[\"https:\/\/www.iec2024.ec\/en\/en-tiempos-dificiles-el-papa-francisco-propone-que-la-fraternidad-contribuira-para-sanar-al-mundo\/\"]}]},{\"@type\":\"BreadcrumbList\",\"@id\":\"https:\/\/www.iec2024.ec\/en\/en-tiempos-dificiles-el-papa-francisco-propone-que-la-fraternidad-contribuira-para-sanar-al-mundo\/#breadcrumb\",\"itemListElement\":[{\"@type\":\"ListItem\",\"position\":1,\"name\":\"Portada\",\"item\":\"https:\/\/www.iec2024.ec\/en\/\"},{\"@type\":\"ListItem\",\"position\":2,\"name\":\"En tiempos dif\u00edciles, el Papa Francisco propone que la Fraternidad contribuir\u00e1 para sanar al mundo.\"}]},{\"@type\":\"WebSite\",\"@id\":\"https:\/\/www.iec2024.ec\/en\/#website\",\"url\":\"https:\/\/www.iec2024.ec\/en\/\",\"name\":\"IEC 2024\",\"description\":\"\",\"publisher\":{\"@id\":\"https:\/\/www.iec2024.ec\/en\/#organization\"},\"potentialAction\":[{\"@type\":\"SearchAction\",\"target\":{\"@type\":\"EntryPoint\",\"urlTemplate\":\"https:\/\/www.iec2024.ec\/en\/?s={search_term_string}\"},\"query-input\":\"required name=search_term_string\"}],\"inLanguage\":\"en-US\"},{\"@type\":\"Organization\",\"@id\":\"https:\/\/www.iec2024.ec\/en\/#organization\",\"name\":\"IEC 2024\",\"url\":\"https:\/\/www.iec2024.ec\/en\/\",\"logo\":{\"@type\":\"ImageObject\",\"inLanguage\":\"en-US\",\"@id\":\"https:\/\/www.iec2024.ec\/en\/#\/schema\/logo\/image\/\",\"url\":\"https:\/\/www.iec2024.ec\/wp-content\/uploads\/2024\/01\/cropped-logo-2024.png\",\"contentUrl\":\"https:\/\/www.iec2024.ec\/wp-content\/uploads\/2024\/01\/cropped-logo-2024.png\",\"width\":1277,\"height\":332,\"caption\":\"IEC 2024\"},\"image\":{\"@id\":\"https:\/\/www.iec2024.ec\/en\/#\/schema\/logo\/image\/\"}},{\"@type\":\"Person\",\"@id\":\"https:\/\/www.iec2024.ec\/en\/#\/schema\/person\/7dc46e27a804fe39ba34935ca5284fe2\",\"name\":\"Secretario T\u00e9cnico\",\"image\":{\"@type\":\"ImageObject\",\"inLanguage\":\"en-US\",\"@id\":\"https:\/\/www.iec2024.ec\/en\/#\/schema\/person\/image\/\",\"url\":\"https:\/\/secure.gravatar.com\/avatar\/67808a21710148ea0645bc85e43e21b6?s=96&d=mm&r=g\",\"contentUrl\":\"https:\/\/secure.gravatar.com\/avatar\/67808a21710148ea0645bc85e43e21b6?s=96&d=mm&r=g\",\"caption\":\"Secretario T\u00e9cnico\"},\"url\":\"https:\/\/www.iec2024.ec\/en\/author\/4dm1ns3cr3t4r10\/\"}]}<\/script>\n<!-- \/ Yoast SEO plugin. -->","yoast_head_json":{"title":"En tiempos dif\u00edciles, el Papa Francisco propone que la Fraternidad contribuir\u00e1 para sanar al mundo. - IEC 2024","robots":{"index":"index","follow":"follow","max-snippet":"max-snippet:-1","max-image-preview":"max-image-preview:large","max-video-preview":"max-video-preview:-1"},"canonical":"https:\/\/www.iec2024.ec\/en\/en-tiempos-dificiles-el-papa-francisco-propone-que-la-fraternidad-contribuira-para-sanar-al-mundo\/","og_locale":"en_US","og_type":"article","og_title":"En tiempos dif\u00edciles, el Papa Francisco propone que la Fraternidad contribuir\u00e1 para sanar al mundo. - IEC 2024","og_description":"Este lunes, 17 de abril, el P. Corrado Maggioni, smm, presidente del Comit\u00e9 Pontificio para los Congresos Eucar\u00edsticos Internacionales, en entrevista en Gamatv, se refiri\u00f3 a la preparaci\u00f3n del pr\u00f3ximo Congreso Eucar\u00edstico Internacional (IEC 2024), que se realizar\u00e1 del 8 al 15 de septiembre del 2024 en la ciudad de Quito.\u00a0\u00a0 Al referirse a este [&hellip;]","og_url":"https:\/\/www.iec2024.ec\/en\/en-tiempos-dificiles-el-papa-francisco-propone-que-la-fraternidad-contribuira-para-sanar-al-mundo\/","og_site_name":"IEC 2024","article_published_time":"2023-04-17T20:44:38+00:00","article_modified_time":"2024-05-16T19:59:17+00:00","og_image":[{"width":2560,"height":1171,"url":"https:\/\/www.iec2024.ec\/wp-content\/uploads\/2023\/08\/IMG_7406-scaled-e1681764529664.jpg","type":"image\/jpeg"}],"author":"Secretario T\u00e9cnico","twitter_card":"summary_large_image","twitter_misc":{"Written by":"Secretario T\u00e9cnico","Est. reading time":"2 minutes"},"schema":{"@context":"https:\/\/schema.org","@graph":[{"@type":"Article","@id":"https:\/\/www.iec2024.ec\/en\/en-tiempos-dificiles-el-papa-francisco-propone-que-la-fraternidad-contribuira-para-sanar-al-mundo\/#article","isPartOf":{"@id":"https:\/\/www.iec2024.ec\/en\/en-tiempos-dificiles-el-papa-francisco-propone-que-la-fraternidad-contribuira-para-sanar-al-mundo\/"},"author":{"name":"Secretario T\u00e9cnico","@id":"https:\/\/www.iec2024.ec\/en\/#\/schema\/person\/7dc46e27a804fe39ba34935ca5284fe2"},"headline":"En tiempos dif\u00edciles, el Papa Francisco propone que la Fraternidad contribuir\u00e1 para sanar al mundo.","datePublished":"2023-04-17T20:44:38+00:00","dateModified":"2024-05-16T19:59:17+00:00","mainEntityOfPage":{"@id":"https:\/\/www.iec2024.ec\/en\/en-tiempos-dificiles-el-papa-francisco-propone-que-la-fraternidad-contribuira-para-sanar-al-mundo\/"},"wordCount":440,"commentCount":0,"publisher":{"@id":"https:\/\/www.iec2024.ec\/en\/#organization"},"articleSection":["News"],"inLanguage":"en-US","potentialAction":[{"@type":"CommentAction","name":"Comment","target":["https:\/\/www.iec2024.ec\/en\/en-tiempos-dificiles-el-papa-francisco-propone-que-la-fraternidad-contribuira-para-sanar-al-mundo\/#respond"]}]},{"@type":"WebPage","@id":"https:\/\/www.iec2024.ec\/en\/en-tiempos-dificiles-el-papa-francisco-propone-que-la-fraternidad-contribuira-para-sanar-al-mundo\/","url":"https:\/\/www.iec2024.ec\/en\/en-tiempos-dificiles-el-papa-francisco-propone-que-la-fraternidad-contribuira-para-sanar-al-mundo\/","name":"En tiempos dif\u00edciles, el Papa Francisco propone que la Fraternidad contribuir\u00e1 para sanar al mundo. - IEC 2024","isPartOf":{"@id":"https:\/\/www.iec2024.ec\/en\/#website"},"datePublished":"2023-04-17T20:44:38+00:00","dateModified":"2024-05-16T19:59:17+00:00","breadcrumb":{"@id":"https:\/\/www.iec2024.ec\/en\/en-tiempos-dificiles-el-papa-francisco-propone-que-la-fraternidad-contribuira-para-sanar-al-mundo\/#breadcrumb"},"inLanguage":"en-US","potentialAction":[{"@type":"ReadAction","target":["https:\/\/www.iec2024.ec\/en\/en-tiempos-dificiles-el-papa-francisco-propone-que-la-fraternidad-contribuira-para-sanar-al-mundo\/"]}]},{"@type":"BreadcrumbList","@id":"https:\/\/www.iec2024.ec\/en\/en-tiempos-dificiles-el-papa-francisco-propone-que-la-fraternidad-contribuira-para-sanar-al-mundo\/#breadcrumb","itemListElement":[{"@type":"ListItem","position":1,"name":"Portada","item":"https:\/\/www.iec2024.ec\/en\/"},{"@type":"ListItem","position":2,"name":"En tiempos dif\u00edciles, el Papa Francisco propone que la Fraternidad contribuir\u00e1 para sanar al mundo."}]},{"@type":"WebSite","@id":"https:\/\/www.iec2024.ec\/en\/#website","url":"https:\/\/www.iec2024.ec\/en\/","name":"IEC 2024","description":"","publisher":{"@id":"https:\/\/www.iec2024.ec\/en\/#organization"},"potentialAction":[{"@type":"SearchAction","target":{"@type":"EntryPoint","urlTemplate":"https:\/\/www.iec2024.ec\/en\/?s={search_term_string}"},"query-input":"required name=search_term_string"}],"inLanguage":"en-US"},{"@type":"Organization","@id":"https:\/\/www.iec2024.ec\/en\/#organization","name":"IEC 2024","url":"https:\/\/www.iec2024.ec\/en\/","logo":{"@type":"ImageObject","inLanguage":"en-US","@id":"https:\/\/www.iec2024.ec\/en\/#\/schema\/logo\/image\/","url":"https:\/\/www.iec2024.ec\/wp-content\/uploads\/2024\/01\/cropped-logo-2024.png","contentUrl":"https:\/\/www.iec2024.ec\/wp-content\/uploads\/2024\/01\/cropped-logo-2024.png","width":1277,"height":332,"caption":"IEC 2024"},"image":{"@id":"https:\/\/www.iec2024.ec\/en\/#\/schema\/logo\/image\/"}},{"@type":"Person","@id":"https:\/\/www.iec2024.ec\/en\/#\/schema\/person\/7dc46e27a804fe39ba34935ca5284fe2","name":"Secretario T\u00e9cnico","image":{"@type":"ImageObject","inLanguage":"en-US","@id":"https:\/\/www.iec2024.ec\/en\/#\/schema\/person\/image\/","url":"https:\/\/secure.gravatar.com\/avatar\/67808a21710148ea0645bc85e43e21b6?s=96&d=mm&r=g","contentUrl":"https:\/\/secure.gravatar.com\/avatar\/67808a21710148ea0645bc85e43e21b6?s=96&d=mm&r=g","caption":"Secretario T\u00e9cnico"},"url":"https:\/\/www.iec2024.ec\/en\/author\/4dm1ns3cr3t4r10\/"}]}},"_links":{"self":[{"href":"https:\/\/www.iec2024.ec\/en\/wp-json\/wp\/v2\/posts\/5333"}],"collection":[{"href":"https:\/\/www.iec2024.ec\/en\/wp-json\/wp\/v2\/posts"}],"about":[{"href":"https:\/\/www.iec2024.ec\/en\/wp-json\/wp\/v2\/types\/post"}],"author":[{"embeddable":true,"href":"https:\/\/www.iec2024.ec\/en\/wp-json\/wp\/v2\/users\/2"}],"replies":[{"embeddable":true,"href":"https:\/\/www.iec2024.ec\/en\/wp-json\/wp\/v2\/comments?post=5333"}],"version-history":[{"count":1,"href":"https:\/\/www.iec2024.ec\/en\/wp-json\/wp\/v2\/posts\/5333\/revisions"}],"predecessor-version":[{"id":5743,"href":"https:\/\/www.iec2024.ec\/en\/wp-json\/wp\/v2\/posts\/5333\/revisions\/5743"}],"wp:featuredmedia":[{"embeddable":true,"href":"https:\/\/www.iec2024.ec\/en\/wp-json\/wp\/v2\/media\/4907"}],"wp:attachment":[{"href":"https:\/\/www.iec2024.ec\/en\/wp-json\/wp\/v2\/media?parent=5333"}],"wp:term":[{"taxonomy":"category","embeddable":true,"href":"https:\/\/www.iec2024.ec\/en\/wp-json\/wp\/v2\/categories?post=5333"},{"taxonomy":"post_tag","embeddable":true,"href":"https:\/\/www.iec2024.ec\/en\/wp-json\/wp\/v2\/tags?post=5333"}],"curies":[{"name":"wp","href":"https:\/\/api.w.org\/{rel}","templated":true}]}}