{"id":5347,"date":"2023-03-28T14:34:54","date_gmt":"2023-03-28T19:34:54","guid":{"rendered":"https:\/\/www.iec2024.ec\/manta-recibe-informacion-del-53-congreso-eucaristico-internacional\/"},"modified":"2024-05-16T14:40:48","modified_gmt":"2024-05-16T19:40:48","slug":"manta-recibe-informacion-del-53-congreso-eucaristico-internacional","status":"publish","type":"post","link":"https:\/\/www.iec2024.ec\/en\/manta-recibe-informacion-del-53-congreso-eucaristico-internacional\/","title":{"rendered":"Manta recibe informaci\u00f3n del 53\u00b0 Congreso Eucar\u00edstico Internacional"},"content":{"rendered":"<p>El XVI Encuentro Nacional de Catequistas llevado a cabo en la ciudad de Manta \u2013 Manab\u00ed, del 13 al 17 de marzo de 2023 fue el espacio en el cual se inform\u00f3 sobre los preparativos del \u00b053 Congreso Eucar\u00edstico Internacional previsto realizarse en Quito-Ecuador del 8 al 15 de septiembre de 2024.<br \/>\nEn el evento, al cual asistieron alrededor de mil catequistas provenientes de distintas provincias del pa\u00eds, el P. Juan Carlos Garz\u00f3n, secretario general del #IEC2024 dio a conocer la historia de los Congresos Eucar\u00edsticos y su incidencia en el mundo cat\u00f3lico. Asimismo profundiz\u00f3 el mensaje de fe del Papa Francisco referente al lema del Congreso: \u201cFraternidad para sanar el mundo\u201d. Su presentaci\u00f3n la realiz\u00f3 la ma\u00f1ana del viernes 17 de marzo de 2023.<\/p>\n<p>Por su parte Monse\u00f1or Eduardo Castillo, Arzobispo de Portoviejo en Manab\u00ed, se mostr\u00f3 entusiasmado y presto a formar parte de los preparativos hacia el #IEC2024: \u201cA prepararnos desde ahora y a reservar la fecha\u201d, expres\u00f3.<br \/>\nLos catequistas sumamente motivados se comprometieron a compartir esta grata noticia en sus comunidades y a transmitir el mensaje a cada una de sus jurisdicciones.<\/p>\n","protected":false},"excerpt":{"rendered":"<p>El XVI Encuentro Nacional de Catequistas llevado a cabo en la ciudad de Manta \u2013 Manab\u00ed, del 13 al 17 de marzo de 2023 fue el espacio en el cual se inform\u00f3 sobre los preparativos del \u00b053 Congreso Eucar\u00edstico Internacional previsto realizarse en Quito-Ecuador del 8 al 15 de septiembre de 2024. En el evento, [&hellip;]<\/p>\n","protected":false},"author":2,"featured_media":4887,"comment_status":"open","ping_status":"open","sticky":false,"template":"","format":"standard","meta":{"footnotes":""},"categories":[33],"tags":[],"acf":[],"yoast_head":"<!-- This site is optimized with the Yoast SEO plugin v21.1 - https:\/\/yoast.com\/wordpress\/plugins\/seo\/ -->\n<title>Manta recibe informaci\u00f3n del 53\u00b0 Congreso Eucar\u00edstico Internacional - IEC 2024<\/title>\n<meta name=\"robots\" content=\"index, follow, max-snippet:-1, max-image-preview:large, max-video-preview:-1\" \/>\n<link rel=\"canonical\" href=\"https:\/\/www.iec2024.ec\/en\/manta-recibe-informacion-del-53-congreso-eucaristico-internacional\/\" \/>\n<meta property=\"og:locale\" content=\"en_US\" \/>\n<meta property=\"og:type\" content=\"article\" \/>\n<meta property=\"og:title\" content=\"Manta recibe informaci\u00f3n del 53\u00b0 Congreso Eucar\u00edstico Internacional - IEC 2024\" \/>\n<meta property=\"og:description\" content=\"El XVI Encuentro Nacional de Catequistas llevado a cabo en la ciudad de Manta \u2013 Manab\u00ed, del 13 al 17 de marzo de 2023 fue el espacio en el cual se inform\u00f3 sobre los preparativos del \u00b053 Congreso Eucar\u00edstico Internacional previsto realizarse en Quito-Ecuador del 8 al 15 de septiembre de 2024. En el evento, [&hellip;]\" \/>\n<meta property=\"og:url\" content=\"https:\/\/www.iec2024.ec\/en\/manta-recibe-informacion-del-53-congreso-eucaristico-internacional\/\" \/>\n<meta property=\"og:site_name\" content=\"IEC 2024\" \/>\n<meta property=\"article:published_time\" content=\"2023-03-28T19:34:54+00:00\" \/>\n<meta property=\"article:modified_time\" content=\"2024-05-16T19:40:48+00:00\" \/>\n<meta property=\"og:image\" content=\"https:\/\/www.iec2024.ec\/wp-content\/uploads\/2023\/08\/IMG_1931.CR2_-scaled-2.jpg\" \/>\n\t<meta property=\"og:image:width\" content=\"2560\" \/>\n\t<meta property=\"og:image:height\" content=\"1706\" \/>\n\t<meta property=\"og:image:type\" content=\"image\/jpeg\" \/>\n<meta name=\"author\" content=\"Secretario T\u00e9cnico\" \/>\n<meta name=\"twitter:card\" content=\"summary_large_image\" \/>\n<meta name=\"twitter:label1\" content=\"Written by\" \/>\n\t<meta name=\"twitter:data1\" content=\"Secretario T\u00e9cnico\" \/>\n\t<meta name=\"twitter:label2\" content=\"Est. reading time\" \/>\n\t<meta name=\"twitter:data2\" content=\"1 minute\" \/>\n<script type=\"application\/ld+json\" class=\"yoast-schema-graph\">{\"@context\":\"https:\/\/schema.org\",\"@graph\":[{\"@type\":\"Article\",\"@id\":\"https:\/\/www.iec2024.ec\/en\/manta-recibe-informacion-del-53-congreso-eucaristico-internacional\/#article\",\"isPartOf\":{\"@id\":\"https:\/\/www.iec2024.ec\/en\/manta-recibe-informacion-del-53-congreso-eucaristico-internacional\/\"},\"author\":{\"name\":\"Secretario T\u00e9cnico\",\"@id\":\"https:\/\/www.iec2024.ec\/en\/#\/schema\/person\/7dc46e27a804fe39ba34935ca5284fe2\"},\"headline\":\"Manta recibe informaci\u00f3n del 53\u00b0 Congreso Eucar\u00edstico Internacional\",\"datePublished\":\"2023-03-28T19:34:54+00:00\",\"dateModified\":\"2024-05-16T19:40:48+00:00\",\"mainEntityOfPage\":{\"@id\":\"https:\/\/www.iec2024.ec\/en\/manta-recibe-informacion-del-53-congreso-eucaristico-internacional\/\"},\"wordCount\":192,\"commentCount\":0,\"publisher\":{\"@id\":\"https:\/\/www.iec2024.ec\/en\/#organization\"},\"articleSection\":[\"News\"],\"inLanguage\":\"en-US\",\"potentialAction\":[{\"@type\":\"CommentAction\",\"name\":\"Comment\",\"target\":[\"https:\/\/www.iec2024.ec\/en\/manta-recibe-informacion-del-53-congreso-eucaristico-internacional\/#respond\"]}]},{\"@type\":\"WebPage\",\"@id\":\"https:\/\/www.iec2024.ec\/en\/manta-recibe-informacion-del-53-congreso-eucaristico-internacional\/\",\"url\":\"https:\/\/www.iec2024.ec\/en\/manta-recibe-informacion-del-53-congreso-eucaristico-internacional\/\",\"name\":\"Manta recibe informaci\u00f3n del 53\u00b0 Congreso Eucar\u00edstico Internacional - IEC 2024\",\"isPartOf\":{\"@id\":\"https:\/\/www.iec2024.ec\/en\/#website\"},\"datePublished\":\"2023-03-28T19:34:54+00:00\",\"dateModified\":\"2024-05-16T19:40:48+00:00\",\"breadcrumb\":{\"@id\":\"https:\/\/www.iec2024.ec\/en\/manta-recibe-informacion-del-53-congreso-eucaristico-internacional\/#breadcrumb\"},\"inLanguage\":\"en-US\",\"potentialAction\":[{\"@type\":\"ReadAction\",\"target\":[\"https:\/\/www.iec2024.ec\/en\/manta-recibe-informacion-del-53-congreso-eucaristico-internacional\/\"]}]},{\"@type\":\"BreadcrumbList\",\"@id\":\"https:\/\/www.iec2024.ec\/en\/manta-recibe-informacion-del-53-congreso-eucaristico-internacional\/#breadcrumb\",\"itemListElement\":[{\"@type\":\"ListItem\",\"position\":1,\"name\":\"Portada\",\"item\":\"https:\/\/www.iec2024.ec\/en\/\"},{\"@type\":\"ListItem\",\"position\":2,\"name\":\"Manta recibe informaci\u00f3n del 53\u00b0 Congreso Eucar\u00edstico Internacional\"}]},{\"@type\":\"WebSite\",\"@id\":\"https:\/\/www.iec2024.ec\/en\/#website\",\"url\":\"https:\/\/www.iec2024.ec\/en\/\",\"name\":\"IEC 2024\",\"description\":\"\",\"publisher\":{\"@id\":\"https:\/\/www.iec2024.ec\/en\/#organization\"},\"potentialAction\":[{\"@type\":\"SearchAction\",\"target\":{\"@type\":\"EntryPoint\",\"urlTemplate\":\"https:\/\/www.iec2024.ec\/en\/?s={search_term_string}\"},\"query-input\":\"required name=search_term_string\"}],\"inLanguage\":\"en-US\"},{\"@type\":\"Organization\",\"@id\":\"https:\/\/www.iec2024.ec\/en\/#organization\",\"name\":\"IEC 2024\",\"url\":\"https:\/\/www.iec2024.ec\/en\/\",\"logo\":{\"@type\":\"ImageObject\",\"inLanguage\":\"en-US\",\"@id\":\"https:\/\/www.iec2024.ec\/en\/#\/schema\/logo\/image\/\",\"url\":\"https:\/\/www.iec2024.ec\/wp-content\/uploads\/2024\/01\/cropped-logo-2024.png\",\"contentUrl\":\"https:\/\/www.iec2024.ec\/wp-content\/uploads\/2024\/01\/cropped-logo-2024.png\",\"width\":1277,\"height\":332,\"caption\":\"IEC 2024\"},\"image\":{\"@id\":\"https:\/\/www.iec2024.ec\/en\/#\/schema\/logo\/image\/\"}},{\"@type\":\"Person\",\"@id\":\"https:\/\/www.iec2024.ec\/en\/#\/schema\/person\/7dc46e27a804fe39ba34935ca5284fe2\",\"name\":\"Secretario T\u00e9cnico\",\"image\":{\"@type\":\"ImageObject\",\"inLanguage\":\"en-US\",\"@id\":\"https:\/\/www.iec2024.ec\/en\/#\/schema\/person\/image\/\",\"url\":\"https:\/\/secure.gravatar.com\/avatar\/67808a21710148ea0645bc85e43e21b6?s=96&d=mm&r=g\",\"contentUrl\":\"https:\/\/secure.gravatar.com\/avatar\/67808a21710148ea0645bc85e43e21b6?s=96&d=mm&r=g\",\"caption\":\"Secretario T\u00e9cnico\"},\"url\":\"https:\/\/www.iec2024.ec\/en\/author\/4dm1ns3cr3t4r10\/\"}]}<\/script>\n<!-- \/ Yoast SEO plugin. -->","yoast_head_json":{"title":"Manta recibe informaci\u00f3n del 53\u00b0 Congreso Eucar\u00edstico Internacional - IEC 2024","robots":{"index":"index","follow":"follow","max-snippet":"max-snippet:-1","max-image-preview":"max-image-preview:large","max-video-preview":"max-video-preview:-1"},"canonical":"https:\/\/www.iec2024.ec\/en\/manta-recibe-informacion-del-53-congreso-eucaristico-internacional\/","og_locale":"en_US","og_type":"article","og_title":"Manta recibe informaci\u00f3n del 53\u00b0 Congreso Eucar\u00edstico Internacional - IEC 2024","og_description":"El XVI Encuentro Nacional de Catequistas llevado a cabo en la ciudad de Manta \u2013 Manab\u00ed, del 13 al 17 de marzo de 2023 fue el espacio en el cual se inform\u00f3 sobre los preparativos del \u00b053 Congreso Eucar\u00edstico Internacional previsto realizarse en Quito-Ecuador del 8 al 15 de septiembre de 2024. En el evento, [&hellip;]","og_url":"https:\/\/www.iec2024.ec\/en\/manta-recibe-informacion-del-53-congreso-eucaristico-internacional\/","og_site_name":"IEC 2024","article_published_time":"2023-03-28T19:34:54+00:00","article_modified_time":"2024-05-16T19:40:48+00:00","og_image":[{"width":2560,"height":1706,"url":"https:\/\/www.iec2024.ec\/wp-content\/uploads\/2023\/08\/IMG_1931.CR2_-scaled-2.jpg","type":"image\/jpeg"}],"author":"Secretario T\u00e9cnico","twitter_card":"summary_large_image","twitter_misc":{"Written by":"Secretario T\u00e9cnico","Est. reading time":"1 minute"},"schema":{"@context":"https:\/\/schema.org","@graph":[{"@type":"Article","@id":"https:\/\/www.iec2024.ec\/en\/manta-recibe-informacion-del-53-congreso-eucaristico-internacional\/#article","isPartOf":{"@id":"https:\/\/www.iec2024.ec\/en\/manta-recibe-informacion-del-53-congreso-eucaristico-internacional\/"},"author":{"name":"Secretario T\u00e9cnico","@id":"https:\/\/www.iec2024.ec\/en\/#\/schema\/person\/7dc46e27a804fe39ba34935ca5284fe2"},"headline":"Manta recibe informaci\u00f3n del 53\u00b0 Congreso Eucar\u00edstico Internacional","datePublished":"2023-03-28T19:34:54+00:00","dateModified":"2024-05-16T19:40:48+00:00","mainEntityOfPage":{"@id":"https:\/\/www.iec2024.ec\/en\/manta-recibe-informacion-del-53-congreso-eucaristico-internacional\/"},"wordCount":192,"commentCount":0,"publisher":{"@id":"https:\/\/www.iec2024.ec\/en\/#organization"},"articleSection":["News"],"inLanguage":"en-US","potentialAction":[{"@type":"CommentAction","name":"Comment","target":["https:\/\/www.iec2024.ec\/en\/manta-recibe-informacion-del-53-congreso-eucaristico-internacional\/#respond"]}]},{"@type":"WebPage","@id":"https:\/\/www.iec2024.ec\/en\/manta-recibe-informacion-del-53-congreso-eucaristico-internacional\/","url":"https:\/\/www.iec2024.ec\/en\/manta-recibe-informacion-del-53-congreso-eucaristico-internacional\/","name":"Manta recibe informaci\u00f3n del 53\u00b0 Congreso Eucar\u00edstico Internacional - IEC 2024","isPartOf":{"@id":"https:\/\/www.iec2024.ec\/en\/#website"},"datePublished":"2023-03-28T19:34:54+00:00","dateModified":"2024-05-16T19:40:48+00:00","breadcrumb":{"@id":"https:\/\/www.iec2024.ec\/en\/manta-recibe-informacion-del-53-congreso-eucaristico-internacional\/#breadcrumb"},"inLanguage":"en-US","potentialAction":[{"@type":"ReadAction","target":["https:\/\/www.iec2024.ec\/en\/manta-recibe-informacion-del-53-congreso-eucaristico-internacional\/"]}]},{"@type":"BreadcrumbList","@id":"https:\/\/www.iec2024.ec\/en\/manta-recibe-informacion-del-53-congreso-eucaristico-internacional\/#breadcrumb","itemListElement":[{"@type":"ListItem","position":1,"name":"Portada","item":"https:\/\/www.iec2024.ec\/en\/"},{"@type":"ListItem","position":2,"name":"Manta recibe informaci\u00f3n del 53\u00b0 Congreso Eucar\u00edstico Internacional"}]},{"@type":"WebSite","@id":"https:\/\/www.iec2024.ec\/en\/#website","url":"https:\/\/www.iec2024.ec\/en\/","name":"IEC 2024","description":"","publisher":{"@id":"https:\/\/www.iec2024.ec\/en\/#organization"},"potentialAction":[{"@type":"SearchAction","target":{"@type":"EntryPoint","urlTemplate":"https:\/\/www.iec2024.ec\/en\/?s={search_term_string}"},"query-input":"required name=search_term_string"}],"inLanguage":"en-US"},{"@type":"Organization","@id":"https:\/\/www.iec2024.ec\/en\/#organization","name":"IEC 2024","url":"https:\/\/www.iec2024.ec\/en\/","logo":{"@type":"ImageObject","inLanguage":"en-US","@id":"https:\/\/www.iec2024.ec\/en\/#\/schema\/logo\/image\/","url":"https:\/\/www.iec2024.ec\/wp-content\/uploads\/2024\/01\/cropped-logo-2024.png","contentUrl":"https:\/\/www.iec2024.ec\/wp-content\/uploads\/2024\/01\/cropped-logo-2024.png","width":1277,"height":332,"caption":"IEC 2024"},"image":{"@id":"https:\/\/www.iec2024.ec\/en\/#\/schema\/logo\/image\/"}},{"@type":"Person","@id":"https:\/\/www.iec2024.ec\/en\/#\/schema\/person\/7dc46e27a804fe39ba34935ca5284fe2","name":"Secretario T\u00e9cnico","image":{"@type":"ImageObject","inLanguage":"en-US","@id":"https:\/\/www.iec2024.ec\/en\/#\/schema\/person\/image\/","url":"https:\/\/secure.gravatar.com\/avatar\/67808a21710148ea0645bc85e43e21b6?s=96&d=mm&r=g","contentUrl":"https:\/\/secure.gravatar.com\/avatar\/67808a21710148ea0645bc85e43e21b6?s=96&d=mm&r=g","caption":"Secretario T\u00e9cnico"},"url":"https:\/\/www.iec2024.ec\/en\/author\/4dm1ns3cr3t4r10\/"}]}},"_links":{"self":[{"href":"https:\/\/www.iec2024.ec\/en\/wp-json\/wp\/v2\/posts\/5347"}],"collection":[{"href":"https:\/\/www.iec2024.ec\/en\/wp-json\/wp\/v2\/posts"}],"about":[{"href":"https:\/\/www.iec2024.ec\/en\/wp-json\/wp\/v2\/types\/post"}],"author":[{"embeddable":true,"href":"https:\/\/www.iec2024.ec\/en\/wp-json\/wp\/v2\/users\/2"}],"replies":[{"embeddable":true,"href":"https:\/\/www.iec2024.ec\/en\/wp-json\/wp\/v2\/comments?post=5347"}],"version-history":[{"count":1,"href":"https:\/\/www.iec2024.ec\/en\/wp-json\/wp\/v2\/posts\/5347\/revisions"}],"predecessor-version":[{"id":5757,"href":"https:\/\/www.iec2024.ec\/en\/wp-json\/wp\/v2\/posts\/5347\/revisions\/5757"}],"wp:featuredmedia":[{"embeddable":true,"href":"https:\/\/www.iec2024.ec\/en\/wp-json\/wp\/v2\/media\/4887"}],"wp:attachment":[{"href":"https:\/\/www.iec2024.ec\/en\/wp-json\/wp\/v2\/media?parent=5347"}],"wp:term":[{"taxonomy":"category","embeddable":true,"href":"https:\/\/www.iec2024.ec\/en\/wp-json\/wp\/v2\/categories?post=5347"},{"taxonomy":"post_tag","embeddable":true,"href":"https:\/\/www.iec2024.ec\/en\/wp-json\/wp\/v2\/tags?post=5347"}],"curies":[{"name":"wp","href":"https:\/\/api.w.org\/{rel}","templated":true}]}}